{"id":20080,"date":"2014-12-18T00:00:00","date_gmt":"2014-12-18T00:00:00","guid":{"rendered":""},"modified":"-0001-11-30T00:00:00","modified_gmt":"-0001-11-30T03:00:00","slug":"noticias-do-sepe","status":"publish","type":"post","link":"https:\/\/www.sinpro-rio.org.br\/principal\/noticias-do-sepe\/","title":{"rendered":"Not\u00edcias do Sepe"},"content":{"rendered":"\n<p>\n <em><br \/>\n  18\/12\/2014<br \/>\n <\/em>\n<\/p>\n<p>\n Os Profissionais de Educa\u00e7\u00e3o da Prefeitura do Rio de Janeiro que participaram da greve de 2014 e que est\u00e3o com problema de descontos do Funprevi, devem<br \/>\ncomparecer ao departamento jur\u00eddico do SEPE levando c\u00f3pia do contracheque, identidade e CPF.<\/p>\n<p>\n  Mais informa\u00e7\u00f5es sobre este novo ataque da prefeitura aos profissionais grevistas:<br \/>\n  <a href=\"http:\/\/www.seperj.org.br\/ver_noticia.php?cod_noticia=5907\" target=\"_blank\"><br \/>\n   http:\/\/www.seperj.org.br\/ver_noticia.php?cod_noticia=5907<br \/>\n  <\/a><\/p>\n<p>\n   Calend\u00e1rio de atividades do SEPE para o in\u00edcio de 2015:<br \/>\n   <br \/>\n   05 e 06\/01: Semin\u00e1rio da dire\u00e7\u00e3o do Sepe;<br \/>\n   <br \/>\n   07\/01: Conselho deliberativo;<br \/>\n   <br \/>\n   07\/03: Assembleia da Rede Estadual.\n  <\/p>\n<\/p>\n<p>\n Mais informa\u00e7\u00f5es sobre este novo ataque da prefeitura aos profissionais grevistas:<br \/>\n <a href=\"http:\/\/www.seperj.org.br\/ver_noticia.php?cod_noticia=5907\" target=\"_blank\"><br \/>\n  http:\/\/www.seperj.org.br\/ver_noticia.php?cod_noticia=5907<br \/>\n <\/a><\/p>\n<p>\n  Calend\u00e1rio de atividades do SEPE para o in\u00edcio de 2015:<br \/>\n  <br \/>\n  05 e 06\/01: Semin\u00e1rio da dire\u00e7\u00e3o do Sepe;<br \/>\n  <br \/>\n  07\/01: Conselho deliberativo;<br \/>\n  <br \/>\n  07\/03: Assembleia da Rede Estadual.\n <\/p>\n<\/p>\n<p>\n Calend\u00e1rio de atividades do SEPE para o in\u00edcio de 2015:<br \/>\n <br \/>\n 05 e 06\/01: Semin\u00e1rio da dire\u00e7\u00e3o do Sepe;<br \/>\n <br \/>\n 07\/01: Conselho deliberativo;<br \/>\n <br \/>\n 07\/03: Assembleia da Rede Estadual.<\/p>\n","protected":false},"excerpt":{"rendered":"<p>18\/12\/2014 Os Profissionais de Educa\u00e7\u00e3o da Prefeitura do Rio de Janeiro que participaram da greve de 2014 e que est\u00e3o com problema de descontos do Funprevi, devem comparecer ao departamento jur\u00eddico do SEPE levando c\u00f3pia do contracheque, identidade e CPF. Mais informa\u00e7\u00f5es sobre este novo ataque da prefeitura aos profissionais grevistas: http:\/\/www.seperj.org.br\/ver_noticia.php?cod_noticia=5907 Calend\u00e1rio de atividades [&hellip;]<\/p>\n","protected":false},"author":1,"featured_media":0,"comment_status":"closed","ping_status":"open","sticky":false,"template":"","format":"standard","meta":{"footnotes":""},"categories":[1],"tags":[],"class_list":["post-20080","post","type-post","status-publish","format-standard","hentry","category-noticias"],"yoast_head":"<!-- This site is optimized with the Yoast SEO plugin v25.7 - https:\/\/yoast.com\/wordpress\/plugins\/seo\/ -->\n<title>Not\u00edcias do Sepe - Sinpro-Rio<\/title>\n<meta name=\"robots\" content=\"index, follow, max-snippet:-1, max-image-preview:large, max-video-preview:-1\" \/>\n<link rel=\"canonical\" href=\"https:\/\/www.sinpro-rio.org.br\/principal\/noticias-do-sepe\/\" \/>\n<meta property=\"og:locale\" content=\"pt_BR\" \/>\n<meta property=\"og:type\" content=\"article\" \/>\n<meta property=\"og:title\" content=\"Not\u00edcias do Sepe - Sinpro-Rio\" \/>\n<meta property=\"og:description\" content=\"18\/12\/2014 Os Profissionais de Educa\u00e7\u00e3o da Prefeitura do Rio de Janeiro que participaram da greve de 2014 e que est\u00e3o com problema de descontos do Funprevi, devem comparecer ao departamento jur\u00eddico do SEPE levando c\u00f3pia do contracheque, identidade e CPF. Mais informa\u00e7\u00f5es sobre este novo ataque da prefeitura aos profissionais grevistas: http:\/\/www.seperj.org.br\/ver_noticia.php?cod_noticia=5907 Calend\u00e1rio de atividades [&hellip;]\" \/>\n<meta property=\"og:url\" content=\"https:\/\/www.sinpro-rio.org.br\/principal\/noticias-do-sepe\/\" \/>\n<meta property=\"og:site_name\" content=\"Sinpro-Rio\" \/>\n<meta property=\"article:published_time\" content=\"2014-12-18T00:00:00+00:00\" \/>\n<meta name=\"author\" content=\"rafaelrjp\" \/>\n<meta name=\"twitter:card\" content=\"summary_large_image\" \/>\n<meta name=\"twitter:label1\" content=\"Escrito por\" \/>\n\t<meta name=\"twitter:data1\" content=\"rafaelrjp\" \/>\n\t<meta name=\"twitter:label2\" content=\"Est. tempo de leitura\" \/>\n\t<meta name=\"twitter:data2\" content=\"1 minuto\" \/>\n<script type=\"application\/ld+json\" class=\"yoast-schema-graph\">{\"@context\":\"https:\/\/schema.org\",\"@graph\":[{\"@type\":\"WebPage\",\"@id\":\"https:\/\/www.sinpro-rio.org.br\/principal\/noticias-do-sepe\/\",\"url\":\"https:\/\/www.sinpro-rio.org.br\/principal\/noticias-do-sepe\/\",\"name\":\"Not\u00edcias do Sepe - Sinpro-Rio\",\"isPartOf\":{\"@id\":\"https:\/\/www.sinpro-rio.org.br\/principal\/#website\"},\"datePublished\":\"2014-12-18T00:00:00+00:00\",\"author\":{\"@id\":\"https:\/\/www.sinpro-rio.org.br\/principal\/#\/schema\/person\/49feb585a2f57a31a6bd9f16f78e5be6\"},\"breadcrumb\":{\"@id\":\"https:\/\/www.sinpro-rio.org.br\/principal\/noticias-do-sepe\/#breadcrumb\"},\"inLanguage\":\"pt-BR\",\"potentialAction\":[{\"@type\":\"ReadAction\",\"target\":[\"https:\/\/www.sinpro-rio.org.br\/principal\/noticias-do-sepe\/\"]}]},{\"@type\":\"BreadcrumbList\",\"@id\":\"https:\/\/www.sinpro-rio.org.br\/principal\/noticias-do-sepe\/#breadcrumb\",\"itemListElement\":[{\"@type\":\"ListItem\",\"position\":1,\"name\":\"In\u00edcio\",\"item\":\"https:\/\/www.sinpro-rio.org.br\/principal\/\"},{\"@type\":\"ListItem\",\"position\":2,\"name\":\"Not\u00edcias do Sepe\"}]},{\"@type\":\"WebSite\",\"@id\":\"https:\/\/www.sinpro-rio.org.br\/principal\/#website\",\"url\":\"https:\/\/www.sinpro-rio.org.br\/principal\/\",\"name\":\"Sinpro-Rio\",\"description\":\"Sindicato dos Professores do Munic\u00edpio do Rio de Janeiro e Regi\u00e3o\",\"potentialAction\":[{\"@type\":\"SearchAction\",\"target\":{\"@type\":\"EntryPoint\",\"urlTemplate\":\"https:\/\/www.sinpro-rio.org.br\/principal\/?s={search_term_string}\"},\"query-input\":{\"@type\":\"PropertyValueSpecification\",\"valueRequired\":true,\"valueName\":\"search_term_string\"}}],\"inLanguage\":\"pt-BR\"},{\"@type\":\"Person\",\"@id\":\"https:\/\/www.sinpro-rio.org.br\/principal\/#\/schema\/person\/49feb585a2f57a31a6bd9f16f78e5be6\",\"name\":\"rafaelrjp\",\"image\":{\"@type\":\"ImageObject\",\"inLanguage\":\"pt-BR\",\"@id\":\"https:\/\/www.sinpro-rio.org.br\/principal\/#\/schema\/person\/image\/\",\"url\":\"https:\/\/secure.gravatar.com\/avatar\/489371a0ba4655c340b519882c68cf68?s=96&d=mm&r=g\",\"contentUrl\":\"https:\/\/secure.gravatar.com\/avatar\/489371a0ba4655c340b519882c68cf68?s=96&d=mm&r=g\",\"caption\":\"rafaelrjp\"},\"url\":\"https:\/\/www.sinpro-rio.org.br\/principal\/author\/rafaelrjp\/\"}]}<\/script>\n<!-- \/ Yoast SEO plugin. -->","yoast_head_json":{"title":"Not\u00edcias do Sepe - Sinpro-Rio","robots":{"index":"index","follow":"follow","max-snippet":"max-snippet:-1","max-image-preview":"max-image-preview:large","max-video-preview":"max-video-preview:-1"},"canonical":"https:\/\/www.sinpro-rio.org.br\/principal\/noticias-do-sepe\/","og_locale":"pt_BR","og_type":"article","og_title":"Not\u00edcias do Sepe - Sinpro-Rio","og_description":"18\/12\/2014 Os Profissionais de Educa\u00e7\u00e3o da Prefeitura do Rio de Janeiro que participaram da greve de 2014 e que est\u00e3o com problema de descontos do Funprevi, devem comparecer ao departamento jur\u00eddico do SEPE levando c\u00f3pia do contracheque, identidade e CPF. Mais informa\u00e7\u00f5es sobre este novo ataque da prefeitura aos profissionais grevistas: http:\/\/www.seperj.org.br\/ver_noticia.php?cod_noticia=5907 Calend\u00e1rio de atividades [&hellip;]","og_url":"https:\/\/www.sinpro-rio.org.br\/principal\/noticias-do-sepe\/","og_site_name":"Sinpro-Rio","article_published_time":"2014-12-18T00:00:00+00:00","author":"rafaelrjp","twitter_card":"summary_large_image","twitter_misc":{"Escrito por":"rafaelrjp","Est. tempo de leitura":"1 minuto"},"schema":{"@context":"https:\/\/schema.org","@graph":[{"@type":"WebPage","@id":"https:\/\/www.sinpro-rio.org.br\/principal\/noticias-do-sepe\/","url":"https:\/\/www.sinpro-rio.org.br\/principal\/noticias-do-sepe\/","name":"Not\u00edcias do Sepe - Sinpro-Rio","isPartOf":{"@id":"https:\/\/www.sinpro-rio.org.br\/principal\/#website"},"datePublished":"2014-12-18T00:00:00+00:00","author":{"@id":"https:\/\/www.sinpro-rio.org.br\/principal\/#\/schema\/person\/49feb585a2f57a31a6bd9f16f78e5be6"},"breadcrumb":{"@id":"https:\/\/www.sinpro-rio.org.br\/principal\/noticias-do-sepe\/#breadcrumb"},"inLanguage":"pt-BR","potentialAction":[{"@type":"ReadAction","target":["https:\/\/www.sinpro-rio.org.br\/principal\/noticias-do-sepe\/"]}]},{"@type":"BreadcrumbList","@id":"https:\/\/www.sinpro-rio.org.br\/principal\/noticias-do-sepe\/#breadcrumb","itemListElement":[{"@type":"ListItem","position":1,"name":"In\u00edcio","item":"https:\/\/www.sinpro-rio.org.br\/principal\/"},{"@type":"ListItem","position":2,"name":"Not\u00edcias do Sepe"}]},{"@type":"WebSite","@id":"https:\/\/www.sinpro-rio.org.br\/principal\/#website","url":"https:\/\/www.sinpro-rio.org.br\/principal\/","name":"Sinpro-Rio","description":"Sindicato dos Professores do Munic\u00edpio do Rio de Janeiro e Regi\u00e3o","potentialAction":[{"@type":"SearchAction","target":{"@type":"EntryPoint","urlTemplate":"https:\/\/www.sinpro-rio.org.br\/principal\/?s={search_term_string}"},"query-input":{"@type":"PropertyValueSpecification","valueRequired":true,"valueName":"search_term_string"}}],"inLanguage":"pt-BR"},{"@type":"Person","@id":"https:\/\/www.sinpro-rio.org.br\/principal\/#\/schema\/person\/49feb585a2f57a31a6bd9f16f78e5be6","name":"rafaelrjp","image":{"@type":"ImageObject","inLanguage":"pt-BR","@id":"https:\/\/www.sinpro-rio.org.br\/principal\/#\/schema\/person\/image\/","url":"https:\/\/secure.gravatar.com\/avatar\/489371a0ba4655c340b519882c68cf68?s=96&d=mm&r=g","contentUrl":"https:\/\/secure.gravatar.com\/avatar\/489371a0ba4655c340b519882c68cf68?s=96&d=mm&r=g","caption":"rafaelrjp"},"url":"https:\/\/www.sinpro-rio.org.br\/principal\/author\/rafaelrjp\/"}]}},"_links":{"self":[{"href":"https:\/\/www.sinpro-rio.org.br\/principal\/wp-json\/wp\/v2\/posts\/20080","targetHints":{"allow":["GET"]}}],"collection":[{"href":"https:\/\/www.sinpro-rio.org.br\/principal\/wp-json\/wp\/v2\/posts"}],"about":[{"href":"https:\/\/www.sinpro-rio.org.br\/principal\/wp-json\/wp\/v2\/types\/post"}],"author":[{"embeddable":true,"href":"https:\/\/www.sinpro-rio.org.br\/principal\/wp-json\/wp\/v2\/users\/1"}],"replies":[{"embeddable":true,"href":"https:\/\/www.sinpro-rio.org.br\/principal\/wp-json\/wp\/v2\/comments?post=20080"}],"version-history":[{"count":0,"href":"https:\/\/www.sinpro-rio.org.br\/principal\/wp-json\/wp\/v2\/posts\/20080\/revisions"}],"wp:attachment":[{"href":"https:\/\/www.sinpro-rio.org.br\/principal\/wp-json\/wp\/v2\/media?parent=20080"}],"wp:term":[{"taxonomy":"category","embeddable":true,"href":"https:\/\/www.sinpro-rio.org.br\/principal\/wp-json\/wp\/v2\/categories?post=20080"},{"taxonomy":"post_tag","embeddable":true,"href":"https:\/\/www.sinpro-rio.org.br\/principal\/wp-json\/wp\/v2\/tags?post=20080"}],"curies":[{"name":"wp","href":"https:\/\/api.w.org\/{rel}","templated":true}]}}