{"id":20078,"date":"2014-12-22T00:00:00","date_gmt":"2014-12-22T00:00:00","guid":{"rendered":""},"modified":"-0001-11-30T00:00:00","modified_gmt":"-0001-11-30T03:00:00","slug":"professores-as-do-ieic-d-o-lic-o-de-organizac-o-e-luta","status":"publish","type":"post","link":"https:\/\/www.sinpro-rio.org.br\/principal\/professores-as-do-ieic-d-o-lic-o-de-organizac-o-e-luta\/","title":{"rendered":"Professores(as) do IEIC d\u00e3o li\u00e7\u00e3o de organiza\u00e7\u00e3o e luta"},"content":{"rendered":"\n<p>\n <em><br \/>\n  16\/12\/2014<br \/>\n <\/em>\n<\/p>\n<p>\n Os(as) professores(as) do Instituto Educacional Imaculada Concei\u00e7\u00e3o, depois de quase cinco meses de sal\u00e1rios atrasados, incluindo 13\u00ba, e de uma luta que se tornou p\u00fablica com a participa\u00e7\u00e3o do Sinpro-Rio, conseguiram, nesta segunda-feira, 22 de dezembro, receber todos os sal\u00e1rios devidos.<\/p>\n<p>\n  \u00c9 fundamental resgatarmos a crescente organiza\u00e7\u00e3o dos docentes, que contou com o apoio do Sindicato dos Professores quer na assist\u00eancia jur\u00eddica quer no planejamento da greve e dos atos p\u00fablicos que mobilizaram centenas de pessoas nas sedes do Instituto. Na verdade, os(as) professores(as) do IEIC mostraram, mais uma vez, a import\u00e2ncia da unidade dos(as) trabalhadores(as) para garantir seus direitos.<\/p>\n<p>\n   Parab\u00e9ns pela disposi\u00e7\u00e3o na luta e pelo equil\u00edbrio de suas a\u00e7\u00f5es. A Diretoria do Sinpro-Rio deseja a todos um feliz Natal e um Ano Novo repleto de conquistas!\n  <\/p>\n<\/p>\n<p>\n \u00c9 fundamental resgatarmos a crescente organiza\u00e7\u00e3o dos docentes, que contou com o apoio do Sindicato dos Professores quer na assist\u00eancia jur\u00eddica quer no planejamento da greve e dos atos p\u00fablicos que mobilizaram centenas de pessoas nas sedes do Instituto. Na verdade, os(as) professores(as) do IEIC mostraram, mais uma vez, a import\u00e2ncia da unidade dos(as) trabalhadores(as) para garantir seus direitos.<\/p>\n<p>\n  Parab\u00e9ns pela disposi\u00e7\u00e3o na luta e pelo equil\u00edbrio de suas a\u00e7\u00f5es. A Diretoria do Sinpro-Rio deseja a todos um feliz Natal e um Ano Novo repleto de conquistas!\n <\/p>\n<\/p>\n<p>\n Parab\u00e9ns pela disposi\u00e7\u00e3o na luta e pelo equil\u00edbrio de suas a\u00e7\u00f5es. A Diretoria do Sinpro-Rio deseja a todos um feliz Natal e um Ano Novo repleto de conquistas!<\/p>\n","protected":false},"excerpt":{"rendered":"<p>16\/12\/2014 Os(as) professores(as) do Instituto Educacional Imaculada Concei\u00e7\u00e3o, depois de quase cinco meses de sal\u00e1rios atrasados, incluindo 13\u00ba, e de uma luta que se tornou p\u00fablica com a participa\u00e7\u00e3o do Sinpro-Rio, conseguiram, nesta segunda-feira, 22 de dezembro, receber todos os sal\u00e1rios devidos. \u00c9 fundamental resgatarmos a crescente organiza\u00e7\u00e3o dos docentes, que contou com o apoio [&hellip;]<\/p>\n","protected":false},"author":1,"featured_media":0,"comment_status":"closed","ping_status":"open","sticky":false,"template":"","format":"standard","meta":{"footnotes":""},"categories":[1],"tags":[],"class_list":["post-20078","post","type-post","status-publish","format-standard","hentry","category-noticias"],"yoast_head":"<!-- This site is optimized with the Yoast SEO plugin v25.7 - https:\/\/yoast.com\/wordpress\/plugins\/seo\/ -->\n<title>Professores(as) do IEIC d\u00e3o li\u00e7\u00e3o de organiza\u00e7\u00e3o e luta - Sinpro-Rio<\/title>\n<meta name=\"robots\" content=\"index, follow, max-snippet:-1, max-image-preview:large, max-video-preview:-1\" \/>\n<link rel=\"canonical\" href=\"https:\/\/www.sinpro-rio.org.br\/principal\/professores-as-do-ieic-d-o-lic-o-de-organizac-o-e-luta\/\" \/>\n<meta property=\"og:locale\" content=\"pt_BR\" \/>\n<meta property=\"og:type\" content=\"article\" \/>\n<meta property=\"og:title\" content=\"Professores(as) do IEIC d\u00e3o li\u00e7\u00e3o de organiza\u00e7\u00e3o e luta - Sinpro-Rio\" \/>\n<meta property=\"og:description\" content=\"16\/12\/2014 Os(as) professores(as) do Instituto Educacional Imaculada Concei\u00e7\u00e3o, depois de quase cinco meses de sal\u00e1rios atrasados, incluindo 13\u00ba, e de uma luta que se tornou p\u00fablica com a participa\u00e7\u00e3o do Sinpro-Rio, conseguiram, nesta segunda-feira, 22 de dezembro, receber todos os sal\u00e1rios devidos. \u00c9 fundamental resgatarmos a crescente organiza\u00e7\u00e3o dos docentes, que contou com o apoio [&hellip;]\" \/>\n<meta property=\"og:url\" content=\"https:\/\/www.sinpro-rio.org.br\/principal\/professores-as-do-ieic-d-o-lic-o-de-organizac-o-e-luta\/\" \/>\n<meta property=\"og:site_name\" content=\"Sinpro-Rio\" \/>\n<meta property=\"article:published_time\" content=\"2014-12-22T00:00:00+00:00\" \/>\n<meta name=\"author\" content=\"rafaelrjp\" \/>\n<meta name=\"twitter:card\" content=\"summary_large_image\" \/>\n<meta name=\"twitter:label1\" content=\"Escrito por\" \/>\n\t<meta name=\"twitter:data1\" content=\"rafaelrjp\" \/>\n\t<meta name=\"twitter:label2\" content=\"Est. tempo de leitura\" \/>\n\t<meta name=\"twitter:data2\" content=\"1 minuto\" \/>\n<script type=\"application\/ld+json\" class=\"yoast-schema-graph\">{\"@context\":\"https:\/\/schema.org\",\"@graph\":[{\"@type\":\"WebPage\",\"@id\":\"https:\/\/www.sinpro-rio.org.br\/principal\/professores-as-do-ieic-d-o-lic-o-de-organizac-o-e-luta\/\",\"url\":\"https:\/\/www.sinpro-rio.org.br\/principal\/professores-as-do-ieic-d-o-lic-o-de-organizac-o-e-luta\/\",\"name\":\"Professores(as) do IEIC d\u00e3o li\u00e7\u00e3o de organiza\u00e7\u00e3o e luta - Sinpro-Rio\",\"isPartOf\":{\"@id\":\"https:\/\/www.sinpro-rio.org.br\/principal\/#website\"},\"datePublished\":\"2014-12-22T00:00:00+00:00\",\"author\":{\"@id\":\"https:\/\/www.sinpro-rio.org.br\/principal\/#\/schema\/person\/49feb585a2f57a31a6bd9f16f78e5be6\"},\"breadcrumb\":{\"@id\":\"https:\/\/www.sinpro-rio.org.br\/principal\/professores-as-do-ieic-d-o-lic-o-de-organizac-o-e-luta\/#breadcrumb\"},\"inLanguage\":\"pt-BR\",\"potentialAction\":[{\"@type\":\"ReadAction\",\"target\":[\"https:\/\/www.sinpro-rio.org.br\/principal\/professores-as-do-ieic-d-o-lic-o-de-organizac-o-e-luta\/\"]}]},{\"@type\":\"BreadcrumbList\",\"@id\":\"https:\/\/www.sinpro-rio.org.br\/principal\/professores-as-do-ieic-d-o-lic-o-de-organizac-o-e-luta\/#breadcrumb\",\"itemListElement\":[{\"@type\":\"ListItem\",\"position\":1,\"name\":\"In\u00edcio\",\"item\":\"https:\/\/www.sinpro-rio.org.br\/principal\/\"},{\"@type\":\"ListItem\",\"position\":2,\"name\":\"Professores(as) do IEIC d\u00e3o li\u00e7\u00e3o de organiza\u00e7\u00e3o e luta\"}]},{\"@type\":\"WebSite\",\"@id\":\"https:\/\/www.sinpro-rio.org.br\/principal\/#website\",\"url\":\"https:\/\/www.sinpro-rio.org.br\/principal\/\",\"name\":\"Sinpro-Rio\",\"description\":\"Sindicato dos Professores do Munic\u00edpio do Rio de Janeiro e Regi\u00e3o\",\"potentialAction\":[{\"@type\":\"SearchAction\",\"target\":{\"@type\":\"EntryPoint\",\"urlTemplate\":\"https:\/\/www.sinpro-rio.org.br\/principal\/?s={search_term_string}\"},\"query-input\":{\"@type\":\"PropertyValueSpecification\",\"valueRequired\":true,\"valueName\":\"search_term_string\"}}],\"inLanguage\":\"pt-BR\"},{\"@type\":\"Person\",\"@id\":\"https:\/\/www.sinpro-rio.org.br\/principal\/#\/schema\/person\/49feb585a2f57a31a6bd9f16f78e5be6\",\"name\":\"rafaelrjp\",\"image\":{\"@type\":\"ImageObject\",\"inLanguage\":\"pt-BR\",\"@id\":\"https:\/\/www.sinpro-rio.org.br\/principal\/#\/schema\/person\/image\/\",\"url\":\"https:\/\/secure.gravatar.com\/avatar\/489371a0ba4655c340b519882c68cf68?s=96&d=mm&r=g\",\"contentUrl\":\"https:\/\/secure.gravatar.com\/avatar\/489371a0ba4655c340b519882c68cf68?s=96&d=mm&r=g\",\"caption\":\"rafaelrjp\"},\"url\":\"https:\/\/www.sinpro-rio.org.br\/principal\/author\/rafaelrjp\/\"}]}<\/script>\n<!-- \/ Yoast SEO plugin. -->","yoast_head_json":{"title":"Professores(as) do IEIC d\u00e3o li\u00e7\u00e3o de organiza\u00e7\u00e3o e luta - Sinpro-Rio","robots":{"index":"index","follow":"follow","max-snippet":"max-snippet:-1","max-image-preview":"max-image-preview:large","max-video-preview":"max-video-preview:-1"},"canonical":"https:\/\/www.sinpro-rio.org.br\/principal\/professores-as-do-ieic-d-o-lic-o-de-organizac-o-e-luta\/","og_locale":"pt_BR","og_type":"article","og_title":"Professores(as) do IEIC d\u00e3o li\u00e7\u00e3o de organiza\u00e7\u00e3o e luta - Sinpro-Rio","og_description":"16\/12\/2014 Os(as) professores(as) do Instituto Educacional Imaculada Concei\u00e7\u00e3o, depois de quase cinco meses de sal\u00e1rios atrasados, incluindo 13\u00ba, e de uma luta que se tornou p\u00fablica com a participa\u00e7\u00e3o do Sinpro-Rio, conseguiram, nesta segunda-feira, 22 de dezembro, receber todos os sal\u00e1rios devidos. \u00c9 fundamental resgatarmos a crescente organiza\u00e7\u00e3o dos docentes, que contou com o apoio [&hellip;]","og_url":"https:\/\/www.sinpro-rio.org.br\/principal\/professores-as-do-ieic-d-o-lic-o-de-organizac-o-e-luta\/","og_site_name":"Sinpro-Rio","article_published_time":"2014-12-22T00:00:00+00:00","author":"rafaelrjp","twitter_card":"summary_large_image","twitter_misc":{"Escrito por":"rafaelrjp","Est. tempo de leitura":"1 minuto"},"schema":{"@context":"https:\/\/schema.org","@graph":[{"@type":"WebPage","@id":"https:\/\/www.sinpro-rio.org.br\/principal\/professores-as-do-ieic-d-o-lic-o-de-organizac-o-e-luta\/","url":"https:\/\/www.sinpro-rio.org.br\/principal\/professores-as-do-ieic-d-o-lic-o-de-organizac-o-e-luta\/","name":"Professores(as) do IEIC d\u00e3o li\u00e7\u00e3o de organiza\u00e7\u00e3o e luta - Sinpro-Rio","isPartOf":{"@id":"https:\/\/www.sinpro-rio.org.br\/principal\/#website"},"datePublished":"2014-12-22T00:00:00+00:00","author":{"@id":"https:\/\/www.sinpro-rio.org.br\/principal\/#\/schema\/person\/49feb585a2f57a31a6bd9f16f78e5be6"},"breadcrumb":{"@id":"https:\/\/www.sinpro-rio.org.br\/principal\/professores-as-do-ieic-d-o-lic-o-de-organizac-o-e-luta\/#breadcrumb"},"inLanguage":"pt-BR","potentialAction":[{"@type":"ReadAction","target":["https:\/\/www.sinpro-rio.org.br\/principal\/professores-as-do-ieic-d-o-lic-o-de-organizac-o-e-luta\/"]}]},{"@type":"BreadcrumbList","@id":"https:\/\/www.sinpro-rio.org.br\/principal\/professores-as-do-ieic-d-o-lic-o-de-organizac-o-e-luta\/#breadcrumb","itemListElement":[{"@type":"ListItem","position":1,"name":"In\u00edcio","item":"https:\/\/www.sinpro-rio.org.br\/principal\/"},{"@type":"ListItem","position":2,"name":"Professores(as) do IEIC d\u00e3o li\u00e7\u00e3o de organiza\u00e7\u00e3o e luta"}]},{"@type":"WebSite","@id":"https:\/\/www.sinpro-rio.org.br\/principal\/#website","url":"https:\/\/www.sinpro-rio.org.br\/principal\/","name":"Sinpro-Rio","description":"Sindicato dos Professores do Munic\u00edpio do Rio de Janeiro e Regi\u00e3o","potentialAction":[{"@type":"SearchAction","target":{"@type":"EntryPoint","urlTemplate":"https:\/\/www.sinpro-rio.org.br\/principal\/?s={search_term_string}"},"query-input":{"@type":"PropertyValueSpecification","valueRequired":true,"valueName":"search_term_string"}}],"inLanguage":"pt-BR"},{"@type":"Person","@id":"https:\/\/www.sinpro-rio.org.br\/principal\/#\/schema\/person\/49feb585a2f57a31a6bd9f16f78e5be6","name":"rafaelrjp","image":{"@type":"ImageObject","inLanguage":"pt-BR","@id":"https:\/\/www.sinpro-rio.org.br\/principal\/#\/schema\/person\/image\/","url":"https:\/\/secure.gravatar.com\/avatar\/489371a0ba4655c340b519882c68cf68?s=96&d=mm&r=g","contentUrl":"https:\/\/secure.gravatar.com\/avatar\/489371a0ba4655c340b519882c68cf68?s=96&d=mm&r=g","caption":"rafaelrjp"},"url":"https:\/\/www.sinpro-rio.org.br\/principal\/author\/rafaelrjp\/"}]}},"_links":{"self":[{"href":"https:\/\/www.sinpro-rio.org.br\/principal\/wp-json\/wp\/v2\/posts\/20078","targetHints":{"allow":["GET"]}}],"collection":[{"href":"https:\/\/www.sinpro-rio.org.br\/principal\/wp-json\/wp\/v2\/posts"}],"about":[{"href":"https:\/\/www.sinpro-rio.org.br\/principal\/wp-json\/wp\/v2\/types\/post"}],"author":[{"embeddable":true,"href":"https:\/\/www.sinpro-rio.org.br\/principal\/wp-json\/wp\/v2\/users\/1"}],"replies":[{"embeddable":true,"href":"https:\/\/www.sinpro-rio.org.br\/principal\/wp-json\/wp\/v2\/comments?post=20078"}],"version-history":[{"count":0,"href":"https:\/\/www.sinpro-rio.org.br\/principal\/wp-json\/wp\/v2\/posts\/20078\/revisions"}],"wp:attachment":[{"href":"https:\/\/www.sinpro-rio.org.br\/principal\/wp-json\/wp\/v2\/media?parent=20078"}],"wp:term":[{"taxonomy":"category","embeddable":true,"href":"https:\/\/www.sinpro-rio.org.br\/principal\/wp-json\/wp\/v2\/categories?post=20078"},{"taxonomy":"post_tag","embeddable":true,"href":"https:\/\/www.sinpro-rio.org.br\/principal\/wp-json\/wp\/v2\/tags?post=20078"}],"curies":[{"name":"wp","href":"https:\/\/api.w.org\/{rel}","templated":true}]}}