{"id":20057,"date":"2015-08-24T00:00:00","date_gmt":"2015-08-24T00:00:00","guid":{"rendered":""},"modified":"-0001-11-30T00:00:00","modified_gmt":"-0001-11-30T03:00:00","slug":"15-cecut-traca-plano-de-lutas-para-o-proximo-quadri-nio-e-avalia-atos-contra-golpismo","status":"publish","type":"post","link":"https:\/\/www.sinpro-rio.org.br\/principal\/15-cecut-traca-plano-de-lutas-para-o-proximo-quadri-nio-e-avalia-atos-contra-golpismo\/","title":{"rendered":"15\u00ba Cecut tra\u00e7a plano de lutas para o pr\u00f3ximo quadri\u00eanio e avalia atos contra golpismo"},"content":{"rendered":"\n<p>\n <em><br \/>\n  24\/08\/2015<br \/>\n <\/em>\n<\/p>\n<p>\n <img decoding=\"async\" align=\"right\" alt=\"foto\" src=\"http:\/\/www.sinprorio.pro.br\/site_antigo\/imagens\/noticia\/2015\/cecut.jpg\" width=\"400\"\/>\n<\/p>\n<p>\n Em um fim de semana, 21 a 23 de agosto, onde o 15\u00ba Congresso Estadual da CUT (Cecut), realizado em Niter\u00f3i, RJ, pautou o ato contra o golpe \u00e0 democracia e por mais direitos, os sindicalistas tamb\u00e9m tra\u00e7aram planos de lutas da Central Sindical para o pr\u00f3ximo quadri\u00eanio. Dos 450 delegados, 27 representavam o Sinpro-Rio.<\/p>\n<p>\n  O novo presidente da CUT-RJ, o banc\u00e1rio Marcelo Rodrigues (o \u201cMarcelinho\u201d), de 34 anos, foi eleito na noite de s\u00e1bado, dia 22, com 65,26% dos votos v\u00e1lidos. Em seu primeiro discurso, ele convocou a milit\u00e2ncia cutista a aderir ao chamado do presidente nacional Vagner Freitas e usar todas as nossas armas para barrar qualquer retrocesso. Ao longo do Congresso foram abordados \u201cos desafios da economia brasileira\u201d, \u201ca opera\u00e7\u00e3o Lava Jato e as viola\u00e7\u00f5es da Constitui\u00e7\u00e3o\u201d, o debate sobre \u201ca conjuntura estadual\u201d e a aprova\u00e7\u00e3o de mo\u00e7\u00f5es.<\/p>\n<p>\n   Segundo divulgou a CUT-RJ, \u201cos discursos apontaram para a necessidade de se manter a autonomia e independ\u00eancia da CUT, mas com o fortalecimento das a\u00e7\u00f5es pol\u00edticas que garantam o protagonismo dos interesses da classe trabalhadora na cena pol\u00edtico-institucional do estado do Rio de Janeiro\u201d. Ainda de acordo com a Central Sindical, foram aprovadas quatro mo\u00e7\u00f5es de apoio: \u201c1) Defesa da reintegra\u00e7\u00e3o dos demitidos pol\u00edticos da Petrobras, com base na legisla\u00e7\u00e3o vigente; 2) Apoio \u00e0 pauta pol\u00edtica entregue pela FUP \u00e0 Petrobras, em defesa da recomposi\u00e7\u00e3o do efetivo, retomada da ind\u00fastria naval, conclus\u00e3o das obras do Comperj e contra a privatiza\u00e7\u00e3o iniciada com o desmonte da BR Distribuidora; 3) Apoio aos t\u00e9cnicos siteistrativos da UFRJ na sua den\u00fancia de que o governo federal est\u00e1 intervindo na organiza\u00e7\u00e3o das entidades sindicais, com a reten\u00e7\u00e3o dos registros das consignat\u00f3rias; 4) Apoio \u00e0 greve da Fasubra, solicitado pelos trabalhadores t\u00e9cnicos siteistrativos da UFRJ, para que o governo avance nas negocia\u00e7\u00f5es espec\u00edficas com a categoria.\u201d<\/p>\n<p>\n    Veja mais fotos da Congresso<br \/>\n    <a href=\"https:\/\/www.facebook.com\/media\/set\/?set=a.1102434473118685.1073741854.298247816870692&amp;type=3&amp;uploaded=5\"><br \/>\n     aqui<br \/>\n    <\/a><br \/>\n    .\n   <\/p>\n<\/p>\n<\/p>\n<p>\n O novo presidente da CUT-RJ, o banc\u00e1rio Marcelo Rodrigues (o \u201cMarcelinho\u201d), de 34 anos, foi eleito na noite de s\u00e1bado, dia 22, com 65,26% dos votos v\u00e1lidos. Em seu primeiro discurso, ele convocou a milit\u00e2ncia cutista a aderir ao chamado do presidente nacional Vagner Freitas e usar todas as nossas armas para barrar qualquer retrocesso. Ao longo do Congresso foram abordados \u201cos desafios da economia brasileira\u201d, \u201ca opera\u00e7\u00e3o Lava Jato e as viola\u00e7\u00f5es da Constitui\u00e7\u00e3o\u201d, o debate sobre \u201ca conjuntura estadual\u201d e a aprova\u00e7\u00e3o de mo\u00e7\u00f5es.<\/p>\n<p>\n  Segundo divulgou a CUT-RJ, \u201cos discursos apontaram para a necessidade de se manter a autonomia e independ\u00eancia da CUT, mas com o fortalecimento das a\u00e7\u00f5es pol\u00edticas que garantam o protagonismo dos interesses da classe trabalhadora na cena pol\u00edtico-institucional do estado do Rio de Janeiro\u201d. Ainda de acordo com a Central Sindical, foram aprovadas quatro mo\u00e7\u00f5es de apoio: \u201c1) Defesa da reintegra\u00e7\u00e3o dos demitidos pol\u00edticos da Petrobras, com base na legisla\u00e7\u00e3o vigente; 2) Apoio \u00e0 pauta pol\u00edtica entregue pela FUP \u00e0 Petrobras, em defesa da recomposi\u00e7\u00e3o do efetivo, retomada da ind\u00fastria naval, conclus\u00e3o das obras do Comperj e contra a privatiza\u00e7\u00e3o iniciada com o desmonte da BR Distribuidora; 3) Apoio aos t\u00e9cnicos siteistrativos da UFRJ na sua den\u00fancia de que o governo federal est\u00e1 intervindo na organiza\u00e7\u00e3o das entidades sindicais, com a reten\u00e7\u00e3o dos registros das consignat\u00f3rias; 4) Apoio \u00e0 greve da Fasubra, solicitado pelos trabalhadores t\u00e9cnicos siteistrativos da UFRJ, para que o governo avance nas negocia\u00e7\u00f5es espec\u00edficas com a categoria.\u201d<\/p>\n<p>\n   Veja mais fotos da Congresso<br \/>\n   <a href=\"https:\/\/www.facebook.com\/media\/set\/?set=a.1102434473118685.1073741854.298247816870692&amp;type=3&amp;uploaded=5\"><br \/>\n    aqui<br \/>\n   <\/a><br \/>\n   .\n  <\/p>\n<\/p>\n<p>\n Segundo divulgou a CUT-RJ, \u201cos discursos apontaram para a necessidade de se manter a autonomia e independ\u00eancia da CUT, mas com o fortalecimento das a\u00e7\u00f5es pol\u00edticas que garantam o protagonismo dos interesses da classe trabalhadora na cena pol\u00edtico-institucional do estado do Rio de Janeiro\u201d. Ainda de acordo com a Central Sindical, foram aprovadas quatro mo\u00e7\u00f5es de apoio: \u201c1) Defesa da reintegra\u00e7\u00e3o dos demitidos pol\u00edticos da Petrobras, com base na legisla\u00e7\u00e3o vigente; 2) Apoio \u00e0 pauta pol\u00edtica entregue pela FUP \u00e0 Petrobras, em defesa da recomposi\u00e7\u00e3o do efetivo, retomada da ind\u00fastria naval, conclus\u00e3o das obras do Comperj e contra a privatiza\u00e7\u00e3o iniciada com o desmonte da BR Distribuidora; 3) Apoio aos t\u00e9cnicos siteistrativos da UFRJ na sua den\u00fancia de que o governo federal est\u00e1 intervindo na organiza\u00e7\u00e3o das entidades sindicais, com a reten\u00e7\u00e3o dos registros das consignat\u00f3rias; 4) Apoio \u00e0 greve da Fasubra, solicitado pelos trabalhadores t\u00e9cnicos siteistrativos da UFRJ, para que o governo avance nas negocia\u00e7\u00f5es espec\u00edficas com a categoria.\u201d<\/p>\n<p>\n  Veja mais fotos da Congresso<br \/>\n  <a href=\"https:\/\/www.facebook.com\/media\/set\/?set=a.1102434473118685.1073741854.298247816870692&amp;type=3&amp;uploaded=5\"><br \/>\n   aqui<br \/>\n  <\/a><br \/>\n  .\n <\/p>\n<\/p>\n<p>\n Veja mais fotos da Congresso<br \/>\n <a href=\"https:\/\/www.facebook.com\/media\/set\/?set=a.1102434473118685.1073741854.298247816870692&amp;type=3&amp;uploaded=5\"><br \/>\n  aqui<br \/>\n <\/a><br \/>\n .<\/p>\n","protected":false},"excerpt":{"rendered":"<p>24\/08\/2015 Em um fim de semana, 21 a 23 de agosto, onde o 15\u00ba Congresso Estadual da CUT (Cecut), realizado em Niter\u00f3i, RJ, pautou o ato contra o golpe \u00e0 democracia e por mais direitos, os sindicalistas tamb\u00e9m tra\u00e7aram planos de lutas da Central Sindical para o pr\u00f3ximo quadri\u00eanio. Dos 450 delegados, 27 representavam o [&hellip;]<\/p>\n","protected":false},"author":1,"featured_media":0,"comment_status":"closed","ping_status":"open","sticky":false,"template":"","format":"standard","meta":{"footnotes":""},"categories":[1],"tags":[],"class_list":["post-20057","post","type-post","status-publish","format-standard","hentry","category-noticias"],"yoast_head":"<!-- This site is optimized with the Yoast SEO plugin v25.7 - https:\/\/yoast.com\/wordpress\/plugins\/seo\/ -->\n<title>15\u00ba Cecut tra\u00e7a plano de lutas para o pr\u00f3ximo quadri\u00eanio e avalia atos contra golpismo - Sinpro-Rio<\/title>\n<meta name=\"robots\" content=\"index, follow, max-snippet:-1, max-image-preview:large, max-video-preview:-1\" \/>\n<link rel=\"canonical\" href=\"https:\/\/www.sinpro-rio.org.br\/principal\/15-cecut-traca-plano-de-lutas-para-o-proximo-quadri-nio-e-avalia-atos-contra-golpismo\/\" \/>\n<meta property=\"og:locale\" content=\"pt_BR\" \/>\n<meta property=\"og:type\" content=\"article\" \/>\n<meta property=\"og:title\" content=\"15\u00ba Cecut tra\u00e7a plano de lutas para o pr\u00f3ximo quadri\u00eanio e avalia atos contra golpismo - Sinpro-Rio\" \/>\n<meta property=\"og:description\" content=\"24\/08\/2015 Em um fim de semana, 21 a 23 de agosto, onde o 15\u00ba Congresso Estadual da CUT (Cecut), realizado em Niter\u00f3i, RJ, pautou o ato contra o golpe \u00e0 democracia e por mais direitos, os sindicalistas tamb\u00e9m tra\u00e7aram planos de lutas da Central Sindical para o pr\u00f3ximo quadri\u00eanio. Dos 450 delegados, 27 representavam o [&hellip;]\" \/>\n<meta property=\"og:url\" content=\"https:\/\/www.sinpro-rio.org.br\/principal\/15-cecut-traca-plano-de-lutas-para-o-proximo-quadri-nio-e-avalia-atos-contra-golpismo\/\" \/>\n<meta property=\"og:site_name\" content=\"Sinpro-Rio\" \/>\n<meta property=\"article:published_time\" content=\"2015-08-24T00:00:00+00:00\" \/>\n<meta property=\"og:image\" content=\"http:\/\/www.sinprorio.pro.br\/site_antigo\/imagens\/noticia\/2015\/cecut.jpg\" \/>\n<meta name=\"author\" content=\"rafaelrjp\" \/>\n<meta name=\"twitter:card\" content=\"summary_large_image\" \/>\n<meta name=\"twitter:label1\" content=\"Escrito por\" \/>\n\t<meta name=\"twitter:data1\" content=\"rafaelrjp\" \/>\n\t<meta name=\"twitter:label2\" content=\"Est. tempo de leitura\" \/>\n\t<meta name=\"twitter:data2\" content=\"4 minutos\" \/>\n<script type=\"application\/ld+json\" class=\"yoast-schema-graph\">{\"@context\":\"https:\/\/schema.org\",\"@graph\":[{\"@type\":\"WebPage\",\"@id\":\"https:\/\/www.sinpro-rio.org.br\/principal\/15-cecut-traca-plano-de-lutas-para-o-proximo-quadri-nio-e-avalia-atos-contra-golpismo\/\",\"url\":\"https:\/\/www.sinpro-rio.org.br\/principal\/15-cecut-traca-plano-de-lutas-para-o-proximo-quadri-nio-e-avalia-atos-contra-golpismo\/\",\"name\":\"15\u00ba Cecut tra\u00e7a plano de lutas para o pr\u00f3ximo quadri\u00eanio e avalia atos contra golpismo - Sinpro-Rio\",\"isPartOf\":{\"@id\":\"https:\/\/www.sinpro-rio.org.br\/principal\/#website\"},\"primaryImageOfPage\":{\"@id\":\"https:\/\/www.sinpro-rio.org.br\/principal\/15-cecut-traca-plano-de-lutas-para-o-proximo-quadri-nio-e-avalia-atos-contra-golpismo\/#primaryimage\"},\"image\":{\"@id\":\"https:\/\/www.sinpro-rio.org.br\/principal\/15-cecut-traca-plano-de-lutas-para-o-proximo-quadri-nio-e-avalia-atos-contra-golpismo\/#primaryimage\"},\"thumbnailUrl\":\"http:\/\/www.sinprorio.pro.br\/site_antigo\/imagens\/noticia\/2015\/cecut.jpg\",\"datePublished\":\"2015-08-24T00:00:00+00:00\",\"author\":{\"@id\":\"https:\/\/www.sinpro-rio.org.br\/principal\/#\/schema\/person\/49feb585a2f57a31a6bd9f16f78e5be6\"},\"breadcrumb\":{\"@id\":\"https:\/\/www.sinpro-rio.org.br\/principal\/15-cecut-traca-plano-de-lutas-para-o-proximo-quadri-nio-e-avalia-atos-contra-golpismo\/#breadcrumb\"},\"inLanguage\":\"pt-BR\",\"potentialAction\":[{\"@type\":\"ReadAction\",\"target\":[\"https:\/\/www.sinpro-rio.org.br\/principal\/15-cecut-traca-plano-de-lutas-para-o-proximo-quadri-nio-e-avalia-atos-contra-golpismo\/\"]}]},{\"@type\":\"ImageObject\",\"inLanguage\":\"pt-BR\",\"@id\":\"https:\/\/www.sinpro-rio.org.br\/principal\/15-cecut-traca-plano-de-lutas-para-o-proximo-quadri-nio-e-avalia-atos-contra-golpismo\/#primaryimage\",\"url\":\"http:\/\/www.sinprorio.pro.br\/site_antigo\/imagens\/noticia\/2015\/cecut.jpg\",\"contentUrl\":\"http:\/\/www.sinprorio.pro.br\/site_antigo\/imagens\/noticia\/2015\/cecut.jpg\"},{\"@type\":\"BreadcrumbList\",\"@id\":\"https:\/\/www.sinpro-rio.org.br\/principal\/15-cecut-traca-plano-de-lutas-para-o-proximo-quadri-nio-e-avalia-atos-contra-golpismo\/#breadcrumb\",\"itemListElement\":[{\"@type\":\"ListItem\",\"position\":1,\"name\":\"In\u00edcio\",\"item\":\"https:\/\/www.sinpro-rio.org.br\/principal\/\"},{\"@type\":\"ListItem\",\"position\":2,\"name\":\"15\u00ba Cecut tra\u00e7a plano de lutas para o pr\u00f3ximo quadri\u00eanio e avalia atos contra golpismo\"}]},{\"@type\":\"WebSite\",\"@id\":\"https:\/\/www.sinpro-rio.org.br\/principal\/#website\",\"url\":\"https:\/\/www.sinpro-rio.org.br\/principal\/\",\"name\":\"Sinpro-Rio\",\"description\":\"Sindicato dos Professores do Munic\u00edpio do Rio de Janeiro e Regi\u00e3o\",\"potentialAction\":[{\"@type\":\"SearchAction\",\"target\":{\"@type\":\"EntryPoint\",\"urlTemplate\":\"https:\/\/www.sinpro-rio.org.br\/principal\/?s={search_term_string}\"},\"query-input\":{\"@type\":\"PropertyValueSpecification\",\"valueRequired\":true,\"valueName\":\"search_term_string\"}}],\"inLanguage\":\"pt-BR\"},{\"@type\":\"Person\",\"@id\":\"https:\/\/www.sinpro-rio.org.br\/principal\/#\/schema\/person\/49feb585a2f57a31a6bd9f16f78e5be6\",\"name\":\"rafaelrjp\",\"image\":{\"@type\":\"ImageObject\",\"inLanguage\":\"pt-BR\",\"@id\":\"https:\/\/www.sinpro-rio.org.br\/principal\/#\/schema\/person\/image\/\",\"url\":\"https:\/\/secure.gravatar.com\/avatar\/489371a0ba4655c340b519882c68cf68?s=96&d=mm&r=g\",\"contentUrl\":\"https:\/\/secure.gravatar.com\/avatar\/489371a0ba4655c340b519882c68cf68?s=96&d=mm&r=g\",\"caption\":\"rafaelrjp\"},\"url\":\"https:\/\/www.sinpro-rio.org.br\/principal\/author\/rafaelrjp\/\"}]}<\/script>\n<!-- \/ Yoast SEO plugin. -->","yoast_head_json":{"title":"15\u00ba Cecut tra\u00e7a plano de lutas para o pr\u00f3ximo quadri\u00eanio e avalia atos contra golpismo - Sinpro-Rio","robots":{"index":"index","follow":"follow","max-snippet":"max-snippet:-1","max-image-preview":"max-image-preview:large","max-video-preview":"max-video-preview:-1"},"canonical":"https:\/\/www.sinpro-rio.org.br\/principal\/15-cecut-traca-plano-de-lutas-para-o-proximo-quadri-nio-e-avalia-atos-contra-golpismo\/","og_locale":"pt_BR","og_type":"article","og_title":"15\u00ba Cecut tra\u00e7a plano de lutas para o pr\u00f3ximo quadri\u00eanio e avalia atos contra golpismo - Sinpro-Rio","og_description":"24\/08\/2015 Em um fim de semana, 21 a 23 de agosto, onde o 15\u00ba Congresso Estadual da CUT (Cecut), realizado em Niter\u00f3i, RJ, pautou o ato contra o golpe \u00e0 democracia e por mais direitos, os sindicalistas tamb\u00e9m tra\u00e7aram planos de lutas da Central Sindical para o pr\u00f3ximo quadri\u00eanio. Dos 450 delegados, 27 representavam o [&hellip;]","og_url":"https:\/\/www.sinpro-rio.org.br\/principal\/15-cecut-traca-plano-de-lutas-para-o-proximo-quadri-nio-e-avalia-atos-contra-golpismo\/","og_site_name":"Sinpro-Rio","article_published_time":"2015-08-24T00:00:00+00:00","og_image":[{"url":"http:\/\/www.sinprorio.pro.br\/site_antigo\/imagens\/noticia\/2015\/cecut.jpg","type":"","width":"","height":""}],"author":"rafaelrjp","twitter_card":"summary_large_image","twitter_misc":{"Escrito por":"rafaelrjp","Est. tempo de leitura":"4 minutos"},"schema":{"@context":"https:\/\/schema.org","@graph":[{"@type":"WebPage","@id":"https:\/\/www.sinpro-rio.org.br\/principal\/15-cecut-traca-plano-de-lutas-para-o-proximo-quadri-nio-e-avalia-atos-contra-golpismo\/","url":"https:\/\/www.sinpro-rio.org.br\/principal\/15-cecut-traca-plano-de-lutas-para-o-proximo-quadri-nio-e-avalia-atos-contra-golpismo\/","name":"15\u00ba Cecut tra\u00e7a plano de lutas para o pr\u00f3ximo quadri\u00eanio e avalia atos contra golpismo - Sinpro-Rio","isPartOf":{"@id":"https:\/\/www.sinpro-rio.org.br\/principal\/#website"},"primaryImageOfPage":{"@id":"https:\/\/www.sinpro-rio.org.br\/principal\/15-cecut-traca-plano-de-lutas-para-o-proximo-quadri-nio-e-avalia-atos-contra-golpismo\/#primaryimage"},"image":{"@id":"https:\/\/www.sinpro-rio.org.br\/principal\/15-cecut-traca-plano-de-lutas-para-o-proximo-quadri-nio-e-avalia-atos-contra-golpismo\/#primaryimage"},"thumbnailUrl":"http:\/\/www.sinprorio.pro.br\/site_antigo\/imagens\/noticia\/2015\/cecut.jpg","datePublished":"2015-08-24T00:00:00+00:00","author":{"@id":"https:\/\/www.sinpro-rio.org.br\/principal\/#\/schema\/person\/49feb585a2f57a31a6bd9f16f78e5be6"},"breadcrumb":{"@id":"https:\/\/www.sinpro-rio.org.br\/principal\/15-cecut-traca-plano-de-lutas-para-o-proximo-quadri-nio-e-avalia-atos-contra-golpismo\/#breadcrumb"},"inLanguage":"pt-BR","potentialAction":[{"@type":"ReadAction","target":["https:\/\/www.sinpro-rio.org.br\/principal\/15-cecut-traca-plano-de-lutas-para-o-proximo-quadri-nio-e-avalia-atos-contra-golpismo\/"]}]},{"@type":"ImageObject","inLanguage":"pt-BR","@id":"https:\/\/www.sinpro-rio.org.br\/principal\/15-cecut-traca-plano-de-lutas-para-o-proximo-quadri-nio-e-avalia-atos-contra-golpismo\/#primaryimage","url":"http:\/\/www.sinprorio.pro.br\/site_antigo\/imagens\/noticia\/2015\/cecut.jpg","contentUrl":"http:\/\/www.sinprorio.pro.br\/site_antigo\/imagens\/noticia\/2015\/cecut.jpg"},{"@type":"BreadcrumbList","@id":"https:\/\/www.sinpro-rio.org.br\/principal\/15-cecut-traca-plano-de-lutas-para-o-proximo-quadri-nio-e-avalia-atos-contra-golpismo\/#breadcrumb","itemListElement":[{"@type":"ListItem","position":1,"name":"In\u00edcio","item":"https:\/\/www.sinpro-rio.org.br\/principal\/"},{"@type":"ListItem","position":2,"name":"15\u00ba Cecut tra\u00e7a plano de lutas para o pr\u00f3ximo quadri\u00eanio e avalia atos contra golpismo"}]},{"@type":"WebSite","@id":"https:\/\/www.sinpro-rio.org.br\/principal\/#website","url":"https:\/\/www.sinpro-rio.org.br\/principal\/","name":"Sinpro-Rio","description":"Sindicato dos Professores do Munic\u00edpio do Rio de Janeiro e Regi\u00e3o","potentialAction":[{"@type":"SearchAction","target":{"@type":"EntryPoint","urlTemplate":"https:\/\/www.sinpro-rio.org.br\/principal\/?s={search_term_string}"},"query-input":{"@type":"PropertyValueSpecification","valueRequired":true,"valueName":"search_term_string"}}],"inLanguage":"pt-BR"},{"@type":"Person","@id":"https:\/\/www.sinpro-rio.org.br\/principal\/#\/schema\/person\/49feb585a2f57a31a6bd9f16f78e5be6","name":"rafaelrjp","image":{"@type":"ImageObject","inLanguage":"pt-BR","@id":"https:\/\/www.sinpro-rio.org.br\/principal\/#\/schema\/person\/image\/","url":"https:\/\/secure.gravatar.com\/avatar\/489371a0ba4655c340b519882c68cf68?s=96&d=mm&r=g","contentUrl":"https:\/\/secure.gravatar.com\/avatar\/489371a0ba4655c340b519882c68cf68?s=96&d=mm&r=g","caption":"rafaelrjp"},"url":"https:\/\/www.sinpro-rio.org.br\/principal\/author\/rafaelrjp\/"}]}},"_links":{"self":[{"href":"https:\/\/www.sinpro-rio.org.br\/principal\/wp-json\/wp\/v2\/posts\/20057","targetHints":{"allow":["GET"]}}],"collection":[{"href":"https:\/\/www.sinpro-rio.org.br\/principal\/wp-json\/wp\/v2\/posts"}],"about":[{"href":"https:\/\/www.sinpro-rio.org.br\/principal\/wp-json\/wp\/v2\/types\/post"}],"author":[{"embeddable":true,"href":"https:\/\/www.sinpro-rio.org.br\/principal\/wp-json\/wp\/v2\/users\/1"}],"replies":[{"embeddable":true,"href":"https:\/\/www.sinpro-rio.org.br\/principal\/wp-json\/wp\/v2\/comments?post=20057"}],"version-history":[{"count":0,"href":"https:\/\/www.sinpro-rio.org.br\/principal\/wp-json\/wp\/v2\/posts\/20057\/revisions"}],"wp:attachment":[{"href":"https:\/\/www.sinpro-rio.org.br\/principal\/wp-json\/wp\/v2\/media?parent=20057"}],"wp:term":[{"taxonomy":"category","embeddable":true,"href":"https:\/\/www.sinpro-rio.org.br\/principal\/wp-json\/wp\/v2\/categories?post=20057"},{"taxonomy":"post_tag","embeddable":true,"href":"https:\/\/www.sinpro-rio.org.br\/principal\/wp-json\/wp\/v2\/tags?post=20057"}],"curies":[{"name":"wp","href":"https:\/\/api.w.org\/{rel}","templated":true}]}}