{"id":20054,"date":"2015-08-25T00:00:00","date_gmt":"2015-08-25T00:00:00","guid":{"rendered":""},"modified":"-0001-11-30T00:00:00","modified_gmt":"-0001-11-30T03:00:00","slug":"feteerj-realiza-curso-de-educac-o-em-g-nero-etnia-e-diversidade","status":"publish","type":"post","link":"https:\/\/www.sinpro-rio.org.br\/principal\/feteerj-realiza-curso-de-educac-o-em-g-nero-etnia-e-diversidade\/","title":{"rendered":"Feteerj realiza curso de Educa\u00e7\u00e3o em G\u00eanero, Etnia e Diversidade"},"content":{"rendered":"\n<p>\n <em><br \/>\n  25\/08\/2015<br \/>\n <\/em>\n<\/p>\n<p>\n A FETEERJ atrav\u00e9s da Secretaria de G\u00eanero, Etnia e Diversidade, criada no \u00faltimo CONSIND,  realizar\u00e1  curso de Educa\u00e7\u00e3o em G\u00eanero, Etnia e Diversidade,   no per\u00edodo de 22 de agosto a 24 de outubro; que culminar\u00e1 em um Semin\u00e1rio, previsto para novembro deste ano.<\/p>\n<p>\n  O curso tem como objetivo possibilitar aos professores condi\u00e7\u00f5es de observar e introduzir nas suas reflex\u00f5es e pr\u00e1ticas pedag\u00f3gicas, os estudos de g\u00eanero, etnia e diversidade, bem como a constru\u00e7\u00e3o de uma educa\u00e7\u00e3o inclusiva.<\/p>\n<p>\n   Ser\u00e3o ter\u00e1 tr\u00eas encontros com a carga hor\u00e1ria de 12 horas, ser\u00e1 realizado aos s\u00e1bados e promovido na sede da FETEERJ, de 9 horas \u00e0s 13 horas, deste ano.<\/p>\n<p>\n    Mais informa\u00e7\u00f5es : 2532-0319 \/<br \/>\n    <a href=\"mailto:secretaria@feteerj.org.br\"><br \/>\n     secretaria@feteerj.org.br<br \/>\n    <\/a><br \/>\n    .<\/p>\n<p>\n     Confira a programa\u00e7\u00e3o:<\/p>\n<p>\n      29\/08\/2015 &#8211; A MULHER E O MERCADO DE TRABALHO (Direitos, Conven\u00e7\u00f5es Leis Federais para amparo da mulher).<\/p>\n<p>\n       26\/09\/2015 &#8211; \u201cESCOLA SEM COR \u2013 POR UMA EDUCA\u00c7\u00c3O SEM RACISMO.\u201d<\/p>\n<p>\n        24\/10\/2015 &#8211; \u201cDIFERENTES, MAS N\u00c3O DESIGUAIS!\u201d &#8211; O QUE NOS DIFERE?<\/p>\n<p>\n         28\/11\/2015 &#8211; I SEMIN\u00c1RIO DE EDUCA\u00c7\u00c3O EM G\u00caNERO, ETNIA E DIVERSIDADE\n        <\/p>\n<\/p>\n<\/p>\n<\/p>\n<\/p>\n<p>\n O curso tem como objetivo possibilitar aos professores condi\u00e7\u00f5es de observar e introduzir nas suas reflex\u00f5es e pr\u00e1ticas pedag\u00f3gicas, os estudos de g\u00eanero, etnia e diversidade, bem como a constru\u00e7\u00e3o de uma educa\u00e7\u00e3o inclusiva.<\/p>\n<p>\n  Ser\u00e3o ter\u00e1 tr\u00eas encontros com a carga hor\u00e1ria de 12 horas, ser\u00e1 realizado aos s\u00e1bados e promovido na sede da FETEERJ, de 9 horas \u00e0s 13 horas, deste ano.<\/p>\n<p>\n   Mais informa\u00e7\u00f5es : 2532-0319 \/<br \/>\n   <a href=\"mailto:secretaria@feteerj.org.br\"><br \/>\n    secretaria@feteerj.org.br<br \/>\n   <\/a><br \/>\n   .<\/p>\n<p>\n    Confira a programa\u00e7\u00e3o:<\/p>\n<p>\n     29\/08\/2015 &#8211; A MULHER E O MERCADO DE TRABALHO (Direitos, Conven\u00e7\u00f5es Leis Federais para amparo da mulher).<\/p>\n<p>\n      26\/09\/2015 &#8211; \u201cESCOLA SEM COR \u2013 POR UMA EDUCA\u00c7\u00c3O SEM RACISMO.\u201d<\/p>\n<p>\n       24\/10\/2015 &#8211; \u201cDIFERENTES, MAS N\u00c3O DESIGUAIS!\u201d &#8211; O QUE NOS DIFERE?<\/p>\n<p>\n        28\/11\/2015 &#8211; I SEMIN\u00c1RIO DE EDUCA\u00c7\u00c3O EM G\u00caNERO, ETNIA E DIVERSIDADE\n       <\/p>\n<\/p>\n<\/p>\n<\/p>\n<\/p>\n<p>\n Ser\u00e3o ter\u00e1 tr\u00eas encontros com a carga hor\u00e1ria de 12 horas, ser\u00e1 realizado aos s\u00e1bados e promovido na sede da FETEERJ, de 9 horas \u00e0s 13 horas, deste ano.<\/p>\n<p>\n  Mais informa\u00e7\u00f5es : 2532-0319 \/<br \/>\n  <a href=\"mailto:secretaria@feteerj.org.br\"><br \/>\n   secretaria@feteerj.org.br<br \/>\n  <\/a><br \/>\n  .<\/p>\n<p>\n   Confira a programa\u00e7\u00e3o:<\/p>\n<p>\n    29\/08\/2015 &#8211; A MULHER E O MERCADO DE TRABALHO (Direitos, Conven\u00e7\u00f5es Leis Federais para amparo da mulher).<\/p>\n<p>\n     26\/09\/2015 &#8211; \u201cESCOLA SEM COR \u2013 POR UMA EDUCA\u00c7\u00c3O SEM RACISMO.\u201d<\/p>\n<p>\n      24\/10\/2015 &#8211; \u201cDIFERENTES, MAS N\u00c3O DESIGUAIS!\u201d &#8211; O QUE NOS DIFERE?<\/p>\n<p>\n       28\/11\/2015 &#8211; I SEMIN\u00c1RIO DE EDUCA\u00c7\u00c3O EM G\u00caNERO, ETNIA E DIVERSIDADE\n      <\/p>\n<\/p>\n<\/p>\n<\/p>\n<p>\n Mais informa\u00e7\u00f5es : 2532-0319 \/<br \/>\n <a href=\"mailto:secretaria@feteerj.org.br\"><br \/>\n  secretaria@feteerj.org.br<br \/>\n <\/a><br \/>\n .<\/p>\n<p>\n  Confira a programa\u00e7\u00e3o:<\/p>\n<p>\n   29\/08\/2015 &#8211; A MULHER E O MERCADO DE TRABALHO (Direitos, Conven\u00e7\u00f5es Leis Federais para amparo da mulher).<\/p>\n<p>\n    26\/09\/2015 &#8211; \u201cESCOLA SEM COR \u2013 POR UMA EDUCA\u00c7\u00c3O SEM RACISMO.\u201d<\/p>\n<p>\n     24\/10\/2015 &#8211; \u201cDIFERENTES, MAS N\u00c3O DESIGUAIS!\u201d &#8211; O QUE NOS DIFERE?<\/p>\n<p>\n      28\/11\/2015 &#8211; I SEMIN\u00c1RIO DE EDUCA\u00c7\u00c3O EM G\u00caNERO, ETNIA E DIVERSIDADE\n     <\/p>\n<\/p>\n<\/p>\n<\/p>\n<p>\n Confira a programa\u00e7\u00e3o:<\/p>\n<p>\n  29\/08\/2015 &#8211; A MULHER E O MERCADO DE TRABALHO (Direitos, Conven\u00e7\u00f5es Leis Federais para amparo da mulher).<\/p>\n<p>\n   26\/09\/2015 &#8211; \u201cESCOLA SEM COR \u2013 POR UMA EDUCA\u00c7\u00c3O SEM RACISMO.\u201d<\/p>\n<p>\n    24\/10\/2015 &#8211; \u201cDIFERENTES, MAS N\u00c3O DESIGUAIS!\u201d &#8211; O QUE NOS DIFERE?<\/p>\n<p>\n     28\/11\/2015 &#8211; I SEMIN\u00c1RIO DE EDUCA\u00c7\u00c3O EM G\u00caNERO, ETNIA E DIVERSIDADE\n    <\/p>\n<\/p>\n<\/p>\n<p>\n 29\/08\/2015 &#8211; A MULHER E O MERCADO DE TRABALHO (Direitos, Conven\u00e7\u00f5es Leis Federais para amparo da mulher).<\/p>\n<p>\n  26\/09\/2015 &#8211; \u201cESCOLA SEM COR \u2013 POR UMA EDUCA\u00c7\u00c3O SEM RACISMO.\u201d<\/p>\n<p>\n   24\/10\/2015 &#8211; \u201cDIFERENTES, MAS N\u00c3O DESIGUAIS!\u201d &#8211; O QUE NOS DIFERE?<\/p>\n<p>\n    28\/11\/2015 &#8211; I SEMIN\u00c1RIO DE EDUCA\u00c7\u00c3O EM G\u00caNERO, ETNIA E DIVERSIDADE\n   <\/p>\n<\/p>\n<\/p>\n<p>\n 26\/09\/2015 &#8211; \u201cESCOLA SEM COR \u2013 POR UMA EDUCA\u00c7\u00c3O SEM RACISMO.\u201d<\/p>\n<p>\n  24\/10\/2015 &#8211; \u201cDIFERENTES, MAS N\u00c3O DESIGUAIS!\u201d &#8211; O QUE NOS DIFERE?<\/p>\n<p>\n   28\/11\/2015 &#8211; I SEMIN\u00c1RIO DE EDUCA\u00c7\u00c3O EM G\u00caNERO, ETNIA E DIVERSIDADE\n  <\/p>\n<\/p>\n<p>\n 24\/10\/2015 &#8211; \u201cDIFERENTES, MAS N\u00c3O DESIGUAIS!\u201d &#8211; O QUE NOS DIFERE?<\/p>\n<p>\n  28\/11\/2015 &#8211; I SEMIN\u00c1RIO DE EDUCA\u00c7\u00c3O EM G\u00caNERO, ETNIA E DIVERSIDADE\n <\/p>\n<\/p>\n<p>\n 28\/11\/2015 &#8211; I SEMIN\u00c1RIO DE EDUCA\u00c7\u00c3O EM G\u00caNERO, ETNIA E DIVERSIDADE<\/p>\n","protected":false},"excerpt":{"rendered":"<p>25\/08\/2015 A FETEERJ atrav\u00e9s da Secretaria de G\u00eanero, Etnia e Diversidade, criada no \u00faltimo CONSIND, realizar\u00e1 curso de Educa\u00e7\u00e3o em G\u00eanero, Etnia e Diversidade, no per\u00edodo de 22 de agosto a 24 de outubro; que culminar\u00e1 em um Semin\u00e1rio, previsto para novembro deste ano. O curso tem como objetivo possibilitar aos professores condi\u00e7\u00f5es de observar [&hellip;]<\/p>\n","protected":false},"author":1,"featured_media":0,"comment_status":"closed","ping_status":"open","sticky":false,"template":"","format":"standard","meta":{"footnotes":""},"categories":[1],"tags":[],"class_list":["post-20054","post","type-post","status-publish","format-standard","hentry","category-noticias"],"yoast_head":"<!-- This site is optimized with the Yoast SEO plugin v25.7 - https:\/\/yoast.com\/wordpress\/plugins\/seo\/ -->\n<title>Feteerj realiza curso de Educa\u00e7\u00e3o em G\u00eanero, Etnia e Diversidade - Sinpro-Rio<\/title>\n<meta name=\"robots\" content=\"index, follow, max-snippet:-1, max-image-preview:large, max-video-preview:-1\" \/>\n<link rel=\"canonical\" href=\"https:\/\/www.sinpro-rio.org.br\/principal\/feteerj-realiza-curso-de-educac-o-em-g-nero-etnia-e-diversidade\/\" \/>\n<meta property=\"og:locale\" content=\"pt_BR\" \/>\n<meta property=\"og:type\" content=\"article\" \/>\n<meta property=\"og:title\" content=\"Feteerj realiza curso de Educa\u00e7\u00e3o em G\u00eanero, Etnia e Diversidade - Sinpro-Rio\" \/>\n<meta property=\"og:description\" content=\"25\/08\/2015 A FETEERJ atrav\u00e9s da Secretaria de G\u00eanero, Etnia e Diversidade, criada no \u00faltimo CONSIND, realizar\u00e1 curso de Educa\u00e7\u00e3o em G\u00eanero, Etnia e Diversidade, no per\u00edodo de 22 de agosto a 24 de outubro; que culminar\u00e1 em um Semin\u00e1rio, previsto para novembro deste ano. O curso tem como objetivo possibilitar aos professores condi\u00e7\u00f5es de observar [&hellip;]\" \/>\n<meta property=\"og:url\" content=\"https:\/\/www.sinpro-rio.org.br\/principal\/feteerj-realiza-curso-de-educac-o-em-g-nero-etnia-e-diversidade\/\" \/>\n<meta property=\"og:site_name\" content=\"Sinpro-Rio\" \/>\n<meta property=\"article:published_time\" content=\"2015-08-25T00:00:00+00:00\" \/>\n<meta name=\"author\" content=\"rafaelrjp\" \/>\n<meta name=\"twitter:card\" content=\"summary_large_image\" \/>\n<meta name=\"twitter:label1\" content=\"Escrito por\" \/>\n\t<meta name=\"twitter:data1\" content=\"rafaelrjp\" \/>\n\t<meta name=\"twitter:label2\" content=\"Est. tempo de leitura\" \/>\n\t<meta name=\"twitter:data2\" content=\"3 minutos\" \/>\n<script type=\"application\/ld+json\" class=\"yoast-schema-graph\">{\"@context\":\"https:\/\/schema.org\",\"@graph\":[{\"@type\":\"WebPage\",\"@id\":\"https:\/\/www.sinpro-rio.org.br\/principal\/feteerj-realiza-curso-de-educac-o-em-g-nero-etnia-e-diversidade\/\",\"url\":\"https:\/\/www.sinpro-rio.org.br\/principal\/feteerj-realiza-curso-de-educac-o-em-g-nero-etnia-e-diversidade\/\",\"name\":\"Feteerj realiza curso de Educa\u00e7\u00e3o em G\u00eanero, Etnia e Diversidade - Sinpro-Rio\",\"isPartOf\":{\"@id\":\"https:\/\/www.sinpro-rio.org.br\/principal\/#website\"},\"datePublished\":\"2015-08-25T00:00:00+00:00\",\"author\":{\"@id\":\"https:\/\/www.sinpro-rio.org.br\/principal\/#\/schema\/person\/49feb585a2f57a31a6bd9f16f78e5be6\"},\"breadcrumb\":{\"@id\":\"https:\/\/www.sinpro-rio.org.br\/principal\/feteerj-realiza-curso-de-educac-o-em-g-nero-etnia-e-diversidade\/#breadcrumb\"},\"inLanguage\":\"pt-BR\",\"potentialAction\":[{\"@type\":\"ReadAction\",\"target\":[\"https:\/\/www.sinpro-rio.org.br\/principal\/feteerj-realiza-curso-de-educac-o-em-g-nero-etnia-e-diversidade\/\"]}]},{\"@type\":\"BreadcrumbList\",\"@id\":\"https:\/\/www.sinpro-rio.org.br\/principal\/feteerj-realiza-curso-de-educac-o-em-g-nero-etnia-e-diversidade\/#breadcrumb\",\"itemListElement\":[{\"@type\":\"ListItem\",\"position\":1,\"name\":\"In\u00edcio\",\"item\":\"https:\/\/www.sinpro-rio.org.br\/principal\/\"},{\"@type\":\"ListItem\",\"position\":2,\"name\":\"Feteerj realiza curso de Educa\u00e7\u00e3o em G\u00eanero, Etnia e Diversidade\"}]},{\"@type\":\"WebSite\",\"@id\":\"https:\/\/www.sinpro-rio.org.br\/principal\/#website\",\"url\":\"https:\/\/www.sinpro-rio.org.br\/principal\/\",\"name\":\"Sinpro-Rio\",\"description\":\"Sindicato dos Professores do Munic\u00edpio do Rio de Janeiro e Regi\u00e3o\",\"potentialAction\":[{\"@type\":\"SearchAction\",\"target\":{\"@type\":\"EntryPoint\",\"urlTemplate\":\"https:\/\/www.sinpro-rio.org.br\/principal\/?s={search_term_string}\"},\"query-input\":{\"@type\":\"PropertyValueSpecification\",\"valueRequired\":true,\"valueName\":\"search_term_string\"}}],\"inLanguage\":\"pt-BR\"},{\"@type\":\"Person\",\"@id\":\"https:\/\/www.sinpro-rio.org.br\/principal\/#\/schema\/person\/49feb585a2f57a31a6bd9f16f78e5be6\",\"name\":\"rafaelrjp\",\"image\":{\"@type\":\"ImageObject\",\"inLanguage\":\"pt-BR\",\"@id\":\"https:\/\/www.sinpro-rio.org.br\/principal\/#\/schema\/person\/image\/\",\"url\":\"https:\/\/secure.gravatar.com\/avatar\/489371a0ba4655c340b519882c68cf68?s=96&d=mm&r=g\",\"contentUrl\":\"https:\/\/secure.gravatar.com\/avatar\/489371a0ba4655c340b519882c68cf68?s=96&d=mm&r=g\",\"caption\":\"rafaelrjp\"},\"url\":\"https:\/\/www.sinpro-rio.org.br\/principal\/author\/rafaelrjp\/\"}]}<\/script>\n<!-- \/ Yoast SEO plugin. -->","yoast_head_json":{"title":"Feteerj realiza curso de Educa\u00e7\u00e3o em G\u00eanero, Etnia e Diversidade - Sinpro-Rio","robots":{"index":"index","follow":"follow","max-snippet":"max-snippet:-1","max-image-preview":"max-image-preview:large","max-video-preview":"max-video-preview:-1"},"canonical":"https:\/\/www.sinpro-rio.org.br\/principal\/feteerj-realiza-curso-de-educac-o-em-g-nero-etnia-e-diversidade\/","og_locale":"pt_BR","og_type":"article","og_title":"Feteerj realiza curso de Educa\u00e7\u00e3o em G\u00eanero, Etnia e Diversidade - Sinpro-Rio","og_description":"25\/08\/2015 A FETEERJ atrav\u00e9s da Secretaria de G\u00eanero, Etnia e Diversidade, criada no \u00faltimo CONSIND, realizar\u00e1 curso de Educa\u00e7\u00e3o em G\u00eanero, Etnia e Diversidade, no per\u00edodo de 22 de agosto a 24 de outubro; que culminar\u00e1 em um Semin\u00e1rio, previsto para novembro deste ano. O curso tem como objetivo possibilitar aos professores condi\u00e7\u00f5es de observar [&hellip;]","og_url":"https:\/\/www.sinpro-rio.org.br\/principal\/feteerj-realiza-curso-de-educac-o-em-g-nero-etnia-e-diversidade\/","og_site_name":"Sinpro-Rio","article_published_time":"2015-08-25T00:00:00+00:00","author":"rafaelrjp","twitter_card":"summary_large_image","twitter_misc":{"Escrito por":"rafaelrjp","Est. tempo de leitura":"3 minutos"},"schema":{"@context":"https:\/\/schema.org","@graph":[{"@type":"WebPage","@id":"https:\/\/www.sinpro-rio.org.br\/principal\/feteerj-realiza-curso-de-educac-o-em-g-nero-etnia-e-diversidade\/","url":"https:\/\/www.sinpro-rio.org.br\/principal\/feteerj-realiza-curso-de-educac-o-em-g-nero-etnia-e-diversidade\/","name":"Feteerj realiza curso de Educa\u00e7\u00e3o em G\u00eanero, Etnia e Diversidade - Sinpro-Rio","isPartOf":{"@id":"https:\/\/www.sinpro-rio.org.br\/principal\/#website"},"datePublished":"2015-08-25T00:00:00+00:00","author":{"@id":"https:\/\/www.sinpro-rio.org.br\/principal\/#\/schema\/person\/49feb585a2f57a31a6bd9f16f78e5be6"},"breadcrumb":{"@id":"https:\/\/www.sinpro-rio.org.br\/principal\/feteerj-realiza-curso-de-educac-o-em-g-nero-etnia-e-diversidade\/#breadcrumb"},"inLanguage":"pt-BR","potentialAction":[{"@type":"ReadAction","target":["https:\/\/www.sinpro-rio.org.br\/principal\/feteerj-realiza-curso-de-educac-o-em-g-nero-etnia-e-diversidade\/"]}]},{"@type":"BreadcrumbList","@id":"https:\/\/www.sinpro-rio.org.br\/principal\/feteerj-realiza-curso-de-educac-o-em-g-nero-etnia-e-diversidade\/#breadcrumb","itemListElement":[{"@type":"ListItem","position":1,"name":"In\u00edcio","item":"https:\/\/www.sinpro-rio.org.br\/principal\/"},{"@type":"ListItem","position":2,"name":"Feteerj realiza curso de Educa\u00e7\u00e3o em G\u00eanero, Etnia e Diversidade"}]},{"@type":"WebSite","@id":"https:\/\/www.sinpro-rio.org.br\/principal\/#website","url":"https:\/\/www.sinpro-rio.org.br\/principal\/","name":"Sinpro-Rio","description":"Sindicato dos Professores do Munic\u00edpio do Rio de Janeiro e Regi\u00e3o","potentialAction":[{"@type":"SearchAction","target":{"@type":"EntryPoint","urlTemplate":"https:\/\/www.sinpro-rio.org.br\/principal\/?s={search_term_string}"},"query-input":{"@type":"PropertyValueSpecification","valueRequired":true,"valueName":"search_term_string"}}],"inLanguage":"pt-BR"},{"@type":"Person","@id":"https:\/\/www.sinpro-rio.org.br\/principal\/#\/schema\/person\/49feb585a2f57a31a6bd9f16f78e5be6","name":"rafaelrjp","image":{"@type":"ImageObject","inLanguage":"pt-BR","@id":"https:\/\/www.sinpro-rio.org.br\/principal\/#\/schema\/person\/image\/","url":"https:\/\/secure.gravatar.com\/avatar\/489371a0ba4655c340b519882c68cf68?s=96&d=mm&r=g","contentUrl":"https:\/\/secure.gravatar.com\/avatar\/489371a0ba4655c340b519882c68cf68?s=96&d=mm&r=g","caption":"rafaelrjp"},"url":"https:\/\/www.sinpro-rio.org.br\/principal\/author\/rafaelrjp\/"}]}},"_links":{"self":[{"href":"https:\/\/www.sinpro-rio.org.br\/principal\/wp-json\/wp\/v2\/posts\/20054","targetHints":{"allow":["GET"]}}],"collection":[{"href":"https:\/\/www.sinpro-rio.org.br\/principal\/wp-json\/wp\/v2\/posts"}],"about":[{"href":"https:\/\/www.sinpro-rio.org.br\/principal\/wp-json\/wp\/v2\/types\/post"}],"author":[{"embeddable":true,"href":"https:\/\/www.sinpro-rio.org.br\/principal\/wp-json\/wp\/v2\/users\/1"}],"replies":[{"embeddable":true,"href":"https:\/\/www.sinpro-rio.org.br\/principal\/wp-json\/wp\/v2\/comments?post=20054"}],"version-history":[{"count":0,"href":"https:\/\/www.sinpro-rio.org.br\/principal\/wp-json\/wp\/v2\/posts\/20054\/revisions"}],"wp:attachment":[{"href":"https:\/\/www.sinpro-rio.org.br\/principal\/wp-json\/wp\/v2\/media?parent=20054"}],"wp:term":[{"taxonomy":"category","embeddable":true,"href":"https:\/\/www.sinpro-rio.org.br\/principal\/wp-json\/wp\/v2\/categories?post=20054"},{"taxonomy":"post_tag","embeddable":true,"href":"https:\/\/www.sinpro-rio.org.br\/principal\/wp-json\/wp\/v2\/tags?post=20054"}],"curies":[{"name":"wp","href":"https:\/\/api.w.org\/{rel}","templated":true}]}}