{"id":20053,"date":"2015-08-25T00:00:00","date_gmt":"2015-08-25T00:00:00","guid":{"rendered":""},"modified":"2023-07-07T14:49:10","modified_gmt":"2023-07-07T17:49:10","slug":"cct-da-educac-o-superior-assinada-em-25-de-agosto","status":"publish","type":"post","link":"https:\/\/www.sinpro-rio.org.br\/principal\/cct-da-educac-o-superior-assinada-em-25-de-agosto\/","title":{"rendered":"CCT da Educa\u00e7\u00e3o Superior: assinada em 25 de agosto"},"content":{"rendered":"\n<p>\n <em><br \/>\n  25\/08\/2015<br \/>\n <\/em>\n<\/p>\n<p>\n Foi assinada nesta ter\u00e7a-feira, dia 25 de agosto, a Conven\u00e7\u00e3o Coletiva de Trabalho (CCT) da Educa\u00e7\u00e3o Superior.<\/p>\n<p>\n  Os professores da \u00e1rea ter\u00e3o reajuste de 8,5%, em duas parcelas (6% e 2,5%); abono de 10% em outubro (calculado sobre o sal\u00e1rio j\u00e1 reajustado, n\u00e3o incorpor\u00e1vel) e manuten\u00e7\u00e3o das cl\u00e1usulas sociais.<\/p>\n<p>\n   Leia a Conven\u00e7\u00e3o na \u00edntegra e veja o reajuste<br \/>\n   <a href=\"http:\/\/www.sinprorio.pro.br\/site_antigo\/download\/convencoes\/2015\/superior2015.pdf\"><br \/>\n    aqui<br \/>\n   <\/a><br \/>\n   .\n  <\/p>\n<\/p>\n<p>\n Os professores da \u00e1rea ter\u00e3o reajuste de 8,5%, em duas parcelas (6% e 2,5%); abono de 10% em outubro (calculado sobre o sal\u00e1rio j\u00e1 reajustado, n\u00e3o incorpor\u00e1vel) e manuten\u00e7\u00e3o das cl\u00e1usulas sociais.<\/p>\n<p>\n  Leia a Conven\u00e7\u00e3o na \u00edntegra e veja o reajuste<br \/>\n  <a href=\"http:\/\/www.sinprorio.pro.br\/site_antigo\/download\/convencoes\/2015\/superior2015.pdf\"><br \/>\n   aqui<br \/>\n  <\/a><br \/>\n  .\n <\/p>\n<\/p>\n<p>\n Leia a Conven\u00e7\u00e3o na \u00edntegra e veja o reajuste<br \/>\n <a href=\"http:\/\/www.sinprorio.pro.br\/site_antigo\/download\/convencoes\/2015\/superior2015.pdf\"><br \/>\n  aqui<br \/>\n <\/a><br \/>\n .<\/p>\n","protected":false},"excerpt":{"rendered":"<p>25\/08\/2015 Foi assinada nesta ter\u00e7a-feira, dia 25 de agosto, a Conven\u00e7\u00e3o Coletiva de Trabalho (CCT) da Educa\u00e7\u00e3o Superior. Os professores da \u00e1rea ter\u00e3o reajuste de 8,5%, em duas parcelas (6% e 2,5%); abono de 10% em outubro (calculado sobre o sal\u00e1rio j\u00e1 reajustado, n\u00e3o incorpor\u00e1vel) e manuten\u00e7\u00e3o das cl\u00e1usulas sociais. Leia a Conven\u00e7\u00e3o na \u00edntegra [&hellip;]<\/p>\n","protected":false},"author":1,"featured_media":0,"comment_status":"closed","ping_status":"open","sticky":false,"template":"","format":"standard","meta":{"footnotes":""},"categories":[1],"tags":[619],"class_list":["post-20053","post","type-post","status-publish","format-standard","hentry","category-noticias","tag-convencao-coletiva"],"yoast_head":"<!-- This site is optimized with the Yoast SEO plugin v25.7 - https:\/\/yoast.com\/wordpress\/plugins\/seo\/ -->\n<title>CCT da Educa\u00e7\u00e3o Superior: assinada em 25 de agosto - Sinpro-Rio<\/title>\n<meta name=\"robots\" content=\"index, follow, max-snippet:-1, max-image-preview:large, max-video-preview:-1\" \/>\n<link rel=\"canonical\" href=\"https:\/\/www.sinpro-rio.org.br\/principal\/cct-da-educac-o-superior-assinada-em-25-de-agosto\/\" \/>\n<meta property=\"og:locale\" content=\"pt_BR\" \/>\n<meta property=\"og:type\" content=\"article\" \/>\n<meta property=\"og:title\" content=\"CCT da Educa\u00e7\u00e3o Superior: assinada em 25 de agosto - Sinpro-Rio\" \/>\n<meta property=\"og:description\" content=\"25\/08\/2015 Foi assinada nesta ter\u00e7a-feira, dia 25 de agosto, a Conven\u00e7\u00e3o Coletiva de Trabalho (CCT) da Educa\u00e7\u00e3o Superior. Os professores da \u00e1rea ter\u00e3o reajuste de 8,5%, em duas parcelas (6% e 2,5%); abono de 10% em outubro (calculado sobre o sal\u00e1rio j\u00e1 reajustado, n\u00e3o incorpor\u00e1vel) e manuten\u00e7\u00e3o das cl\u00e1usulas sociais. Leia a Conven\u00e7\u00e3o na \u00edntegra [&hellip;]\" \/>\n<meta property=\"og:url\" content=\"https:\/\/www.sinpro-rio.org.br\/principal\/cct-da-educac-o-superior-assinada-em-25-de-agosto\/\" \/>\n<meta property=\"og:site_name\" content=\"Sinpro-Rio\" \/>\n<meta property=\"article:published_time\" content=\"2015-08-25T00:00:00+00:00\" \/>\n<meta property=\"article:modified_time\" content=\"2023-07-07T17:49:10+00:00\" \/>\n<meta name=\"author\" content=\"rafaelrjp\" \/>\n<meta name=\"twitter:card\" content=\"summary_large_image\" \/>\n<meta name=\"twitter:label1\" content=\"Escrito por\" \/>\n\t<meta name=\"twitter:data1\" content=\"rafaelrjp\" \/>\n\t<meta name=\"twitter:label2\" content=\"Est. tempo de leitura\" \/>\n\t<meta name=\"twitter:data2\" content=\"1 minuto\" \/>\n<script type=\"application\/ld+json\" class=\"yoast-schema-graph\">{\"@context\":\"https:\/\/schema.org\",\"@graph\":[{\"@type\":\"WebPage\",\"@id\":\"https:\/\/www.sinpro-rio.org.br\/principal\/cct-da-educac-o-superior-assinada-em-25-de-agosto\/\",\"url\":\"https:\/\/www.sinpro-rio.org.br\/principal\/cct-da-educac-o-superior-assinada-em-25-de-agosto\/\",\"name\":\"CCT da Educa\u00e7\u00e3o Superior: assinada em 25 de agosto - Sinpro-Rio\",\"isPartOf\":{\"@id\":\"https:\/\/www.sinpro-rio.org.br\/principal\/#website\"},\"datePublished\":\"2015-08-25T00:00:00+00:00\",\"dateModified\":\"2023-07-07T17:49:10+00:00\",\"author\":{\"@id\":\"https:\/\/www.sinpro-rio.org.br\/principal\/#\/schema\/person\/49feb585a2f57a31a6bd9f16f78e5be6\"},\"breadcrumb\":{\"@id\":\"https:\/\/www.sinpro-rio.org.br\/principal\/cct-da-educac-o-superior-assinada-em-25-de-agosto\/#breadcrumb\"},\"inLanguage\":\"pt-BR\",\"potentialAction\":[{\"@type\":\"ReadAction\",\"target\":[\"https:\/\/www.sinpro-rio.org.br\/principal\/cct-da-educac-o-superior-assinada-em-25-de-agosto\/\"]}]},{\"@type\":\"BreadcrumbList\",\"@id\":\"https:\/\/www.sinpro-rio.org.br\/principal\/cct-da-educac-o-superior-assinada-em-25-de-agosto\/#breadcrumb\",\"itemListElement\":[{\"@type\":\"ListItem\",\"position\":1,\"name\":\"In\u00edcio\",\"item\":\"https:\/\/www.sinpro-rio.org.br\/principal\/\"},{\"@type\":\"ListItem\",\"position\":2,\"name\":\"CCT da Educa\u00e7\u00e3o Superior: assinada em 25 de agosto\"}]},{\"@type\":\"WebSite\",\"@id\":\"https:\/\/www.sinpro-rio.org.br\/principal\/#website\",\"url\":\"https:\/\/www.sinpro-rio.org.br\/principal\/\",\"name\":\"Sinpro-Rio\",\"description\":\"Sindicato dos Professores do Munic\u00edpio do Rio de Janeiro e Regi\u00e3o\",\"potentialAction\":[{\"@type\":\"SearchAction\",\"target\":{\"@type\":\"EntryPoint\",\"urlTemplate\":\"https:\/\/www.sinpro-rio.org.br\/principal\/?s={search_term_string}\"},\"query-input\":{\"@type\":\"PropertyValueSpecification\",\"valueRequired\":true,\"valueName\":\"search_term_string\"}}],\"inLanguage\":\"pt-BR\"},{\"@type\":\"Person\",\"@id\":\"https:\/\/www.sinpro-rio.org.br\/principal\/#\/schema\/person\/49feb585a2f57a31a6bd9f16f78e5be6\",\"name\":\"rafaelrjp\",\"image\":{\"@type\":\"ImageObject\",\"inLanguage\":\"pt-BR\",\"@id\":\"https:\/\/www.sinpro-rio.org.br\/principal\/#\/schema\/person\/image\/\",\"url\":\"https:\/\/secure.gravatar.com\/avatar\/489371a0ba4655c340b519882c68cf68?s=96&d=mm&r=g\",\"contentUrl\":\"https:\/\/secure.gravatar.com\/avatar\/489371a0ba4655c340b519882c68cf68?s=96&d=mm&r=g\",\"caption\":\"rafaelrjp\"},\"url\":\"https:\/\/www.sinpro-rio.org.br\/principal\/author\/rafaelrjp\/\"}]}<\/script>\n<!-- \/ Yoast SEO plugin. -->","yoast_head_json":{"title":"CCT da Educa\u00e7\u00e3o Superior: assinada em 25 de agosto - Sinpro-Rio","robots":{"index":"index","follow":"follow","max-snippet":"max-snippet:-1","max-image-preview":"max-image-preview:large","max-video-preview":"max-video-preview:-1"},"canonical":"https:\/\/www.sinpro-rio.org.br\/principal\/cct-da-educac-o-superior-assinada-em-25-de-agosto\/","og_locale":"pt_BR","og_type":"article","og_title":"CCT da Educa\u00e7\u00e3o Superior: assinada em 25 de agosto - Sinpro-Rio","og_description":"25\/08\/2015 Foi assinada nesta ter\u00e7a-feira, dia 25 de agosto, a Conven\u00e7\u00e3o Coletiva de Trabalho (CCT) da Educa\u00e7\u00e3o Superior. Os professores da \u00e1rea ter\u00e3o reajuste de 8,5%, em duas parcelas (6% e 2,5%); abono de 10% em outubro (calculado sobre o sal\u00e1rio j\u00e1 reajustado, n\u00e3o incorpor\u00e1vel) e manuten\u00e7\u00e3o das cl\u00e1usulas sociais. Leia a Conven\u00e7\u00e3o na \u00edntegra [&hellip;]","og_url":"https:\/\/www.sinpro-rio.org.br\/principal\/cct-da-educac-o-superior-assinada-em-25-de-agosto\/","og_site_name":"Sinpro-Rio","article_published_time":"2015-08-25T00:00:00+00:00","article_modified_time":"2023-07-07T17:49:10+00:00","author":"rafaelrjp","twitter_card":"summary_large_image","twitter_misc":{"Escrito por":"rafaelrjp","Est. tempo de leitura":"1 minuto"},"schema":{"@context":"https:\/\/schema.org","@graph":[{"@type":"WebPage","@id":"https:\/\/www.sinpro-rio.org.br\/principal\/cct-da-educac-o-superior-assinada-em-25-de-agosto\/","url":"https:\/\/www.sinpro-rio.org.br\/principal\/cct-da-educac-o-superior-assinada-em-25-de-agosto\/","name":"CCT da Educa\u00e7\u00e3o Superior: assinada em 25 de agosto - Sinpro-Rio","isPartOf":{"@id":"https:\/\/www.sinpro-rio.org.br\/principal\/#website"},"datePublished":"2015-08-25T00:00:00+00:00","dateModified":"2023-07-07T17:49:10+00:00","author":{"@id":"https:\/\/www.sinpro-rio.org.br\/principal\/#\/schema\/person\/49feb585a2f57a31a6bd9f16f78e5be6"},"breadcrumb":{"@id":"https:\/\/www.sinpro-rio.org.br\/principal\/cct-da-educac-o-superior-assinada-em-25-de-agosto\/#breadcrumb"},"inLanguage":"pt-BR","potentialAction":[{"@type":"ReadAction","target":["https:\/\/www.sinpro-rio.org.br\/principal\/cct-da-educac-o-superior-assinada-em-25-de-agosto\/"]}]},{"@type":"BreadcrumbList","@id":"https:\/\/www.sinpro-rio.org.br\/principal\/cct-da-educac-o-superior-assinada-em-25-de-agosto\/#breadcrumb","itemListElement":[{"@type":"ListItem","position":1,"name":"In\u00edcio","item":"https:\/\/www.sinpro-rio.org.br\/principal\/"},{"@type":"ListItem","position":2,"name":"CCT da Educa\u00e7\u00e3o Superior: assinada em 25 de agosto"}]},{"@type":"WebSite","@id":"https:\/\/www.sinpro-rio.org.br\/principal\/#website","url":"https:\/\/www.sinpro-rio.org.br\/principal\/","name":"Sinpro-Rio","description":"Sindicato dos Professores do Munic\u00edpio do Rio de Janeiro e Regi\u00e3o","potentialAction":[{"@type":"SearchAction","target":{"@type":"EntryPoint","urlTemplate":"https:\/\/www.sinpro-rio.org.br\/principal\/?s={search_term_string}"},"query-input":{"@type":"PropertyValueSpecification","valueRequired":true,"valueName":"search_term_string"}}],"inLanguage":"pt-BR"},{"@type":"Person","@id":"https:\/\/www.sinpro-rio.org.br\/principal\/#\/schema\/person\/49feb585a2f57a31a6bd9f16f78e5be6","name":"rafaelrjp","image":{"@type":"ImageObject","inLanguage":"pt-BR","@id":"https:\/\/www.sinpro-rio.org.br\/principal\/#\/schema\/person\/image\/","url":"https:\/\/secure.gravatar.com\/avatar\/489371a0ba4655c340b519882c68cf68?s=96&d=mm&r=g","contentUrl":"https:\/\/secure.gravatar.com\/avatar\/489371a0ba4655c340b519882c68cf68?s=96&d=mm&r=g","caption":"rafaelrjp"},"url":"https:\/\/www.sinpro-rio.org.br\/principal\/author\/rafaelrjp\/"}]}},"_links":{"self":[{"href":"https:\/\/www.sinpro-rio.org.br\/principal\/wp-json\/wp\/v2\/posts\/20053","targetHints":{"allow":["GET"]}}],"collection":[{"href":"https:\/\/www.sinpro-rio.org.br\/principal\/wp-json\/wp\/v2\/posts"}],"about":[{"href":"https:\/\/www.sinpro-rio.org.br\/principal\/wp-json\/wp\/v2\/types\/post"}],"author":[{"embeddable":true,"href":"https:\/\/www.sinpro-rio.org.br\/principal\/wp-json\/wp\/v2\/users\/1"}],"replies":[{"embeddable":true,"href":"https:\/\/www.sinpro-rio.org.br\/principal\/wp-json\/wp\/v2\/comments?post=20053"}],"version-history":[{"count":1,"href":"https:\/\/www.sinpro-rio.org.br\/principal\/wp-json\/wp\/v2\/posts\/20053\/revisions"}],"predecessor-version":[{"id":36148,"href":"https:\/\/www.sinpro-rio.org.br\/principal\/wp-json\/wp\/v2\/posts\/20053\/revisions\/36148"}],"wp:attachment":[{"href":"https:\/\/www.sinpro-rio.org.br\/principal\/wp-json\/wp\/v2\/media?parent=20053"}],"wp:term":[{"taxonomy":"category","embeddable":true,"href":"https:\/\/www.sinpro-rio.org.br\/principal\/wp-json\/wp\/v2\/categories?post=20053"},{"taxonomy":"post_tag","embeddable":true,"href":"https:\/\/www.sinpro-rio.org.br\/principal\/wp-json\/wp\/v2\/tags?post=20053"}],"curies":[{"name":"wp","href":"https:\/\/api.w.org\/{rel}","templated":true}]}}