{"id":20040,"date":"2015-09-01T00:00:00","date_gmt":"2015-09-01T00:00:00","guid":{"rendered":""},"modified":"-0001-11-30T00:00:00","modified_gmt":"-0001-11-30T03:00:00","slug":"forum-da-ed-infantil-reflete-e-problematiza-sobre-a-base-nacional-comum-da-educac-o","status":"publish","type":"post","link":"https:\/\/www.sinpro-rio.org.br\/principal\/forum-da-ed-infantil-reflete-e-problematiza-sobre-a-base-nacional-comum-da-educac-o\/","title":{"rendered":"F\u00f3rum da Ed. Infantil reflete e problematiza sobre a base nacional comum da educa\u00e7\u00e3o"},"content":{"rendered":"\n<p>\n <em><br \/>\n  01\/09\/2015<br \/>\n <\/em>\n<\/p>\n<p>\n <img decoding=\"async\" align=\"right\" alt=\"foto\" src=\"http:\/\/www.sinprorio.pro.br\/site_antigo\/imagens\/noticia\/2015\/fpei010915.JPG\" width=\"400\"\/>\n<\/p>\n<p>\n Na tarde desta ter\u00e7a-feira, 1\u00ba de setembro, o F\u00f3rum Permanente da Educa\u00e7\u00e3o Infantil se reuniu no audit\u00f3rio do Sinpro-Rio para refletir e problematizar sobre a base nacional comum da educa\u00e7\u00e3o.<\/p>\n<p>\n  O encontro teve como palestrantes Maria Luisa S\u00fcssekind, professora do programa de p\u00f3s-gradua\u00e7\u00e3o UNIRIO, vice-coordenadora do GT de Curr\u00edculo da Anped e membro do Comit\u00ea de Confer\u00eancias da Associa\u00e7\u00e3o Internacional de Estudo Avan\u00e7ados em Curr\u00edculo; e Patr\u00edcia Corsino, Doutora em Educa\u00e7\u00e3o pela PUC-Rio, com foco em Educa\u00e7\u00e3o Infantil, Inf\u00e2ncia, Linguagem, Alfabetiza\u00e7\u00e3o e Letramento, Literatura Infantil.<\/p>\n<p>\n   O F\u00f3rum acontece toda primeira ter\u00e7a-feira do m\u00eas. N\u00e3o perca o pr\u00f3ximo encontro: 06 de outubro!<\/p>\n<p>\n    Veja mais fotos do encontro<br \/>\n    <a href=\"https:\/\/www.facebook.com\/sinprorio1931\/posts\/1106639746031491\"><br \/>\n     aqui<br \/>\n    <\/a><br \/>\n    .\n   <\/p>\n<\/p>\n<\/p>\n<p>\n O encontro teve como palestrantes Maria Luisa S\u00fcssekind, professora do programa de p\u00f3s-gradua\u00e7\u00e3o UNIRIO, vice-coordenadora do GT de Curr\u00edculo da Anped e membro do Comit\u00ea de Confer\u00eancias da Associa\u00e7\u00e3o Internacional de Estudo Avan\u00e7ados em Curr\u00edculo; e Patr\u00edcia Corsino, Doutora em Educa\u00e7\u00e3o pela PUC-Rio, com foco em Educa\u00e7\u00e3o Infantil, Inf\u00e2ncia, Linguagem, Alfabetiza\u00e7\u00e3o e Letramento, Literatura Infantil.<\/p>\n<p>\n  O F\u00f3rum acontece toda primeira ter\u00e7a-feira do m\u00eas. N\u00e3o perca o pr\u00f3ximo encontro: 06 de outubro!<\/p>\n<p>\n   Veja mais fotos do encontro<br \/>\n   <a href=\"https:\/\/www.facebook.com\/sinprorio1931\/posts\/1106639746031491\"><br \/>\n    aqui<br \/>\n   <\/a><br \/>\n   .\n  <\/p>\n<\/p>\n<p>\n O F\u00f3rum acontece toda primeira ter\u00e7a-feira do m\u00eas. N\u00e3o perca o pr\u00f3ximo encontro: 06 de outubro!<\/p>\n<p>\n  Veja mais fotos do encontro<br \/>\n  <a href=\"https:\/\/www.facebook.com\/sinprorio1931\/posts\/1106639746031491\"><br \/>\n   aqui<br \/>\n  <\/a><br \/>\n  .\n <\/p>\n<\/p>\n<p>\n Veja mais fotos do encontro<br \/>\n <a href=\"https:\/\/www.facebook.com\/sinprorio1931\/posts\/1106639746031491\"><br \/>\n  aqui<br \/>\n <\/a><br \/>\n .<\/p>\n","protected":false},"excerpt":{"rendered":"<p>01\/09\/2015 Na tarde desta ter\u00e7a-feira, 1\u00ba de setembro, o F\u00f3rum Permanente da Educa\u00e7\u00e3o Infantil se reuniu no audit\u00f3rio do Sinpro-Rio para refletir e problematizar sobre a base nacional comum da educa\u00e7\u00e3o. O encontro teve como palestrantes Maria Luisa S\u00fcssekind, professora do programa de p\u00f3s-gradua\u00e7\u00e3o UNIRIO, vice-coordenadora do GT de Curr\u00edculo da Anped e membro do [&hellip;]<\/p>\n","protected":false},"author":1,"featured_media":0,"comment_status":"closed","ping_status":"open","sticky":false,"template":"","format":"standard","meta":{"footnotes":""},"categories":[1],"tags":[],"class_list":["post-20040","post","type-post","status-publish","format-standard","hentry","category-noticias"],"yoast_head":"<!-- This site is optimized with the Yoast SEO plugin v25.7 - https:\/\/yoast.com\/wordpress\/plugins\/seo\/ -->\n<title>F\u00f3rum da Ed. Infantil reflete e problematiza sobre a base nacional comum da educa\u00e7\u00e3o - Sinpro-Rio<\/title>\n<meta name=\"robots\" content=\"index, follow, max-snippet:-1, max-image-preview:large, max-video-preview:-1\" \/>\n<link rel=\"canonical\" href=\"https:\/\/www.sinpro-rio.org.br\/principal\/forum-da-ed-infantil-reflete-e-problematiza-sobre-a-base-nacional-comum-da-educac-o\/\" \/>\n<meta property=\"og:locale\" content=\"pt_BR\" \/>\n<meta property=\"og:type\" content=\"article\" \/>\n<meta property=\"og:title\" content=\"F\u00f3rum da Ed. Infantil reflete e problematiza sobre a base nacional comum da educa\u00e7\u00e3o - Sinpro-Rio\" \/>\n<meta property=\"og:description\" content=\"01\/09\/2015 Na tarde desta ter\u00e7a-feira, 1\u00ba de setembro, o F\u00f3rum Permanente da Educa\u00e7\u00e3o Infantil se reuniu no audit\u00f3rio do Sinpro-Rio para refletir e problematizar sobre a base nacional comum da educa\u00e7\u00e3o. O encontro teve como palestrantes Maria Luisa S\u00fcssekind, professora do programa de p\u00f3s-gradua\u00e7\u00e3o UNIRIO, vice-coordenadora do GT de Curr\u00edculo da Anped e membro do [&hellip;]\" \/>\n<meta property=\"og:url\" content=\"https:\/\/www.sinpro-rio.org.br\/principal\/forum-da-ed-infantil-reflete-e-problematiza-sobre-a-base-nacional-comum-da-educac-o\/\" \/>\n<meta property=\"og:site_name\" content=\"Sinpro-Rio\" \/>\n<meta property=\"article:published_time\" content=\"2015-09-01T00:00:00+00:00\" \/>\n<meta property=\"og:image\" content=\"http:\/\/www.sinprorio.pro.br\/site_antigo\/imagens\/noticia\/2015\/fpei010915.JPG\" \/>\n<meta name=\"author\" content=\"rafaelrjp\" \/>\n<meta name=\"twitter:card\" content=\"summary_large_image\" \/>\n<meta name=\"twitter:label1\" content=\"Escrito por\" \/>\n\t<meta name=\"twitter:data1\" content=\"rafaelrjp\" \/>\n\t<meta name=\"twitter:label2\" content=\"Est. tempo de leitura\" \/>\n\t<meta name=\"twitter:data2\" content=\"1 minuto\" \/>\n<script type=\"application\/ld+json\" class=\"yoast-schema-graph\">{\"@context\":\"https:\/\/schema.org\",\"@graph\":[{\"@type\":\"WebPage\",\"@id\":\"https:\/\/www.sinpro-rio.org.br\/principal\/forum-da-ed-infantil-reflete-e-problematiza-sobre-a-base-nacional-comum-da-educac-o\/\",\"url\":\"https:\/\/www.sinpro-rio.org.br\/principal\/forum-da-ed-infantil-reflete-e-problematiza-sobre-a-base-nacional-comum-da-educac-o\/\",\"name\":\"F\u00f3rum da Ed. Infantil reflete e problematiza sobre a base nacional comum da educa\u00e7\u00e3o - Sinpro-Rio\",\"isPartOf\":{\"@id\":\"https:\/\/www.sinpro-rio.org.br\/principal\/#website\"},\"primaryImageOfPage\":{\"@id\":\"https:\/\/www.sinpro-rio.org.br\/principal\/forum-da-ed-infantil-reflete-e-problematiza-sobre-a-base-nacional-comum-da-educac-o\/#primaryimage\"},\"image\":{\"@id\":\"https:\/\/www.sinpro-rio.org.br\/principal\/forum-da-ed-infantil-reflete-e-problematiza-sobre-a-base-nacional-comum-da-educac-o\/#primaryimage\"},\"thumbnailUrl\":\"http:\/\/www.sinprorio.pro.br\/site_antigo\/imagens\/noticia\/2015\/fpei010915.JPG\",\"datePublished\":\"2015-09-01T00:00:00+00:00\",\"author\":{\"@id\":\"https:\/\/www.sinpro-rio.org.br\/principal\/#\/schema\/person\/49feb585a2f57a31a6bd9f16f78e5be6\"},\"breadcrumb\":{\"@id\":\"https:\/\/www.sinpro-rio.org.br\/principal\/forum-da-ed-infantil-reflete-e-problematiza-sobre-a-base-nacional-comum-da-educac-o\/#breadcrumb\"},\"inLanguage\":\"pt-BR\",\"potentialAction\":[{\"@type\":\"ReadAction\",\"target\":[\"https:\/\/www.sinpro-rio.org.br\/principal\/forum-da-ed-infantil-reflete-e-problematiza-sobre-a-base-nacional-comum-da-educac-o\/\"]}]},{\"@type\":\"ImageObject\",\"inLanguage\":\"pt-BR\",\"@id\":\"https:\/\/www.sinpro-rio.org.br\/principal\/forum-da-ed-infantil-reflete-e-problematiza-sobre-a-base-nacional-comum-da-educac-o\/#primaryimage\",\"url\":\"http:\/\/www.sinprorio.pro.br\/site_antigo\/imagens\/noticia\/2015\/fpei010915.JPG\",\"contentUrl\":\"http:\/\/www.sinprorio.pro.br\/site_antigo\/imagens\/noticia\/2015\/fpei010915.JPG\"},{\"@type\":\"BreadcrumbList\",\"@id\":\"https:\/\/www.sinpro-rio.org.br\/principal\/forum-da-ed-infantil-reflete-e-problematiza-sobre-a-base-nacional-comum-da-educac-o\/#breadcrumb\",\"itemListElement\":[{\"@type\":\"ListItem\",\"position\":1,\"name\":\"In\u00edcio\",\"item\":\"https:\/\/www.sinpro-rio.org.br\/principal\/\"},{\"@type\":\"ListItem\",\"position\":2,\"name\":\"F\u00f3rum da Ed. Infantil reflete e problematiza sobre a base nacional comum da educa\u00e7\u00e3o\"}]},{\"@type\":\"WebSite\",\"@id\":\"https:\/\/www.sinpro-rio.org.br\/principal\/#website\",\"url\":\"https:\/\/www.sinpro-rio.org.br\/principal\/\",\"name\":\"Sinpro-Rio\",\"description\":\"Sindicato dos Professores do Munic\u00edpio do Rio de Janeiro e Regi\u00e3o\",\"potentialAction\":[{\"@type\":\"SearchAction\",\"target\":{\"@type\":\"EntryPoint\",\"urlTemplate\":\"https:\/\/www.sinpro-rio.org.br\/principal\/?s={search_term_string}\"},\"query-input\":{\"@type\":\"PropertyValueSpecification\",\"valueRequired\":true,\"valueName\":\"search_term_string\"}}],\"inLanguage\":\"pt-BR\"},{\"@type\":\"Person\",\"@id\":\"https:\/\/www.sinpro-rio.org.br\/principal\/#\/schema\/person\/49feb585a2f57a31a6bd9f16f78e5be6\",\"name\":\"rafaelrjp\",\"image\":{\"@type\":\"ImageObject\",\"inLanguage\":\"pt-BR\",\"@id\":\"https:\/\/www.sinpro-rio.org.br\/principal\/#\/schema\/person\/image\/\",\"url\":\"https:\/\/secure.gravatar.com\/avatar\/489371a0ba4655c340b519882c68cf68?s=96&d=mm&r=g\",\"contentUrl\":\"https:\/\/secure.gravatar.com\/avatar\/489371a0ba4655c340b519882c68cf68?s=96&d=mm&r=g\",\"caption\":\"rafaelrjp\"},\"url\":\"https:\/\/www.sinpro-rio.org.br\/principal\/author\/rafaelrjp\/\"}]}<\/script>\n<!-- \/ Yoast SEO plugin. -->","yoast_head_json":{"title":"F\u00f3rum da Ed. Infantil reflete e problematiza sobre a base nacional comum da educa\u00e7\u00e3o - Sinpro-Rio","robots":{"index":"index","follow":"follow","max-snippet":"max-snippet:-1","max-image-preview":"max-image-preview:large","max-video-preview":"max-video-preview:-1"},"canonical":"https:\/\/www.sinpro-rio.org.br\/principal\/forum-da-ed-infantil-reflete-e-problematiza-sobre-a-base-nacional-comum-da-educac-o\/","og_locale":"pt_BR","og_type":"article","og_title":"F\u00f3rum da Ed. Infantil reflete e problematiza sobre a base nacional comum da educa\u00e7\u00e3o - Sinpro-Rio","og_description":"01\/09\/2015 Na tarde desta ter\u00e7a-feira, 1\u00ba de setembro, o F\u00f3rum Permanente da Educa\u00e7\u00e3o Infantil se reuniu no audit\u00f3rio do Sinpro-Rio para refletir e problematizar sobre a base nacional comum da educa\u00e7\u00e3o. O encontro teve como palestrantes Maria Luisa S\u00fcssekind, professora do programa de p\u00f3s-gradua\u00e7\u00e3o UNIRIO, vice-coordenadora do GT de Curr\u00edculo da Anped e membro do [&hellip;]","og_url":"https:\/\/www.sinpro-rio.org.br\/principal\/forum-da-ed-infantil-reflete-e-problematiza-sobre-a-base-nacional-comum-da-educac-o\/","og_site_name":"Sinpro-Rio","article_published_time":"2015-09-01T00:00:00+00:00","og_image":[{"url":"http:\/\/www.sinprorio.pro.br\/site_antigo\/imagens\/noticia\/2015\/fpei010915.JPG","type":"","width":"","height":""}],"author":"rafaelrjp","twitter_card":"summary_large_image","twitter_misc":{"Escrito por":"rafaelrjp","Est. tempo de leitura":"1 minuto"},"schema":{"@context":"https:\/\/schema.org","@graph":[{"@type":"WebPage","@id":"https:\/\/www.sinpro-rio.org.br\/principal\/forum-da-ed-infantil-reflete-e-problematiza-sobre-a-base-nacional-comum-da-educac-o\/","url":"https:\/\/www.sinpro-rio.org.br\/principal\/forum-da-ed-infantil-reflete-e-problematiza-sobre-a-base-nacional-comum-da-educac-o\/","name":"F\u00f3rum da Ed. Infantil reflete e problematiza sobre a base nacional comum da educa\u00e7\u00e3o - Sinpro-Rio","isPartOf":{"@id":"https:\/\/www.sinpro-rio.org.br\/principal\/#website"},"primaryImageOfPage":{"@id":"https:\/\/www.sinpro-rio.org.br\/principal\/forum-da-ed-infantil-reflete-e-problematiza-sobre-a-base-nacional-comum-da-educac-o\/#primaryimage"},"image":{"@id":"https:\/\/www.sinpro-rio.org.br\/principal\/forum-da-ed-infantil-reflete-e-problematiza-sobre-a-base-nacional-comum-da-educac-o\/#primaryimage"},"thumbnailUrl":"http:\/\/www.sinprorio.pro.br\/site_antigo\/imagens\/noticia\/2015\/fpei010915.JPG","datePublished":"2015-09-01T00:00:00+00:00","author":{"@id":"https:\/\/www.sinpro-rio.org.br\/principal\/#\/schema\/person\/49feb585a2f57a31a6bd9f16f78e5be6"},"breadcrumb":{"@id":"https:\/\/www.sinpro-rio.org.br\/principal\/forum-da-ed-infantil-reflete-e-problematiza-sobre-a-base-nacional-comum-da-educac-o\/#breadcrumb"},"inLanguage":"pt-BR","potentialAction":[{"@type":"ReadAction","target":["https:\/\/www.sinpro-rio.org.br\/principal\/forum-da-ed-infantil-reflete-e-problematiza-sobre-a-base-nacional-comum-da-educac-o\/"]}]},{"@type":"ImageObject","inLanguage":"pt-BR","@id":"https:\/\/www.sinpro-rio.org.br\/principal\/forum-da-ed-infantil-reflete-e-problematiza-sobre-a-base-nacional-comum-da-educac-o\/#primaryimage","url":"http:\/\/www.sinprorio.pro.br\/site_antigo\/imagens\/noticia\/2015\/fpei010915.JPG","contentUrl":"http:\/\/www.sinprorio.pro.br\/site_antigo\/imagens\/noticia\/2015\/fpei010915.JPG"},{"@type":"BreadcrumbList","@id":"https:\/\/www.sinpro-rio.org.br\/principal\/forum-da-ed-infantil-reflete-e-problematiza-sobre-a-base-nacional-comum-da-educac-o\/#breadcrumb","itemListElement":[{"@type":"ListItem","position":1,"name":"In\u00edcio","item":"https:\/\/www.sinpro-rio.org.br\/principal\/"},{"@type":"ListItem","position":2,"name":"F\u00f3rum da Ed. Infantil reflete e problematiza sobre a base nacional comum da educa\u00e7\u00e3o"}]},{"@type":"WebSite","@id":"https:\/\/www.sinpro-rio.org.br\/principal\/#website","url":"https:\/\/www.sinpro-rio.org.br\/principal\/","name":"Sinpro-Rio","description":"Sindicato dos Professores do Munic\u00edpio do Rio de Janeiro e Regi\u00e3o","potentialAction":[{"@type":"SearchAction","target":{"@type":"EntryPoint","urlTemplate":"https:\/\/www.sinpro-rio.org.br\/principal\/?s={search_term_string}"},"query-input":{"@type":"PropertyValueSpecification","valueRequired":true,"valueName":"search_term_string"}}],"inLanguage":"pt-BR"},{"@type":"Person","@id":"https:\/\/www.sinpro-rio.org.br\/principal\/#\/schema\/person\/49feb585a2f57a31a6bd9f16f78e5be6","name":"rafaelrjp","image":{"@type":"ImageObject","inLanguage":"pt-BR","@id":"https:\/\/www.sinpro-rio.org.br\/principal\/#\/schema\/person\/image\/","url":"https:\/\/secure.gravatar.com\/avatar\/489371a0ba4655c340b519882c68cf68?s=96&d=mm&r=g","contentUrl":"https:\/\/secure.gravatar.com\/avatar\/489371a0ba4655c340b519882c68cf68?s=96&d=mm&r=g","caption":"rafaelrjp"},"url":"https:\/\/www.sinpro-rio.org.br\/principal\/author\/rafaelrjp\/"}]}},"_links":{"self":[{"href":"https:\/\/www.sinpro-rio.org.br\/principal\/wp-json\/wp\/v2\/posts\/20040","targetHints":{"allow":["GET"]}}],"collection":[{"href":"https:\/\/www.sinpro-rio.org.br\/principal\/wp-json\/wp\/v2\/posts"}],"about":[{"href":"https:\/\/www.sinpro-rio.org.br\/principal\/wp-json\/wp\/v2\/types\/post"}],"author":[{"embeddable":true,"href":"https:\/\/www.sinpro-rio.org.br\/principal\/wp-json\/wp\/v2\/users\/1"}],"replies":[{"embeddable":true,"href":"https:\/\/www.sinpro-rio.org.br\/principal\/wp-json\/wp\/v2\/comments?post=20040"}],"version-history":[{"count":0,"href":"https:\/\/www.sinpro-rio.org.br\/principal\/wp-json\/wp\/v2\/posts\/20040\/revisions"}],"wp:attachment":[{"href":"https:\/\/www.sinpro-rio.org.br\/principal\/wp-json\/wp\/v2\/media?parent=20040"}],"wp:term":[{"taxonomy":"category","embeddable":true,"href":"https:\/\/www.sinpro-rio.org.br\/principal\/wp-json\/wp\/v2\/categories?post=20040"},{"taxonomy":"post_tag","embeddable":true,"href":"https:\/\/www.sinpro-rio.org.br\/principal\/wp-json\/wp\/v2\/tags?post=20040"}],"curies":[{"name":"wp","href":"https:\/\/api.w.org\/{rel}","templated":true}]}}