{"id":20038,"date":"2015-09-03T00:00:00","date_gmt":"2015-09-03T00:00:00","guid":{"rendered":""},"modified":"-0001-11-30T00:00:00","modified_gmt":"-0001-11-30T03:00:00","slug":"fama-ato-publico-atrai-estudantes-e-pede-a-reabertura-das-negociac-es","status":"publish","type":"post","link":"https:\/\/www.sinpro-rio.org.br\/principal\/fama-ato-publico-atrai-estudantes-e-pede-a-reabertura-das-negociac-es\/","title":{"rendered":"Fama: ato p\u00fablico atrai estudantes e pede a reabertura das negocia\u00e7\u00f5es"},"content":{"rendered":"\n<p>\n <em><br \/>\n  03\/09\/2015<br \/>\n <\/em>\n<\/p>\n<p>\n <img decoding=\"async\" align=\"right\" alt=\"foto\" src=\"http:\/\/www.sinprorio.pro.br\/site_antigo\/imagens\/noticia\/2015\/atofama.jpg\" width=\"400\"\/>\n<\/p>\n<p>\n O Sinpro-Rio realizou, na noite desta quarta-feira, 02 de setembro, um ato p\u00fablico na porta da Faculdade Machado de Assis (Fama).<br \/>\nOs diretores Dilson Ribeiro, Gustavo Corn\u00e9lio e F\u00e1bio Linhares conduziram o ato, que ganhou ainda mais respaldo com a ades\u00e3o dos estudantes.<br \/>\nOs docentes da Fama passam por situa\u00e7\u00e3o dif\u00edcil. H\u00e1 tempos, a institui\u00e7\u00e3o n\u00e3o vem cumprindo as suas obriga\u00e7\u00f5es trabalhistas.<\/p>\n<p>\n  E, como n\u00e3o bastasse o constante atraso dos sal\u00e1rios dos professores, pagos em at\u00e9 dois meses ap\u00f3s o vencimento, os professores v\u00eam convivendo com outros tipos graves de desrespeito \u00e0s leis trabalhistas, tais como a redu\u00e7\u00e3o da carga hor\u00e1ria e a dispensa sem a devida homologa\u00e7\u00e3o da rescis\u00e3o de contrato e, consequentemente, o n\u00e3o pagamento das verbas trabalhistas. Depois de ter perdido na Justi\u00e7a, coube \u00e0 dire\u00e7\u00e3o pagar o FGTS, n\u00e3o depositado desde 2007 e os 1\/3 de f\u00e9rias, n\u00e3o pagos h\u00e1 4 anos. A Fama se diz disposta a pagar o que \u00e9 devido, mas marca e desmarca reuni\u00f5es, para tratar do cronograma de pagamento, h\u00e1 dois meses, deixando os professores sem resposta e ainda mais humilhados.<\/p>\n<p>\n   Foram distribu\u00eddos 300 panfletos numa manifesta\u00e7\u00e3o pac\u00edfica e democr\u00e1tica, mas n\u00e3o compreendida por um integrante da institui\u00e7\u00e3o, que amea\u00e7ou chamar a pol\u00edcia contra os trabalhadores que apenas reivindicavam seus direitos.\n  <\/p>\n<\/p>\n<p>\n E, como n\u00e3o bastasse o constante atraso dos sal\u00e1rios dos professores, pagos em at\u00e9 dois meses ap\u00f3s o vencimento, os professores v\u00eam convivendo com outros tipos graves de desrespeito \u00e0s leis trabalhistas, tais como a redu\u00e7\u00e3o da carga hor\u00e1ria e a dispensa sem a devida homologa\u00e7\u00e3o da rescis\u00e3o de contrato e, consequentemente, o n\u00e3o pagamento das verbas trabalhistas. Depois de ter perdido na Justi\u00e7a, coube \u00e0 dire\u00e7\u00e3o pagar o FGTS, n\u00e3o depositado desde 2007 e os 1\/3 de f\u00e9rias, n\u00e3o pagos h\u00e1 4 anos. A Fama se diz disposta a pagar o que \u00e9 devido, mas marca e desmarca reuni\u00f5es, para tratar do cronograma de pagamento, h\u00e1 dois meses, deixando os professores sem resposta e ainda mais humilhados.<\/p>\n<p>\n  Foram distribu\u00eddos 300 panfletos numa manifesta\u00e7\u00e3o pac\u00edfica e democr\u00e1tica, mas n\u00e3o compreendida por um integrante da institui\u00e7\u00e3o, que amea\u00e7ou chamar a pol\u00edcia contra os trabalhadores que apenas reivindicavam seus direitos.\n <\/p>\n<\/p>\n<p>\n Foram distribu\u00eddos 300 panfletos numa manifesta\u00e7\u00e3o pac\u00edfica e democr\u00e1tica, mas n\u00e3o compreendida por um integrante da institui\u00e7\u00e3o, que amea\u00e7ou chamar a pol\u00edcia contra os trabalhadores que apenas reivindicavam seus direitos.<\/p>\n","protected":false},"excerpt":{"rendered":"<p>03\/09\/2015 O Sinpro-Rio realizou, na noite desta quarta-feira, 02 de setembro, um ato p\u00fablico na porta da Faculdade Machado de Assis (Fama). Os diretores Dilson Ribeiro, Gustavo Corn\u00e9lio e F\u00e1bio Linhares conduziram o ato, que ganhou ainda mais respaldo com a ades\u00e3o dos estudantes. Os docentes da Fama passam por situa\u00e7\u00e3o dif\u00edcil. H\u00e1 tempos, a [&hellip;]<\/p>\n","protected":false},"author":1,"featured_media":0,"comment_status":"closed","ping_status":"open","sticky":false,"template":"","format":"standard","meta":{"footnotes":""},"categories":[1],"tags":[],"class_list":["post-20038","post","type-post","status-publish","format-standard","hentry","category-noticias"],"yoast_head":"<!-- This site is optimized with the Yoast SEO plugin v25.7 - https:\/\/yoast.com\/wordpress\/plugins\/seo\/ -->\n<title>Fama: ato p\u00fablico atrai estudantes e pede a reabertura das negocia\u00e7\u00f5es - Sinpro-Rio<\/title>\n<meta name=\"robots\" content=\"index, follow, max-snippet:-1, max-image-preview:large, max-video-preview:-1\" \/>\n<link rel=\"canonical\" href=\"https:\/\/www.sinpro-rio.org.br\/principal\/fama-ato-publico-atrai-estudantes-e-pede-a-reabertura-das-negociac-es\/\" \/>\n<meta property=\"og:locale\" content=\"pt_BR\" \/>\n<meta property=\"og:type\" content=\"article\" \/>\n<meta property=\"og:title\" content=\"Fama: ato p\u00fablico atrai estudantes e pede a reabertura das negocia\u00e7\u00f5es - Sinpro-Rio\" \/>\n<meta property=\"og:description\" content=\"03\/09\/2015 O Sinpro-Rio realizou, na noite desta quarta-feira, 02 de setembro, um ato p\u00fablico na porta da Faculdade Machado de Assis (Fama). Os diretores Dilson Ribeiro, Gustavo Corn\u00e9lio e F\u00e1bio Linhares conduziram o ato, que ganhou ainda mais respaldo com a ades\u00e3o dos estudantes. Os docentes da Fama passam por situa\u00e7\u00e3o dif\u00edcil. H\u00e1 tempos, a [&hellip;]\" \/>\n<meta property=\"og:url\" content=\"https:\/\/www.sinpro-rio.org.br\/principal\/fama-ato-publico-atrai-estudantes-e-pede-a-reabertura-das-negociac-es\/\" \/>\n<meta property=\"og:site_name\" content=\"Sinpro-Rio\" \/>\n<meta property=\"article:published_time\" content=\"2015-09-03T00:00:00+00:00\" \/>\n<meta property=\"og:image\" content=\"http:\/\/www.sinprorio.pro.br\/site_antigo\/imagens\/noticia\/2015\/atofama.jpg\" \/>\n<meta name=\"author\" content=\"rafaelrjp\" \/>\n<meta name=\"twitter:card\" content=\"summary_large_image\" \/>\n<meta name=\"twitter:label1\" content=\"Escrito por\" \/>\n\t<meta name=\"twitter:data1\" content=\"rafaelrjp\" \/>\n\t<meta name=\"twitter:label2\" content=\"Est. tempo de leitura\" \/>\n\t<meta name=\"twitter:data2\" content=\"2 minutos\" \/>\n<script type=\"application\/ld+json\" class=\"yoast-schema-graph\">{\"@context\":\"https:\/\/schema.org\",\"@graph\":[{\"@type\":\"WebPage\",\"@id\":\"https:\/\/www.sinpro-rio.org.br\/principal\/fama-ato-publico-atrai-estudantes-e-pede-a-reabertura-das-negociac-es\/\",\"url\":\"https:\/\/www.sinpro-rio.org.br\/principal\/fama-ato-publico-atrai-estudantes-e-pede-a-reabertura-das-negociac-es\/\",\"name\":\"Fama: ato p\u00fablico atrai estudantes e pede a reabertura das negocia\u00e7\u00f5es - Sinpro-Rio\",\"isPartOf\":{\"@id\":\"https:\/\/www.sinpro-rio.org.br\/principal\/#website\"},\"primaryImageOfPage\":{\"@id\":\"https:\/\/www.sinpro-rio.org.br\/principal\/fama-ato-publico-atrai-estudantes-e-pede-a-reabertura-das-negociac-es\/#primaryimage\"},\"image\":{\"@id\":\"https:\/\/www.sinpro-rio.org.br\/principal\/fama-ato-publico-atrai-estudantes-e-pede-a-reabertura-das-negociac-es\/#primaryimage\"},\"thumbnailUrl\":\"http:\/\/www.sinprorio.pro.br\/site_antigo\/imagens\/noticia\/2015\/atofama.jpg\",\"datePublished\":\"2015-09-03T00:00:00+00:00\",\"author\":{\"@id\":\"https:\/\/www.sinpro-rio.org.br\/principal\/#\/schema\/person\/49feb585a2f57a31a6bd9f16f78e5be6\"},\"breadcrumb\":{\"@id\":\"https:\/\/www.sinpro-rio.org.br\/principal\/fama-ato-publico-atrai-estudantes-e-pede-a-reabertura-das-negociac-es\/#breadcrumb\"},\"inLanguage\":\"pt-BR\",\"potentialAction\":[{\"@type\":\"ReadAction\",\"target\":[\"https:\/\/www.sinpro-rio.org.br\/principal\/fama-ato-publico-atrai-estudantes-e-pede-a-reabertura-das-negociac-es\/\"]}]},{\"@type\":\"ImageObject\",\"inLanguage\":\"pt-BR\",\"@id\":\"https:\/\/www.sinpro-rio.org.br\/principal\/fama-ato-publico-atrai-estudantes-e-pede-a-reabertura-das-negociac-es\/#primaryimage\",\"url\":\"http:\/\/www.sinprorio.pro.br\/site_antigo\/imagens\/noticia\/2015\/atofama.jpg\",\"contentUrl\":\"http:\/\/www.sinprorio.pro.br\/site_antigo\/imagens\/noticia\/2015\/atofama.jpg\"},{\"@type\":\"BreadcrumbList\",\"@id\":\"https:\/\/www.sinpro-rio.org.br\/principal\/fama-ato-publico-atrai-estudantes-e-pede-a-reabertura-das-negociac-es\/#breadcrumb\",\"itemListElement\":[{\"@type\":\"ListItem\",\"position\":1,\"name\":\"In\u00edcio\",\"item\":\"https:\/\/www.sinpro-rio.org.br\/principal\/\"},{\"@type\":\"ListItem\",\"position\":2,\"name\":\"Fama: ato p\u00fablico atrai estudantes e pede a reabertura das negocia\u00e7\u00f5es\"}]},{\"@type\":\"WebSite\",\"@id\":\"https:\/\/www.sinpro-rio.org.br\/principal\/#website\",\"url\":\"https:\/\/www.sinpro-rio.org.br\/principal\/\",\"name\":\"Sinpro-Rio\",\"description\":\"Sindicato dos Professores do Munic\u00edpio do Rio de Janeiro e Regi\u00e3o\",\"potentialAction\":[{\"@type\":\"SearchAction\",\"target\":{\"@type\":\"EntryPoint\",\"urlTemplate\":\"https:\/\/www.sinpro-rio.org.br\/principal\/?s={search_term_string}\"},\"query-input\":{\"@type\":\"PropertyValueSpecification\",\"valueRequired\":true,\"valueName\":\"search_term_string\"}}],\"inLanguage\":\"pt-BR\"},{\"@type\":\"Person\",\"@id\":\"https:\/\/www.sinpro-rio.org.br\/principal\/#\/schema\/person\/49feb585a2f57a31a6bd9f16f78e5be6\",\"name\":\"rafaelrjp\",\"image\":{\"@type\":\"ImageObject\",\"inLanguage\":\"pt-BR\",\"@id\":\"https:\/\/www.sinpro-rio.org.br\/principal\/#\/schema\/person\/image\/\",\"url\":\"https:\/\/secure.gravatar.com\/avatar\/489371a0ba4655c340b519882c68cf68?s=96&d=mm&r=g\",\"contentUrl\":\"https:\/\/secure.gravatar.com\/avatar\/489371a0ba4655c340b519882c68cf68?s=96&d=mm&r=g\",\"caption\":\"rafaelrjp\"},\"url\":\"https:\/\/www.sinpro-rio.org.br\/principal\/author\/rafaelrjp\/\"}]}<\/script>\n<!-- \/ Yoast SEO plugin. -->","yoast_head_json":{"title":"Fama: ato p\u00fablico atrai estudantes e pede a reabertura das negocia\u00e7\u00f5es - Sinpro-Rio","robots":{"index":"index","follow":"follow","max-snippet":"max-snippet:-1","max-image-preview":"max-image-preview:large","max-video-preview":"max-video-preview:-1"},"canonical":"https:\/\/www.sinpro-rio.org.br\/principal\/fama-ato-publico-atrai-estudantes-e-pede-a-reabertura-das-negociac-es\/","og_locale":"pt_BR","og_type":"article","og_title":"Fama: ato p\u00fablico atrai estudantes e pede a reabertura das negocia\u00e7\u00f5es - Sinpro-Rio","og_description":"03\/09\/2015 O Sinpro-Rio realizou, na noite desta quarta-feira, 02 de setembro, um ato p\u00fablico na porta da Faculdade Machado de Assis (Fama). Os diretores Dilson Ribeiro, Gustavo Corn\u00e9lio e F\u00e1bio Linhares conduziram o ato, que ganhou ainda mais respaldo com a ades\u00e3o dos estudantes. Os docentes da Fama passam por situa\u00e7\u00e3o dif\u00edcil. H\u00e1 tempos, a [&hellip;]","og_url":"https:\/\/www.sinpro-rio.org.br\/principal\/fama-ato-publico-atrai-estudantes-e-pede-a-reabertura-das-negociac-es\/","og_site_name":"Sinpro-Rio","article_published_time":"2015-09-03T00:00:00+00:00","og_image":[{"url":"http:\/\/www.sinprorio.pro.br\/site_antigo\/imagens\/noticia\/2015\/atofama.jpg","type":"","width":"","height":""}],"author":"rafaelrjp","twitter_card":"summary_large_image","twitter_misc":{"Escrito por":"rafaelrjp","Est. tempo de leitura":"2 minutos"},"schema":{"@context":"https:\/\/schema.org","@graph":[{"@type":"WebPage","@id":"https:\/\/www.sinpro-rio.org.br\/principal\/fama-ato-publico-atrai-estudantes-e-pede-a-reabertura-das-negociac-es\/","url":"https:\/\/www.sinpro-rio.org.br\/principal\/fama-ato-publico-atrai-estudantes-e-pede-a-reabertura-das-negociac-es\/","name":"Fama: ato p\u00fablico atrai estudantes e pede a reabertura das negocia\u00e7\u00f5es - Sinpro-Rio","isPartOf":{"@id":"https:\/\/www.sinpro-rio.org.br\/principal\/#website"},"primaryImageOfPage":{"@id":"https:\/\/www.sinpro-rio.org.br\/principal\/fama-ato-publico-atrai-estudantes-e-pede-a-reabertura-das-negociac-es\/#primaryimage"},"image":{"@id":"https:\/\/www.sinpro-rio.org.br\/principal\/fama-ato-publico-atrai-estudantes-e-pede-a-reabertura-das-negociac-es\/#primaryimage"},"thumbnailUrl":"http:\/\/www.sinprorio.pro.br\/site_antigo\/imagens\/noticia\/2015\/atofama.jpg","datePublished":"2015-09-03T00:00:00+00:00","author":{"@id":"https:\/\/www.sinpro-rio.org.br\/principal\/#\/schema\/person\/49feb585a2f57a31a6bd9f16f78e5be6"},"breadcrumb":{"@id":"https:\/\/www.sinpro-rio.org.br\/principal\/fama-ato-publico-atrai-estudantes-e-pede-a-reabertura-das-negociac-es\/#breadcrumb"},"inLanguage":"pt-BR","potentialAction":[{"@type":"ReadAction","target":["https:\/\/www.sinpro-rio.org.br\/principal\/fama-ato-publico-atrai-estudantes-e-pede-a-reabertura-das-negociac-es\/"]}]},{"@type":"ImageObject","inLanguage":"pt-BR","@id":"https:\/\/www.sinpro-rio.org.br\/principal\/fama-ato-publico-atrai-estudantes-e-pede-a-reabertura-das-negociac-es\/#primaryimage","url":"http:\/\/www.sinprorio.pro.br\/site_antigo\/imagens\/noticia\/2015\/atofama.jpg","contentUrl":"http:\/\/www.sinprorio.pro.br\/site_antigo\/imagens\/noticia\/2015\/atofama.jpg"},{"@type":"BreadcrumbList","@id":"https:\/\/www.sinpro-rio.org.br\/principal\/fama-ato-publico-atrai-estudantes-e-pede-a-reabertura-das-negociac-es\/#breadcrumb","itemListElement":[{"@type":"ListItem","position":1,"name":"In\u00edcio","item":"https:\/\/www.sinpro-rio.org.br\/principal\/"},{"@type":"ListItem","position":2,"name":"Fama: ato p\u00fablico atrai estudantes e pede a reabertura das negocia\u00e7\u00f5es"}]},{"@type":"WebSite","@id":"https:\/\/www.sinpro-rio.org.br\/principal\/#website","url":"https:\/\/www.sinpro-rio.org.br\/principal\/","name":"Sinpro-Rio","description":"Sindicato dos Professores do Munic\u00edpio do Rio de Janeiro e Regi\u00e3o","potentialAction":[{"@type":"SearchAction","target":{"@type":"EntryPoint","urlTemplate":"https:\/\/www.sinpro-rio.org.br\/principal\/?s={search_term_string}"},"query-input":{"@type":"PropertyValueSpecification","valueRequired":true,"valueName":"search_term_string"}}],"inLanguage":"pt-BR"},{"@type":"Person","@id":"https:\/\/www.sinpro-rio.org.br\/principal\/#\/schema\/person\/49feb585a2f57a31a6bd9f16f78e5be6","name":"rafaelrjp","image":{"@type":"ImageObject","inLanguage":"pt-BR","@id":"https:\/\/www.sinpro-rio.org.br\/principal\/#\/schema\/person\/image\/","url":"https:\/\/secure.gravatar.com\/avatar\/489371a0ba4655c340b519882c68cf68?s=96&d=mm&r=g","contentUrl":"https:\/\/secure.gravatar.com\/avatar\/489371a0ba4655c340b519882c68cf68?s=96&d=mm&r=g","caption":"rafaelrjp"},"url":"https:\/\/www.sinpro-rio.org.br\/principal\/author\/rafaelrjp\/"}]}},"_links":{"self":[{"href":"https:\/\/www.sinpro-rio.org.br\/principal\/wp-json\/wp\/v2\/posts\/20038","targetHints":{"allow":["GET"]}}],"collection":[{"href":"https:\/\/www.sinpro-rio.org.br\/principal\/wp-json\/wp\/v2\/posts"}],"about":[{"href":"https:\/\/www.sinpro-rio.org.br\/principal\/wp-json\/wp\/v2\/types\/post"}],"author":[{"embeddable":true,"href":"https:\/\/www.sinpro-rio.org.br\/principal\/wp-json\/wp\/v2\/users\/1"}],"replies":[{"embeddable":true,"href":"https:\/\/www.sinpro-rio.org.br\/principal\/wp-json\/wp\/v2\/comments?post=20038"}],"version-history":[{"count":0,"href":"https:\/\/www.sinpro-rio.org.br\/principal\/wp-json\/wp\/v2\/posts\/20038\/revisions"}],"wp:attachment":[{"href":"https:\/\/www.sinpro-rio.org.br\/principal\/wp-json\/wp\/v2\/media?parent=20038"}],"wp:term":[{"taxonomy":"category","embeddable":true,"href":"https:\/\/www.sinpro-rio.org.br\/principal\/wp-json\/wp\/v2\/categories?post=20038"},{"taxonomy":"post_tag","embeddable":true,"href":"https:\/\/www.sinpro-rio.org.br\/principal\/wp-json\/wp\/v2\/tags?post=20038"}],"curies":[{"name":"wp","href":"https:\/\/api.w.org\/{rel}","templated":true}]}}