{"id":20036,"date":"2015-09-03T00:00:00","date_gmt":"2015-09-03T00:00:00","guid":{"rendered":""},"modified":"-0001-11-30T00:00:00","modified_gmt":"-0001-11-30T03:00:00","slug":"associac-o-s-o-judas-tadeu-professores-as-devem-agendar-com-sindicato-para-recebimento","status":"publish","type":"post","link":"https:\/\/www.sinpro-rio.org.br\/principal\/associac-o-s-o-judas-tadeu-professores-as-devem-agendar-com-sindicato-para-recebimento\/","title":{"rendered":"Associa\u00e7\u00e3o S\u00e3o Judas Tadeu: professores(as) devem agendar com Sindicato para recebimento"},"content":{"rendered":"\n<p>\n <em><br \/>\n  03\/09\/2015<br \/>\n <\/em>\n<\/p>\n<p>\n <b><br \/>\n  Aten\u00e7\u00e3o, professores(as) da Associa\u00e7\u00e3o de Ensino Superior S\u00e3o Judas Tadeu!<br \/>\n <\/b><\/p>\n<p>\n  Sa\u00edram os valores relativos ao processo n\u00ba 0192400-10.1983.5.01.0026. Entrem em contato com o Sinpro-Rio para marcar hor\u00e1rio para agendar o seu recebimento pelos telefones (21) 3262-3405, 3262-3406 e 3262-3407.<\/p>\n<p>\n   <b><br \/>\n    Fazem jus ao benef\u00edcio os(as) seguintes professores(as):<br \/>\n   <\/b><\/p>\n<p>\n    Diblair Claudio da Silva<\/p>\n<p>\n     Arthur Alves P. Sales<\/p>\n<p>\n      Lilia de Souza<\/p>\n<p>\n       Helena Haski<\/p>\n<p>\n        Arthur Monteiro Salles<\/p>\n<p>\n         Daise Dilea Paciello<\/p>\n<p>\n          Mario de Jesus Alexandre<\/p>\n<p>\n           Marcos Albuquerque Santana<\/p>\n<p>\n            Monica Albuquerque<\/p>\n<p>\n             Iza Vicente de Vargas<\/p>\n<p>\n              Maria de Lourdes R. de Moura<\/p>\n<p>\n               Nelson dos Santos<\/p>\n<p>\n                Laurinete Tavares Marinho<\/p>\n<p>\n                 Gibson Maul de Andrade<\/p>\n<p>\n                  Livio Panizza<\/p>\n<p>\n                   Diva Lucia Gauterio Conde\n                  <\/p>\n<\/p>\n<\/p>\n<\/p>\n<\/p>\n<\/p>\n<\/p>\n<\/p>\n<\/p>\n<\/p>\n<p>\n Sa\u00edram os valores relativos ao processo n\u00ba 0192400-10.1983.5.01.0026. Entrem em contato com o Sinpro-Rio para marcar hor\u00e1rio para agendar o seu recebimento pelos telefones (21) 3262-3405, 3262-3406 e 3262-3407.<\/p>\n<p>\n  <b><br \/>\n   Fazem jus ao benef\u00edcio os(as) seguintes professores(as):<br \/>\n  <\/b><\/p>\n<p>\n   Diblair Claudio da Silva<\/p>\n<p>\n    Arthur Alves P. Sales<\/p>\n<p>\n     Lilia de Souza<\/p>\n<p>\n      Helena Haski<\/p>\n<p>\n       Arthur Monteiro Salles<\/p>\n<p>\n        Daise Dilea Paciello<\/p>\n<p>\n         Mario de Jesus Alexandre<\/p>\n<p>\n          Marcos Albuquerque Santana<\/p>\n<p>\n           Monica Albuquerque<\/p>\n<p>\n            Iza Vicente de Vargas<\/p>\n<p>\n             Maria de Lourdes R. de Moura<\/p>\n<p>\n              Nelson dos Santos<\/p>\n<p>\n               Laurinete Tavares Marinho<\/p>\n<p>\n                Gibson Maul de Andrade<\/p>\n<p>\n                 Livio Panizza<\/p>\n<p>\n                  Diva Lucia Gauterio Conde\n                 <\/p>\n<\/p>\n<\/p>\n<\/p>\n<\/p>\n<\/p>\n<\/p>\n<\/p>\n<\/p>\n<\/p>\n<p>\n <b><br \/>\n  Fazem jus ao benef\u00edcio os(as) seguintes professores(as):<br \/>\n <\/b><\/p>\n<p>\n  Diblair Claudio da Silva<\/p>\n<p>\n   Arthur Alves P. Sales<\/p>\n<p>\n    Lilia de Souza<\/p>\n<p>\n     Helena Haski<\/p>\n<p>\n      Arthur Monteiro Salles<\/p>\n<p>\n       Daise Dilea Paciello<\/p>\n<p>\n        Mario de Jesus Alexandre<\/p>\n<p>\n         Marcos Albuquerque Santana<\/p>\n<p>\n          Monica Albuquerque<\/p>\n<p>\n           Iza Vicente de Vargas<\/p>\n<p>\n            Maria de Lourdes R. de Moura<\/p>\n<p>\n             Nelson dos Santos<\/p>\n<p>\n              Laurinete Tavares Marinho<\/p>\n<p>\n               Gibson Maul de Andrade<\/p>\n<p>\n                Livio Panizza<\/p>\n<p>\n                 Diva Lucia Gauterio Conde\n                <\/p>\n<\/p>\n<\/p>\n<\/p>\n<\/p>\n<\/p>\n<\/p>\n<\/p>\n<\/p>\n<p>\n Diblair Claudio da Silva<\/p>\n<p>\n  Arthur Alves P. Sales<\/p>\n<p>\n   Lilia de Souza<\/p>\n<p>\n    Helena Haski<\/p>\n<p>\n     Arthur Monteiro Salles<\/p>\n<p>\n      Daise Dilea Paciello<\/p>\n<p>\n       Mario de Jesus Alexandre<\/p>\n<p>\n        Marcos Albuquerque Santana<\/p>\n<p>\n         Monica Albuquerque<\/p>\n<p>\n          Iza Vicente de Vargas<\/p>\n<p>\n           Maria de Lourdes R. de Moura<\/p>\n<p>\n            Nelson dos Santos<\/p>\n<p>\n             Laurinete Tavares Marinho<\/p>\n<p>\n              Gibson Maul de Andrade<\/p>\n<p>\n               Livio Panizza<\/p>\n<p>\n                Diva Lucia Gauterio Conde\n               <\/p>\n<\/p>\n<\/p>\n<\/p>\n<\/p>\n<\/p>\n<\/p>\n<\/p>\n<\/p>\n<p>\n Arthur Alves P. Sales<\/p>\n<p>\n  Lilia de Souza<\/p>\n<p>\n   Helena Haski<\/p>\n<p>\n    Arthur Monteiro Salles<\/p>\n<p>\n     Daise Dilea Paciello<\/p>\n<p>\n      Mario de Jesus Alexandre<\/p>\n<p>\n       Marcos Albuquerque Santana<\/p>\n<p>\n        Monica Albuquerque<\/p>\n<p>\n         Iza Vicente de Vargas<\/p>\n<p>\n          Maria de Lourdes R. de Moura<\/p>\n<p>\n           Nelson dos Santos<\/p>\n<p>\n            Laurinete Tavares Marinho<\/p>\n<p>\n             Gibson Maul de Andrade<\/p>\n<p>\n              Livio Panizza<\/p>\n<p>\n               Diva Lucia Gauterio Conde\n              <\/p>\n<\/p>\n<\/p>\n<\/p>\n<\/p>\n<\/p>\n<\/p>\n<\/p>\n<p>\n Lilia de Souza<\/p>\n<p>\n  Helena Haski<\/p>\n<p>\n   Arthur Monteiro Salles<\/p>\n<p>\n    Daise Dilea Paciello<\/p>\n<p>\n     Mario de Jesus Alexandre<\/p>\n<p>\n      Marcos Albuquerque Santana<\/p>\n<p>\n       Monica Albuquerque<\/p>\n<p>\n        Iza Vicente de Vargas<\/p>\n<p>\n         Maria de Lourdes R. de Moura<\/p>\n<p>\n          Nelson dos Santos<\/p>\n<p>\n           Laurinete Tavares Marinho<\/p>\n<p>\n            Gibson Maul de Andrade<\/p>\n<p>\n             Livio Panizza<\/p>\n<p>\n              Diva Lucia Gauterio Conde\n             <\/p>\n<\/p>\n<\/p>\n<\/p>\n<\/p>\n<\/p>\n<\/p>\n<\/p>\n<p>\n Helena Haski<\/p>\n<p>\n  Arthur Monteiro Salles<\/p>\n<p>\n   Daise Dilea Paciello<\/p>\n<p>\n    Mario de Jesus Alexandre<\/p>\n<p>\n     Marcos Albuquerque Santana<\/p>\n<p>\n      Monica Albuquerque<\/p>\n<p>\n       Iza Vicente de Vargas<\/p>\n<p>\n        Maria de Lourdes R. de Moura<\/p>\n<p>\n         Nelson dos Santos<\/p>\n<p>\n          Laurinete Tavares Marinho<\/p>\n<p>\n           Gibson Maul de Andrade<\/p>\n<p>\n            Livio Panizza<\/p>\n<p>\n             Diva Lucia Gauterio Conde\n            <\/p>\n<\/p>\n<\/p>\n<\/p>\n<\/p>\n<\/p>\n<\/p>\n<p>\n Arthur Monteiro Salles<\/p>\n<p>\n  Daise Dilea Paciello<\/p>\n<p>\n   Mario de Jesus Alexandre<\/p>\n<p>\n    Marcos Albuquerque Santana<\/p>\n<p>\n     Monica Albuquerque<\/p>\n<p>\n      Iza Vicente de Vargas<\/p>\n<p>\n       Maria de Lourdes R. de Moura<\/p>\n<p>\n        Nelson dos Santos<\/p>\n<p>\n         Laurinete Tavares Marinho<\/p>\n<p>\n          Gibson Maul de Andrade<\/p>\n<p>\n           Livio Panizza<\/p>\n<p>\n            Diva Lucia Gauterio Conde\n           <\/p>\n<\/p>\n<\/p>\n<\/p>\n<\/p>\n<\/p>\n<\/p>\n<p>\n Daise Dilea Paciello<\/p>\n<p>\n  Mario de Jesus Alexandre<\/p>\n<p>\n   Marcos Albuquerque Santana<\/p>\n<p>\n    Monica Albuquerque<\/p>\n<p>\n     Iza Vicente de Vargas<\/p>\n<p>\n      Maria de Lourdes R. de Moura<\/p>\n<p>\n       Nelson dos Santos<\/p>\n<p>\n        Laurinete Tavares Marinho<\/p>\n<p>\n         Gibson Maul de Andrade<\/p>\n<p>\n          Livio Panizza<\/p>\n<p>\n           Diva Lucia Gauterio Conde\n          <\/p>\n<\/p>\n<\/p>\n<\/p>\n<\/p>\n<\/p>\n<p>\n Mario de Jesus Alexandre<\/p>\n<p>\n  Marcos Albuquerque Santana<\/p>\n<p>\n   Monica Albuquerque<\/p>\n<p>\n    Iza Vicente de Vargas<\/p>\n<p>\n     Maria de Lourdes R. de Moura<\/p>\n<p>\n      Nelson dos Santos<\/p>\n<p>\n       Laurinete Tavares Marinho<\/p>\n<p>\n        Gibson Maul de Andrade<\/p>\n<p>\n         Livio Panizza<\/p>\n<p>\n          Diva Lucia Gauterio Conde\n         <\/p>\n<\/p>\n<\/p>\n<\/p>\n<\/p>\n<\/p>\n<p>\n Marcos Albuquerque Santana<\/p>\n<p>\n  Monica Albuquerque<\/p>\n<p>\n   Iza Vicente de Vargas<\/p>\n<p>\n    Maria de Lourdes R. de Moura<\/p>\n<p>\n     Nelson dos Santos<\/p>\n<p>\n      Laurinete Tavares Marinho<\/p>\n<p>\n       Gibson Maul de Andrade<\/p>\n<p>\n        Livio Panizza<\/p>\n<p>\n         Diva Lucia Gauterio Conde\n        <\/p>\n<\/p>\n<\/p>\n<\/p>\n<\/p>\n<p>\n Monica Albuquerque<\/p>\n<p>\n  Iza Vicente de Vargas<\/p>\n<p>\n   Maria de Lourdes R. de Moura<\/p>\n<p>\n    Nelson dos Santos<\/p>\n<p>\n     Laurinete Tavares Marinho<\/p>\n<p>\n      Gibson Maul de Andrade<\/p>\n<p>\n       Livio Panizza<\/p>\n<p>\n        Diva Lucia Gauterio Conde\n       <\/p>\n<\/p>\n<\/p>\n<\/p>\n<\/p>\n<p>\n Iza Vicente de Vargas<\/p>\n<p>\n  Maria de Lourdes R. de Moura<\/p>\n<p>\n   Nelson dos Santos<\/p>\n<p>\n    Laurinete Tavares Marinho<\/p>\n<p>\n     Gibson Maul de Andrade<\/p>\n<p>\n      Livio Panizza<\/p>\n<p>\n       Diva Lucia Gauterio Conde\n      <\/p>\n<\/p>\n<\/p>\n<\/p>\n<p>\n Maria de Lourdes R. de Moura<\/p>\n<p>\n  Nelson dos Santos<\/p>\n<p>\n   Laurinete Tavares Marinho<\/p>\n<p>\n    Gibson Maul de Andrade<\/p>\n<p>\n     Livio Panizza<\/p>\n<p>\n      Diva Lucia Gauterio Conde\n     <\/p>\n<\/p>\n<\/p>\n<\/p>\n<p>\n Nelson dos Santos<\/p>\n<p>\n  Laurinete Tavares Marinho<\/p>\n<p>\n   Gibson Maul de Andrade<\/p>\n<p>\n    Livio Panizza<\/p>\n<p>\n     Diva Lucia Gauterio Conde\n    <\/p>\n<\/p>\n<\/p>\n<p>\n Laurinete Tavares Marinho<\/p>\n<p>\n  Gibson Maul de Andrade<\/p>\n<p>\n   Livio Panizza<\/p>\n<p>\n    Diva Lucia Gauterio Conde\n   <\/p>\n<\/p>\n<\/p>\n<p>\n Gibson Maul de Andrade<\/p>\n<p>\n  Livio Panizza<\/p>\n<p>\n   Diva Lucia Gauterio Conde\n  <\/p>\n<\/p>\n<p>\n Livio Panizza<\/p>\n<p>\n  Diva Lucia Gauterio Conde\n <\/p>\n<\/p>\n<p>\n Diva Lucia Gauterio Conde<\/p>\n","protected":false},"excerpt":{"rendered":"<p>03\/09\/2015 Aten\u00e7\u00e3o, professores(as) da Associa\u00e7\u00e3o de Ensino Superior S\u00e3o Judas Tadeu! Sa\u00edram os valores relativos ao processo n\u00ba 0192400-10.1983.5.01.0026. Entrem em contato com o Sinpro-Rio para marcar hor\u00e1rio para agendar o seu recebimento pelos telefones (21) 3262-3405, 3262-3406 e 3262-3407. Fazem jus ao benef\u00edcio os(as) seguintes professores(as): Diblair Claudio da Silva Arthur Alves P. Sales [&hellip;]<\/p>\n","protected":false},"author":1,"featured_media":0,"comment_status":"closed","ping_status":"open","sticky":false,"template":"","format":"standard","meta":{"footnotes":""},"categories":[1],"tags":[],"class_list":["post-20036","post","type-post","status-publish","format-standard","hentry","category-noticias"],"yoast_head":"<!-- This site is optimized with the Yoast SEO plugin v25.7 - https:\/\/yoast.com\/wordpress\/plugins\/seo\/ -->\n<title>Associa\u00e7\u00e3o S\u00e3o Judas Tadeu: professores(as) devem agendar com Sindicato para recebimento - Sinpro-Rio<\/title>\n<meta name=\"robots\" content=\"index, follow, max-snippet:-1, max-image-preview:large, max-video-preview:-1\" \/>\n<link rel=\"canonical\" href=\"https:\/\/www.sinpro-rio.org.br\/principal\/associac-o-s-o-judas-tadeu-professores-as-devem-agendar-com-sindicato-para-recebimento\/\" \/>\n<meta property=\"og:locale\" content=\"pt_BR\" \/>\n<meta property=\"og:type\" content=\"article\" \/>\n<meta property=\"og:title\" content=\"Associa\u00e7\u00e3o S\u00e3o Judas Tadeu: professores(as) devem agendar com Sindicato para recebimento - Sinpro-Rio\" \/>\n<meta property=\"og:description\" content=\"03\/09\/2015 Aten\u00e7\u00e3o, professores(as) da Associa\u00e7\u00e3o de Ensino Superior S\u00e3o Judas Tadeu! Sa\u00edram os valores relativos ao processo n\u00ba 0192400-10.1983.5.01.0026. Entrem em contato com o Sinpro-Rio para marcar hor\u00e1rio para agendar o seu recebimento pelos telefones (21) 3262-3405, 3262-3406 e 3262-3407. Fazem jus ao benef\u00edcio os(as) seguintes professores(as): Diblair Claudio da Silva Arthur Alves P. Sales [&hellip;]\" \/>\n<meta property=\"og:url\" content=\"https:\/\/www.sinpro-rio.org.br\/principal\/associac-o-s-o-judas-tadeu-professores-as-devem-agendar-com-sindicato-para-recebimento\/\" \/>\n<meta property=\"og:site_name\" content=\"Sinpro-Rio\" \/>\n<meta property=\"article:published_time\" content=\"2015-09-03T00:00:00+00:00\" \/>\n<meta name=\"author\" content=\"rafaelrjp\" \/>\n<meta name=\"twitter:card\" content=\"summary_large_image\" \/>\n<meta name=\"twitter:label1\" content=\"Escrito por\" \/>\n\t<meta name=\"twitter:data1\" content=\"rafaelrjp\" \/>\n\t<meta name=\"twitter:label2\" content=\"Est. tempo de leitura\" \/>\n\t<meta name=\"twitter:data2\" content=\"4 minutos\" \/>\n<script type=\"application\/ld+json\" class=\"yoast-schema-graph\">{\"@context\":\"https:\/\/schema.org\",\"@graph\":[{\"@type\":\"WebPage\",\"@id\":\"https:\/\/www.sinpro-rio.org.br\/principal\/associac-o-s-o-judas-tadeu-professores-as-devem-agendar-com-sindicato-para-recebimento\/\",\"url\":\"https:\/\/www.sinpro-rio.org.br\/principal\/associac-o-s-o-judas-tadeu-professores-as-devem-agendar-com-sindicato-para-recebimento\/\",\"name\":\"Associa\u00e7\u00e3o S\u00e3o Judas Tadeu: professores(as) devem agendar com Sindicato para recebimento - Sinpro-Rio\",\"isPartOf\":{\"@id\":\"https:\/\/www.sinpro-rio.org.br\/principal\/#website\"},\"datePublished\":\"2015-09-03T00:00:00+00:00\",\"author\":{\"@id\":\"https:\/\/www.sinpro-rio.org.br\/principal\/#\/schema\/person\/49feb585a2f57a31a6bd9f16f78e5be6\"},\"breadcrumb\":{\"@id\":\"https:\/\/www.sinpro-rio.org.br\/principal\/associac-o-s-o-judas-tadeu-professores-as-devem-agendar-com-sindicato-para-recebimento\/#breadcrumb\"},\"inLanguage\":\"pt-BR\",\"potentialAction\":[{\"@type\":\"ReadAction\",\"target\":[\"https:\/\/www.sinpro-rio.org.br\/principal\/associac-o-s-o-judas-tadeu-professores-as-devem-agendar-com-sindicato-para-recebimento\/\"]}]},{\"@type\":\"BreadcrumbList\",\"@id\":\"https:\/\/www.sinpro-rio.org.br\/principal\/associac-o-s-o-judas-tadeu-professores-as-devem-agendar-com-sindicato-para-recebimento\/#breadcrumb\",\"itemListElement\":[{\"@type\":\"ListItem\",\"position\":1,\"name\":\"In\u00edcio\",\"item\":\"https:\/\/www.sinpro-rio.org.br\/principal\/\"},{\"@type\":\"ListItem\",\"position\":2,\"name\":\"Associa\u00e7\u00e3o S\u00e3o Judas Tadeu: professores(as) devem agendar com Sindicato para recebimento\"}]},{\"@type\":\"WebSite\",\"@id\":\"https:\/\/www.sinpro-rio.org.br\/principal\/#website\",\"url\":\"https:\/\/www.sinpro-rio.org.br\/principal\/\",\"name\":\"Sinpro-Rio\",\"description\":\"Sindicato dos Professores do Munic\u00edpio do Rio de Janeiro e Regi\u00e3o\",\"potentialAction\":[{\"@type\":\"SearchAction\",\"target\":{\"@type\":\"EntryPoint\",\"urlTemplate\":\"https:\/\/www.sinpro-rio.org.br\/principal\/?s={search_term_string}\"},\"query-input\":{\"@type\":\"PropertyValueSpecification\",\"valueRequired\":true,\"valueName\":\"search_term_string\"}}],\"inLanguage\":\"pt-BR\"},{\"@type\":\"Person\",\"@id\":\"https:\/\/www.sinpro-rio.org.br\/principal\/#\/schema\/person\/49feb585a2f57a31a6bd9f16f78e5be6\",\"name\":\"rafaelrjp\",\"image\":{\"@type\":\"ImageObject\",\"inLanguage\":\"pt-BR\",\"@id\":\"https:\/\/www.sinpro-rio.org.br\/principal\/#\/schema\/person\/image\/\",\"url\":\"https:\/\/secure.gravatar.com\/avatar\/489371a0ba4655c340b519882c68cf68?s=96&d=mm&r=g\",\"contentUrl\":\"https:\/\/secure.gravatar.com\/avatar\/489371a0ba4655c340b519882c68cf68?s=96&d=mm&r=g\",\"caption\":\"rafaelrjp\"},\"url\":\"https:\/\/www.sinpro-rio.org.br\/principal\/author\/rafaelrjp\/\"}]}<\/script>\n<!-- \/ Yoast SEO plugin. -->","yoast_head_json":{"title":"Associa\u00e7\u00e3o S\u00e3o Judas Tadeu: professores(as) devem agendar com Sindicato para recebimento - Sinpro-Rio","robots":{"index":"index","follow":"follow","max-snippet":"max-snippet:-1","max-image-preview":"max-image-preview:large","max-video-preview":"max-video-preview:-1"},"canonical":"https:\/\/www.sinpro-rio.org.br\/principal\/associac-o-s-o-judas-tadeu-professores-as-devem-agendar-com-sindicato-para-recebimento\/","og_locale":"pt_BR","og_type":"article","og_title":"Associa\u00e7\u00e3o S\u00e3o Judas Tadeu: professores(as) devem agendar com Sindicato para recebimento - Sinpro-Rio","og_description":"03\/09\/2015 Aten\u00e7\u00e3o, professores(as) da Associa\u00e7\u00e3o de Ensino Superior S\u00e3o Judas Tadeu! Sa\u00edram os valores relativos ao processo n\u00ba 0192400-10.1983.5.01.0026. Entrem em contato com o Sinpro-Rio para marcar hor\u00e1rio para agendar o seu recebimento pelos telefones (21) 3262-3405, 3262-3406 e 3262-3407. Fazem jus ao benef\u00edcio os(as) seguintes professores(as): Diblair Claudio da Silva Arthur Alves P. Sales [&hellip;]","og_url":"https:\/\/www.sinpro-rio.org.br\/principal\/associac-o-s-o-judas-tadeu-professores-as-devem-agendar-com-sindicato-para-recebimento\/","og_site_name":"Sinpro-Rio","article_published_time":"2015-09-03T00:00:00+00:00","author":"rafaelrjp","twitter_card":"summary_large_image","twitter_misc":{"Escrito por":"rafaelrjp","Est. tempo de leitura":"4 minutos"},"schema":{"@context":"https:\/\/schema.org","@graph":[{"@type":"WebPage","@id":"https:\/\/www.sinpro-rio.org.br\/principal\/associac-o-s-o-judas-tadeu-professores-as-devem-agendar-com-sindicato-para-recebimento\/","url":"https:\/\/www.sinpro-rio.org.br\/principal\/associac-o-s-o-judas-tadeu-professores-as-devem-agendar-com-sindicato-para-recebimento\/","name":"Associa\u00e7\u00e3o S\u00e3o Judas Tadeu: professores(as) devem agendar com Sindicato para recebimento - Sinpro-Rio","isPartOf":{"@id":"https:\/\/www.sinpro-rio.org.br\/principal\/#website"},"datePublished":"2015-09-03T00:00:00+00:00","author":{"@id":"https:\/\/www.sinpro-rio.org.br\/principal\/#\/schema\/person\/49feb585a2f57a31a6bd9f16f78e5be6"},"breadcrumb":{"@id":"https:\/\/www.sinpro-rio.org.br\/principal\/associac-o-s-o-judas-tadeu-professores-as-devem-agendar-com-sindicato-para-recebimento\/#breadcrumb"},"inLanguage":"pt-BR","potentialAction":[{"@type":"ReadAction","target":["https:\/\/www.sinpro-rio.org.br\/principal\/associac-o-s-o-judas-tadeu-professores-as-devem-agendar-com-sindicato-para-recebimento\/"]}]},{"@type":"BreadcrumbList","@id":"https:\/\/www.sinpro-rio.org.br\/principal\/associac-o-s-o-judas-tadeu-professores-as-devem-agendar-com-sindicato-para-recebimento\/#breadcrumb","itemListElement":[{"@type":"ListItem","position":1,"name":"In\u00edcio","item":"https:\/\/www.sinpro-rio.org.br\/principal\/"},{"@type":"ListItem","position":2,"name":"Associa\u00e7\u00e3o S\u00e3o Judas Tadeu: professores(as) devem agendar com Sindicato para recebimento"}]},{"@type":"WebSite","@id":"https:\/\/www.sinpro-rio.org.br\/principal\/#website","url":"https:\/\/www.sinpro-rio.org.br\/principal\/","name":"Sinpro-Rio","description":"Sindicato dos Professores do Munic\u00edpio do Rio de Janeiro e Regi\u00e3o","potentialAction":[{"@type":"SearchAction","target":{"@type":"EntryPoint","urlTemplate":"https:\/\/www.sinpro-rio.org.br\/principal\/?s={search_term_string}"},"query-input":{"@type":"PropertyValueSpecification","valueRequired":true,"valueName":"search_term_string"}}],"inLanguage":"pt-BR"},{"@type":"Person","@id":"https:\/\/www.sinpro-rio.org.br\/principal\/#\/schema\/person\/49feb585a2f57a31a6bd9f16f78e5be6","name":"rafaelrjp","image":{"@type":"ImageObject","inLanguage":"pt-BR","@id":"https:\/\/www.sinpro-rio.org.br\/principal\/#\/schema\/person\/image\/","url":"https:\/\/secure.gravatar.com\/avatar\/489371a0ba4655c340b519882c68cf68?s=96&d=mm&r=g","contentUrl":"https:\/\/secure.gravatar.com\/avatar\/489371a0ba4655c340b519882c68cf68?s=96&d=mm&r=g","caption":"rafaelrjp"},"url":"https:\/\/www.sinpro-rio.org.br\/principal\/author\/rafaelrjp\/"}]}},"_links":{"self":[{"href":"https:\/\/www.sinpro-rio.org.br\/principal\/wp-json\/wp\/v2\/posts\/20036","targetHints":{"allow":["GET"]}}],"collection":[{"href":"https:\/\/www.sinpro-rio.org.br\/principal\/wp-json\/wp\/v2\/posts"}],"about":[{"href":"https:\/\/www.sinpro-rio.org.br\/principal\/wp-json\/wp\/v2\/types\/post"}],"author":[{"embeddable":true,"href":"https:\/\/www.sinpro-rio.org.br\/principal\/wp-json\/wp\/v2\/users\/1"}],"replies":[{"embeddable":true,"href":"https:\/\/www.sinpro-rio.org.br\/principal\/wp-json\/wp\/v2\/comments?post=20036"}],"version-history":[{"count":0,"href":"https:\/\/www.sinpro-rio.org.br\/principal\/wp-json\/wp\/v2\/posts\/20036\/revisions"}],"wp:attachment":[{"href":"https:\/\/www.sinpro-rio.org.br\/principal\/wp-json\/wp\/v2\/media?parent=20036"}],"wp:term":[{"taxonomy":"category","embeddable":true,"href":"https:\/\/www.sinpro-rio.org.br\/principal\/wp-json\/wp\/v2\/categories?post=20036"},{"taxonomy":"post_tag","embeddable":true,"href":"https:\/\/www.sinpro-rio.org.br\/principal\/wp-json\/wp\/v2\/tags?post=20036"}],"curies":[{"name":"wp","href":"https:\/\/api.w.org\/{rel}","templated":true}]}}