{"id":20032,"date":"2015-09-14T00:00:00","date_gmt":"2015-09-14T00:00:00","guid":{"rendered":""},"modified":"-0001-11-30T00:00:00","modified_gmt":"-0001-11-30T03:00:00","slug":"gpi-professores-demitidos-protestam-na-porta-da-escola-no-sabado-dia-12-09","status":"publish","type":"post","link":"https:\/\/www.sinpro-rio.org.br\/principal\/gpi-professores-demitidos-protestam-na-porta-da-escola-no-sabado-dia-12-09\/","title":{"rendered":"GPI: professores demitidos protestam na porta da escola no s\u00e1bado, dia 12\/09"},"content":{"rendered":"\n<p>\n <em><br \/>\n  14\/09\/2015<br \/>\n <\/em>\n<\/p>\n<p>\n <img decoding=\"async\" align=\"right\" alt=\"foto\" src=\"http:\/\/www.sinprorio.pro.br\/site_antigo\/imagens\/noticia\/2015\/gpi.jpg\" width=\"400\"\/>\n<\/p>\n<p>\n No \u00faltimo s\u00e1bado, dia 12 de setembro, professores demitidos do GPI fizeram um ato p\u00fablico, juntamente com o Sinpro-Rio, na porta de uma das unidades.<\/p>\n<p>\n  Com a participa\u00e7\u00e3o dos diretores Afonso Celso, F\u00e1tima Rodrigues e Lu\u00eds Augusto Borges, eles conversaram com a comunidade acad\u00eamica e com a sociedade sobre os problemas que os os docentes dessa institui\u00e7\u00e3o v\u00eam enfrentando, entre eles as demiss\u00f5es sem o pagamento das verbas rescis\u00f3rias. Os demitidos foram orientados a &#8220;procurarem seus direitos na Justi\u00e7a&#8221;.<\/p>\n<p>\n   A escola funcionava na Rua Ibituruna e no meio do ano foi transferida para o endere\u00e7o acima, alguns professores foram readmitidos. Todos eles por\u00e9m com problemas acumulados ao longo de sua passagem por essa escola. O Sinpro-Rio j\u00e1 ajuizou a\u00e7\u00e3o questionando a demiss\u00e3o em massa e o n\u00e3o dep\u00f3sito de FGTS.<\/p>\n<p>\n    Veja<br \/>\n    <a href=\"https:\/\/www.facebook.com\/media\/set\/?set=a.1115089245186541.1073741856.298247816870692&amp;type=3&amp;uploaded=7\"><br \/>\n     aqui<br \/>\n    <\/a><br \/>\n    fotos do ato.<\/p>\n<p>\n     Veja tamb\u00e9m v\u00eddeos do ato em<br \/>\n     <a href=\"https:\/\/www.facebook.com\/luisaugusto.borgesleao\/videos\/873234152731073\/\"><br \/>\n      https:\/\/www.facebook.com\/luisaugusto.borgesleao\/videos\/873234152731073\/<br \/>\n     <\/a><br \/>\n     e<br \/>\n     <a href=\"https:\/\/www.facebook.com\/luisaugusto.borgesleao\/videos\/873195882734900\/\"><br \/>\n      https:\/\/www.facebook.com\/luisaugusto.borgesleao\/videos\/873195882734900\/<br \/>\n     <\/a><br \/>\n     .\n    <\/p>\n<\/p>\n<\/p>\n<p>\n Com a participa\u00e7\u00e3o dos diretores Afonso Celso, F\u00e1tima Rodrigues e Lu\u00eds Augusto Borges, eles conversaram com a comunidade acad\u00eamica e com a sociedade sobre os problemas que os os docentes dessa institui\u00e7\u00e3o v\u00eam enfrentando, entre eles as demiss\u00f5es sem o pagamento das verbas rescis\u00f3rias. Os demitidos foram orientados a &#8220;procurarem seus direitos na Justi\u00e7a&#8221;.<\/p>\n<p>\n  A escola funcionava na Rua Ibituruna e no meio do ano foi transferida para o endere\u00e7o acima, alguns professores foram readmitidos. Todos eles por\u00e9m com problemas acumulados ao longo de sua passagem por essa escola. O Sinpro-Rio j\u00e1 ajuizou a\u00e7\u00e3o questionando a demiss\u00e3o em massa e o n\u00e3o dep\u00f3sito de FGTS.<\/p>\n<p>\n   Veja<br \/>\n   <a href=\"https:\/\/www.facebook.com\/media\/set\/?set=a.1115089245186541.1073741856.298247816870692&amp;type=3&amp;uploaded=7\"><br \/>\n    aqui<br \/>\n   <\/a><br \/>\n   fotos do ato.<\/p>\n<p>\n    Veja tamb\u00e9m v\u00eddeos do ato em<br \/>\n    <a href=\"https:\/\/www.facebook.com\/luisaugusto.borgesleao\/videos\/873234152731073\/\"><br \/>\n     https:\/\/www.facebook.com\/luisaugusto.borgesleao\/videos\/873234152731073\/<br \/>\n    <\/a><br \/>\n    e<br \/>\n    <a href=\"https:\/\/www.facebook.com\/luisaugusto.borgesleao\/videos\/873195882734900\/\"><br \/>\n     https:\/\/www.facebook.com\/luisaugusto.borgesleao\/videos\/873195882734900\/<br \/>\n    <\/a><br \/>\n    .\n   <\/p>\n<\/p>\n<\/p>\n<p>\n A escola funcionava na Rua Ibituruna e no meio do ano foi transferida para o endere\u00e7o acima, alguns professores foram readmitidos. Todos eles por\u00e9m com problemas acumulados ao longo de sua passagem por essa escola. O Sinpro-Rio j\u00e1 ajuizou a\u00e7\u00e3o questionando a demiss\u00e3o em massa e o n\u00e3o dep\u00f3sito de FGTS.<\/p>\n<p>\n  Veja<br \/>\n  <a href=\"https:\/\/www.facebook.com\/media\/set\/?set=a.1115089245186541.1073741856.298247816870692&amp;type=3&amp;uploaded=7\"><br \/>\n   aqui<br \/>\n  <\/a><br \/>\n  fotos do ato.<\/p>\n<p>\n   Veja tamb\u00e9m v\u00eddeos do ato em<br \/>\n   <a href=\"https:\/\/www.facebook.com\/luisaugusto.borgesleao\/videos\/873234152731073\/\"><br \/>\n    https:\/\/www.facebook.com\/luisaugusto.borgesleao\/videos\/873234152731073\/<br \/>\n   <\/a><br \/>\n   e<br \/>\n   <a href=\"https:\/\/www.facebook.com\/luisaugusto.borgesleao\/videos\/873195882734900\/\"><br \/>\n    https:\/\/www.facebook.com\/luisaugusto.borgesleao\/videos\/873195882734900\/<br \/>\n   <\/a><br \/>\n   .\n  <\/p>\n<\/p>\n<p>\n Veja<br \/>\n <a href=\"https:\/\/www.facebook.com\/media\/set\/?set=a.1115089245186541.1073741856.298247816870692&amp;type=3&amp;uploaded=7\"><br \/>\n  aqui<br \/>\n <\/a><br \/>\n fotos do ato.<\/p>\n<p>\n  Veja tamb\u00e9m v\u00eddeos do ato em<br \/>\n  <a href=\"https:\/\/www.facebook.com\/luisaugusto.borgesleao\/videos\/873234152731073\/\"><br \/>\n   https:\/\/www.facebook.com\/luisaugusto.borgesleao\/videos\/873234152731073\/<br \/>\n  <\/a><br \/>\n  e<br \/>\n  <a href=\"https:\/\/www.facebook.com\/luisaugusto.borgesleao\/videos\/873195882734900\/\"><br \/>\n   https:\/\/www.facebook.com\/luisaugusto.borgesleao\/videos\/873195882734900\/<br \/>\n  <\/a><br \/>\n  .\n <\/p>\n<\/p>\n<p>\n Veja tamb\u00e9m v\u00eddeos do ato em<br \/>\n <a href=\"https:\/\/www.facebook.com\/luisaugusto.borgesleao\/videos\/873234152731073\/\"><br \/>\n  https:\/\/www.facebook.com\/luisaugusto.borgesleao\/videos\/873234152731073\/<br \/>\n <\/a><br \/>\n e<br \/>\n <a href=\"https:\/\/www.facebook.com\/luisaugusto.borgesleao\/videos\/873195882734900\/\"><br \/>\n  https:\/\/www.facebook.com\/luisaugusto.borgesleao\/videos\/873195882734900\/<br \/>\n <\/a><br \/>\n .<\/p>\n","protected":false},"excerpt":{"rendered":"<p>14\/09\/2015 No \u00faltimo s\u00e1bado, dia 12 de setembro, professores demitidos do GPI fizeram um ato p\u00fablico, juntamente com o Sinpro-Rio, na porta de uma das unidades. Com a participa\u00e7\u00e3o dos diretores Afonso Celso, F\u00e1tima Rodrigues e Lu\u00eds Augusto Borges, eles conversaram com a comunidade acad\u00eamica e com a sociedade sobre os problemas que os os [&hellip;]<\/p>\n","protected":false},"author":1,"featured_media":0,"comment_status":"closed","ping_status":"open","sticky":false,"template":"","format":"standard","meta":{"footnotes":""},"categories":[1],"tags":[],"class_list":["post-20032","post","type-post","status-publish","format-standard","hentry","category-noticias"],"yoast_head":"<!-- This site is optimized with the Yoast SEO plugin v25.7 - https:\/\/yoast.com\/wordpress\/plugins\/seo\/ -->\n<title>GPI: professores demitidos protestam na porta da escola no s\u00e1bado, dia 12\/09 - Sinpro-Rio<\/title>\n<meta name=\"robots\" content=\"index, follow, max-snippet:-1, max-image-preview:large, max-video-preview:-1\" \/>\n<link rel=\"canonical\" href=\"https:\/\/www.sinpro-rio.org.br\/principal\/gpi-professores-demitidos-protestam-na-porta-da-escola-no-sabado-dia-12-09\/\" \/>\n<meta property=\"og:locale\" content=\"pt_BR\" \/>\n<meta property=\"og:type\" content=\"article\" \/>\n<meta property=\"og:title\" content=\"GPI: professores demitidos protestam na porta da escola no s\u00e1bado, dia 12\/09 - Sinpro-Rio\" \/>\n<meta property=\"og:description\" content=\"14\/09\/2015 No \u00faltimo s\u00e1bado, dia 12 de setembro, professores demitidos do GPI fizeram um ato p\u00fablico, juntamente com o Sinpro-Rio, na porta de uma das unidades. Com a participa\u00e7\u00e3o dos diretores Afonso Celso, F\u00e1tima Rodrigues e Lu\u00eds Augusto Borges, eles conversaram com a comunidade acad\u00eamica e com a sociedade sobre os problemas que os os [&hellip;]\" \/>\n<meta property=\"og:url\" content=\"https:\/\/www.sinpro-rio.org.br\/principal\/gpi-professores-demitidos-protestam-na-porta-da-escola-no-sabado-dia-12-09\/\" \/>\n<meta property=\"og:site_name\" content=\"Sinpro-Rio\" \/>\n<meta property=\"article:published_time\" content=\"2015-09-14T00:00:00+00:00\" \/>\n<meta property=\"og:image\" content=\"http:\/\/www.sinprorio.pro.br\/site_antigo\/imagens\/noticia\/2015\/gpi.jpg\" \/>\n<meta name=\"author\" content=\"rafaelrjp\" \/>\n<meta name=\"twitter:card\" content=\"summary_large_image\" \/>\n<meta name=\"twitter:label1\" content=\"Escrito por\" \/>\n\t<meta name=\"twitter:data1\" content=\"rafaelrjp\" \/>\n\t<meta name=\"twitter:label2\" content=\"Est. tempo de leitura\" \/>\n\t<meta name=\"twitter:data2\" content=\"2 minutos\" \/>\n<script type=\"application\/ld+json\" class=\"yoast-schema-graph\">{\"@context\":\"https:\/\/schema.org\",\"@graph\":[{\"@type\":\"WebPage\",\"@id\":\"https:\/\/www.sinpro-rio.org.br\/principal\/gpi-professores-demitidos-protestam-na-porta-da-escola-no-sabado-dia-12-09\/\",\"url\":\"https:\/\/www.sinpro-rio.org.br\/principal\/gpi-professores-demitidos-protestam-na-porta-da-escola-no-sabado-dia-12-09\/\",\"name\":\"GPI: professores demitidos protestam na porta da escola no s\u00e1bado, dia 12\/09 - Sinpro-Rio\",\"isPartOf\":{\"@id\":\"https:\/\/www.sinpro-rio.org.br\/principal\/#website\"},\"primaryImageOfPage\":{\"@id\":\"https:\/\/www.sinpro-rio.org.br\/principal\/gpi-professores-demitidos-protestam-na-porta-da-escola-no-sabado-dia-12-09\/#primaryimage\"},\"image\":{\"@id\":\"https:\/\/www.sinpro-rio.org.br\/principal\/gpi-professores-demitidos-protestam-na-porta-da-escola-no-sabado-dia-12-09\/#primaryimage\"},\"thumbnailUrl\":\"http:\/\/www.sinprorio.pro.br\/site_antigo\/imagens\/noticia\/2015\/gpi.jpg\",\"datePublished\":\"2015-09-14T00:00:00+00:00\",\"author\":{\"@id\":\"https:\/\/www.sinpro-rio.org.br\/principal\/#\/schema\/person\/49feb585a2f57a31a6bd9f16f78e5be6\"},\"breadcrumb\":{\"@id\":\"https:\/\/www.sinpro-rio.org.br\/principal\/gpi-professores-demitidos-protestam-na-porta-da-escola-no-sabado-dia-12-09\/#breadcrumb\"},\"inLanguage\":\"pt-BR\",\"potentialAction\":[{\"@type\":\"ReadAction\",\"target\":[\"https:\/\/www.sinpro-rio.org.br\/principal\/gpi-professores-demitidos-protestam-na-porta-da-escola-no-sabado-dia-12-09\/\"]}]},{\"@type\":\"ImageObject\",\"inLanguage\":\"pt-BR\",\"@id\":\"https:\/\/www.sinpro-rio.org.br\/principal\/gpi-professores-demitidos-protestam-na-porta-da-escola-no-sabado-dia-12-09\/#primaryimage\",\"url\":\"http:\/\/www.sinprorio.pro.br\/site_antigo\/imagens\/noticia\/2015\/gpi.jpg\",\"contentUrl\":\"http:\/\/www.sinprorio.pro.br\/site_antigo\/imagens\/noticia\/2015\/gpi.jpg\"},{\"@type\":\"BreadcrumbList\",\"@id\":\"https:\/\/www.sinpro-rio.org.br\/principal\/gpi-professores-demitidos-protestam-na-porta-da-escola-no-sabado-dia-12-09\/#breadcrumb\",\"itemListElement\":[{\"@type\":\"ListItem\",\"position\":1,\"name\":\"In\u00edcio\",\"item\":\"https:\/\/www.sinpro-rio.org.br\/principal\/\"},{\"@type\":\"ListItem\",\"position\":2,\"name\":\"GPI: professores demitidos protestam na porta da escola no s\u00e1bado, dia 12\/09\"}]},{\"@type\":\"WebSite\",\"@id\":\"https:\/\/www.sinpro-rio.org.br\/principal\/#website\",\"url\":\"https:\/\/www.sinpro-rio.org.br\/principal\/\",\"name\":\"Sinpro-Rio\",\"description\":\"Sindicato dos Professores do Munic\u00edpio do Rio de Janeiro e Regi\u00e3o\",\"potentialAction\":[{\"@type\":\"SearchAction\",\"target\":{\"@type\":\"EntryPoint\",\"urlTemplate\":\"https:\/\/www.sinpro-rio.org.br\/principal\/?s={search_term_string}\"},\"query-input\":{\"@type\":\"PropertyValueSpecification\",\"valueRequired\":true,\"valueName\":\"search_term_string\"}}],\"inLanguage\":\"pt-BR\"},{\"@type\":\"Person\",\"@id\":\"https:\/\/www.sinpro-rio.org.br\/principal\/#\/schema\/person\/49feb585a2f57a31a6bd9f16f78e5be6\",\"name\":\"rafaelrjp\",\"image\":{\"@type\":\"ImageObject\",\"inLanguage\":\"pt-BR\",\"@id\":\"https:\/\/www.sinpro-rio.org.br\/principal\/#\/schema\/person\/image\/\",\"url\":\"https:\/\/secure.gravatar.com\/avatar\/489371a0ba4655c340b519882c68cf68?s=96&d=mm&r=g\",\"contentUrl\":\"https:\/\/secure.gravatar.com\/avatar\/489371a0ba4655c340b519882c68cf68?s=96&d=mm&r=g\",\"caption\":\"rafaelrjp\"},\"url\":\"https:\/\/www.sinpro-rio.org.br\/principal\/author\/rafaelrjp\/\"}]}<\/script>\n<!-- \/ Yoast SEO plugin. -->","yoast_head_json":{"title":"GPI: professores demitidos protestam na porta da escola no s\u00e1bado, dia 12\/09 - Sinpro-Rio","robots":{"index":"index","follow":"follow","max-snippet":"max-snippet:-1","max-image-preview":"max-image-preview:large","max-video-preview":"max-video-preview:-1"},"canonical":"https:\/\/www.sinpro-rio.org.br\/principal\/gpi-professores-demitidos-protestam-na-porta-da-escola-no-sabado-dia-12-09\/","og_locale":"pt_BR","og_type":"article","og_title":"GPI: professores demitidos protestam na porta da escola no s\u00e1bado, dia 12\/09 - Sinpro-Rio","og_description":"14\/09\/2015 No \u00faltimo s\u00e1bado, dia 12 de setembro, professores demitidos do GPI fizeram um ato p\u00fablico, juntamente com o Sinpro-Rio, na porta de uma das unidades. Com a participa\u00e7\u00e3o dos diretores Afonso Celso, F\u00e1tima Rodrigues e Lu\u00eds Augusto Borges, eles conversaram com a comunidade acad\u00eamica e com a sociedade sobre os problemas que os os [&hellip;]","og_url":"https:\/\/www.sinpro-rio.org.br\/principal\/gpi-professores-demitidos-protestam-na-porta-da-escola-no-sabado-dia-12-09\/","og_site_name":"Sinpro-Rio","article_published_time":"2015-09-14T00:00:00+00:00","og_image":[{"url":"http:\/\/www.sinprorio.pro.br\/site_antigo\/imagens\/noticia\/2015\/gpi.jpg","type":"","width":"","height":""}],"author":"rafaelrjp","twitter_card":"summary_large_image","twitter_misc":{"Escrito por":"rafaelrjp","Est. tempo de leitura":"2 minutos"},"schema":{"@context":"https:\/\/schema.org","@graph":[{"@type":"WebPage","@id":"https:\/\/www.sinpro-rio.org.br\/principal\/gpi-professores-demitidos-protestam-na-porta-da-escola-no-sabado-dia-12-09\/","url":"https:\/\/www.sinpro-rio.org.br\/principal\/gpi-professores-demitidos-protestam-na-porta-da-escola-no-sabado-dia-12-09\/","name":"GPI: professores demitidos protestam na porta da escola no s\u00e1bado, dia 12\/09 - Sinpro-Rio","isPartOf":{"@id":"https:\/\/www.sinpro-rio.org.br\/principal\/#website"},"primaryImageOfPage":{"@id":"https:\/\/www.sinpro-rio.org.br\/principal\/gpi-professores-demitidos-protestam-na-porta-da-escola-no-sabado-dia-12-09\/#primaryimage"},"image":{"@id":"https:\/\/www.sinpro-rio.org.br\/principal\/gpi-professores-demitidos-protestam-na-porta-da-escola-no-sabado-dia-12-09\/#primaryimage"},"thumbnailUrl":"http:\/\/www.sinprorio.pro.br\/site_antigo\/imagens\/noticia\/2015\/gpi.jpg","datePublished":"2015-09-14T00:00:00+00:00","author":{"@id":"https:\/\/www.sinpro-rio.org.br\/principal\/#\/schema\/person\/49feb585a2f57a31a6bd9f16f78e5be6"},"breadcrumb":{"@id":"https:\/\/www.sinpro-rio.org.br\/principal\/gpi-professores-demitidos-protestam-na-porta-da-escola-no-sabado-dia-12-09\/#breadcrumb"},"inLanguage":"pt-BR","potentialAction":[{"@type":"ReadAction","target":["https:\/\/www.sinpro-rio.org.br\/principal\/gpi-professores-demitidos-protestam-na-porta-da-escola-no-sabado-dia-12-09\/"]}]},{"@type":"ImageObject","inLanguage":"pt-BR","@id":"https:\/\/www.sinpro-rio.org.br\/principal\/gpi-professores-demitidos-protestam-na-porta-da-escola-no-sabado-dia-12-09\/#primaryimage","url":"http:\/\/www.sinprorio.pro.br\/site_antigo\/imagens\/noticia\/2015\/gpi.jpg","contentUrl":"http:\/\/www.sinprorio.pro.br\/site_antigo\/imagens\/noticia\/2015\/gpi.jpg"},{"@type":"BreadcrumbList","@id":"https:\/\/www.sinpro-rio.org.br\/principal\/gpi-professores-demitidos-protestam-na-porta-da-escola-no-sabado-dia-12-09\/#breadcrumb","itemListElement":[{"@type":"ListItem","position":1,"name":"In\u00edcio","item":"https:\/\/www.sinpro-rio.org.br\/principal\/"},{"@type":"ListItem","position":2,"name":"GPI: professores demitidos protestam na porta da escola no s\u00e1bado, dia 12\/09"}]},{"@type":"WebSite","@id":"https:\/\/www.sinpro-rio.org.br\/principal\/#website","url":"https:\/\/www.sinpro-rio.org.br\/principal\/","name":"Sinpro-Rio","description":"Sindicato dos Professores do Munic\u00edpio do Rio de Janeiro e Regi\u00e3o","potentialAction":[{"@type":"SearchAction","target":{"@type":"EntryPoint","urlTemplate":"https:\/\/www.sinpro-rio.org.br\/principal\/?s={search_term_string}"},"query-input":{"@type":"PropertyValueSpecification","valueRequired":true,"valueName":"search_term_string"}}],"inLanguage":"pt-BR"},{"@type":"Person","@id":"https:\/\/www.sinpro-rio.org.br\/principal\/#\/schema\/person\/49feb585a2f57a31a6bd9f16f78e5be6","name":"rafaelrjp","image":{"@type":"ImageObject","inLanguage":"pt-BR","@id":"https:\/\/www.sinpro-rio.org.br\/principal\/#\/schema\/person\/image\/","url":"https:\/\/secure.gravatar.com\/avatar\/489371a0ba4655c340b519882c68cf68?s=96&d=mm&r=g","contentUrl":"https:\/\/secure.gravatar.com\/avatar\/489371a0ba4655c340b519882c68cf68?s=96&d=mm&r=g","caption":"rafaelrjp"},"url":"https:\/\/www.sinpro-rio.org.br\/principal\/author\/rafaelrjp\/"}]}},"_links":{"self":[{"href":"https:\/\/www.sinpro-rio.org.br\/principal\/wp-json\/wp\/v2\/posts\/20032","targetHints":{"allow":["GET"]}}],"collection":[{"href":"https:\/\/www.sinpro-rio.org.br\/principal\/wp-json\/wp\/v2\/posts"}],"about":[{"href":"https:\/\/www.sinpro-rio.org.br\/principal\/wp-json\/wp\/v2\/types\/post"}],"author":[{"embeddable":true,"href":"https:\/\/www.sinpro-rio.org.br\/principal\/wp-json\/wp\/v2\/users\/1"}],"replies":[{"embeddable":true,"href":"https:\/\/www.sinpro-rio.org.br\/principal\/wp-json\/wp\/v2\/comments?post=20032"}],"version-history":[{"count":0,"href":"https:\/\/www.sinpro-rio.org.br\/principal\/wp-json\/wp\/v2\/posts\/20032\/revisions"}],"wp:attachment":[{"href":"https:\/\/www.sinpro-rio.org.br\/principal\/wp-json\/wp\/v2\/media?parent=20032"}],"wp:term":[{"taxonomy":"category","embeddable":true,"href":"https:\/\/www.sinpro-rio.org.br\/principal\/wp-json\/wp\/v2\/categories?post=20032"},{"taxonomy":"post_tag","embeddable":true,"href":"https:\/\/www.sinpro-rio.org.br\/principal\/wp-json\/wp\/v2\/tags?post=20032"}],"curies":[{"name":"wp","href":"https:\/\/api.w.org\/{rel}","templated":true}]}}