{"id":20031,"date":"2015-09-14T00:00:00","date_gmt":"2015-09-14T00:00:00","guid":{"rendered":""},"modified":"-0001-11-30T00:00:00","modified_gmt":"-0001-11-30T03:00:00","slug":"jornada-de-educac-o-inclusiva-e-autismo-produtivas-palestras-fazem-do-encontro-um-sucesso","status":"publish","type":"post","link":"https:\/\/www.sinpro-rio.org.br\/principal\/jornada-de-educac-o-inclusiva-e-autismo-produtivas-palestras-fazem-do-encontro-um-sucesso\/","title":{"rendered":"Jornada de Educa\u00e7\u00e3o Inclusiva e Autismo: produtivas palestras fazem do encontro um sucesso"},"content":{"rendered":"\n<p>\n <em><br \/>\n  14\/09\/2015<br \/>\n <\/em>\n<\/p>\n<p>\n <img decoding=\"async\" align=\"right\" alt=\"foto\" src=\"http:\/\/www.sinprorio.pro.br\/site_antigo\/imagens\/noticia\/2015\/jornada_autismo.JPG\" width=\"400\"\/>\n<\/p>\n<p>\n Em um s\u00e1bado chuvoso (12\/09), cerca de 130 pessoas lotaram o audit\u00f3rio do Sinpro-Rio, entre professores(as) e familiares de pessoas com Transtorno do Espectro do Autismo, para participarem da \u201cJornada de Educa\u00e7\u00e3o Inclusiva e Autismo\u201d.<\/p>\n<p>\n  A manh\u00e3 teve in\u00edcio com a sauda\u00e7\u00e3o da diretora da Escola do Professor, Yara Pereira, e do presidente do Sindicato, Oswaldo Teles, que agradeceram a presen\u00e7a de todos e desejaram uma boa jornada.  Logo ap\u00f3s, teve in\u00edcio a primeira mesa do dia, com Carla Gikovate, neuropediatra, mestre em Psicologia e especialista em Educa\u00e7\u00e3o Inclusiva; e Renata Mousinho, fonoaudi\u00f3loga e mestre e doutora em Lingu\u00edstica; que falaram sobre a sa\u00fade dos portadores do transtorno, seus aspectos cl\u00ednicos, graus de severidade e sua rela\u00e7\u00e3o com a Educa\u00e7\u00e3o Inclusiva e suas vantagens e desvantagens.<\/p>\n<p>\n   A segunda mesa do dia teve como tema o preparo das escolas p\u00fablicas e privadas para e Educa\u00e7\u00e3o Inclusiva e debateu propostas e solu\u00e7\u00f5es com M\u00f4nica Santos, psic\u00f3loga, mestre e doutora em<br \/>\n   <i><br \/>\n    Psychology and Special Needs Education\/University of London<br \/>\n   <\/i><br \/>\n   , e professora da faculdade de Educa\u00e7\u00e3o da UFRJ; e Izabel Moura, psic\u00f3loga e professora universit\u00e1ria, mestre em Psicologia Social, especialista em Psicologia escolar\/educacional e membro da equipe t\u00e9cnica do Instituto Municipal Helena Antipoff.<\/p>\n<p>\n    Ap\u00f3s um breve intervalo, os trabalhos recome\u00e7aram na parte da tarde com o terceiro painel, que falou sobre o direito, o Minist\u00e9rio P\u00fablico como guardi\u00e3o dos<br \/>\ninteresses difusos e a atual situa\u00e7\u00e3o da educa\u00e7\u00e3o inclusiva no estado do Rio de Janeiro. Participaram da mesa o promotor de justi\u00e7a da 3\u00aa Promotoria de<br \/>\nJusti\u00e7a de Tutela Coletiva de Prote\u00e7\u00e3o \u00e0 Educa\u00e7\u00e3o, Dr. Rog\u00e9rio Pacheco Alves; a ju\u00edza da Inf\u00e2ncia, da Juventude e de Idosos, Gloria Helo\u00edsa da Silva; a ju\u00edza Keila Blank e o advogado, mestre em Direito das Rela\u00e7\u00f5es Econ\u00f4micas, professor de Gradua\u00e7\u00e3o e P\u00f3s-gradua\u00e7\u00e3o e membro da Funda\u00e7\u00e3o Mundo Azul, Luciano Arag\u00e3o.<\/p>\n<p>\n     Encerrando o produtivo encontro, a \u00faltima mesa teve a presen\u00e7a do deputado federal Ot\u00e1vio Leite e do deputado estadual M\u00e1rcio Pacheco que, sob o vi\u00e9s pol\u00edtico, analisaram a Educa\u00e7\u00e3o Inclusiva e o ensino profissionalizante inclusivo na perspectiva do novo Plano Estadual e Nacional de Educa\u00e7\u00e3o.<\/p>\n<p>\n      Veja<br \/>\n      <a href=\"https:\/\/www.facebook.com\/media\/set\/?set=a.1115159041846228.1073741857.298247816870692&amp;type=1\"><br \/>\n       aqui<br \/>\n      <\/a><br \/>\n      fotos do evento.\n     <\/p>\n<\/p>\n<\/p>\n<\/p>\n<p>\n A manh\u00e3 teve in\u00edcio com a sauda\u00e7\u00e3o da diretora da Escola do Professor, Yara Pereira, e do presidente do Sindicato, Oswaldo Teles, que agradeceram a presen\u00e7a de todos e desejaram uma boa jornada.  Logo ap\u00f3s, teve in\u00edcio a primeira mesa do dia, com Carla Gikovate, neuropediatra, mestre em Psicologia e especialista em Educa\u00e7\u00e3o Inclusiva; e Renata Mousinho, fonoaudi\u00f3loga e mestre e doutora em Lingu\u00edstica; que falaram sobre a sa\u00fade dos portadores do transtorno, seus aspectos cl\u00ednicos, graus de severidade e sua rela\u00e7\u00e3o com a Educa\u00e7\u00e3o Inclusiva e suas vantagens e desvantagens.<\/p>\n<p>\n  A segunda mesa do dia teve como tema o preparo das escolas p\u00fablicas e privadas para e Educa\u00e7\u00e3o Inclusiva e debateu propostas e solu\u00e7\u00f5es com M\u00f4nica Santos, psic\u00f3loga, mestre e doutora em<br \/>\n  <i><br \/>\n   Psychology and Special Needs Education\/University of London<br \/>\n  <\/i><br \/>\n  , e professora da faculdade de Educa\u00e7\u00e3o da UFRJ; e Izabel Moura, psic\u00f3loga e professora universit\u00e1ria, mestre em Psicologia Social, especialista em Psicologia escolar\/educacional e membro da equipe t\u00e9cnica do Instituto Municipal Helena Antipoff.<\/p>\n<p>\n   Ap\u00f3s um breve intervalo, os trabalhos recome\u00e7aram na parte da tarde com o terceiro painel, que falou sobre o direito, o Minist\u00e9rio P\u00fablico como guardi\u00e3o dos<br \/>\ninteresses difusos e a atual situa\u00e7\u00e3o da educa\u00e7\u00e3o inclusiva no estado do Rio de Janeiro. Participaram da mesa o promotor de justi\u00e7a da 3\u00aa Promotoria de<br \/>\nJusti\u00e7a de Tutela Coletiva de Prote\u00e7\u00e3o \u00e0 Educa\u00e7\u00e3o, Dr. Rog\u00e9rio Pacheco Alves; a ju\u00edza da Inf\u00e2ncia, da Juventude e de Idosos, Gloria Helo\u00edsa da Silva; a ju\u00edza Keila Blank e o advogado, mestre em Direito das Rela\u00e7\u00f5es Econ\u00f4micas, professor de Gradua\u00e7\u00e3o e P\u00f3s-gradua\u00e7\u00e3o e membro da Funda\u00e7\u00e3o Mundo Azul, Luciano Arag\u00e3o.<\/p>\n<p>\n    Encerrando o produtivo encontro, a \u00faltima mesa teve a presen\u00e7a do deputado federal Ot\u00e1vio Leite e do deputado estadual M\u00e1rcio Pacheco que, sob o vi\u00e9s pol\u00edtico, analisaram a Educa\u00e7\u00e3o Inclusiva e o ensino profissionalizante inclusivo na perspectiva do novo Plano Estadual e Nacional de Educa\u00e7\u00e3o.<\/p>\n<p>\n     Veja<br \/>\n     <a href=\"https:\/\/www.facebook.com\/media\/set\/?set=a.1115159041846228.1073741857.298247816870692&amp;type=1\"><br \/>\n      aqui<br \/>\n     <\/a><br \/>\n     fotos do evento.\n    <\/p>\n<\/p>\n<\/p>\n<p>\n A segunda mesa do dia teve como tema o preparo das escolas p\u00fablicas e privadas para e Educa\u00e7\u00e3o Inclusiva e debateu propostas e solu\u00e7\u00f5es com M\u00f4nica Santos, psic\u00f3loga, mestre e doutora em<br \/>\n <i><br \/>\n  Psychology and Special Needs Education\/University of London<br \/>\n <\/i><br \/>\n , e professora da faculdade de Educa\u00e7\u00e3o da UFRJ; e Izabel Moura, psic\u00f3loga e professora universit\u00e1ria, mestre em Psicologia Social, especialista em Psicologia escolar\/educacional e membro da equipe t\u00e9cnica do Instituto Municipal Helena Antipoff.<\/p>\n<p>\n  Ap\u00f3s um breve intervalo, os trabalhos recome\u00e7aram na parte da tarde com o terceiro painel, que falou sobre o direito, o Minist\u00e9rio P\u00fablico como guardi\u00e3o dos<br \/>\ninteresses difusos e a atual situa\u00e7\u00e3o da educa\u00e7\u00e3o inclusiva no estado do Rio de Janeiro. Participaram da mesa o promotor de justi\u00e7a da 3\u00aa Promotoria de<br \/>\nJusti\u00e7a de Tutela Coletiva de Prote\u00e7\u00e3o \u00e0 Educa\u00e7\u00e3o, Dr. Rog\u00e9rio Pacheco Alves; a ju\u00edza da Inf\u00e2ncia, da Juventude e de Idosos, Gloria Helo\u00edsa da Silva; a ju\u00edza Keila Blank e o advogado, mestre em Direito das Rela\u00e7\u00f5es Econ\u00f4micas, professor de Gradua\u00e7\u00e3o e P\u00f3s-gradua\u00e7\u00e3o e membro da Funda\u00e7\u00e3o Mundo Azul, Luciano Arag\u00e3o.<\/p>\n<p>\n   Encerrando o produtivo encontro, a \u00faltima mesa teve a presen\u00e7a do deputado federal Ot\u00e1vio Leite e do deputado estadual M\u00e1rcio Pacheco que, sob o vi\u00e9s pol\u00edtico, analisaram a Educa\u00e7\u00e3o Inclusiva e o ensino profissionalizante inclusivo na perspectiva do novo Plano Estadual e Nacional de Educa\u00e7\u00e3o.<\/p>\n<p>\n    Veja<br \/>\n    <a href=\"https:\/\/www.facebook.com\/media\/set\/?set=a.1115159041846228.1073741857.298247816870692&amp;type=1\"><br \/>\n     aqui<br \/>\n    <\/a><br \/>\n    fotos do evento.\n   <\/p>\n<\/p>\n<\/p>\n<p>\n Ap\u00f3s um breve intervalo, os trabalhos recome\u00e7aram na parte da tarde com o terceiro painel, que falou sobre o direito, o Minist\u00e9rio P\u00fablico como guardi\u00e3o dos<br \/>\ninteresses difusos e a atual situa\u00e7\u00e3o da educa\u00e7\u00e3o inclusiva no estado do Rio de Janeiro. Participaram da mesa o promotor de justi\u00e7a da 3\u00aa Promotoria de<br \/>\nJusti\u00e7a de Tutela Coletiva de Prote\u00e7\u00e3o \u00e0 Educa\u00e7\u00e3o, Dr. Rog\u00e9rio Pacheco Alves; a ju\u00edza da Inf\u00e2ncia, da Juventude e de Idosos, Gloria Helo\u00edsa da Silva; a ju\u00edza Keila Blank e o advogado, mestre em Direito das Rela\u00e7\u00f5es Econ\u00f4micas, professor de Gradua\u00e7\u00e3o e P\u00f3s-gradua\u00e7\u00e3o e membro da Funda\u00e7\u00e3o Mundo Azul, Luciano Arag\u00e3o.<\/p>\n<p>\n  Encerrando o produtivo encontro, a \u00faltima mesa teve a presen\u00e7a do deputado federal Ot\u00e1vio Leite e do deputado estadual M\u00e1rcio Pacheco que, sob o vi\u00e9s pol\u00edtico, analisaram a Educa\u00e7\u00e3o Inclusiva e o ensino profissionalizante inclusivo na perspectiva do novo Plano Estadual e Nacional de Educa\u00e7\u00e3o.<\/p>\n<p>\n   Veja<br \/>\n   <a href=\"https:\/\/www.facebook.com\/media\/set\/?set=a.1115159041846228.1073741857.298247816870692&amp;type=1\"><br \/>\n    aqui<br \/>\n   <\/a><br \/>\n   fotos do evento.\n  <\/p>\n<\/p>\n<p>\n Encerrando o produtivo encontro, a \u00faltima mesa teve a presen\u00e7a do deputado federal Ot\u00e1vio Leite e do deputado estadual M\u00e1rcio Pacheco que, sob o vi\u00e9s pol\u00edtico, analisaram a Educa\u00e7\u00e3o Inclusiva e o ensino profissionalizante inclusivo na perspectiva do novo Plano Estadual e Nacional de Educa\u00e7\u00e3o.<\/p>\n<p>\n  Veja<br \/>\n  <a href=\"https:\/\/www.facebook.com\/media\/set\/?set=a.1115159041846228.1073741857.298247816870692&amp;type=1\"><br \/>\n   aqui<br \/>\n  <\/a><br \/>\n  fotos do evento.\n <\/p>\n<\/p>\n<p>\n Veja<br \/>\n <a href=\"https:\/\/www.facebook.com\/media\/set\/?set=a.1115159041846228.1073741857.298247816870692&amp;type=1\"><br \/>\n  aqui<br \/>\n <\/a><br \/>\n fotos do evento.<\/p>\n","protected":false},"excerpt":{"rendered":"<p>14\/09\/2015 Em um s\u00e1bado chuvoso (12\/09), cerca de 130 pessoas lotaram o audit\u00f3rio do Sinpro-Rio, entre professores(as) e familiares de pessoas com Transtorno do Espectro do Autismo, para participarem da \u201cJornada de Educa\u00e7\u00e3o Inclusiva e Autismo\u201d. A manh\u00e3 teve in\u00edcio com a sauda\u00e7\u00e3o da diretora da Escola do Professor, Yara Pereira, e do presidente do [&hellip;]<\/p>\n","protected":false},"author":1,"featured_media":0,"comment_status":"closed","ping_status":"open","sticky":false,"template":"","format":"standard","meta":{"footnotes":""},"categories":[1],"tags":[],"class_list":["post-20031","post","type-post","status-publish","format-standard","hentry","category-noticias"],"yoast_head":"<!-- This site is optimized with the Yoast SEO plugin v25.7 - https:\/\/yoast.com\/wordpress\/plugins\/seo\/ -->\n<title>Jornada de Educa\u00e7\u00e3o Inclusiva e Autismo: produtivas palestras fazem do encontro um sucesso - Sinpro-Rio<\/title>\n<meta name=\"robots\" content=\"index, follow, max-snippet:-1, max-image-preview:large, max-video-preview:-1\" \/>\n<link rel=\"canonical\" href=\"https:\/\/www.sinpro-rio.org.br\/principal\/jornada-de-educac-o-inclusiva-e-autismo-produtivas-palestras-fazem-do-encontro-um-sucesso\/\" \/>\n<meta property=\"og:locale\" content=\"pt_BR\" \/>\n<meta property=\"og:type\" content=\"article\" \/>\n<meta property=\"og:title\" content=\"Jornada de Educa\u00e7\u00e3o Inclusiva e Autismo: produtivas palestras fazem do encontro um sucesso - Sinpro-Rio\" \/>\n<meta property=\"og:description\" content=\"14\/09\/2015 Em um s\u00e1bado chuvoso (12\/09), cerca de 130 pessoas lotaram o audit\u00f3rio do Sinpro-Rio, entre professores(as) e familiares de pessoas com Transtorno do Espectro do Autismo, para participarem da \u201cJornada de Educa\u00e7\u00e3o Inclusiva e Autismo\u201d. A manh\u00e3 teve in\u00edcio com a sauda\u00e7\u00e3o da diretora da Escola do Professor, Yara Pereira, e do presidente do [&hellip;]\" \/>\n<meta property=\"og:url\" content=\"https:\/\/www.sinpro-rio.org.br\/principal\/jornada-de-educac-o-inclusiva-e-autismo-produtivas-palestras-fazem-do-encontro-um-sucesso\/\" \/>\n<meta property=\"og:site_name\" content=\"Sinpro-Rio\" \/>\n<meta property=\"article:published_time\" content=\"2015-09-14T00:00:00+00:00\" \/>\n<meta property=\"og:image\" content=\"http:\/\/www.sinprorio.pro.br\/site_antigo\/imagens\/noticia\/2015\/jornada_autismo.JPG\" \/>\n<meta name=\"author\" content=\"rafaelrjp\" \/>\n<meta name=\"twitter:card\" content=\"summary_large_image\" \/>\n<meta name=\"twitter:label1\" content=\"Escrito por\" \/>\n\t<meta name=\"twitter:data1\" content=\"rafaelrjp\" \/>\n\t<meta name=\"twitter:label2\" content=\"Est. tempo de leitura\" \/>\n\t<meta name=\"twitter:data2\" content=\"6 minutos\" \/>\n<script type=\"application\/ld+json\" class=\"yoast-schema-graph\">{\"@context\":\"https:\/\/schema.org\",\"@graph\":[{\"@type\":\"WebPage\",\"@id\":\"https:\/\/www.sinpro-rio.org.br\/principal\/jornada-de-educac-o-inclusiva-e-autismo-produtivas-palestras-fazem-do-encontro-um-sucesso\/\",\"url\":\"https:\/\/www.sinpro-rio.org.br\/principal\/jornada-de-educac-o-inclusiva-e-autismo-produtivas-palestras-fazem-do-encontro-um-sucesso\/\",\"name\":\"Jornada de Educa\u00e7\u00e3o Inclusiva e Autismo: produtivas palestras fazem do encontro um sucesso - Sinpro-Rio\",\"isPartOf\":{\"@id\":\"https:\/\/www.sinpro-rio.org.br\/principal\/#website\"},\"primaryImageOfPage\":{\"@id\":\"https:\/\/www.sinpro-rio.org.br\/principal\/jornada-de-educac-o-inclusiva-e-autismo-produtivas-palestras-fazem-do-encontro-um-sucesso\/#primaryimage\"},\"image\":{\"@id\":\"https:\/\/www.sinpro-rio.org.br\/principal\/jornada-de-educac-o-inclusiva-e-autismo-produtivas-palestras-fazem-do-encontro-um-sucesso\/#primaryimage\"},\"thumbnailUrl\":\"http:\/\/www.sinprorio.pro.br\/site_antigo\/imagens\/noticia\/2015\/jornada_autismo.JPG\",\"datePublished\":\"2015-09-14T00:00:00+00:00\",\"author\":{\"@id\":\"https:\/\/www.sinpro-rio.org.br\/principal\/#\/schema\/person\/49feb585a2f57a31a6bd9f16f78e5be6\"},\"breadcrumb\":{\"@id\":\"https:\/\/www.sinpro-rio.org.br\/principal\/jornada-de-educac-o-inclusiva-e-autismo-produtivas-palestras-fazem-do-encontro-um-sucesso\/#breadcrumb\"},\"inLanguage\":\"pt-BR\",\"potentialAction\":[{\"@type\":\"ReadAction\",\"target\":[\"https:\/\/www.sinpro-rio.org.br\/principal\/jornada-de-educac-o-inclusiva-e-autismo-produtivas-palestras-fazem-do-encontro-um-sucesso\/\"]}]},{\"@type\":\"ImageObject\",\"inLanguage\":\"pt-BR\",\"@id\":\"https:\/\/www.sinpro-rio.org.br\/principal\/jornada-de-educac-o-inclusiva-e-autismo-produtivas-palestras-fazem-do-encontro-um-sucesso\/#primaryimage\",\"url\":\"http:\/\/www.sinprorio.pro.br\/site_antigo\/imagens\/noticia\/2015\/jornada_autismo.JPG\",\"contentUrl\":\"http:\/\/www.sinprorio.pro.br\/site_antigo\/imagens\/noticia\/2015\/jornada_autismo.JPG\"},{\"@type\":\"BreadcrumbList\",\"@id\":\"https:\/\/www.sinpro-rio.org.br\/principal\/jornada-de-educac-o-inclusiva-e-autismo-produtivas-palestras-fazem-do-encontro-um-sucesso\/#breadcrumb\",\"itemListElement\":[{\"@type\":\"ListItem\",\"position\":1,\"name\":\"In\u00edcio\",\"item\":\"https:\/\/www.sinpro-rio.org.br\/principal\/\"},{\"@type\":\"ListItem\",\"position\":2,\"name\":\"Jornada de Educa\u00e7\u00e3o Inclusiva e Autismo: produtivas palestras fazem do encontro um sucesso\"}]},{\"@type\":\"WebSite\",\"@id\":\"https:\/\/www.sinpro-rio.org.br\/principal\/#website\",\"url\":\"https:\/\/www.sinpro-rio.org.br\/principal\/\",\"name\":\"Sinpro-Rio\",\"description\":\"Sindicato dos Professores do Munic\u00edpio do Rio de Janeiro e Regi\u00e3o\",\"potentialAction\":[{\"@type\":\"SearchAction\",\"target\":{\"@type\":\"EntryPoint\",\"urlTemplate\":\"https:\/\/www.sinpro-rio.org.br\/principal\/?s={search_term_string}\"},\"query-input\":{\"@type\":\"PropertyValueSpecification\",\"valueRequired\":true,\"valueName\":\"search_term_string\"}}],\"inLanguage\":\"pt-BR\"},{\"@type\":\"Person\",\"@id\":\"https:\/\/www.sinpro-rio.org.br\/principal\/#\/schema\/person\/49feb585a2f57a31a6bd9f16f78e5be6\",\"name\":\"rafaelrjp\",\"image\":{\"@type\":\"ImageObject\",\"inLanguage\":\"pt-BR\",\"@id\":\"https:\/\/www.sinpro-rio.org.br\/principal\/#\/schema\/person\/image\/\",\"url\":\"https:\/\/secure.gravatar.com\/avatar\/489371a0ba4655c340b519882c68cf68?s=96&d=mm&r=g\",\"contentUrl\":\"https:\/\/secure.gravatar.com\/avatar\/489371a0ba4655c340b519882c68cf68?s=96&d=mm&r=g\",\"caption\":\"rafaelrjp\"},\"url\":\"https:\/\/www.sinpro-rio.org.br\/principal\/author\/rafaelrjp\/\"}]}<\/script>\n<!-- \/ Yoast SEO plugin. -->","yoast_head_json":{"title":"Jornada de Educa\u00e7\u00e3o Inclusiva e Autismo: produtivas palestras fazem do encontro um sucesso - Sinpro-Rio","robots":{"index":"index","follow":"follow","max-snippet":"max-snippet:-1","max-image-preview":"max-image-preview:large","max-video-preview":"max-video-preview:-1"},"canonical":"https:\/\/www.sinpro-rio.org.br\/principal\/jornada-de-educac-o-inclusiva-e-autismo-produtivas-palestras-fazem-do-encontro-um-sucesso\/","og_locale":"pt_BR","og_type":"article","og_title":"Jornada de Educa\u00e7\u00e3o Inclusiva e Autismo: produtivas palestras fazem do encontro um sucesso - Sinpro-Rio","og_description":"14\/09\/2015 Em um s\u00e1bado chuvoso (12\/09), cerca de 130 pessoas lotaram o audit\u00f3rio do Sinpro-Rio, entre professores(as) e familiares de pessoas com Transtorno do Espectro do Autismo, para participarem da \u201cJornada de Educa\u00e7\u00e3o Inclusiva e Autismo\u201d. A manh\u00e3 teve in\u00edcio com a sauda\u00e7\u00e3o da diretora da Escola do Professor, Yara Pereira, e do presidente do [&hellip;]","og_url":"https:\/\/www.sinpro-rio.org.br\/principal\/jornada-de-educac-o-inclusiva-e-autismo-produtivas-palestras-fazem-do-encontro-um-sucesso\/","og_site_name":"Sinpro-Rio","article_published_time":"2015-09-14T00:00:00+00:00","og_image":[{"url":"http:\/\/www.sinprorio.pro.br\/site_antigo\/imagens\/noticia\/2015\/jornada_autismo.JPG","type":"","width":"","height":""}],"author":"rafaelrjp","twitter_card":"summary_large_image","twitter_misc":{"Escrito por":"rafaelrjp","Est. tempo de leitura":"6 minutos"},"schema":{"@context":"https:\/\/schema.org","@graph":[{"@type":"WebPage","@id":"https:\/\/www.sinpro-rio.org.br\/principal\/jornada-de-educac-o-inclusiva-e-autismo-produtivas-palestras-fazem-do-encontro-um-sucesso\/","url":"https:\/\/www.sinpro-rio.org.br\/principal\/jornada-de-educac-o-inclusiva-e-autismo-produtivas-palestras-fazem-do-encontro-um-sucesso\/","name":"Jornada de Educa\u00e7\u00e3o Inclusiva e Autismo: produtivas palestras fazem do encontro um sucesso - Sinpro-Rio","isPartOf":{"@id":"https:\/\/www.sinpro-rio.org.br\/principal\/#website"},"primaryImageOfPage":{"@id":"https:\/\/www.sinpro-rio.org.br\/principal\/jornada-de-educac-o-inclusiva-e-autismo-produtivas-palestras-fazem-do-encontro-um-sucesso\/#primaryimage"},"image":{"@id":"https:\/\/www.sinpro-rio.org.br\/principal\/jornada-de-educac-o-inclusiva-e-autismo-produtivas-palestras-fazem-do-encontro-um-sucesso\/#primaryimage"},"thumbnailUrl":"http:\/\/www.sinprorio.pro.br\/site_antigo\/imagens\/noticia\/2015\/jornada_autismo.JPG","datePublished":"2015-09-14T00:00:00+00:00","author":{"@id":"https:\/\/www.sinpro-rio.org.br\/principal\/#\/schema\/person\/49feb585a2f57a31a6bd9f16f78e5be6"},"breadcrumb":{"@id":"https:\/\/www.sinpro-rio.org.br\/principal\/jornada-de-educac-o-inclusiva-e-autismo-produtivas-palestras-fazem-do-encontro-um-sucesso\/#breadcrumb"},"inLanguage":"pt-BR","potentialAction":[{"@type":"ReadAction","target":["https:\/\/www.sinpro-rio.org.br\/principal\/jornada-de-educac-o-inclusiva-e-autismo-produtivas-palestras-fazem-do-encontro-um-sucesso\/"]}]},{"@type":"ImageObject","inLanguage":"pt-BR","@id":"https:\/\/www.sinpro-rio.org.br\/principal\/jornada-de-educac-o-inclusiva-e-autismo-produtivas-palestras-fazem-do-encontro-um-sucesso\/#primaryimage","url":"http:\/\/www.sinprorio.pro.br\/site_antigo\/imagens\/noticia\/2015\/jornada_autismo.JPG","contentUrl":"http:\/\/www.sinprorio.pro.br\/site_antigo\/imagens\/noticia\/2015\/jornada_autismo.JPG"},{"@type":"BreadcrumbList","@id":"https:\/\/www.sinpro-rio.org.br\/principal\/jornada-de-educac-o-inclusiva-e-autismo-produtivas-palestras-fazem-do-encontro-um-sucesso\/#breadcrumb","itemListElement":[{"@type":"ListItem","position":1,"name":"In\u00edcio","item":"https:\/\/www.sinpro-rio.org.br\/principal\/"},{"@type":"ListItem","position":2,"name":"Jornada de Educa\u00e7\u00e3o Inclusiva e Autismo: produtivas palestras fazem do encontro um sucesso"}]},{"@type":"WebSite","@id":"https:\/\/www.sinpro-rio.org.br\/principal\/#website","url":"https:\/\/www.sinpro-rio.org.br\/principal\/","name":"Sinpro-Rio","description":"Sindicato dos Professores do Munic\u00edpio do Rio de Janeiro e Regi\u00e3o","potentialAction":[{"@type":"SearchAction","target":{"@type":"EntryPoint","urlTemplate":"https:\/\/www.sinpro-rio.org.br\/principal\/?s={search_term_string}"},"query-input":{"@type":"PropertyValueSpecification","valueRequired":true,"valueName":"search_term_string"}}],"inLanguage":"pt-BR"},{"@type":"Person","@id":"https:\/\/www.sinpro-rio.org.br\/principal\/#\/schema\/person\/49feb585a2f57a31a6bd9f16f78e5be6","name":"rafaelrjp","image":{"@type":"ImageObject","inLanguage":"pt-BR","@id":"https:\/\/www.sinpro-rio.org.br\/principal\/#\/schema\/person\/image\/","url":"https:\/\/secure.gravatar.com\/avatar\/489371a0ba4655c340b519882c68cf68?s=96&d=mm&r=g","contentUrl":"https:\/\/secure.gravatar.com\/avatar\/489371a0ba4655c340b519882c68cf68?s=96&d=mm&r=g","caption":"rafaelrjp"},"url":"https:\/\/www.sinpro-rio.org.br\/principal\/author\/rafaelrjp\/"}]}},"_links":{"self":[{"href":"https:\/\/www.sinpro-rio.org.br\/principal\/wp-json\/wp\/v2\/posts\/20031","targetHints":{"allow":["GET"]}}],"collection":[{"href":"https:\/\/www.sinpro-rio.org.br\/principal\/wp-json\/wp\/v2\/posts"}],"about":[{"href":"https:\/\/www.sinpro-rio.org.br\/principal\/wp-json\/wp\/v2\/types\/post"}],"author":[{"embeddable":true,"href":"https:\/\/www.sinpro-rio.org.br\/principal\/wp-json\/wp\/v2\/users\/1"}],"replies":[{"embeddable":true,"href":"https:\/\/www.sinpro-rio.org.br\/principal\/wp-json\/wp\/v2\/comments?post=20031"}],"version-history":[{"count":0,"href":"https:\/\/www.sinpro-rio.org.br\/principal\/wp-json\/wp\/v2\/posts\/20031\/revisions"}],"wp:attachment":[{"href":"https:\/\/www.sinpro-rio.org.br\/principal\/wp-json\/wp\/v2\/media?parent=20031"}],"wp:term":[{"taxonomy":"category","embeddable":true,"href":"https:\/\/www.sinpro-rio.org.br\/principal\/wp-json\/wp\/v2\/categories?post=20031"},{"taxonomy":"post_tag","embeddable":true,"href":"https:\/\/www.sinpro-rio.org.br\/principal\/wp-json\/wp\/v2\/tags?post=20031"}],"curies":[{"name":"wp","href":"https:\/\/api.w.org\/{rel}","templated":true}]}}