{"id":20029,"date":"2015-09-15T00:00:00","date_gmt":"2015-09-15T00:00:00","guid":{"rendered":""},"modified":"-0001-11-30T00:00:00","modified_gmt":"-0001-11-30T03:00:00","slug":"tdah-foi-tema-de-minicurso-em-seropedica","status":"publish","type":"post","link":"https:\/\/www.sinpro-rio.org.br\/principal\/tdah-foi-tema-de-minicurso-em-seropedica\/","title":{"rendered":"TDAH foi tema de minicurso em Serop\u00e9dica"},"content":{"rendered":"\n<p>\n <em><br \/>\n  15\/09\/2015<br \/>\n <\/em>\n<\/p>\n<p>\n <img decoding=\"async\" align=\"right\" alt=\"foto\" src=\"http:\/\/www.sinprorio.pro.br\/site_antigo\/imagens\/noticia\/2015\/seropedica.jpg\" width=\"400\"\/>\n<\/p>\n<p>\n No \u00faltimo s\u00e1bado, 12 de setembro, a Escola do Professor realizou o minicurso \u201cOrienta\u00e7\u00e3o de como lidar com crian\u00e7as portadoras de TDAH no espa\u00e7o escolar\u201d, no audit\u00f3rio da Secretaria Municipal de Educa\u00e7\u00e3o, em Serop\u00e9dica.<\/p>\n<p>\n  O encontro teve como objetivo a compreens\u00e3o do Transtorno do D\u00e9ficit de Aten\u00e7\u00e3o e Hiperatividade, atrav\u00e9s da discuss\u00e3o de casos. Cibele de Oliveira Fernandes &#8211; que \u00e9 psic\u00f3loga\/especialista em neuropsicologia pela Divis\u00e3o da Psicologia da Faculdade de Medicina\/USP e pelo Conselho Federal de Psicologia e especialista em Psicologia Escolar pelo Conselho Federal de Psicologia &#8211; passou por temas como defini\u00e7\u00e3o do TDAH, etiologia\/preval\u00eancia, processos atencionais, mem\u00f3ria operacional, mem\u00f3ria de longo prazo, sintomatologia do TDAH\/mitos, tratamentos, atua\u00e7\u00e3o dos profissionais de Educa\u00e7\u00e3o com alunos TDAH e estrat\u00e9gias escolares de interven\u00e7\u00e3o.<\/p>\n<p>\n   Veja<br \/>\n   <a href=\"https:\/\/www.facebook.com\/media\/set\/?set=a.1115982498430549.1073741858.298247816870692&amp;type=3&amp;uploaded=6\"><br \/>\n    aqui<br \/>\n   <\/a><br \/>\n   fotos do evento.\n  <\/p>\n<\/p>\n<p>\n O encontro teve como objetivo a compreens\u00e3o do Transtorno do D\u00e9ficit de Aten\u00e7\u00e3o e Hiperatividade, atrav\u00e9s da discuss\u00e3o de casos. Cibele de Oliveira Fernandes &#8211; que \u00e9 psic\u00f3loga\/especialista em neuropsicologia pela Divis\u00e3o da Psicologia da Faculdade de Medicina\/USP e pelo Conselho Federal de Psicologia e especialista em Psicologia Escolar pelo Conselho Federal de Psicologia &#8211; passou por temas como defini\u00e7\u00e3o do TDAH, etiologia\/preval\u00eancia, processos atencionais, mem\u00f3ria operacional, mem\u00f3ria de longo prazo, sintomatologia do TDAH\/mitos, tratamentos, atua\u00e7\u00e3o dos profissionais de Educa\u00e7\u00e3o com alunos TDAH e estrat\u00e9gias escolares de interven\u00e7\u00e3o.<\/p>\n<p>\n  Veja<br \/>\n  <a href=\"https:\/\/www.facebook.com\/media\/set\/?set=a.1115982498430549.1073741858.298247816870692&amp;type=3&amp;uploaded=6\"><br \/>\n   aqui<br \/>\n  <\/a><br \/>\n  fotos do evento.\n <\/p>\n<\/p>\n<p>\n Veja<br \/>\n <a href=\"https:\/\/www.facebook.com\/media\/set\/?set=a.1115982498430549.1073741858.298247816870692&amp;type=3&amp;uploaded=6\"><br \/>\n  aqui<br \/>\n <\/a><br \/>\n fotos do evento.<\/p>\n","protected":false},"excerpt":{"rendered":"<p>15\/09\/2015 No \u00faltimo s\u00e1bado, 12 de setembro, a Escola do Professor realizou o minicurso \u201cOrienta\u00e7\u00e3o de como lidar com crian\u00e7as portadoras de TDAH no espa\u00e7o escolar\u201d, no audit\u00f3rio da Secretaria Municipal de Educa\u00e7\u00e3o, em Serop\u00e9dica. O encontro teve como objetivo a compreens\u00e3o do Transtorno do D\u00e9ficit de Aten\u00e7\u00e3o e Hiperatividade, atrav\u00e9s da discuss\u00e3o de casos. [&hellip;]<\/p>\n","protected":false},"author":1,"featured_media":0,"comment_status":"closed","ping_status":"open","sticky":false,"template":"","format":"standard","meta":{"footnotes":""},"categories":[1],"tags":[],"class_list":["post-20029","post","type-post","status-publish","format-standard","hentry","category-noticias"],"yoast_head":"<!-- This site is optimized with the Yoast SEO plugin v25.7 - https:\/\/yoast.com\/wordpress\/plugins\/seo\/ -->\n<title>TDAH foi tema de minicurso em Serop\u00e9dica - Sinpro-Rio<\/title>\n<meta name=\"robots\" content=\"index, follow, max-snippet:-1, max-image-preview:large, max-video-preview:-1\" \/>\n<link rel=\"canonical\" href=\"https:\/\/www.sinpro-rio.org.br\/principal\/tdah-foi-tema-de-minicurso-em-seropedica\/\" \/>\n<meta property=\"og:locale\" content=\"pt_BR\" \/>\n<meta property=\"og:type\" content=\"article\" \/>\n<meta property=\"og:title\" content=\"TDAH foi tema de minicurso em Serop\u00e9dica - Sinpro-Rio\" \/>\n<meta property=\"og:description\" content=\"15\/09\/2015 No \u00faltimo s\u00e1bado, 12 de setembro, a Escola do Professor realizou o minicurso \u201cOrienta\u00e7\u00e3o de como lidar com crian\u00e7as portadoras de TDAH no espa\u00e7o escolar\u201d, no audit\u00f3rio da Secretaria Municipal de Educa\u00e7\u00e3o, em Serop\u00e9dica. O encontro teve como objetivo a compreens\u00e3o do Transtorno do D\u00e9ficit de Aten\u00e7\u00e3o e Hiperatividade, atrav\u00e9s da discuss\u00e3o de casos. [&hellip;]\" \/>\n<meta property=\"og:url\" content=\"https:\/\/www.sinpro-rio.org.br\/principal\/tdah-foi-tema-de-minicurso-em-seropedica\/\" \/>\n<meta property=\"og:site_name\" content=\"Sinpro-Rio\" \/>\n<meta property=\"article:published_time\" content=\"2015-09-15T00:00:00+00:00\" \/>\n<meta property=\"og:image\" content=\"http:\/\/www.sinprorio.pro.br\/site_antigo\/imagens\/noticia\/2015\/seropedica.jpg\" \/>\n<meta name=\"author\" content=\"rafaelrjp\" \/>\n<meta name=\"twitter:card\" content=\"summary_large_image\" \/>\n<meta name=\"twitter:label1\" content=\"Escrito por\" \/>\n\t<meta name=\"twitter:data1\" content=\"rafaelrjp\" \/>\n\t<meta name=\"twitter:label2\" content=\"Est. tempo de leitura\" \/>\n\t<meta name=\"twitter:data2\" content=\"1 minuto\" \/>\n<script type=\"application\/ld+json\" class=\"yoast-schema-graph\">{\"@context\":\"https:\/\/schema.org\",\"@graph\":[{\"@type\":\"WebPage\",\"@id\":\"https:\/\/www.sinpro-rio.org.br\/principal\/tdah-foi-tema-de-minicurso-em-seropedica\/\",\"url\":\"https:\/\/www.sinpro-rio.org.br\/principal\/tdah-foi-tema-de-minicurso-em-seropedica\/\",\"name\":\"TDAH foi tema de minicurso em Serop\u00e9dica - Sinpro-Rio\",\"isPartOf\":{\"@id\":\"https:\/\/www.sinpro-rio.org.br\/principal\/#website\"},\"primaryImageOfPage\":{\"@id\":\"https:\/\/www.sinpro-rio.org.br\/principal\/tdah-foi-tema-de-minicurso-em-seropedica\/#primaryimage\"},\"image\":{\"@id\":\"https:\/\/www.sinpro-rio.org.br\/principal\/tdah-foi-tema-de-minicurso-em-seropedica\/#primaryimage\"},\"thumbnailUrl\":\"http:\/\/www.sinprorio.pro.br\/site_antigo\/imagens\/noticia\/2015\/seropedica.jpg\",\"datePublished\":\"2015-09-15T00:00:00+00:00\",\"author\":{\"@id\":\"https:\/\/www.sinpro-rio.org.br\/principal\/#\/schema\/person\/49feb585a2f57a31a6bd9f16f78e5be6\"},\"breadcrumb\":{\"@id\":\"https:\/\/www.sinpro-rio.org.br\/principal\/tdah-foi-tema-de-minicurso-em-seropedica\/#breadcrumb\"},\"inLanguage\":\"pt-BR\",\"potentialAction\":[{\"@type\":\"ReadAction\",\"target\":[\"https:\/\/www.sinpro-rio.org.br\/principal\/tdah-foi-tema-de-minicurso-em-seropedica\/\"]}]},{\"@type\":\"ImageObject\",\"inLanguage\":\"pt-BR\",\"@id\":\"https:\/\/www.sinpro-rio.org.br\/principal\/tdah-foi-tema-de-minicurso-em-seropedica\/#primaryimage\",\"url\":\"http:\/\/www.sinprorio.pro.br\/site_antigo\/imagens\/noticia\/2015\/seropedica.jpg\",\"contentUrl\":\"http:\/\/www.sinprorio.pro.br\/site_antigo\/imagens\/noticia\/2015\/seropedica.jpg\"},{\"@type\":\"BreadcrumbList\",\"@id\":\"https:\/\/www.sinpro-rio.org.br\/principal\/tdah-foi-tema-de-minicurso-em-seropedica\/#breadcrumb\",\"itemListElement\":[{\"@type\":\"ListItem\",\"position\":1,\"name\":\"In\u00edcio\",\"item\":\"https:\/\/www.sinpro-rio.org.br\/principal\/\"},{\"@type\":\"ListItem\",\"position\":2,\"name\":\"TDAH foi tema de minicurso em Serop\u00e9dica\"}]},{\"@type\":\"WebSite\",\"@id\":\"https:\/\/www.sinpro-rio.org.br\/principal\/#website\",\"url\":\"https:\/\/www.sinpro-rio.org.br\/principal\/\",\"name\":\"Sinpro-Rio\",\"description\":\"Sindicato dos Professores do Munic\u00edpio do Rio de Janeiro e Regi\u00e3o\",\"potentialAction\":[{\"@type\":\"SearchAction\",\"target\":{\"@type\":\"EntryPoint\",\"urlTemplate\":\"https:\/\/www.sinpro-rio.org.br\/principal\/?s={search_term_string}\"},\"query-input\":{\"@type\":\"PropertyValueSpecification\",\"valueRequired\":true,\"valueName\":\"search_term_string\"}}],\"inLanguage\":\"pt-BR\"},{\"@type\":\"Person\",\"@id\":\"https:\/\/www.sinpro-rio.org.br\/principal\/#\/schema\/person\/49feb585a2f57a31a6bd9f16f78e5be6\",\"name\":\"rafaelrjp\",\"image\":{\"@type\":\"ImageObject\",\"inLanguage\":\"pt-BR\",\"@id\":\"https:\/\/www.sinpro-rio.org.br\/principal\/#\/schema\/person\/image\/\",\"url\":\"https:\/\/secure.gravatar.com\/avatar\/489371a0ba4655c340b519882c68cf68?s=96&d=mm&r=g\",\"contentUrl\":\"https:\/\/secure.gravatar.com\/avatar\/489371a0ba4655c340b519882c68cf68?s=96&d=mm&r=g\",\"caption\":\"rafaelrjp\"},\"url\":\"https:\/\/www.sinpro-rio.org.br\/principal\/author\/rafaelrjp\/\"}]}<\/script>\n<!-- \/ Yoast SEO plugin. -->","yoast_head_json":{"title":"TDAH foi tema de minicurso em Serop\u00e9dica - Sinpro-Rio","robots":{"index":"index","follow":"follow","max-snippet":"max-snippet:-1","max-image-preview":"max-image-preview:large","max-video-preview":"max-video-preview:-1"},"canonical":"https:\/\/www.sinpro-rio.org.br\/principal\/tdah-foi-tema-de-minicurso-em-seropedica\/","og_locale":"pt_BR","og_type":"article","og_title":"TDAH foi tema de minicurso em Serop\u00e9dica - Sinpro-Rio","og_description":"15\/09\/2015 No \u00faltimo s\u00e1bado, 12 de setembro, a Escola do Professor realizou o minicurso \u201cOrienta\u00e7\u00e3o de como lidar com crian\u00e7as portadoras de TDAH no espa\u00e7o escolar\u201d, no audit\u00f3rio da Secretaria Municipal de Educa\u00e7\u00e3o, em Serop\u00e9dica. O encontro teve como objetivo a compreens\u00e3o do Transtorno do D\u00e9ficit de Aten\u00e7\u00e3o e Hiperatividade, atrav\u00e9s da discuss\u00e3o de casos. [&hellip;]","og_url":"https:\/\/www.sinpro-rio.org.br\/principal\/tdah-foi-tema-de-minicurso-em-seropedica\/","og_site_name":"Sinpro-Rio","article_published_time":"2015-09-15T00:00:00+00:00","og_image":[{"url":"http:\/\/www.sinprorio.pro.br\/site_antigo\/imagens\/noticia\/2015\/seropedica.jpg","type":"","width":"","height":""}],"author":"rafaelrjp","twitter_card":"summary_large_image","twitter_misc":{"Escrito por":"rafaelrjp","Est. tempo de leitura":"1 minuto"},"schema":{"@context":"https:\/\/schema.org","@graph":[{"@type":"WebPage","@id":"https:\/\/www.sinpro-rio.org.br\/principal\/tdah-foi-tema-de-minicurso-em-seropedica\/","url":"https:\/\/www.sinpro-rio.org.br\/principal\/tdah-foi-tema-de-minicurso-em-seropedica\/","name":"TDAH foi tema de minicurso em Serop\u00e9dica - Sinpro-Rio","isPartOf":{"@id":"https:\/\/www.sinpro-rio.org.br\/principal\/#website"},"primaryImageOfPage":{"@id":"https:\/\/www.sinpro-rio.org.br\/principal\/tdah-foi-tema-de-minicurso-em-seropedica\/#primaryimage"},"image":{"@id":"https:\/\/www.sinpro-rio.org.br\/principal\/tdah-foi-tema-de-minicurso-em-seropedica\/#primaryimage"},"thumbnailUrl":"http:\/\/www.sinprorio.pro.br\/site_antigo\/imagens\/noticia\/2015\/seropedica.jpg","datePublished":"2015-09-15T00:00:00+00:00","author":{"@id":"https:\/\/www.sinpro-rio.org.br\/principal\/#\/schema\/person\/49feb585a2f57a31a6bd9f16f78e5be6"},"breadcrumb":{"@id":"https:\/\/www.sinpro-rio.org.br\/principal\/tdah-foi-tema-de-minicurso-em-seropedica\/#breadcrumb"},"inLanguage":"pt-BR","potentialAction":[{"@type":"ReadAction","target":["https:\/\/www.sinpro-rio.org.br\/principal\/tdah-foi-tema-de-minicurso-em-seropedica\/"]}]},{"@type":"ImageObject","inLanguage":"pt-BR","@id":"https:\/\/www.sinpro-rio.org.br\/principal\/tdah-foi-tema-de-minicurso-em-seropedica\/#primaryimage","url":"http:\/\/www.sinprorio.pro.br\/site_antigo\/imagens\/noticia\/2015\/seropedica.jpg","contentUrl":"http:\/\/www.sinprorio.pro.br\/site_antigo\/imagens\/noticia\/2015\/seropedica.jpg"},{"@type":"BreadcrumbList","@id":"https:\/\/www.sinpro-rio.org.br\/principal\/tdah-foi-tema-de-minicurso-em-seropedica\/#breadcrumb","itemListElement":[{"@type":"ListItem","position":1,"name":"In\u00edcio","item":"https:\/\/www.sinpro-rio.org.br\/principal\/"},{"@type":"ListItem","position":2,"name":"TDAH foi tema de minicurso em Serop\u00e9dica"}]},{"@type":"WebSite","@id":"https:\/\/www.sinpro-rio.org.br\/principal\/#website","url":"https:\/\/www.sinpro-rio.org.br\/principal\/","name":"Sinpro-Rio","description":"Sindicato dos Professores do Munic\u00edpio do Rio de Janeiro e Regi\u00e3o","potentialAction":[{"@type":"SearchAction","target":{"@type":"EntryPoint","urlTemplate":"https:\/\/www.sinpro-rio.org.br\/principal\/?s={search_term_string}"},"query-input":{"@type":"PropertyValueSpecification","valueRequired":true,"valueName":"search_term_string"}}],"inLanguage":"pt-BR"},{"@type":"Person","@id":"https:\/\/www.sinpro-rio.org.br\/principal\/#\/schema\/person\/49feb585a2f57a31a6bd9f16f78e5be6","name":"rafaelrjp","image":{"@type":"ImageObject","inLanguage":"pt-BR","@id":"https:\/\/www.sinpro-rio.org.br\/principal\/#\/schema\/person\/image\/","url":"https:\/\/secure.gravatar.com\/avatar\/489371a0ba4655c340b519882c68cf68?s=96&d=mm&r=g","contentUrl":"https:\/\/secure.gravatar.com\/avatar\/489371a0ba4655c340b519882c68cf68?s=96&d=mm&r=g","caption":"rafaelrjp"},"url":"https:\/\/www.sinpro-rio.org.br\/principal\/author\/rafaelrjp\/"}]}},"_links":{"self":[{"href":"https:\/\/www.sinpro-rio.org.br\/principal\/wp-json\/wp\/v2\/posts\/20029","targetHints":{"allow":["GET"]}}],"collection":[{"href":"https:\/\/www.sinpro-rio.org.br\/principal\/wp-json\/wp\/v2\/posts"}],"about":[{"href":"https:\/\/www.sinpro-rio.org.br\/principal\/wp-json\/wp\/v2\/types\/post"}],"author":[{"embeddable":true,"href":"https:\/\/www.sinpro-rio.org.br\/principal\/wp-json\/wp\/v2\/users\/1"}],"replies":[{"embeddable":true,"href":"https:\/\/www.sinpro-rio.org.br\/principal\/wp-json\/wp\/v2\/comments?post=20029"}],"version-history":[{"count":0,"href":"https:\/\/www.sinpro-rio.org.br\/principal\/wp-json\/wp\/v2\/posts\/20029\/revisions"}],"wp:attachment":[{"href":"https:\/\/www.sinpro-rio.org.br\/principal\/wp-json\/wp\/v2\/media?parent=20029"}],"wp:term":[{"taxonomy":"category","embeddable":true,"href":"https:\/\/www.sinpro-rio.org.br\/principal\/wp-json\/wp\/v2\/categories?post=20029"},{"taxonomy":"post_tag","embeddable":true,"href":"https:\/\/www.sinpro-rio.org.br\/principal\/wp-json\/wp\/v2\/tags?post=20029"}],"curies":[{"name":"wp","href":"https:\/\/api.w.org\/{rel}","templated":true}]}}