{"id":20026,"date":"2015-09-15T00:00:00","date_gmt":"2015-09-15T00:00:00","guid":{"rendered":""},"modified":"-0001-11-30T00:00:00","modified_gmt":"-0001-11-30T03:00:00","slug":"ensino-da-engenharia-e-tema-de-seminario-no-rio-de-janeiro","status":"publish","type":"post","link":"https:\/\/www.sinpro-rio.org.br\/principal\/ensino-da-engenharia-e-tema-de-seminario-no-rio-de-janeiro\/","title":{"rendered":"Ensino da engenharia \u00e9 tema de semin\u00e1rio no Rio de Janeiro"},"content":{"rendered":"\n<p>\n <em><br \/>\n  15\/09\/2015<br \/>\n <\/em>\n<\/p>\n<p>\n Entre os dias 25 e 26\/9, acontecer\u00e1 o semin\u00e1rio &#8220;A engenharia do s\u00e9culo XXI&#8221;, no Rio de Janeiro. Promovido pela Federa\u00e7\u00e3o Interestadual de Sindicatos de Engenheiros (Fisenge) e Escola Polit\u00e9cnica da UFRJ, o semin\u00e1rio tem o objetivo de analisar o novo cen\u00e1rio no qual a engenharia se insere, detectar os principais problemas e os desafios para o ensino atual. &#8220;Estamos vivendo o crescente processo de globaliza\u00e7\u00e3o, desencadeado algumas d\u00e9cadas atr\u00e1s, com uma interdepend\u00eancia maior entre as economias, a cria\u00e7\u00e3o de blocos de na\u00e7\u00f5es com a finalidade de se fortalecerem para obterem melhores resultados neste novo contexto e principalmente o grande desenvolvimento verificado no campo das ci\u00eancias e da tecnologia, que impacta diretamente o trabalho dos engenheiros&#8221;, disse o diretor do Sindicato dos Engenheiros no Estado do Rio de Janeiro (Senge-RJ), Agamenon Oliveira.<\/p>\n<p>\n  A programa\u00e7\u00e3o conta com a participa\u00e7\u00e3o do professor de sociologia da Universidade de Paris, Fran\u00e7ois Vatin e tamb\u00e9m com professores da Universidade de S\u00e3o Paulo (USP), da Universidade Federal do Rio de Janeiro (UFRJ), do Instituto Militar de Engenheira (IME), do Instituto Tecnol\u00f3gico de Aeron\u00e1utica (ITA), al\u00e9m de representantes da Associa\u00e7\u00e3o Brasileira de Engenharia e Ci\u00eancias Mec\u00e2nicas (ABCM), Associa\u00e7\u00e3o Brasileira de Educa\u00e7\u00e3o em Engenharia (Abenge) e do Conselho Federal de Engenharia e Agronomia (Confea).<\/p>\n<p>\n   O semin\u00e1rio ser\u00e1 realizado no Hotel Windsor Guanabara, localizado na avenida Presidente Vargas, 392, Centro. As inscri\u00e7\u00f5es s\u00e3o gratuitas e limitadas.<br \/>\nMais informa\u00e7\u00f5es no site:<br \/>\n   <a href=\"http:\/\/www.fisenge.org.br\"><br \/>\n    www.fisenge.org.br<br \/>\n   <\/a><br \/>\n   .\n  <\/p>\n<\/p>\n<p>\n A programa\u00e7\u00e3o conta com a participa\u00e7\u00e3o do professor de sociologia da Universidade de Paris, Fran\u00e7ois Vatin e tamb\u00e9m com professores da Universidade de S\u00e3o Paulo (USP), da Universidade Federal do Rio de Janeiro (UFRJ), do Instituto Militar de Engenheira (IME), do Instituto Tecnol\u00f3gico de Aeron\u00e1utica (ITA), al\u00e9m de representantes da Associa\u00e7\u00e3o Brasileira de Engenharia e Ci\u00eancias Mec\u00e2nicas (ABCM), Associa\u00e7\u00e3o Brasileira de Educa\u00e7\u00e3o em Engenharia (Abenge) e do Conselho Federal de Engenharia e Agronomia (Confea).<\/p>\n<p>\n  O semin\u00e1rio ser\u00e1 realizado no Hotel Windsor Guanabara, localizado na avenida Presidente Vargas, 392, Centro. As inscri\u00e7\u00f5es s\u00e3o gratuitas e limitadas.<br \/>\nMais informa\u00e7\u00f5es no site:<br \/>\n  <a href=\"http:\/\/www.fisenge.org.br\"><br \/>\n   www.fisenge.org.br<br \/>\n  <\/a><br \/>\n  .\n <\/p>\n<\/p>\n<p>\n O semin\u00e1rio ser\u00e1 realizado no Hotel Windsor Guanabara, localizado na avenida Presidente Vargas, 392, Centro. As inscri\u00e7\u00f5es s\u00e3o gratuitas e limitadas.<br \/>\nMais informa\u00e7\u00f5es no site:<br \/>\n <a href=\"http:\/\/www.fisenge.org.br\"><br \/>\n  www.fisenge.org.br<br \/>\n <\/a><br \/>\n .<\/p>\n","protected":false},"excerpt":{"rendered":"<p>15\/09\/2015 Entre os dias 25 e 26\/9, acontecer\u00e1 o semin\u00e1rio &#8220;A engenharia do s\u00e9culo XXI&#8221;, no Rio de Janeiro. Promovido pela Federa\u00e7\u00e3o Interestadual de Sindicatos de Engenheiros (Fisenge) e Escola Polit\u00e9cnica da UFRJ, o semin\u00e1rio tem o objetivo de analisar o novo cen\u00e1rio no qual a engenharia se insere, detectar os principais problemas e os [&hellip;]<\/p>\n","protected":false},"author":1,"featured_media":0,"comment_status":"closed","ping_status":"open","sticky":false,"template":"","format":"standard","meta":{"footnotes":""},"categories":[1],"tags":[],"class_list":["post-20026","post","type-post","status-publish","format-standard","hentry","category-noticias"],"yoast_head":"<!-- This site is optimized with the Yoast SEO plugin v25.7 - https:\/\/yoast.com\/wordpress\/plugins\/seo\/ -->\n<title>Ensino da engenharia \u00e9 tema de semin\u00e1rio no Rio de Janeiro - Sinpro-Rio<\/title>\n<meta name=\"robots\" content=\"index, follow, max-snippet:-1, max-image-preview:large, max-video-preview:-1\" \/>\n<link rel=\"canonical\" href=\"https:\/\/www.sinpro-rio.org.br\/principal\/ensino-da-engenharia-e-tema-de-seminario-no-rio-de-janeiro\/\" \/>\n<meta property=\"og:locale\" content=\"pt_BR\" \/>\n<meta property=\"og:type\" content=\"article\" \/>\n<meta property=\"og:title\" content=\"Ensino da engenharia \u00e9 tema de semin\u00e1rio no Rio de Janeiro - Sinpro-Rio\" \/>\n<meta property=\"og:description\" content=\"15\/09\/2015 Entre os dias 25 e 26\/9, acontecer\u00e1 o semin\u00e1rio &#8220;A engenharia do s\u00e9culo XXI&#8221;, no Rio de Janeiro. Promovido pela Federa\u00e7\u00e3o Interestadual de Sindicatos de Engenheiros (Fisenge) e Escola Polit\u00e9cnica da UFRJ, o semin\u00e1rio tem o objetivo de analisar o novo cen\u00e1rio no qual a engenharia se insere, detectar os principais problemas e os [&hellip;]\" \/>\n<meta property=\"og:url\" content=\"https:\/\/www.sinpro-rio.org.br\/principal\/ensino-da-engenharia-e-tema-de-seminario-no-rio-de-janeiro\/\" \/>\n<meta property=\"og:site_name\" content=\"Sinpro-Rio\" \/>\n<meta property=\"article:published_time\" content=\"2015-09-15T00:00:00+00:00\" \/>\n<meta name=\"author\" content=\"rafaelrjp\" \/>\n<meta name=\"twitter:card\" content=\"summary_large_image\" \/>\n<meta name=\"twitter:label1\" content=\"Escrito por\" \/>\n\t<meta name=\"twitter:data1\" content=\"rafaelrjp\" \/>\n\t<meta name=\"twitter:label2\" content=\"Est. tempo de leitura\" \/>\n\t<meta name=\"twitter:data2\" content=\"2 minutos\" \/>\n<script type=\"application\/ld+json\" class=\"yoast-schema-graph\">{\"@context\":\"https:\/\/schema.org\",\"@graph\":[{\"@type\":\"WebPage\",\"@id\":\"https:\/\/www.sinpro-rio.org.br\/principal\/ensino-da-engenharia-e-tema-de-seminario-no-rio-de-janeiro\/\",\"url\":\"https:\/\/www.sinpro-rio.org.br\/principal\/ensino-da-engenharia-e-tema-de-seminario-no-rio-de-janeiro\/\",\"name\":\"Ensino da engenharia \u00e9 tema de semin\u00e1rio no Rio de Janeiro - Sinpro-Rio\",\"isPartOf\":{\"@id\":\"https:\/\/www.sinpro-rio.org.br\/principal\/#website\"},\"datePublished\":\"2015-09-15T00:00:00+00:00\",\"author\":{\"@id\":\"https:\/\/www.sinpro-rio.org.br\/principal\/#\/schema\/person\/49feb585a2f57a31a6bd9f16f78e5be6\"},\"breadcrumb\":{\"@id\":\"https:\/\/www.sinpro-rio.org.br\/principal\/ensino-da-engenharia-e-tema-de-seminario-no-rio-de-janeiro\/#breadcrumb\"},\"inLanguage\":\"pt-BR\",\"potentialAction\":[{\"@type\":\"ReadAction\",\"target\":[\"https:\/\/www.sinpro-rio.org.br\/principal\/ensino-da-engenharia-e-tema-de-seminario-no-rio-de-janeiro\/\"]}]},{\"@type\":\"BreadcrumbList\",\"@id\":\"https:\/\/www.sinpro-rio.org.br\/principal\/ensino-da-engenharia-e-tema-de-seminario-no-rio-de-janeiro\/#breadcrumb\",\"itemListElement\":[{\"@type\":\"ListItem\",\"position\":1,\"name\":\"In\u00edcio\",\"item\":\"https:\/\/www.sinpro-rio.org.br\/principal\/\"},{\"@type\":\"ListItem\",\"position\":2,\"name\":\"Ensino da engenharia \u00e9 tema de semin\u00e1rio no Rio de Janeiro\"}]},{\"@type\":\"WebSite\",\"@id\":\"https:\/\/www.sinpro-rio.org.br\/principal\/#website\",\"url\":\"https:\/\/www.sinpro-rio.org.br\/principal\/\",\"name\":\"Sinpro-Rio\",\"description\":\"Sindicato dos Professores do Munic\u00edpio do Rio de Janeiro e Regi\u00e3o\",\"potentialAction\":[{\"@type\":\"SearchAction\",\"target\":{\"@type\":\"EntryPoint\",\"urlTemplate\":\"https:\/\/www.sinpro-rio.org.br\/principal\/?s={search_term_string}\"},\"query-input\":{\"@type\":\"PropertyValueSpecification\",\"valueRequired\":true,\"valueName\":\"search_term_string\"}}],\"inLanguage\":\"pt-BR\"},{\"@type\":\"Person\",\"@id\":\"https:\/\/www.sinpro-rio.org.br\/principal\/#\/schema\/person\/49feb585a2f57a31a6bd9f16f78e5be6\",\"name\":\"rafaelrjp\",\"image\":{\"@type\":\"ImageObject\",\"inLanguage\":\"pt-BR\",\"@id\":\"https:\/\/www.sinpro-rio.org.br\/principal\/#\/schema\/person\/image\/\",\"url\":\"https:\/\/secure.gravatar.com\/avatar\/489371a0ba4655c340b519882c68cf68?s=96&d=mm&r=g\",\"contentUrl\":\"https:\/\/secure.gravatar.com\/avatar\/489371a0ba4655c340b519882c68cf68?s=96&d=mm&r=g\",\"caption\":\"rafaelrjp\"},\"url\":\"https:\/\/www.sinpro-rio.org.br\/principal\/author\/rafaelrjp\/\"}]}<\/script>\n<!-- \/ Yoast SEO plugin. -->","yoast_head_json":{"title":"Ensino da engenharia \u00e9 tema de semin\u00e1rio no Rio de Janeiro - Sinpro-Rio","robots":{"index":"index","follow":"follow","max-snippet":"max-snippet:-1","max-image-preview":"max-image-preview:large","max-video-preview":"max-video-preview:-1"},"canonical":"https:\/\/www.sinpro-rio.org.br\/principal\/ensino-da-engenharia-e-tema-de-seminario-no-rio-de-janeiro\/","og_locale":"pt_BR","og_type":"article","og_title":"Ensino da engenharia \u00e9 tema de semin\u00e1rio no Rio de Janeiro - Sinpro-Rio","og_description":"15\/09\/2015 Entre os dias 25 e 26\/9, acontecer\u00e1 o semin\u00e1rio &#8220;A engenharia do s\u00e9culo XXI&#8221;, no Rio de Janeiro. Promovido pela Federa\u00e7\u00e3o Interestadual de Sindicatos de Engenheiros (Fisenge) e Escola Polit\u00e9cnica da UFRJ, o semin\u00e1rio tem o objetivo de analisar o novo cen\u00e1rio no qual a engenharia se insere, detectar os principais problemas e os [&hellip;]","og_url":"https:\/\/www.sinpro-rio.org.br\/principal\/ensino-da-engenharia-e-tema-de-seminario-no-rio-de-janeiro\/","og_site_name":"Sinpro-Rio","article_published_time":"2015-09-15T00:00:00+00:00","author":"rafaelrjp","twitter_card":"summary_large_image","twitter_misc":{"Escrito por":"rafaelrjp","Est. tempo de leitura":"2 minutos"},"schema":{"@context":"https:\/\/schema.org","@graph":[{"@type":"WebPage","@id":"https:\/\/www.sinpro-rio.org.br\/principal\/ensino-da-engenharia-e-tema-de-seminario-no-rio-de-janeiro\/","url":"https:\/\/www.sinpro-rio.org.br\/principal\/ensino-da-engenharia-e-tema-de-seminario-no-rio-de-janeiro\/","name":"Ensino da engenharia \u00e9 tema de semin\u00e1rio no Rio de Janeiro - Sinpro-Rio","isPartOf":{"@id":"https:\/\/www.sinpro-rio.org.br\/principal\/#website"},"datePublished":"2015-09-15T00:00:00+00:00","author":{"@id":"https:\/\/www.sinpro-rio.org.br\/principal\/#\/schema\/person\/49feb585a2f57a31a6bd9f16f78e5be6"},"breadcrumb":{"@id":"https:\/\/www.sinpro-rio.org.br\/principal\/ensino-da-engenharia-e-tema-de-seminario-no-rio-de-janeiro\/#breadcrumb"},"inLanguage":"pt-BR","potentialAction":[{"@type":"ReadAction","target":["https:\/\/www.sinpro-rio.org.br\/principal\/ensino-da-engenharia-e-tema-de-seminario-no-rio-de-janeiro\/"]}]},{"@type":"BreadcrumbList","@id":"https:\/\/www.sinpro-rio.org.br\/principal\/ensino-da-engenharia-e-tema-de-seminario-no-rio-de-janeiro\/#breadcrumb","itemListElement":[{"@type":"ListItem","position":1,"name":"In\u00edcio","item":"https:\/\/www.sinpro-rio.org.br\/principal\/"},{"@type":"ListItem","position":2,"name":"Ensino da engenharia \u00e9 tema de semin\u00e1rio no Rio de Janeiro"}]},{"@type":"WebSite","@id":"https:\/\/www.sinpro-rio.org.br\/principal\/#website","url":"https:\/\/www.sinpro-rio.org.br\/principal\/","name":"Sinpro-Rio","description":"Sindicato dos Professores do Munic\u00edpio do Rio de Janeiro e Regi\u00e3o","potentialAction":[{"@type":"SearchAction","target":{"@type":"EntryPoint","urlTemplate":"https:\/\/www.sinpro-rio.org.br\/principal\/?s={search_term_string}"},"query-input":{"@type":"PropertyValueSpecification","valueRequired":true,"valueName":"search_term_string"}}],"inLanguage":"pt-BR"},{"@type":"Person","@id":"https:\/\/www.sinpro-rio.org.br\/principal\/#\/schema\/person\/49feb585a2f57a31a6bd9f16f78e5be6","name":"rafaelrjp","image":{"@type":"ImageObject","inLanguage":"pt-BR","@id":"https:\/\/www.sinpro-rio.org.br\/principal\/#\/schema\/person\/image\/","url":"https:\/\/secure.gravatar.com\/avatar\/489371a0ba4655c340b519882c68cf68?s=96&d=mm&r=g","contentUrl":"https:\/\/secure.gravatar.com\/avatar\/489371a0ba4655c340b519882c68cf68?s=96&d=mm&r=g","caption":"rafaelrjp"},"url":"https:\/\/www.sinpro-rio.org.br\/principal\/author\/rafaelrjp\/"}]}},"_links":{"self":[{"href":"https:\/\/www.sinpro-rio.org.br\/principal\/wp-json\/wp\/v2\/posts\/20026","targetHints":{"allow":["GET"]}}],"collection":[{"href":"https:\/\/www.sinpro-rio.org.br\/principal\/wp-json\/wp\/v2\/posts"}],"about":[{"href":"https:\/\/www.sinpro-rio.org.br\/principal\/wp-json\/wp\/v2\/types\/post"}],"author":[{"embeddable":true,"href":"https:\/\/www.sinpro-rio.org.br\/principal\/wp-json\/wp\/v2\/users\/1"}],"replies":[{"embeddable":true,"href":"https:\/\/www.sinpro-rio.org.br\/principal\/wp-json\/wp\/v2\/comments?post=20026"}],"version-history":[{"count":0,"href":"https:\/\/www.sinpro-rio.org.br\/principal\/wp-json\/wp\/v2\/posts\/20026\/revisions"}],"wp:attachment":[{"href":"https:\/\/www.sinpro-rio.org.br\/principal\/wp-json\/wp\/v2\/media?parent=20026"}],"wp:term":[{"taxonomy":"category","embeddable":true,"href":"https:\/\/www.sinpro-rio.org.br\/principal\/wp-json\/wp\/v2\/categories?post=20026"},{"taxonomy":"post_tag","embeddable":true,"href":"https:\/\/www.sinpro-rio.org.br\/principal\/wp-json\/wp\/v2\/tags?post=20026"}],"curies":[{"name":"wp","href":"https:\/\/api.w.org\/{rel}","templated":true}]}}