{"id":20021,"date":"2015-09-18T00:00:00","date_gmt":"2015-09-18T00:00:00","guid":{"rendered":""},"modified":"-0001-11-30T00:00:00","modified_gmt":"-0001-11-30T03:00:00","slug":"homenagem-a-prof-da-uerj-maria-helena-moreira-alves-23-09-18h-no-vivo-rio","status":"publish","type":"post","link":"https:\/\/www.sinpro-rio.org.br\/principal\/homenagem-a-prof-da-uerj-maria-helena-moreira-alves-23-09-18h-no-vivo-rio\/","title":{"rendered":"Homenagem \u00e0 prof\u00aa da Uerj Maria Helena Moreira Alves: 23\/09, 18h, no Vivo Rio"},"content":{"rendered":"\n<p>\n <em><br \/>\n  18\/09\/2015<br \/>\n <\/em>\n<\/p>\n<p>\n No dia 23 de setembro, quarta-feira, \u00e0s 18 horas, ser\u00e1 realizada uma homenagem \u00e0 professora Maria Helena Moreira Alves, no Vivo Rio.<\/p>\n<p>\n  Falecida no dia 27 de julho, Maria Helena foi professora da Universidade do Estado do Rio de Janeiro (Uerj) e, na data de falecimento, morava em Cuba.\n <\/p>\n<\/p>\n<p>\n Falecida no dia 27 de julho, Maria Helena foi professora da Universidade do Estado do Rio de Janeiro (Uerj) e, na data de falecimento, morava em Cuba.<\/p>\n","protected":false},"excerpt":{"rendered":"<p>18\/09\/2015 No dia 23 de setembro, quarta-feira, \u00e0s 18 horas, ser\u00e1 realizada uma homenagem \u00e0 professora Maria Helena Moreira Alves, no Vivo Rio. Falecida no dia 27 de julho, Maria Helena foi professora da Universidade do Estado do Rio de Janeiro (Uerj) e, na data de falecimento, morava em Cuba. Falecida no dia 27 de [&hellip;]<\/p>\n","protected":false},"author":1,"featured_media":0,"comment_status":"closed","ping_status":"open","sticky":false,"template":"","format":"standard","meta":{"footnotes":""},"categories":[1],"tags":[],"class_list":["post-20021","post","type-post","status-publish","format-standard","hentry","category-noticias"],"yoast_head":"<!-- This site is optimized with the Yoast SEO plugin v25.7 - https:\/\/yoast.com\/wordpress\/plugins\/seo\/ -->\n<title>Homenagem \u00e0 prof\u00aa da Uerj Maria Helena Moreira Alves: 23\/09, 18h, no Vivo Rio - Sinpro-Rio<\/title>\n<meta name=\"robots\" content=\"index, follow, max-snippet:-1, max-image-preview:large, max-video-preview:-1\" \/>\n<link rel=\"canonical\" href=\"https:\/\/www.sinpro-rio.org.br\/principal\/homenagem-a-prof-da-uerj-maria-helena-moreira-alves-23-09-18h-no-vivo-rio\/\" \/>\n<meta property=\"og:locale\" content=\"pt_BR\" \/>\n<meta property=\"og:type\" content=\"article\" \/>\n<meta property=\"og:title\" content=\"Homenagem \u00e0 prof\u00aa da Uerj Maria Helena Moreira Alves: 23\/09, 18h, no Vivo Rio - Sinpro-Rio\" \/>\n<meta property=\"og:description\" content=\"18\/09\/2015 No dia 23 de setembro, quarta-feira, \u00e0s 18 horas, ser\u00e1 realizada uma homenagem \u00e0 professora Maria Helena Moreira Alves, no Vivo Rio. Falecida no dia 27 de julho, Maria Helena foi professora da Universidade do Estado do Rio de Janeiro (Uerj) e, na data de falecimento, morava em Cuba. Falecida no dia 27 de [&hellip;]\" \/>\n<meta property=\"og:url\" content=\"https:\/\/www.sinpro-rio.org.br\/principal\/homenagem-a-prof-da-uerj-maria-helena-moreira-alves-23-09-18h-no-vivo-rio\/\" \/>\n<meta property=\"og:site_name\" content=\"Sinpro-Rio\" \/>\n<meta property=\"article:published_time\" content=\"2015-09-18T00:00:00+00:00\" \/>\n<meta name=\"author\" content=\"rafaelrjp\" \/>\n<meta name=\"twitter:card\" content=\"summary_large_image\" \/>\n<meta name=\"twitter:label1\" content=\"Escrito por\" \/>\n\t<meta name=\"twitter:data1\" content=\"rafaelrjp\" \/>\n<script type=\"application\/ld+json\" class=\"yoast-schema-graph\">{\"@context\":\"https:\/\/schema.org\",\"@graph\":[{\"@type\":\"WebPage\",\"@id\":\"https:\/\/www.sinpro-rio.org.br\/principal\/homenagem-a-prof-da-uerj-maria-helena-moreira-alves-23-09-18h-no-vivo-rio\/\",\"url\":\"https:\/\/www.sinpro-rio.org.br\/principal\/homenagem-a-prof-da-uerj-maria-helena-moreira-alves-23-09-18h-no-vivo-rio\/\",\"name\":\"Homenagem \u00e0 prof\u00aa da Uerj Maria Helena Moreira Alves: 23\/09, 18h, no Vivo Rio - Sinpro-Rio\",\"isPartOf\":{\"@id\":\"https:\/\/www.sinpro-rio.org.br\/principal\/#website\"},\"datePublished\":\"2015-09-18T00:00:00+00:00\",\"author\":{\"@id\":\"https:\/\/www.sinpro-rio.org.br\/principal\/#\/schema\/person\/49feb585a2f57a31a6bd9f16f78e5be6\"},\"breadcrumb\":{\"@id\":\"https:\/\/www.sinpro-rio.org.br\/principal\/homenagem-a-prof-da-uerj-maria-helena-moreira-alves-23-09-18h-no-vivo-rio\/#breadcrumb\"},\"inLanguage\":\"pt-BR\",\"potentialAction\":[{\"@type\":\"ReadAction\",\"target\":[\"https:\/\/www.sinpro-rio.org.br\/principal\/homenagem-a-prof-da-uerj-maria-helena-moreira-alves-23-09-18h-no-vivo-rio\/\"]}]},{\"@type\":\"BreadcrumbList\",\"@id\":\"https:\/\/www.sinpro-rio.org.br\/principal\/homenagem-a-prof-da-uerj-maria-helena-moreira-alves-23-09-18h-no-vivo-rio\/#breadcrumb\",\"itemListElement\":[{\"@type\":\"ListItem\",\"position\":1,\"name\":\"In\u00edcio\",\"item\":\"https:\/\/www.sinpro-rio.org.br\/principal\/\"},{\"@type\":\"ListItem\",\"position\":2,\"name\":\"Homenagem \u00e0 prof\u00aa da Uerj Maria Helena Moreira Alves: 23\/09, 18h, no Vivo Rio\"}]},{\"@type\":\"WebSite\",\"@id\":\"https:\/\/www.sinpro-rio.org.br\/principal\/#website\",\"url\":\"https:\/\/www.sinpro-rio.org.br\/principal\/\",\"name\":\"Sinpro-Rio\",\"description\":\"Sindicato dos Professores do Munic\u00edpio do Rio de Janeiro e Regi\u00e3o\",\"potentialAction\":[{\"@type\":\"SearchAction\",\"target\":{\"@type\":\"EntryPoint\",\"urlTemplate\":\"https:\/\/www.sinpro-rio.org.br\/principal\/?s={search_term_string}\"},\"query-input\":{\"@type\":\"PropertyValueSpecification\",\"valueRequired\":true,\"valueName\":\"search_term_string\"}}],\"inLanguage\":\"pt-BR\"},{\"@type\":\"Person\",\"@id\":\"https:\/\/www.sinpro-rio.org.br\/principal\/#\/schema\/person\/49feb585a2f57a31a6bd9f16f78e5be6\",\"name\":\"rafaelrjp\",\"image\":{\"@type\":\"ImageObject\",\"inLanguage\":\"pt-BR\",\"@id\":\"https:\/\/www.sinpro-rio.org.br\/principal\/#\/schema\/person\/image\/\",\"url\":\"https:\/\/secure.gravatar.com\/avatar\/489371a0ba4655c340b519882c68cf68?s=96&d=mm&r=g\",\"contentUrl\":\"https:\/\/secure.gravatar.com\/avatar\/489371a0ba4655c340b519882c68cf68?s=96&d=mm&r=g\",\"caption\":\"rafaelrjp\"},\"url\":\"https:\/\/www.sinpro-rio.org.br\/principal\/author\/rafaelrjp\/\"}]}<\/script>\n<!-- \/ Yoast SEO plugin. -->","yoast_head_json":{"title":"Homenagem \u00e0 prof\u00aa da Uerj Maria Helena Moreira Alves: 23\/09, 18h, no Vivo Rio - Sinpro-Rio","robots":{"index":"index","follow":"follow","max-snippet":"max-snippet:-1","max-image-preview":"max-image-preview:large","max-video-preview":"max-video-preview:-1"},"canonical":"https:\/\/www.sinpro-rio.org.br\/principal\/homenagem-a-prof-da-uerj-maria-helena-moreira-alves-23-09-18h-no-vivo-rio\/","og_locale":"pt_BR","og_type":"article","og_title":"Homenagem \u00e0 prof\u00aa da Uerj Maria Helena Moreira Alves: 23\/09, 18h, no Vivo Rio - Sinpro-Rio","og_description":"18\/09\/2015 No dia 23 de setembro, quarta-feira, \u00e0s 18 horas, ser\u00e1 realizada uma homenagem \u00e0 professora Maria Helena Moreira Alves, no Vivo Rio. Falecida no dia 27 de julho, Maria Helena foi professora da Universidade do Estado do Rio de Janeiro (Uerj) e, na data de falecimento, morava em Cuba. Falecida no dia 27 de [&hellip;]","og_url":"https:\/\/www.sinpro-rio.org.br\/principal\/homenagem-a-prof-da-uerj-maria-helena-moreira-alves-23-09-18h-no-vivo-rio\/","og_site_name":"Sinpro-Rio","article_published_time":"2015-09-18T00:00:00+00:00","author":"rafaelrjp","twitter_card":"summary_large_image","twitter_misc":{"Escrito por":"rafaelrjp"},"schema":{"@context":"https:\/\/schema.org","@graph":[{"@type":"WebPage","@id":"https:\/\/www.sinpro-rio.org.br\/principal\/homenagem-a-prof-da-uerj-maria-helena-moreira-alves-23-09-18h-no-vivo-rio\/","url":"https:\/\/www.sinpro-rio.org.br\/principal\/homenagem-a-prof-da-uerj-maria-helena-moreira-alves-23-09-18h-no-vivo-rio\/","name":"Homenagem \u00e0 prof\u00aa da Uerj Maria Helena Moreira Alves: 23\/09, 18h, no Vivo Rio - Sinpro-Rio","isPartOf":{"@id":"https:\/\/www.sinpro-rio.org.br\/principal\/#website"},"datePublished":"2015-09-18T00:00:00+00:00","author":{"@id":"https:\/\/www.sinpro-rio.org.br\/principal\/#\/schema\/person\/49feb585a2f57a31a6bd9f16f78e5be6"},"breadcrumb":{"@id":"https:\/\/www.sinpro-rio.org.br\/principal\/homenagem-a-prof-da-uerj-maria-helena-moreira-alves-23-09-18h-no-vivo-rio\/#breadcrumb"},"inLanguage":"pt-BR","potentialAction":[{"@type":"ReadAction","target":["https:\/\/www.sinpro-rio.org.br\/principal\/homenagem-a-prof-da-uerj-maria-helena-moreira-alves-23-09-18h-no-vivo-rio\/"]}]},{"@type":"BreadcrumbList","@id":"https:\/\/www.sinpro-rio.org.br\/principal\/homenagem-a-prof-da-uerj-maria-helena-moreira-alves-23-09-18h-no-vivo-rio\/#breadcrumb","itemListElement":[{"@type":"ListItem","position":1,"name":"In\u00edcio","item":"https:\/\/www.sinpro-rio.org.br\/principal\/"},{"@type":"ListItem","position":2,"name":"Homenagem \u00e0 prof\u00aa da Uerj Maria Helena Moreira Alves: 23\/09, 18h, no Vivo Rio"}]},{"@type":"WebSite","@id":"https:\/\/www.sinpro-rio.org.br\/principal\/#website","url":"https:\/\/www.sinpro-rio.org.br\/principal\/","name":"Sinpro-Rio","description":"Sindicato dos Professores do Munic\u00edpio do Rio de Janeiro e Regi\u00e3o","potentialAction":[{"@type":"SearchAction","target":{"@type":"EntryPoint","urlTemplate":"https:\/\/www.sinpro-rio.org.br\/principal\/?s={search_term_string}"},"query-input":{"@type":"PropertyValueSpecification","valueRequired":true,"valueName":"search_term_string"}}],"inLanguage":"pt-BR"},{"@type":"Person","@id":"https:\/\/www.sinpro-rio.org.br\/principal\/#\/schema\/person\/49feb585a2f57a31a6bd9f16f78e5be6","name":"rafaelrjp","image":{"@type":"ImageObject","inLanguage":"pt-BR","@id":"https:\/\/www.sinpro-rio.org.br\/principal\/#\/schema\/person\/image\/","url":"https:\/\/secure.gravatar.com\/avatar\/489371a0ba4655c340b519882c68cf68?s=96&d=mm&r=g","contentUrl":"https:\/\/secure.gravatar.com\/avatar\/489371a0ba4655c340b519882c68cf68?s=96&d=mm&r=g","caption":"rafaelrjp"},"url":"https:\/\/www.sinpro-rio.org.br\/principal\/author\/rafaelrjp\/"}]}},"_links":{"self":[{"href":"https:\/\/www.sinpro-rio.org.br\/principal\/wp-json\/wp\/v2\/posts\/20021","targetHints":{"allow":["GET"]}}],"collection":[{"href":"https:\/\/www.sinpro-rio.org.br\/principal\/wp-json\/wp\/v2\/posts"}],"about":[{"href":"https:\/\/www.sinpro-rio.org.br\/principal\/wp-json\/wp\/v2\/types\/post"}],"author":[{"embeddable":true,"href":"https:\/\/www.sinpro-rio.org.br\/principal\/wp-json\/wp\/v2\/users\/1"}],"replies":[{"embeddable":true,"href":"https:\/\/www.sinpro-rio.org.br\/principal\/wp-json\/wp\/v2\/comments?post=20021"}],"version-history":[{"count":0,"href":"https:\/\/www.sinpro-rio.org.br\/principal\/wp-json\/wp\/v2\/posts\/20021\/revisions"}],"wp:attachment":[{"href":"https:\/\/www.sinpro-rio.org.br\/principal\/wp-json\/wp\/v2\/media?parent=20021"}],"wp:term":[{"taxonomy":"category","embeddable":true,"href":"https:\/\/www.sinpro-rio.org.br\/principal\/wp-json\/wp\/v2\/categories?post=20021"},{"taxonomy":"post_tag","embeddable":true,"href":"https:\/\/www.sinpro-rio.org.br\/principal\/wp-json\/wp\/v2\/tags?post=20021"}],"curies":[{"name":"wp","href":"https:\/\/api.w.org\/{rel}","templated":true}]}}