{"id":20017,"date":"2015-09-24T00:00:00","date_gmt":"2015-09-24T00:00:00","guid":{"rendered":""},"modified":"-0001-11-30T00:00:00","modified_gmt":"-0001-11-30T03:00:00","slug":"base-nacional-comum-apresenta-texto-preliminar","status":"publish","type":"post","link":"https:\/\/www.sinpro-rio.org.br\/principal\/base-nacional-comum-apresenta-texto-preliminar\/","title":{"rendered":"Base Nacional Comum apresenta texto preliminar"},"content":{"rendered":"\n<p>\n <em><br \/>\n  24\/09\/2015<br \/>\n <\/em>\n<\/p>\n<p>\n O documento de refer\u00eancia re\u00fane direitos de aprendizagem para a educa\u00e7\u00e3o b\u00e1sica. As contribui\u00e7\u00f5es podem ser enviadas a partir do dia 25 pr\u00f3ximo, at\u00e9 15 de<br \/>\ndezembro.<\/p>\n<p>\n  Veja aqui um breve v\u00eddeo:<br \/>\n  <br \/>\n  <embed autostart=\"false\" src=\"http:\/\/centraldemidia.mec.gov.br\/index.php?option=com_hwdmediashare&amp;task=get.embed&amp;id=10453&amp;filter_mediaType=4&amp;Itemid=444&amp;width=235&amp;height=150&amp;Itemid=444\"\/><\/p>\n<p>\n   Confira a<br \/>\n   <a href=\"http:\/\/www.sinprorio.pro.br\/site_antigo\/download\/diversos\/apresentacao-basecurricular2015.pptx\"><br \/>\n    apresenta\u00e7\u00e3o<br \/>\n   <\/a><br \/>\n   e o<br \/>\n   <a href=\"http:\/\/www.sinprorio.pro.br\/site_antigo\/download\/diversos\/BNCC-APRESENTACAO.pdf\"><br \/>\n    documento<br \/>\n   <\/a><br \/>\n   preliminar da Base Comum Nacional Curricular.\n  <\/p>\n<\/p>\n<p>\n Veja aqui um breve v\u00eddeo:<br \/>\n <br \/>\n <embed autostart=\"false\" src=\"http:\/\/centraldemidia.mec.gov.br\/index.php?option=com_hwdmediashare&amp;task=get.embed&amp;id=10453&amp;filter_mediaType=4&amp;Itemid=444&amp;width=235&amp;height=150&amp;Itemid=444\"\/><\/p>\n<p>\n  Confira a<br \/>\n  <a href=\"http:\/\/www.sinprorio.pro.br\/site_antigo\/download\/diversos\/apresentacao-basecurricular2015.pptx\"><br \/>\n   apresenta\u00e7\u00e3o<br \/>\n  <\/a><br \/>\n  e o<br \/>\n  <a href=\"http:\/\/www.sinprorio.pro.br\/site_antigo\/download\/diversos\/BNCC-APRESENTACAO.pdf\"><br \/>\n   documento<br \/>\n  <\/a><br \/>\n  preliminar da Base Comum Nacional Curricular.\n <\/p>\n<\/p>\n<p>\n Confira a<br \/>\n <a href=\"http:\/\/www.sinprorio.pro.br\/site_antigo\/download\/diversos\/apresentacao-basecurricular2015.pptx\"><br \/>\n  apresenta\u00e7\u00e3o<br \/>\n <\/a><br \/>\n e o<br \/>\n <a href=\"http:\/\/www.sinprorio.pro.br\/site_antigo\/download\/diversos\/BNCC-APRESENTACAO.pdf\"><br \/>\n  documento<br \/>\n <\/a><br \/>\n preliminar da Base Comum Nacional Curricular.<\/p>\n","protected":false},"excerpt":{"rendered":"<p>24\/09\/2015 O documento de refer\u00eancia re\u00fane direitos de aprendizagem para a educa\u00e7\u00e3o b\u00e1sica. As contribui\u00e7\u00f5es podem ser enviadas a partir do dia 25 pr\u00f3ximo, at\u00e9 15 de dezembro. Veja aqui um breve v\u00eddeo: Confira a apresenta\u00e7\u00e3o e o documento preliminar da Base Comum Nacional Curricular. Veja aqui um breve v\u00eddeo: Confira a apresenta\u00e7\u00e3o e o [&hellip;]<\/p>\n","protected":false},"author":1,"featured_media":0,"comment_status":"closed","ping_status":"open","sticky":false,"template":"","format":"standard","meta":{"footnotes":""},"categories":[1],"tags":[],"class_list":["post-20017","post","type-post","status-publish","format-standard","hentry","category-noticias"],"yoast_head":"<!-- This site is optimized with the Yoast SEO plugin v25.7 - https:\/\/yoast.com\/wordpress\/plugins\/seo\/ -->\n<title>Base Nacional Comum apresenta texto preliminar - Sinpro-Rio<\/title>\n<meta name=\"robots\" content=\"index, follow, max-snippet:-1, max-image-preview:large, max-video-preview:-1\" \/>\n<link rel=\"canonical\" href=\"https:\/\/www.sinpro-rio.org.br\/principal\/base-nacional-comum-apresenta-texto-preliminar\/\" \/>\n<meta property=\"og:locale\" content=\"pt_BR\" \/>\n<meta property=\"og:type\" content=\"article\" \/>\n<meta property=\"og:title\" content=\"Base Nacional Comum apresenta texto preliminar - Sinpro-Rio\" \/>\n<meta property=\"og:description\" content=\"24\/09\/2015 O documento de refer\u00eancia re\u00fane direitos de aprendizagem para a educa\u00e7\u00e3o b\u00e1sica. As contribui\u00e7\u00f5es podem ser enviadas a partir do dia 25 pr\u00f3ximo, at\u00e9 15 de dezembro. Veja aqui um breve v\u00eddeo: Confira a apresenta\u00e7\u00e3o e o documento preliminar da Base Comum Nacional Curricular. Veja aqui um breve v\u00eddeo: Confira a apresenta\u00e7\u00e3o e o [&hellip;]\" \/>\n<meta property=\"og:url\" content=\"https:\/\/www.sinpro-rio.org.br\/principal\/base-nacional-comum-apresenta-texto-preliminar\/\" \/>\n<meta property=\"og:site_name\" content=\"Sinpro-Rio\" \/>\n<meta property=\"article:published_time\" content=\"2015-09-24T00:00:00+00:00\" \/>\n<meta name=\"author\" content=\"rafaelrjp\" \/>\n<meta name=\"twitter:card\" content=\"summary_large_image\" \/>\n<meta name=\"twitter:label1\" content=\"Escrito por\" \/>\n\t<meta name=\"twitter:data1\" content=\"rafaelrjp\" \/>\n<script type=\"application\/ld+json\" class=\"yoast-schema-graph\">{\"@context\":\"https:\/\/schema.org\",\"@graph\":[{\"@type\":\"WebPage\",\"@id\":\"https:\/\/www.sinpro-rio.org.br\/principal\/base-nacional-comum-apresenta-texto-preliminar\/\",\"url\":\"https:\/\/www.sinpro-rio.org.br\/principal\/base-nacional-comum-apresenta-texto-preliminar\/\",\"name\":\"Base Nacional Comum apresenta texto preliminar - Sinpro-Rio\",\"isPartOf\":{\"@id\":\"https:\/\/www.sinpro-rio.org.br\/principal\/#website\"},\"datePublished\":\"2015-09-24T00:00:00+00:00\",\"author\":{\"@id\":\"https:\/\/www.sinpro-rio.org.br\/principal\/#\/schema\/person\/49feb585a2f57a31a6bd9f16f78e5be6\"},\"breadcrumb\":{\"@id\":\"https:\/\/www.sinpro-rio.org.br\/principal\/base-nacional-comum-apresenta-texto-preliminar\/#breadcrumb\"},\"inLanguage\":\"pt-BR\",\"potentialAction\":[{\"@type\":\"ReadAction\",\"target\":[\"https:\/\/www.sinpro-rio.org.br\/principal\/base-nacional-comum-apresenta-texto-preliminar\/\"]}]},{\"@type\":\"BreadcrumbList\",\"@id\":\"https:\/\/www.sinpro-rio.org.br\/principal\/base-nacional-comum-apresenta-texto-preliminar\/#breadcrumb\",\"itemListElement\":[{\"@type\":\"ListItem\",\"position\":1,\"name\":\"In\u00edcio\",\"item\":\"https:\/\/www.sinpro-rio.org.br\/principal\/\"},{\"@type\":\"ListItem\",\"position\":2,\"name\":\"Base Nacional Comum apresenta texto preliminar\"}]},{\"@type\":\"WebSite\",\"@id\":\"https:\/\/www.sinpro-rio.org.br\/principal\/#website\",\"url\":\"https:\/\/www.sinpro-rio.org.br\/principal\/\",\"name\":\"Sinpro-Rio\",\"description\":\"Sindicato dos Professores do Munic\u00edpio do Rio de Janeiro e Regi\u00e3o\",\"potentialAction\":[{\"@type\":\"SearchAction\",\"target\":{\"@type\":\"EntryPoint\",\"urlTemplate\":\"https:\/\/www.sinpro-rio.org.br\/principal\/?s={search_term_string}\"},\"query-input\":{\"@type\":\"PropertyValueSpecification\",\"valueRequired\":true,\"valueName\":\"search_term_string\"}}],\"inLanguage\":\"pt-BR\"},{\"@type\":\"Person\",\"@id\":\"https:\/\/www.sinpro-rio.org.br\/principal\/#\/schema\/person\/49feb585a2f57a31a6bd9f16f78e5be6\",\"name\":\"rafaelrjp\",\"image\":{\"@type\":\"ImageObject\",\"inLanguage\":\"pt-BR\",\"@id\":\"https:\/\/www.sinpro-rio.org.br\/principal\/#\/schema\/person\/image\/\",\"url\":\"https:\/\/secure.gravatar.com\/avatar\/489371a0ba4655c340b519882c68cf68?s=96&d=mm&r=g\",\"contentUrl\":\"https:\/\/secure.gravatar.com\/avatar\/489371a0ba4655c340b519882c68cf68?s=96&d=mm&r=g\",\"caption\":\"rafaelrjp\"},\"url\":\"https:\/\/www.sinpro-rio.org.br\/principal\/author\/rafaelrjp\/\"}]}<\/script>\n<!-- \/ Yoast SEO plugin. -->","yoast_head_json":{"title":"Base Nacional Comum apresenta texto preliminar - Sinpro-Rio","robots":{"index":"index","follow":"follow","max-snippet":"max-snippet:-1","max-image-preview":"max-image-preview:large","max-video-preview":"max-video-preview:-1"},"canonical":"https:\/\/www.sinpro-rio.org.br\/principal\/base-nacional-comum-apresenta-texto-preliminar\/","og_locale":"pt_BR","og_type":"article","og_title":"Base Nacional Comum apresenta texto preliminar - Sinpro-Rio","og_description":"24\/09\/2015 O documento de refer\u00eancia re\u00fane direitos de aprendizagem para a educa\u00e7\u00e3o b\u00e1sica. As contribui\u00e7\u00f5es podem ser enviadas a partir do dia 25 pr\u00f3ximo, at\u00e9 15 de dezembro. Veja aqui um breve v\u00eddeo: Confira a apresenta\u00e7\u00e3o e o documento preliminar da Base Comum Nacional Curricular. Veja aqui um breve v\u00eddeo: Confira a apresenta\u00e7\u00e3o e o [&hellip;]","og_url":"https:\/\/www.sinpro-rio.org.br\/principal\/base-nacional-comum-apresenta-texto-preliminar\/","og_site_name":"Sinpro-Rio","article_published_time":"2015-09-24T00:00:00+00:00","author":"rafaelrjp","twitter_card":"summary_large_image","twitter_misc":{"Escrito por":"rafaelrjp"},"schema":{"@context":"https:\/\/schema.org","@graph":[{"@type":"WebPage","@id":"https:\/\/www.sinpro-rio.org.br\/principal\/base-nacional-comum-apresenta-texto-preliminar\/","url":"https:\/\/www.sinpro-rio.org.br\/principal\/base-nacional-comum-apresenta-texto-preliminar\/","name":"Base Nacional Comum apresenta texto preliminar - Sinpro-Rio","isPartOf":{"@id":"https:\/\/www.sinpro-rio.org.br\/principal\/#website"},"datePublished":"2015-09-24T00:00:00+00:00","author":{"@id":"https:\/\/www.sinpro-rio.org.br\/principal\/#\/schema\/person\/49feb585a2f57a31a6bd9f16f78e5be6"},"breadcrumb":{"@id":"https:\/\/www.sinpro-rio.org.br\/principal\/base-nacional-comum-apresenta-texto-preliminar\/#breadcrumb"},"inLanguage":"pt-BR","potentialAction":[{"@type":"ReadAction","target":["https:\/\/www.sinpro-rio.org.br\/principal\/base-nacional-comum-apresenta-texto-preliminar\/"]}]},{"@type":"BreadcrumbList","@id":"https:\/\/www.sinpro-rio.org.br\/principal\/base-nacional-comum-apresenta-texto-preliminar\/#breadcrumb","itemListElement":[{"@type":"ListItem","position":1,"name":"In\u00edcio","item":"https:\/\/www.sinpro-rio.org.br\/principal\/"},{"@type":"ListItem","position":2,"name":"Base Nacional Comum apresenta texto preliminar"}]},{"@type":"WebSite","@id":"https:\/\/www.sinpro-rio.org.br\/principal\/#website","url":"https:\/\/www.sinpro-rio.org.br\/principal\/","name":"Sinpro-Rio","description":"Sindicato dos Professores do Munic\u00edpio do Rio de Janeiro e Regi\u00e3o","potentialAction":[{"@type":"SearchAction","target":{"@type":"EntryPoint","urlTemplate":"https:\/\/www.sinpro-rio.org.br\/principal\/?s={search_term_string}"},"query-input":{"@type":"PropertyValueSpecification","valueRequired":true,"valueName":"search_term_string"}}],"inLanguage":"pt-BR"},{"@type":"Person","@id":"https:\/\/www.sinpro-rio.org.br\/principal\/#\/schema\/person\/49feb585a2f57a31a6bd9f16f78e5be6","name":"rafaelrjp","image":{"@type":"ImageObject","inLanguage":"pt-BR","@id":"https:\/\/www.sinpro-rio.org.br\/principal\/#\/schema\/person\/image\/","url":"https:\/\/secure.gravatar.com\/avatar\/489371a0ba4655c340b519882c68cf68?s=96&d=mm&r=g","contentUrl":"https:\/\/secure.gravatar.com\/avatar\/489371a0ba4655c340b519882c68cf68?s=96&d=mm&r=g","caption":"rafaelrjp"},"url":"https:\/\/www.sinpro-rio.org.br\/principal\/author\/rafaelrjp\/"}]}},"_links":{"self":[{"href":"https:\/\/www.sinpro-rio.org.br\/principal\/wp-json\/wp\/v2\/posts\/20017","targetHints":{"allow":["GET"]}}],"collection":[{"href":"https:\/\/www.sinpro-rio.org.br\/principal\/wp-json\/wp\/v2\/posts"}],"about":[{"href":"https:\/\/www.sinpro-rio.org.br\/principal\/wp-json\/wp\/v2\/types\/post"}],"author":[{"embeddable":true,"href":"https:\/\/www.sinpro-rio.org.br\/principal\/wp-json\/wp\/v2\/users\/1"}],"replies":[{"embeddable":true,"href":"https:\/\/www.sinpro-rio.org.br\/principal\/wp-json\/wp\/v2\/comments?post=20017"}],"version-history":[{"count":0,"href":"https:\/\/www.sinpro-rio.org.br\/principal\/wp-json\/wp\/v2\/posts\/20017\/revisions"}],"wp:attachment":[{"href":"https:\/\/www.sinpro-rio.org.br\/principal\/wp-json\/wp\/v2\/media?parent=20017"}],"wp:term":[{"taxonomy":"category","embeddable":true,"href":"https:\/\/www.sinpro-rio.org.br\/principal\/wp-json\/wp\/v2\/categories?post=20017"},{"taxonomy":"post_tag","embeddable":true,"href":"https:\/\/www.sinpro-rio.org.br\/principal\/wp-json\/wp\/v2\/tags?post=20017"}],"curies":[{"name":"wp","href":"https:\/\/api.w.org\/{rel}","templated":true}]}}