{"id":20010,"date":"2015-10-01T00:00:00","date_gmt":"2015-10-01T00:00:00","guid":{"rendered":""},"modified":"-0001-11-30T00:00:00","modified_gmt":"-0001-11-30T03:00:00","slug":"nota-de-solidariedade-ao-sepe-rj-dois-anos-da-ac-o-violenta-contra-os-profissionais-de-educac-o","status":"publish","type":"post","link":"https:\/\/www.sinpro-rio.org.br\/principal\/nota-de-solidariedade-ao-sepe-rj-dois-anos-da-ac-o-violenta-contra-os-profissionais-de-educac-o\/","title":{"rendered":"Nota de Solidariedade ao Sepe-RJ: dois anos da A\u00e7\u00e3o violenta contra os profissionais de Educa\u00e7\u00e3o"},"content":{"rendered":"\n<p>\n <em><br \/>\n  01\/10\/2015<br \/>\n <\/em>\n<\/p>\n<p>\n O Sinpro-Rio conclama as escolas particulares a se juntarem aos profissionais da Educa\u00e7\u00e3o P\u00fablica no ato de rep\u00fadio \u00e0 a\u00e7\u00e3o violenta da Pol\u00edcia Militar contra esses profissionais, quando da aprova\u00e7\u00e3o do Plano de Carreira na C\u00e2mara Municipal do Rio, que hoje completa dois anos.<\/p>\n<p>\n  Na ocasi\u00e3o, os profissionais protestaram pacificamente contra esse plano, imposto pela Prefeitura, quando foram surpreendidos por bombas e agress\u00f5es por parte da pol\u00edcia.<\/p>\n<p>\n   O Sinpro-Rio reafirma seu compromisso com a defesa da Educa\u00e7\u00e3o P\u00fablica e parabeniza os profissionais da Educa\u00e7\u00e3o P\u00fablica por rememoriar essa a\u00e7\u00e3o, para que nunca mais se repita.\n  <\/p>\n<\/p>\n<p>\n Na ocasi\u00e3o, os profissionais protestaram pacificamente contra esse plano, imposto pela Prefeitura, quando foram surpreendidos por bombas e agress\u00f5es por parte da pol\u00edcia.<\/p>\n<p>\n  O Sinpro-Rio reafirma seu compromisso com a defesa da Educa\u00e7\u00e3o P\u00fablica e parabeniza os profissionais da Educa\u00e7\u00e3o P\u00fablica por rememoriar essa a\u00e7\u00e3o, para que nunca mais se repita.\n <\/p>\n<\/p>\n<p>\n O Sinpro-Rio reafirma seu compromisso com a defesa da Educa\u00e7\u00e3o P\u00fablica e parabeniza os profissionais da Educa\u00e7\u00e3o P\u00fablica por rememoriar essa a\u00e7\u00e3o, para que nunca mais se repita.<\/p>\n","protected":false},"excerpt":{"rendered":"<p>01\/10\/2015 O Sinpro-Rio conclama as escolas particulares a se juntarem aos profissionais da Educa\u00e7\u00e3o P\u00fablica no ato de rep\u00fadio \u00e0 a\u00e7\u00e3o violenta da Pol\u00edcia Militar contra esses profissionais, quando da aprova\u00e7\u00e3o do Plano de Carreira na C\u00e2mara Municipal do Rio, que hoje completa dois anos. Na ocasi\u00e3o, os profissionais protestaram pacificamente contra esse plano, imposto [&hellip;]<\/p>\n","protected":false},"author":1,"featured_media":0,"comment_status":"closed","ping_status":"open","sticky":false,"template":"","format":"standard","meta":{"footnotes":""},"categories":[1],"tags":[],"class_list":["post-20010","post","type-post","status-publish","format-standard","hentry","category-noticias"],"yoast_head":"<!-- This site is optimized with the Yoast SEO plugin v25.7 - https:\/\/yoast.com\/wordpress\/plugins\/seo\/ -->\n<title>Nota de Solidariedade ao Sepe-RJ: dois anos da A\u00e7\u00e3o violenta contra os profissionais de Educa\u00e7\u00e3o - Sinpro-Rio<\/title>\n<meta name=\"robots\" content=\"index, follow, max-snippet:-1, max-image-preview:large, max-video-preview:-1\" \/>\n<link rel=\"canonical\" href=\"https:\/\/www.sinpro-rio.org.br\/principal\/nota-de-solidariedade-ao-sepe-rj-dois-anos-da-ac-o-violenta-contra-os-profissionais-de-educac-o\/\" \/>\n<meta property=\"og:locale\" content=\"pt_BR\" \/>\n<meta property=\"og:type\" content=\"article\" \/>\n<meta property=\"og:title\" content=\"Nota de Solidariedade ao Sepe-RJ: dois anos da A\u00e7\u00e3o violenta contra os profissionais de Educa\u00e7\u00e3o - Sinpro-Rio\" \/>\n<meta property=\"og:description\" content=\"01\/10\/2015 O Sinpro-Rio conclama as escolas particulares a se juntarem aos profissionais da Educa\u00e7\u00e3o P\u00fablica no ato de rep\u00fadio \u00e0 a\u00e7\u00e3o violenta da Pol\u00edcia Militar contra esses profissionais, quando da aprova\u00e7\u00e3o do Plano de Carreira na C\u00e2mara Municipal do Rio, que hoje completa dois anos. Na ocasi\u00e3o, os profissionais protestaram pacificamente contra esse plano, imposto [&hellip;]\" \/>\n<meta property=\"og:url\" content=\"https:\/\/www.sinpro-rio.org.br\/principal\/nota-de-solidariedade-ao-sepe-rj-dois-anos-da-ac-o-violenta-contra-os-profissionais-de-educac-o\/\" \/>\n<meta property=\"og:site_name\" content=\"Sinpro-Rio\" \/>\n<meta property=\"article:published_time\" content=\"2015-10-01T00:00:00+00:00\" \/>\n<meta name=\"author\" content=\"rafaelrjp\" \/>\n<meta name=\"twitter:card\" content=\"summary_large_image\" \/>\n<meta name=\"twitter:label1\" content=\"Escrito por\" \/>\n\t<meta name=\"twitter:data1\" content=\"rafaelrjp\" \/>\n\t<meta name=\"twitter:label2\" content=\"Est. tempo de leitura\" \/>\n\t<meta name=\"twitter:data2\" content=\"1 minuto\" \/>\n<script type=\"application\/ld+json\" class=\"yoast-schema-graph\">{\"@context\":\"https:\/\/schema.org\",\"@graph\":[{\"@type\":\"WebPage\",\"@id\":\"https:\/\/www.sinpro-rio.org.br\/principal\/nota-de-solidariedade-ao-sepe-rj-dois-anos-da-ac-o-violenta-contra-os-profissionais-de-educac-o\/\",\"url\":\"https:\/\/www.sinpro-rio.org.br\/principal\/nota-de-solidariedade-ao-sepe-rj-dois-anos-da-ac-o-violenta-contra-os-profissionais-de-educac-o\/\",\"name\":\"Nota de Solidariedade ao Sepe-RJ: dois anos da A\u00e7\u00e3o violenta contra os profissionais de Educa\u00e7\u00e3o - Sinpro-Rio\",\"isPartOf\":{\"@id\":\"https:\/\/www.sinpro-rio.org.br\/principal\/#website\"},\"datePublished\":\"2015-10-01T00:00:00+00:00\",\"author\":{\"@id\":\"https:\/\/www.sinpro-rio.org.br\/principal\/#\/schema\/person\/49feb585a2f57a31a6bd9f16f78e5be6\"},\"breadcrumb\":{\"@id\":\"https:\/\/www.sinpro-rio.org.br\/principal\/nota-de-solidariedade-ao-sepe-rj-dois-anos-da-ac-o-violenta-contra-os-profissionais-de-educac-o\/#breadcrumb\"},\"inLanguage\":\"pt-BR\",\"potentialAction\":[{\"@type\":\"ReadAction\",\"target\":[\"https:\/\/www.sinpro-rio.org.br\/principal\/nota-de-solidariedade-ao-sepe-rj-dois-anos-da-ac-o-violenta-contra-os-profissionais-de-educac-o\/\"]}]},{\"@type\":\"BreadcrumbList\",\"@id\":\"https:\/\/www.sinpro-rio.org.br\/principal\/nota-de-solidariedade-ao-sepe-rj-dois-anos-da-ac-o-violenta-contra-os-profissionais-de-educac-o\/#breadcrumb\",\"itemListElement\":[{\"@type\":\"ListItem\",\"position\":1,\"name\":\"In\u00edcio\",\"item\":\"https:\/\/www.sinpro-rio.org.br\/principal\/\"},{\"@type\":\"ListItem\",\"position\":2,\"name\":\"Nota de Solidariedade ao Sepe-RJ: dois anos da A\u00e7\u00e3o violenta contra os profissionais de Educa\u00e7\u00e3o\"}]},{\"@type\":\"WebSite\",\"@id\":\"https:\/\/www.sinpro-rio.org.br\/principal\/#website\",\"url\":\"https:\/\/www.sinpro-rio.org.br\/principal\/\",\"name\":\"Sinpro-Rio\",\"description\":\"Sindicato dos Professores do Munic\u00edpio do Rio de Janeiro e Regi\u00e3o\",\"potentialAction\":[{\"@type\":\"SearchAction\",\"target\":{\"@type\":\"EntryPoint\",\"urlTemplate\":\"https:\/\/www.sinpro-rio.org.br\/principal\/?s={search_term_string}\"},\"query-input\":{\"@type\":\"PropertyValueSpecification\",\"valueRequired\":true,\"valueName\":\"search_term_string\"}}],\"inLanguage\":\"pt-BR\"},{\"@type\":\"Person\",\"@id\":\"https:\/\/www.sinpro-rio.org.br\/principal\/#\/schema\/person\/49feb585a2f57a31a6bd9f16f78e5be6\",\"name\":\"rafaelrjp\",\"image\":{\"@type\":\"ImageObject\",\"inLanguage\":\"pt-BR\",\"@id\":\"https:\/\/www.sinpro-rio.org.br\/principal\/#\/schema\/person\/image\/\",\"url\":\"https:\/\/secure.gravatar.com\/avatar\/489371a0ba4655c340b519882c68cf68?s=96&d=mm&r=g\",\"contentUrl\":\"https:\/\/secure.gravatar.com\/avatar\/489371a0ba4655c340b519882c68cf68?s=96&d=mm&r=g\",\"caption\":\"rafaelrjp\"},\"url\":\"https:\/\/www.sinpro-rio.org.br\/principal\/author\/rafaelrjp\/\"}]}<\/script>\n<!-- \/ Yoast SEO plugin. -->","yoast_head_json":{"title":"Nota de Solidariedade ao Sepe-RJ: dois anos da A\u00e7\u00e3o violenta contra os profissionais de Educa\u00e7\u00e3o - Sinpro-Rio","robots":{"index":"index","follow":"follow","max-snippet":"max-snippet:-1","max-image-preview":"max-image-preview:large","max-video-preview":"max-video-preview:-1"},"canonical":"https:\/\/www.sinpro-rio.org.br\/principal\/nota-de-solidariedade-ao-sepe-rj-dois-anos-da-ac-o-violenta-contra-os-profissionais-de-educac-o\/","og_locale":"pt_BR","og_type":"article","og_title":"Nota de Solidariedade ao Sepe-RJ: dois anos da A\u00e7\u00e3o violenta contra os profissionais de Educa\u00e7\u00e3o - Sinpro-Rio","og_description":"01\/10\/2015 O Sinpro-Rio conclama as escolas particulares a se juntarem aos profissionais da Educa\u00e7\u00e3o P\u00fablica no ato de rep\u00fadio \u00e0 a\u00e7\u00e3o violenta da Pol\u00edcia Militar contra esses profissionais, quando da aprova\u00e7\u00e3o do Plano de Carreira na C\u00e2mara Municipal do Rio, que hoje completa dois anos. Na ocasi\u00e3o, os profissionais protestaram pacificamente contra esse plano, imposto [&hellip;]","og_url":"https:\/\/www.sinpro-rio.org.br\/principal\/nota-de-solidariedade-ao-sepe-rj-dois-anos-da-ac-o-violenta-contra-os-profissionais-de-educac-o\/","og_site_name":"Sinpro-Rio","article_published_time":"2015-10-01T00:00:00+00:00","author":"rafaelrjp","twitter_card":"summary_large_image","twitter_misc":{"Escrito por":"rafaelrjp","Est. tempo de leitura":"1 minuto"},"schema":{"@context":"https:\/\/schema.org","@graph":[{"@type":"WebPage","@id":"https:\/\/www.sinpro-rio.org.br\/principal\/nota-de-solidariedade-ao-sepe-rj-dois-anos-da-ac-o-violenta-contra-os-profissionais-de-educac-o\/","url":"https:\/\/www.sinpro-rio.org.br\/principal\/nota-de-solidariedade-ao-sepe-rj-dois-anos-da-ac-o-violenta-contra-os-profissionais-de-educac-o\/","name":"Nota de Solidariedade ao Sepe-RJ: dois anos da A\u00e7\u00e3o violenta contra os profissionais de Educa\u00e7\u00e3o - Sinpro-Rio","isPartOf":{"@id":"https:\/\/www.sinpro-rio.org.br\/principal\/#website"},"datePublished":"2015-10-01T00:00:00+00:00","author":{"@id":"https:\/\/www.sinpro-rio.org.br\/principal\/#\/schema\/person\/49feb585a2f57a31a6bd9f16f78e5be6"},"breadcrumb":{"@id":"https:\/\/www.sinpro-rio.org.br\/principal\/nota-de-solidariedade-ao-sepe-rj-dois-anos-da-ac-o-violenta-contra-os-profissionais-de-educac-o\/#breadcrumb"},"inLanguage":"pt-BR","potentialAction":[{"@type":"ReadAction","target":["https:\/\/www.sinpro-rio.org.br\/principal\/nota-de-solidariedade-ao-sepe-rj-dois-anos-da-ac-o-violenta-contra-os-profissionais-de-educac-o\/"]}]},{"@type":"BreadcrumbList","@id":"https:\/\/www.sinpro-rio.org.br\/principal\/nota-de-solidariedade-ao-sepe-rj-dois-anos-da-ac-o-violenta-contra-os-profissionais-de-educac-o\/#breadcrumb","itemListElement":[{"@type":"ListItem","position":1,"name":"In\u00edcio","item":"https:\/\/www.sinpro-rio.org.br\/principal\/"},{"@type":"ListItem","position":2,"name":"Nota de Solidariedade ao Sepe-RJ: dois anos da A\u00e7\u00e3o violenta contra os profissionais de Educa\u00e7\u00e3o"}]},{"@type":"WebSite","@id":"https:\/\/www.sinpro-rio.org.br\/principal\/#website","url":"https:\/\/www.sinpro-rio.org.br\/principal\/","name":"Sinpro-Rio","description":"Sindicato dos Professores do Munic\u00edpio do Rio de Janeiro e Regi\u00e3o","potentialAction":[{"@type":"SearchAction","target":{"@type":"EntryPoint","urlTemplate":"https:\/\/www.sinpro-rio.org.br\/principal\/?s={search_term_string}"},"query-input":{"@type":"PropertyValueSpecification","valueRequired":true,"valueName":"search_term_string"}}],"inLanguage":"pt-BR"},{"@type":"Person","@id":"https:\/\/www.sinpro-rio.org.br\/principal\/#\/schema\/person\/49feb585a2f57a31a6bd9f16f78e5be6","name":"rafaelrjp","image":{"@type":"ImageObject","inLanguage":"pt-BR","@id":"https:\/\/www.sinpro-rio.org.br\/principal\/#\/schema\/person\/image\/","url":"https:\/\/secure.gravatar.com\/avatar\/489371a0ba4655c340b519882c68cf68?s=96&d=mm&r=g","contentUrl":"https:\/\/secure.gravatar.com\/avatar\/489371a0ba4655c340b519882c68cf68?s=96&d=mm&r=g","caption":"rafaelrjp"},"url":"https:\/\/www.sinpro-rio.org.br\/principal\/author\/rafaelrjp\/"}]}},"_links":{"self":[{"href":"https:\/\/www.sinpro-rio.org.br\/principal\/wp-json\/wp\/v2\/posts\/20010","targetHints":{"allow":["GET"]}}],"collection":[{"href":"https:\/\/www.sinpro-rio.org.br\/principal\/wp-json\/wp\/v2\/posts"}],"about":[{"href":"https:\/\/www.sinpro-rio.org.br\/principal\/wp-json\/wp\/v2\/types\/post"}],"author":[{"embeddable":true,"href":"https:\/\/www.sinpro-rio.org.br\/principal\/wp-json\/wp\/v2\/users\/1"}],"replies":[{"embeddable":true,"href":"https:\/\/www.sinpro-rio.org.br\/principal\/wp-json\/wp\/v2\/comments?post=20010"}],"version-history":[{"count":0,"href":"https:\/\/www.sinpro-rio.org.br\/principal\/wp-json\/wp\/v2\/posts\/20010\/revisions"}],"wp:attachment":[{"href":"https:\/\/www.sinpro-rio.org.br\/principal\/wp-json\/wp\/v2\/media?parent=20010"}],"wp:term":[{"taxonomy":"category","embeddable":true,"href":"https:\/\/www.sinpro-rio.org.br\/principal\/wp-json\/wp\/v2\/categories?post=20010"},{"taxonomy":"post_tag","embeddable":true,"href":"https:\/\/www.sinpro-rio.org.br\/principal\/wp-json\/wp\/v2\/tags?post=20010"}],"curies":[{"name":"wp","href":"https:\/\/api.w.org\/{rel}","templated":true}]}}