{"id":19996,"date":"2015-10-09T00:00:00","date_gmt":"2015-10-09T00:00:00","guid":{"rendered":""},"modified":"-0001-11-30T00:00:00","modified_gmt":"-0001-11-30T03:00:00","slug":"sepe-rj-promove-ato-publico-em-frente-ao-palacio-guanabara","status":"publish","type":"post","link":"https:\/\/www.sinpro-rio.org.br\/principal\/sepe-rj-promove-ato-publico-em-frente-ao-palacio-guanabara\/","title":{"rendered":"Sepe-RJ promove ato p\u00fablico em frente ao Pal\u00e1cio Guanabara"},"content":{"rendered":"\n<p>\n <em><br \/>\n  09\/10\/2015<br \/>\n <\/em>\n<\/p>\n<p>\n <img decoding=\"async\" align=\"right\" alt=\"foto\" src=\"http:\/\/www.sinprorio.pro.br\/site_antigo\/imagens\/noticia\/2015\/sepe0910.jpg\" width=\"400\"\/>\n<\/p>\n<p>\n No dia 8 de outubro, o Sepe-RJ promoveu uma paralisa\u00e7\u00e3o em defesa do reajuste salarial de 20%. Nesse dia, o Sindicato dos Profissionais de Educa\u00e7\u00e3o da rede<br \/>\np\u00fablica estadual realizou uma assembleia da categoria,<br \/>\n que contou com a presen\u00e7a de mais de 400 profissionais, no Instituto Bennett, aprovando nova paralisa\u00e7\u00e3o para o dia 11 de novembro.<\/p>\n<p>\n  Ap\u00f3s a assembleia, os profissionais de Educa\u00e7\u00e3o da Secretaria Estadual de Educa\u00e7\u00e3o (Seeduc) dirigiram-se ao Lago do Machado quando, junto com os profissionais da Faetec, caminharam em<br \/>\npasseata at\u00e9 o Pal\u00e1cio da Guanabara, nas Laranjeiras.<\/p>\n<p>\n   <b><br \/>\n    Pal\u00e1cio confirma audi\u00eancia com Pez\u00e3o em novembro<br \/>\n   <\/b><\/p>\n<p>\n    Enquanto o ato ocorria na porta do Pal\u00e1cio, um Comiss\u00e3o do Sepe foi atendida pelo Chefe de Gabinete do Governador Lu\u00eds Fernando Pez\u00e3o. Na reuni\u00e3o realizada com o chefe de Gabinete, Affonso Monnerat, o Sepe conseguiu agendar nova audi\u00eancia com o governador para o dia 04 de novembro, para discutir a pauta de reivindica\u00e7\u00f5es, que tem como \u00edtem principal a proposta de 20% de reajuste salarial da categoria.<\/p>\n<p>\n     Na audi\u00eancia com Monnerat, o Sepe tamb\u00e9m cobrou a publica\u00e7\u00e3o em D.O. da retifica\u00e7\u00e3o dos abonos das greves at\u00e9 2014.<\/p>\n<p>\n      Veja fotos do ato<br \/>\n      <a href=\"https:\/\/www.facebook.com\/media\/set\/?set=a.1127037870658345.1073741862.298247816870692&amp;type=3&amp;uploaded=7\"><br \/>\n       aqui<br \/>\n      <\/a><br \/>\n      .\n     <\/p>\n<\/p>\n<\/p>\n<\/p>\n<p>\n Ap\u00f3s a assembleia, os profissionais de Educa\u00e7\u00e3o da Secretaria Estadual de Educa\u00e7\u00e3o (Seeduc) dirigiram-se ao Lago do Machado quando, junto com os profissionais da Faetec, caminharam em<br \/>\npasseata at\u00e9 o Pal\u00e1cio da Guanabara, nas Laranjeiras.<\/p>\n<p>\n  <b><br \/>\n   Pal\u00e1cio confirma audi\u00eancia com Pez\u00e3o em novembro<br \/>\n  <\/b><\/p>\n<p>\n   Enquanto o ato ocorria na porta do Pal\u00e1cio, um Comiss\u00e3o do Sepe foi atendida pelo Chefe de Gabinete do Governador Lu\u00eds Fernando Pez\u00e3o. Na reuni\u00e3o realizada com o chefe de Gabinete, Affonso Monnerat, o Sepe conseguiu agendar nova audi\u00eancia com o governador para o dia 04 de novembro, para discutir a pauta de reivindica\u00e7\u00f5es, que tem como \u00edtem principal a proposta de 20% de reajuste salarial da categoria.<\/p>\n<p>\n    Na audi\u00eancia com Monnerat, o Sepe tamb\u00e9m cobrou a publica\u00e7\u00e3o em D.O. da retifica\u00e7\u00e3o dos abonos das greves at\u00e9 2014.<\/p>\n<p>\n     Veja fotos do ato<br \/>\n     <a href=\"https:\/\/www.facebook.com\/media\/set\/?set=a.1127037870658345.1073741862.298247816870692&amp;type=3&amp;uploaded=7\"><br \/>\n      aqui<br \/>\n     <\/a><br \/>\n     .\n    <\/p>\n<\/p>\n<\/p>\n<p>\n <b><br \/>\n  Pal\u00e1cio confirma audi\u00eancia com Pez\u00e3o em novembro<br \/>\n <\/b><\/p>\n<p>\n  Enquanto o ato ocorria na porta do Pal\u00e1cio, um Comiss\u00e3o do Sepe foi atendida pelo Chefe de Gabinete do Governador Lu\u00eds Fernando Pez\u00e3o. Na reuni\u00e3o realizada com o chefe de Gabinete, Affonso Monnerat, o Sepe conseguiu agendar nova audi\u00eancia com o governador para o dia 04 de novembro, para discutir a pauta de reivindica\u00e7\u00f5es, que tem como \u00edtem principal a proposta de 20% de reajuste salarial da categoria.<\/p>\n<p>\n   Na audi\u00eancia com Monnerat, o Sepe tamb\u00e9m cobrou a publica\u00e7\u00e3o em D.O. da retifica\u00e7\u00e3o dos abonos das greves at\u00e9 2014.<\/p>\n<p>\n    Veja fotos do ato<br \/>\n    <a href=\"https:\/\/www.facebook.com\/media\/set\/?set=a.1127037870658345.1073741862.298247816870692&amp;type=3&amp;uploaded=7\"><br \/>\n     aqui<br \/>\n    <\/a><br \/>\n    .\n   <\/p>\n<\/p>\n<\/p>\n<p>\n Enquanto o ato ocorria na porta do Pal\u00e1cio, um Comiss\u00e3o do Sepe foi atendida pelo Chefe de Gabinete do Governador Lu\u00eds Fernando Pez\u00e3o. Na reuni\u00e3o realizada com o chefe de Gabinete, Affonso Monnerat, o Sepe conseguiu agendar nova audi\u00eancia com o governador para o dia 04 de novembro, para discutir a pauta de reivindica\u00e7\u00f5es, que tem como \u00edtem principal a proposta de 20% de reajuste salarial da categoria.<\/p>\n<p>\n  Na audi\u00eancia com Monnerat, o Sepe tamb\u00e9m cobrou a publica\u00e7\u00e3o em D.O. da retifica\u00e7\u00e3o dos abonos das greves at\u00e9 2014.<\/p>\n<p>\n   Veja fotos do ato<br \/>\n   <a href=\"https:\/\/www.facebook.com\/media\/set\/?set=a.1127037870658345.1073741862.298247816870692&amp;type=3&amp;uploaded=7\"><br \/>\n    aqui<br \/>\n   <\/a><br \/>\n   .\n  <\/p>\n<\/p>\n<p>\n Na audi\u00eancia com Monnerat, o Sepe tamb\u00e9m cobrou a publica\u00e7\u00e3o em D.O. da retifica\u00e7\u00e3o dos abonos das greves at\u00e9 2014.<\/p>\n<p>\n  Veja fotos do ato<br \/>\n  <a href=\"https:\/\/www.facebook.com\/media\/set\/?set=a.1127037870658345.1073741862.298247816870692&amp;type=3&amp;uploaded=7\"><br \/>\n   aqui<br \/>\n  <\/a><br \/>\n  .\n <\/p>\n<\/p>\n<p>\n Veja fotos do ato<br \/>\n <a href=\"https:\/\/www.facebook.com\/media\/set\/?set=a.1127037870658345.1073741862.298247816870692&amp;type=3&amp;uploaded=7\"><br \/>\n  aqui<br \/>\n <\/a><br \/>\n .<\/p>\n","protected":false},"excerpt":{"rendered":"<p>09\/10\/2015 No dia 8 de outubro, o Sepe-RJ promoveu uma paralisa\u00e7\u00e3o em defesa do reajuste salarial de 20%. Nesse dia, o Sindicato dos Profissionais de Educa\u00e7\u00e3o da rede p\u00fablica estadual realizou uma assembleia da categoria, que contou com a presen\u00e7a de mais de 400 profissionais, no Instituto Bennett, aprovando nova paralisa\u00e7\u00e3o para o dia 11 [&hellip;]<\/p>\n","protected":false},"author":1,"featured_media":0,"comment_status":"closed","ping_status":"open","sticky":false,"template":"","format":"standard","meta":{"footnotes":""},"categories":[1],"tags":[],"class_list":["post-19996","post","type-post","status-publish","format-standard","hentry","category-noticias"],"yoast_head":"<!-- This site is optimized with the Yoast SEO plugin v25.7 - https:\/\/yoast.com\/wordpress\/plugins\/seo\/ -->\n<title>Sepe-RJ promove ato p\u00fablico em frente ao Pal\u00e1cio Guanabara - Sinpro-Rio<\/title>\n<meta name=\"robots\" content=\"index, follow, max-snippet:-1, max-image-preview:large, max-video-preview:-1\" \/>\n<link rel=\"canonical\" href=\"https:\/\/www.sinpro-rio.org.br\/principal\/sepe-rj-promove-ato-publico-em-frente-ao-palacio-guanabara\/\" \/>\n<meta property=\"og:locale\" content=\"pt_BR\" \/>\n<meta property=\"og:type\" content=\"article\" \/>\n<meta property=\"og:title\" content=\"Sepe-RJ promove ato p\u00fablico em frente ao Pal\u00e1cio Guanabara - Sinpro-Rio\" \/>\n<meta property=\"og:description\" content=\"09\/10\/2015 No dia 8 de outubro, o Sepe-RJ promoveu uma paralisa\u00e7\u00e3o em defesa do reajuste salarial de 20%. Nesse dia, o Sindicato dos Profissionais de Educa\u00e7\u00e3o da rede p\u00fablica estadual realizou uma assembleia da categoria, que contou com a presen\u00e7a de mais de 400 profissionais, no Instituto Bennett, aprovando nova paralisa\u00e7\u00e3o para o dia 11 [&hellip;]\" \/>\n<meta property=\"og:url\" content=\"https:\/\/www.sinpro-rio.org.br\/principal\/sepe-rj-promove-ato-publico-em-frente-ao-palacio-guanabara\/\" \/>\n<meta property=\"og:site_name\" content=\"Sinpro-Rio\" \/>\n<meta property=\"article:published_time\" content=\"2015-10-09T00:00:00+00:00\" \/>\n<meta property=\"og:image\" content=\"http:\/\/www.sinprorio.pro.br\/site_antigo\/imagens\/noticia\/2015\/sepe0910.jpg\" \/>\n<meta name=\"author\" content=\"rafaelrjp\" \/>\n<meta name=\"twitter:card\" content=\"summary_large_image\" \/>\n<meta name=\"twitter:label1\" content=\"Escrito por\" \/>\n\t<meta name=\"twitter:data1\" content=\"rafaelrjp\" \/>\n\t<meta name=\"twitter:label2\" content=\"Est. tempo de leitura\" \/>\n\t<meta name=\"twitter:data2\" content=\"3 minutos\" \/>\n<script type=\"application\/ld+json\" class=\"yoast-schema-graph\">{\"@context\":\"https:\/\/schema.org\",\"@graph\":[{\"@type\":\"WebPage\",\"@id\":\"https:\/\/www.sinpro-rio.org.br\/principal\/sepe-rj-promove-ato-publico-em-frente-ao-palacio-guanabara\/\",\"url\":\"https:\/\/www.sinpro-rio.org.br\/principal\/sepe-rj-promove-ato-publico-em-frente-ao-palacio-guanabara\/\",\"name\":\"Sepe-RJ promove ato p\u00fablico em frente ao Pal\u00e1cio Guanabara - Sinpro-Rio\",\"isPartOf\":{\"@id\":\"https:\/\/www.sinpro-rio.org.br\/principal\/#website\"},\"primaryImageOfPage\":{\"@id\":\"https:\/\/www.sinpro-rio.org.br\/principal\/sepe-rj-promove-ato-publico-em-frente-ao-palacio-guanabara\/#primaryimage\"},\"image\":{\"@id\":\"https:\/\/www.sinpro-rio.org.br\/principal\/sepe-rj-promove-ato-publico-em-frente-ao-palacio-guanabara\/#primaryimage\"},\"thumbnailUrl\":\"http:\/\/www.sinprorio.pro.br\/site_antigo\/imagens\/noticia\/2015\/sepe0910.jpg\",\"datePublished\":\"2015-10-09T00:00:00+00:00\",\"author\":{\"@id\":\"https:\/\/www.sinpro-rio.org.br\/principal\/#\/schema\/person\/49feb585a2f57a31a6bd9f16f78e5be6\"},\"breadcrumb\":{\"@id\":\"https:\/\/www.sinpro-rio.org.br\/principal\/sepe-rj-promove-ato-publico-em-frente-ao-palacio-guanabara\/#breadcrumb\"},\"inLanguage\":\"pt-BR\",\"potentialAction\":[{\"@type\":\"ReadAction\",\"target\":[\"https:\/\/www.sinpro-rio.org.br\/principal\/sepe-rj-promove-ato-publico-em-frente-ao-palacio-guanabara\/\"]}]},{\"@type\":\"ImageObject\",\"inLanguage\":\"pt-BR\",\"@id\":\"https:\/\/www.sinpro-rio.org.br\/principal\/sepe-rj-promove-ato-publico-em-frente-ao-palacio-guanabara\/#primaryimage\",\"url\":\"http:\/\/www.sinprorio.pro.br\/site_antigo\/imagens\/noticia\/2015\/sepe0910.jpg\",\"contentUrl\":\"http:\/\/www.sinprorio.pro.br\/site_antigo\/imagens\/noticia\/2015\/sepe0910.jpg\"},{\"@type\":\"BreadcrumbList\",\"@id\":\"https:\/\/www.sinpro-rio.org.br\/principal\/sepe-rj-promove-ato-publico-em-frente-ao-palacio-guanabara\/#breadcrumb\",\"itemListElement\":[{\"@type\":\"ListItem\",\"position\":1,\"name\":\"In\u00edcio\",\"item\":\"https:\/\/www.sinpro-rio.org.br\/principal\/\"},{\"@type\":\"ListItem\",\"position\":2,\"name\":\"Sepe-RJ promove ato p\u00fablico em frente ao Pal\u00e1cio Guanabara\"}]},{\"@type\":\"WebSite\",\"@id\":\"https:\/\/www.sinpro-rio.org.br\/principal\/#website\",\"url\":\"https:\/\/www.sinpro-rio.org.br\/principal\/\",\"name\":\"Sinpro-Rio\",\"description\":\"Sindicato dos Professores do Munic\u00edpio do Rio de Janeiro e Regi\u00e3o\",\"potentialAction\":[{\"@type\":\"SearchAction\",\"target\":{\"@type\":\"EntryPoint\",\"urlTemplate\":\"https:\/\/www.sinpro-rio.org.br\/principal\/?s={search_term_string}\"},\"query-input\":{\"@type\":\"PropertyValueSpecification\",\"valueRequired\":true,\"valueName\":\"search_term_string\"}}],\"inLanguage\":\"pt-BR\"},{\"@type\":\"Person\",\"@id\":\"https:\/\/www.sinpro-rio.org.br\/principal\/#\/schema\/person\/49feb585a2f57a31a6bd9f16f78e5be6\",\"name\":\"rafaelrjp\",\"image\":{\"@type\":\"ImageObject\",\"inLanguage\":\"pt-BR\",\"@id\":\"https:\/\/www.sinpro-rio.org.br\/principal\/#\/schema\/person\/image\/\",\"url\":\"https:\/\/secure.gravatar.com\/avatar\/489371a0ba4655c340b519882c68cf68?s=96&d=mm&r=g\",\"contentUrl\":\"https:\/\/secure.gravatar.com\/avatar\/489371a0ba4655c340b519882c68cf68?s=96&d=mm&r=g\",\"caption\":\"rafaelrjp\"},\"url\":\"https:\/\/www.sinpro-rio.org.br\/principal\/author\/rafaelrjp\/\"}]}<\/script>\n<!-- \/ Yoast SEO plugin. -->","yoast_head_json":{"title":"Sepe-RJ promove ato p\u00fablico em frente ao Pal\u00e1cio Guanabara - Sinpro-Rio","robots":{"index":"index","follow":"follow","max-snippet":"max-snippet:-1","max-image-preview":"max-image-preview:large","max-video-preview":"max-video-preview:-1"},"canonical":"https:\/\/www.sinpro-rio.org.br\/principal\/sepe-rj-promove-ato-publico-em-frente-ao-palacio-guanabara\/","og_locale":"pt_BR","og_type":"article","og_title":"Sepe-RJ promove ato p\u00fablico em frente ao Pal\u00e1cio Guanabara - Sinpro-Rio","og_description":"09\/10\/2015 No dia 8 de outubro, o Sepe-RJ promoveu uma paralisa\u00e7\u00e3o em defesa do reajuste salarial de 20%. Nesse dia, o Sindicato dos Profissionais de Educa\u00e7\u00e3o da rede p\u00fablica estadual realizou uma assembleia da categoria, que contou com a presen\u00e7a de mais de 400 profissionais, no Instituto Bennett, aprovando nova paralisa\u00e7\u00e3o para o dia 11 [&hellip;]","og_url":"https:\/\/www.sinpro-rio.org.br\/principal\/sepe-rj-promove-ato-publico-em-frente-ao-palacio-guanabara\/","og_site_name":"Sinpro-Rio","article_published_time":"2015-10-09T00:00:00+00:00","og_image":[{"url":"http:\/\/www.sinprorio.pro.br\/site_antigo\/imagens\/noticia\/2015\/sepe0910.jpg","type":"","width":"","height":""}],"author":"rafaelrjp","twitter_card":"summary_large_image","twitter_misc":{"Escrito por":"rafaelrjp","Est. tempo de leitura":"3 minutos"},"schema":{"@context":"https:\/\/schema.org","@graph":[{"@type":"WebPage","@id":"https:\/\/www.sinpro-rio.org.br\/principal\/sepe-rj-promove-ato-publico-em-frente-ao-palacio-guanabara\/","url":"https:\/\/www.sinpro-rio.org.br\/principal\/sepe-rj-promove-ato-publico-em-frente-ao-palacio-guanabara\/","name":"Sepe-RJ promove ato p\u00fablico em frente ao Pal\u00e1cio Guanabara - Sinpro-Rio","isPartOf":{"@id":"https:\/\/www.sinpro-rio.org.br\/principal\/#website"},"primaryImageOfPage":{"@id":"https:\/\/www.sinpro-rio.org.br\/principal\/sepe-rj-promove-ato-publico-em-frente-ao-palacio-guanabara\/#primaryimage"},"image":{"@id":"https:\/\/www.sinpro-rio.org.br\/principal\/sepe-rj-promove-ato-publico-em-frente-ao-palacio-guanabara\/#primaryimage"},"thumbnailUrl":"http:\/\/www.sinprorio.pro.br\/site_antigo\/imagens\/noticia\/2015\/sepe0910.jpg","datePublished":"2015-10-09T00:00:00+00:00","author":{"@id":"https:\/\/www.sinpro-rio.org.br\/principal\/#\/schema\/person\/49feb585a2f57a31a6bd9f16f78e5be6"},"breadcrumb":{"@id":"https:\/\/www.sinpro-rio.org.br\/principal\/sepe-rj-promove-ato-publico-em-frente-ao-palacio-guanabara\/#breadcrumb"},"inLanguage":"pt-BR","potentialAction":[{"@type":"ReadAction","target":["https:\/\/www.sinpro-rio.org.br\/principal\/sepe-rj-promove-ato-publico-em-frente-ao-palacio-guanabara\/"]}]},{"@type":"ImageObject","inLanguage":"pt-BR","@id":"https:\/\/www.sinpro-rio.org.br\/principal\/sepe-rj-promove-ato-publico-em-frente-ao-palacio-guanabara\/#primaryimage","url":"http:\/\/www.sinprorio.pro.br\/site_antigo\/imagens\/noticia\/2015\/sepe0910.jpg","contentUrl":"http:\/\/www.sinprorio.pro.br\/site_antigo\/imagens\/noticia\/2015\/sepe0910.jpg"},{"@type":"BreadcrumbList","@id":"https:\/\/www.sinpro-rio.org.br\/principal\/sepe-rj-promove-ato-publico-em-frente-ao-palacio-guanabara\/#breadcrumb","itemListElement":[{"@type":"ListItem","position":1,"name":"In\u00edcio","item":"https:\/\/www.sinpro-rio.org.br\/principal\/"},{"@type":"ListItem","position":2,"name":"Sepe-RJ promove ato p\u00fablico em frente ao Pal\u00e1cio Guanabara"}]},{"@type":"WebSite","@id":"https:\/\/www.sinpro-rio.org.br\/principal\/#website","url":"https:\/\/www.sinpro-rio.org.br\/principal\/","name":"Sinpro-Rio","description":"Sindicato dos Professores do Munic\u00edpio do Rio de Janeiro e Regi\u00e3o","potentialAction":[{"@type":"SearchAction","target":{"@type":"EntryPoint","urlTemplate":"https:\/\/www.sinpro-rio.org.br\/principal\/?s={search_term_string}"},"query-input":{"@type":"PropertyValueSpecification","valueRequired":true,"valueName":"search_term_string"}}],"inLanguage":"pt-BR"},{"@type":"Person","@id":"https:\/\/www.sinpro-rio.org.br\/principal\/#\/schema\/person\/49feb585a2f57a31a6bd9f16f78e5be6","name":"rafaelrjp","image":{"@type":"ImageObject","inLanguage":"pt-BR","@id":"https:\/\/www.sinpro-rio.org.br\/principal\/#\/schema\/person\/image\/","url":"https:\/\/secure.gravatar.com\/avatar\/489371a0ba4655c340b519882c68cf68?s=96&d=mm&r=g","contentUrl":"https:\/\/secure.gravatar.com\/avatar\/489371a0ba4655c340b519882c68cf68?s=96&d=mm&r=g","caption":"rafaelrjp"},"url":"https:\/\/www.sinpro-rio.org.br\/principal\/author\/rafaelrjp\/"}]}},"_links":{"self":[{"href":"https:\/\/www.sinpro-rio.org.br\/principal\/wp-json\/wp\/v2\/posts\/19996","targetHints":{"allow":["GET"]}}],"collection":[{"href":"https:\/\/www.sinpro-rio.org.br\/principal\/wp-json\/wp\/v2\/posts"}],"about":[{"href":"https:\/\/www.sinpro-rio.org.br\/principal\/wp-json\/wp\/v2\/types\/post"}],"author":[{"embeddable":true,"href":"https:\/\/www.sinpro-rio.org.br\/principal\/wp-json\/wp\/v2\/users\/1"}],"replies":[{"embeddable":true,"href":"https:\/\/www.sinpro-rio.org.br\/principal\/wp-json\/wp\/v2\/comments?post=19996"}],"version-history":[{"count":0,"href":"https:\/\/www.sinpro-rio.org.br\/principal\/wp-json\/wp\/v2\/posts\/19996\/revisions"}],"wp:attachment":[{"href":"https:\/\/www.sinpro-rio.org.br\/principal\/wp-json\/wp\/v2\/media?parent=19996"}],"wp:term":[{"taxonomy":"category","embeddable":true,"href":"https:\/\/www.sinpro-rio.org.br\/principal\/wp-json\/wp\/v2\/categories?post=19996"},{"taxonomy":"post_tag","embeddable":true,"href":"https:\/\/www.sinpro-rio.org.br\/principal\/wp-json\/wp\/v2\/tags?post=19996"}],"curies":[{"name":"wp","href":"https:\/\/api.w.org\/{rel}","templated":true}]}}