{"id":19990,"date":"2015-10-14T00:00:00","date_gmt":"2015-10-14T00:00:00","guid":{"rendered":""},"modified":"-0001-11-30T00:00:00","modified_gmt":"-0001-11-30T03:00:00","slug":"15-de-outubro-verdades-da-profiss-o-do-professor","status":"publish","type":"post","link":"https:\/\/www.sinpro-rio.org.br\/principal\/15-de-outubro-verdades-da-profiss-o-do-professor\/","title":{"rendered":"15 de outubro: \u201cVerdades da Profiss\u00e3o do Professor\u201d"},"content":{"rendered":"\n<p>\n <em><br \/>\n  14\/10\/2015<br \/>\n <\/em>\n<\/p>\n<p>\n Ningu\u00e9m nega o valor da educa\u00e7\u00e3o e que um bom professor \u00e9 imprescind\u00edvel. Mas, ainda que desejem bons professores para seus filhos poucos pais desejam que seus filhos sejam professores. Isso nos mostra o reconhecimento de que o trabalho de educar \u00e9 duro, dif\u00edcil e necess\u00e1rio, mas que permitimos que esses profissionais continuem sendo desvalorizados.<\/p>\n<p>\n  Apesar de mal remunerados, com baixo prest\u00edgio social e responsabilizados pelo fracasso da educa\u00e7\u00e3o, grande parte resiste e continua apaixonada pelo seu trabalho.<\/p>\n<p>\n   A data \u00e9 um convite para que todos, pais, alunos, sociedade, repensemos nossos pap\u00e9is e nossas atitudes, pois com elas demonstramos o compromisso com a educa\u00e7\u00e3o que queremos. Aos professores, fica o convite para que n\u00e3o descuidem de sua miss\u00e3o de educar, nem desanimem diante dos desafios, nem deixem de educar as pessoas para serem \u201c\u00e1guias\u201d e n\u00e3o apenas \u201cgalinhas\u201d. Pois, se a educa\u00e7\u00e3o sozinha n\u00e3o transforma a sociedade, sem ela, tampouco, a sociedade muda.<\/p>\n<p>\n    <i><br \/>\n     Autor: Paulo Freire<br \/>\n    <\/i><\/p>\n<p>\n     O Dia do Professor n\u00e3o deve ser apenas uma data festiva, mas tamb\u00e9m de refer\u00eancia na luta dos trabalhadores e trabalhadoras nas reivindica\u00e7\u00f5es de sua categoria. O Sinpro-Rio deseja e luta para que, a cada 15 de outubro, possamos repensar nossos pap\u00e9is e atitudes na constru\u00e7\u00e3o da Educa\u00e7\u00e3o que queremos e sejamos verdadeiramente comprometidos com a mudan\u00e7a da sociedade.<\/p>\n<p>\n      Feliz Dia do Mestres para todos n\u00f3s!<\/p>\n<p>\n       <b><br \/>\n        Sindicato dos Professores<br \/>\n       <\/b>\n      <\/p>\n<\/p>\n<\/p>\n<\/p>\n<p>\n Apesar de mal remunerados, com baixo prest\u00edgio social e responsabilizados pelo fracasso da educa\u00e7\u00e3o, grande parte resiste e continua apaixonada pelo seu trabalho.<\/p>\n<p>\n  A data \u00e9 um convite para que todos, pais, alunos, sociedade, repensemos nossos pap\u00e9is e nossas atitudes, pois com elas demonstramos o compromisso com a educa\u00e7\u00e3o que queremos. Aos professores, fica o convite para que n\u00e3o descuidem de sua miss\u00e3o de educar, nem desanimem diante dos desafios, nem deixem de educar as pessoas para serem \u201c\u00e1guias\u201d e n\u00e3o apenas \u201cgalinhas\u201d. Pois, se a educa\u00e7\u00e3o sozinha n\u00e3o transforma a sociedade, sem ela, tampouco, a sociedade muda.<\/p>\n<p>\n   <i><br \/>\n    Autor: Paulo Freire<br \/>\n   <\/i><\/p>\n<p>\n    O Dia do Professor n\u00e3o deve ser apenas uma data festiva, mas tamb\u00e9m de refer\u00eancia na luta dos trabalhadores e trabalhadoras nas reivindica\u00e7\u00f5es de sua categoria. O Sinpro-Rio deseja e luta para que, a cada 15 de outubro, possamos repensar nossos pap\u00e9is e atitudes na constru\u00e7\u00e3o da Educa\u00e7\u00e3o que queremos e sejamos verdadeiramente comprometidos com a mudan\u00e7a da sociedade.<\/p>\n<p>\n     Feliz Dia do Mestres para todos n\u00f3s!<\/p>\n<p>\n      <b><br \/>\n       Sindicato dos Professores<br \/>\n      <\/b>\n     <\/p>\n<\/p>\n<\/p>\n<\/p>\n<p>\n A data \u00e9 um convite para que todos, pais, alunos, sociedade, repensemos nossos pap\u00e9is e nossas atitudes, pois com elas demonstramos o compromisso com a educa\u00e7\u00e3o que queremos. Aos professores, fica o convite para que n\u00e3o descuidem de sua miss\u00e3o de educar, nem desanimem diante dos desafios, nem deixem de educar as pessoas para serem \u201c\u00e1guias\u201d e n\u00e3o apenas \u201cgalinhas\u201d. Pois, se a educa\u00e7\u00e3o sozinha n\u00e3o transforma a sociedade, sem ela, tampouco, a sociedade muda.<\/p>\n<p>\n  <i><br \/>\n   Autor: Paulo Freire<br \/>\n  <\/i><\/p>\n<p>\n   O Dia do Professor n\u00e3o deve ser apenas uma data festiva, mas tamb\u00e9m de refer\u00eancia na luta dos trabalhadores e trabalhadoras nas reivindica\u00e7\u00f5es de sua categoria. O Sinpro-Rio deseja e luta para que, a cada 15 de outubro, possamos repensar nossos pap\u00e9is e atitudes na constru\u00e7\u00e3o da Educa\u00e7\u00e3o que queremos e sejamos verdadeiramente comprometidos com a mudan\u00e7a da sociedade.<\/p>\n<p>\n    Feliz Dia do Mestres para todos n\u00f3s!<\/p>\n<p>\n     <b><br \/>\n      Sindicato dos Professores<br \/>\n     <\/b>\n    <\/p>\n<\/p>\n<\/p>\n<p>\n <i><br \/>\n  Autor: Paulo Freire<br \/>\n <\/i><\/p>\n<p>\n  O Dia do Professor n\u00e3o deve ser apenas uma data festiva, mas tamb\u00e9m de refer\u00eancia na luta dos trabalhadores e trabalhadoras nas reivindica\u00e7\u00f5es de sua categoria. O Sinpro-Rio deseja e luta para que, a cada 15 de outubro, possamos repensar nossos pap\u00e9is e atitudes na constru\u00e7\u00e3o da Educa\u00e7\u00e3o que queremos e sejamos verdadeiramente comprometidos com a mudan\u00e7a da sociedade.<\/p>\n<p>\n   Feliz Dia do Mestres para todos n\u00f3s!<\/p>\n<p>\n    <b><br \/>\n     Sindicato dos Professores<br \/>\n    <\/b>\n   <\/p>\n<\/p>\n<\/p>\n<p>\n O Dia do Professor n\u00e3o deve ser apenas uma data festiva, mas tamb\u00e9m de refer\u00eancia na luta dos trabalhadores e trabalhadoras nas reivindica\u00e7\u00f5es de sua categoria. O Sinpro-Rio deseja e luta para que, a cada 15 de outubro, possamos repensar nossos pap\u00e9is e atitudes na constru\u00e7\u00e3o da Educa\u00e7\u00e3o que queremos e sejamos verdadeiramente comprometidos com a mudan\u00e7a da sociedade.<\/p>\n<p>\n  Feliz Dia do Mestres para todos n\u00f3s!<\/p>\n<p>\n   <b><br \/>\n    Sindicato dos Professores<br \/>\n   <\/b>\n  <\/p>\n<\/p>\n<p>\n Feliz Dia do Mestres para todos n\u00f3s!<\/p>\n<p>\n  <b><br \/>\n   Sindicato dos Professores<br \/>\n  <\/b>\n <\/p>\n<\/p>\n<p>\n <b><br \/>\n  Sindicato dos Professores<br \/>\n <\/b><\/p>\n","protected":false},"excerpt":{"rendered":"<p>14\/10\/2015 Ningu\u00e9m nega o valor da educa\u00e7\u00e3o e que um bom professor \u00e9 imprescind\u00edvel. Mas, ainda que desejem bons professores para seus filhos poucos pais desejam que seus filhos sejam professores. Isso nos mostra o reconhecimento de que o trabalho de educar \u00e9 duro, dif\u00edcil e necess\u00e1rio, mas que permitimos que esses profissionais continuem sendo [&hellip;]<\/p>\n","protected":false},"author":1,"featured_media":0,"comment_status":"closed","ping_status":"open","sticky":false,"template":"","format":"standard","meta":{"footnotes":""},"categories":[1],"tags":[],"class_list":["post-19990","post","type-post","status-publish","format-standard","hentry","category-noticias"],"yoast_head":"<!-- This site is optimized with the Yoast SEO plugin v25.7 - https:\/\/yoast.com\/wordpress\/plugins\/seo\/ -->\n<title>15 de outubro: \u201cVerdades da Profiss\u00e3o do Professor\u201d - Sinpro-Rio<\/title>\n<meta name=\"robots\" content=\"index, follow, max-snippet:-1, max-image-preview:large, max-video-preview:-1\" \/>\n<link rel=\"canonical\" href=\"https:\/\/www.sinpro-rio.org.br\/principal\/15-de-outubro-verdades-da-profiss-o-do-professor\/\" \/>\n<meta property=\"og:locale\" content=\"pt_BR\" \/>\n<meta property=\"og:type\" content=\"article\" \/>\n<meta property=\"og:title\" content=\"15 de outubro: \u201cVerdades da Profiss\u00e3o do Professor\u201d - Sinpro-Rio\" \/>\n<meta property=\"og:description\" content=\"14\/10\/2015 Ningu\u00e9m nega o valor da educa\u00e7\u00e3o e que um bom professor \u00e9 imprescind\u00edvel. Mas, ainda que desejem bons professores para seus filhos poucos pais desejam que seus filhos sejam professores. Isso nos mostra o reconhecimento de que o trabalho de educar \u00e9 duro, dif\u00edcil e necess\u00e1rio, mas que permitimos que esses profissionais continuem sendo [&hellip;]\" \/>\n<meta property=\"og:url\" content=\"https:\/\/www.sinpro-rio.org.br\/principal\/15-de-outubro-verdades-da-profiss-o-do-professor\/\" \/>\n<meta property=\"og:site_name\" content=\"Sinpro-Rio\" \/>\n<meta property=\"article:published_time\" content=\"2015-10-14T00:00:00+00:00\" \/>\n<meta name=\"author\" content=\"rafaelrjp\" \/>\n<meta name=\"twitter:card\" content=\"summary_large_image\" \/>\n<meta name=\"twitter:label1\" content=\"Escrito por\" \/>\n\t<meta name=\"twitter:data1\" content=\"rafaelrjp\" \/>\n\t<meta name=\"twitter:label2\" content=\"Est. tempo de leitura\" \/>\n\t<meta name=\"twitter:data2\" content=\"4 minutos\" \/>\n<script type=\"application\/ld+json\" class=\"yoast-schema-graph\">{\"@context\":\"https:\/\/schema.org\",\"@graph\":[{\"@type\":\"WebPage\",\"@id\":\"https:\/\/www.sinpro-rio.org.br\/principal\/15-de-outubro-verdades-da-profiss-o-do-professor\/\",\"url\":\"https:\/\/www.sinpro-rio.org.br\/principal\/15-de-outubro-verdades-da-profiss-o-do-professor\/\",\"name\":\"15 de outubro: \u201cVerdades da Profiss\u00e3o do Professor\u201d - Sinpro-Rio\",\"isPartOf\":{\"@id\":\"https:\/\/www.sinpro-rio.org.br\/principal\/#website\"},\"datePublished\":\"2015-10-14T00:00:00+00:00\",\"author\":{\"@id\":\"https:\/\/www.sinpro-rio.org.br\/principal\/#\/schema\/person\/49feb585a2f57a31a6bd9f16f78e5be6\"},\"breadcrumb\":{\"@id\":\"https:\/\/www.sinpro-rio.org.br\/principal\/15-de-outubro-verdades-da-profiss-o-do-professor\/#breadcrumb\"},\"inLanguage\":\"pt-BR\",\"potentialAction\":[{\"@type\":\"ReadAction\",\"target\":[\"https:\/\/www.sinpro-rio.org.br\/principal\/15-de-outubro-verdades-da-profiss-o-do-professor\/\"]}]},{\"@type\":\"BreadcrumbList\",\"@id\":\"https:\/\/www.sinpro-rio.org.br\/principal\/15-de-outubro-verdades-da-profiss-o-do-professor\/#breadcrumb\",\"itemListElement\":[{\"@type\":\"ListItem\",\"position\":1,\"name\":\"In\u00edcio\",\"item\":\"https:\/\/www.sinpro-rio.org.br\/principal\/\"},{\"@type\":\"ListItem\",\"position\":2,\"name\":\"15 de outubro: \u201cVerdades da Profiss\u00e3o do Professor\u201d\"}]},{\"@type\":\"WebSite\",\"@id\":\"https:\/\/www.sinpro-rio.org.br\/principal\/#website\",\"url\":\"https:\/\/www.sinpro-rio.org.br\/principal\/\",\"name\":\"Sinpro-Rio\",\"description\":\"Sindicato dos Professores do Munic\u00edpio do Rio de Janeiro e Regi\u00e3o\",\"potentialAction\":[{\"@type\":\"SearchAction\",\"target\":{\"@type\":\"EntryPoint\",\"urlTemplate\":\"https:\/\/www.sinpro-rio.org.br\/principal\/?s={search_term_string}\"},\"query-input\":{\"@type\":\"PropertyValueSpecification\",\"valueRequired\":true,\"valueName\":\"search_term_string\"}}],\"inLanguage\":\"pt-BR\"},{\"@type\":\"Person\",\"@id\":\"https:\/\/www.sinpro-rio.org.br\/principal\/#\/schema\/person\/49feb585a2f57a31a6bd9f16f78e5be6\",\"name\":\"rafaelrjp\",\"image\":{\"@type\":\"ImageObject\",\"inLanguage\":\"pt-BR\",\"@id\":\"https:\/\/www.sinpro-rio.org.br\/principal\/#\/schema\/person\/image\/\",\"url\":\"https:\/\/secure.gravatar.com\/avatar\/489371a0ba4655c340b519882c68cf68?s=96&d=mm&r=g\",\"contentUrl\":\"https:\/\/secure.gravatar.com\/avatar\/489371a0ba4655c340b519882c68cf68?s=96&d=mm&r=g\",\"caption\":\"rafaelrjp\"},\"url\":\"https:\/\/www.sinpro-rio.org.br\/principal\/author\/rafaelrjp\/\"}]}<\/script>\n<!-- \/ Yoast SEO plugin. -->","yoast_head_json":{"title":"15 de outubro: \u201cVerdades da Profiss\u00e3o do Professor\u201d - Sinpro-Rio","robots":{"index":"index","follow":"follow","max-snippet":"max-snippet:-1","max-image-preview":"max-image-preview:large","max-video-preview":"max-video-preview:-1"},"canonical":"https:\/\/www.sinpro-rio.org.br\/principal\/15-de-outubro-verdades-da-profiss-o-do-professor\/","og_locale":"pt_BR","og_type":"article","og_title":"15 de outubro: \u201cVerdades da Profiss\u00e3o do Professor\u201d - Sinpro-Rio","og_description":"14\/10\/2015 Ningu\u00e9m nega o valor da educa\u00e7\u00e3o e que um bom professor \u00e9 imprescind\u00edvel. Mas, ainda que desejem bons professores para seus filhos poucos pais desejam que seus filhos sejam professores. Isso nos mostra o reconhecimento de que o trabalho de educar \u00e9 duro, dif\u00edcil e necess\u00e1rio, mas que permitimos que esses profissionais continuem sendo [&hellip;]","og_url":"https:\/\/www.sinpro-rio.org.br\/principal\/15-de-outubro-verdades-da-profiss-o-do-professor\/","og_site_name":"Sinpro-Rio","article_published_time":"2015-10-14T00:00:00+00:00","author":"rafaelrjp","twitter_card":"summary_large_image","twitter_misc":{"Escrito por":"rafaelrjp","Est. tempo de leitura":"4 minutos"},"schema":{"@context":"https:\/\/schema.org","@graph":[{"@type":"WebPage","@id":"https:\/\/www.sinpro-rio.org.br\/principal\/15-de-outubro-verdades-da-profiss-o-do-professor\/","url":"https:\/\/www.sinpro-rio.org.br\/principal\/15-de-outubro-verdades-da-profiss-o-do-professor\/","name":"15 de outubro: \u201cVerdades da Profiss\u00e3o do Professor\u201d - Sinpro-Rio","isPartOf":{"@id":"https:\/\/www.sinpro-rio.org.br\/principal\/#website"},"datePublished":"2015-10-14T00:00:00+00:00","author":{"@id":"https:\/\/www.sinpro-rio.org.br\/principal\/#\/schema\/person\/49feb585a2f57a31a6bd9f16f78e5be6"},"breadcrumb":{"@id":"https:\/\/www.sinpro-rio.org.br\/principal\/15-de-outubro-verdades-da-profiss-o-do-professor\/#breadcrumb"},"inLanguage":"pt-BR","potentialAction":[{"@type":"ReadAction","target":["https:\/\/www.sinpro-rio.org.br\/principal\/15-de-outubro-verdades-da-profiss-o-do-professor\/"]}]},{"@type":"BreadcrumbList","@id":"https:\/\/www.sinpro-rio.org.br\/principal\/15-de-outubro-verdades-da-profiss-o-do-professor\/#breadcrumb","itemListElement":[{"@type":"ListItem","position":1,"name":"In\u00edcio","item":"https:\/\/www.sinpro-rio.org.br\/principal\/"},{"@type":"ListItem","position":2,"name":"15 de outubro: \u201cVerdades da Profiss\u00e3o do Professor\u201d"}]},{"@type":"WebSite","@id":"https:\/\/www.sinpro-rio.org.br\/principal\/#website","url":"https:\/\/www.sinpro-rio.org.br\/principal\/","name":"Sinpro-Rio","description":"Sindicato dos Professores do Munic\u00edpio do Rio de Janeiro e Regi\u00e3o","potentialAction":[{"@type":"SearchAction","target":{"@type":"EntryPoint","urlTemplate":"https:\/\/www.sinpro-rio.org.br\/principal\/?s={search_term_string}"},"query-input":{"@type":"PropertyValueSpecification","valueRequired":true,"valueName":"search_term_string"}}],"inLanguage":"pt-BR"},{"@type":"Person","@id":"https:\/\/www.sinpro-rio.org.br\/principal\/#\/schema\/person\/49feb585a2f57a31a6bd9f16f78e5be6","name":"rafaelrjp","image":{"@type":"ImageObject","inLanguage":"pt-BR","@id":"https:\/\/www.sinpro-rio.org.br\/principal\/#\/schema\/person\/image\/","url":"https:\/\/secure.gravatar.com\/avatar\/489371a0ba4655c340b519882c68cf68?s=96&d=mm&r=g","contentUrl":"https:\/\/secure.gravatar.com\/avatar\/489371a0ba4655c340b519882c68cf68?s=96&d=mm&r=g","caption":"rafaelrjp"},"url":"https:\/\/www.sinpro-rio.org.br\/principal\/author\/rafaelrjp\/"}]}},"_links":{"self":[{"href":"https:\/\/www.sinpro-rio.org.br\/principal\/wp-json\/wp\/v2\/posts\/19990","targetHints":{"allow":["GET"]}}],"collection":[{"href":"https:\/\/www.sinpro-rio.org.br\/principal\/wp-json\/wp\/v2\/posts"}],"about":[{"href":"https:\/\/www.sinpro-rio.org.br\/principal\/wp-json\/wp\/v2\/types\/post"}],"author":[{"embeddable":true,"href":"https:\/\/www.sinpro-rio.org.br\/principal\/wp-json\/wp\/v2\/users\/1"}],"replies":[{"embeddable":true,"href":"https:\/\/www.sinpro-rio.org.br\/principal\/wp-json\/wp\/v2\/comments?post=19990"}],"version-history":[{"count":0,"href":"https:\/\/www.sinpro-rio.org.br\/principal\/wp-json\/wp\/v2\/posts\/19990\/revisions"}],"wp:attachment":[{"href":"https:\/\/www.sinpro-rio.org.br\/principal\/wp-json\/wp\/v2\/media?parent=19990"}],"wp:term":[{"taxonomy":"category","embeddable":true,"href":"https:\/\/www.sinpro-rio.org.br\/principal\/wp-json\/wp\/v2\/categories?post=19990"},{"taxonomy":"post_tag","embeddable":true,"href":"https:\/\/www.sinpro-rio.org.br\/principal\/wp-json\/wp\/v2\/tags?post=19990"}],"curies":[{"name":"wp","href":"https:\/\/api.w.org\/{rel}","templated":true}]}}