{"id":19989,"date":"2015-10-16T00:00:00","date_gmt":"2015-10-16T00:00:00","guid":{"rendered":""},"modified":"-0001-11-30T00:00:00","modified_gmt":"-0001-11-30T03:00:00","slug":"forum-estadual-de-educac-o-do-rio-de-janeiro-aprova-novo-regimento-e-elege-nova-coordenac-o","status":"publish","type":"post","link":"https:\/\/www.sinpro-rio.org.br\/principal\/forum-estadual-de-educac-o-do-rio-de-janeiro-aprova-novo-regimento-e-elege-nova-coordenac-o\/","title":{"rendered":"F\u00f3rum Estadual de Educa\u00e7\u00e3o do Rio de Janeiro aprova novo regimento e elege nova Coordena\u00e7\u00e3o"},"content":{"rendered":"\n<p>\n <em><br \/>\n  14\/10\/2015<br \/>\n <\/em>\n<\/p>\n<p>\n No dia 18 de setembro, o Pleno do F\u00f3rum Estadual de Educa\u00e7\u00e3o do Rio de Janeiro (Feerj), reunidos no Col\u00e9gio Estadual Amaro Cavalcanti debateu a proposta do novo regimento e elegeu a nova Coordena\u00e7\u00e3o do Feerj.<\/p>\n<p>\n  A reuni\u00e3o come\u00e7ou pela aprova\u00e7\u00e3o do regimento. De acordo com os representantes do Feerj, era preciso atualizar o estatuto para os desafios educacionais do estado do Rio. Os debates sobre o novo regimento foram realizados ao longo de tr\u00eas encontros do pleno e, no \u00faltimo, com as \u00faltimas contribui\u00e7\u00f5es, o regimento foi aprovado por unanimidade; o que resulta no fortalecimento do Feerj como nova inst\u00e2ncia do Sistema Nacional de Educa\u00e7\u00e3o.<\/p>\n<p>\n   Em seguida, os membros do Feerj debateram e tamb\u00e9m foram un\u00e2nimes na cria\u00e7\u00e3o de uma coordena\u00e7\u00e3o colegiada, composta de cinco titulares e tr\u00eas suplentes, com o desafio de fortalecer a representa\u00e7\u00e3o das entidades, ampliar o debate sobre o PNE com a sociedade e incentivar a cria\u00e7\u00e3o dos seus F\u00f3runs Municipais.<\/p>\n<p>\n    Novamente, os membros do Feerj demonstraram bastante unidade e consenso nos nomes apresentados para compor a coordena\u00e7\u00e3o. Aos moldes do F\u00f3rum Nacional de Educa\u00e7\u00e3o, o pleno deliberou pelo revezamento na Coordena\u00e7\u00e3o Geral (governo e sociedade civil), elegendo o professor Andre Jorge Marinho (CUT) como representante da sociedade civil.<\/p>\n<p>\n     <b><br \/>\n      Confira a nova Coordena\u00e7\u00e3o do Feerj:<\/p>\n<p>\n       Titulares:<\/p>\n<p>\n        Coordena\u00e7\u00e3o Geral:<br \/>\n        <br \/>\n        Andre Jorge Marcelino da Costa Marinho\n       <\/p>\n<\/p>\n<p>     <\/b><br \/>\n     \u2013 CUT (Central \u00danica dos Trabalhadores);<\/p>\n<p>\n      <b><br \/>\n       Coordena\u00e7\u00e3o Adjunta:<br \/>\n       <br \/>\n       M\u00e1rcia Cristina Pinheiro Farinazo<br \/>\n      <\/b><br \/>\n      \u2013 Faetec (Secretaria Estadual de Ci\u00eancia, Tecnologia e Inova\u00e7\u00e3o \u2013 SECTI);<\/p>\n<p>\n       <b><br \/>\n        Secretaria Executiva:<br \/>\n        <br \/>\n        Rita de C\u00e1ssia Manh\u00e3es<br \/>\n       <\/b><br \/>\n       \u2013  Seeduc (Secretaria de Estado de Educa\u00e7\u00e3o);<\/p>\n<p>\n        <b><br \/>\n         Comiss\u00e3o de Acompanhamento e Avalia\u00e7\u00e3o de Pol\u00edticas P\u00fablicas Educacionais:<br \/>\n         <br \/>\n         Jorge Nassim Vieira Najjar<br \/>\n        <\/b><br \/>\n        \u2013 UFF (Universidade Federal Fluminense);<\/p>\n<p>\n         <b><br \/>\n          Comiss\u00e3o de Monitoramento e Articula\u00e7\u00e3o dos Planos e F\u00f3runs de Educa\u00e7\u00e3o:<br \/>\n          <br \/>\n          Lea Cutz Gaudenzi<br \/>\n         <\/b><br \/>\n         \u2013 UniRio (Universidade Federal do Estado do Rio de Janeiro);<\/p>\n<p>\n          <b><br \/>\n           Suplentes:<br \/>\n           <br \/>\n           Joana Raphael<br \/>\n          <\/b><br \/>\n          \u2013 Educafro (Educa\u00e7\u00e3o e Cidadania de Afrodescendentes e Carentes);<br \/>\n          <br \/>\n          <b><br \/>\n           Rosana Mendes<br \/>\n          <\/b><br \/>\n          \u2013 Seeduc (Secretaria de Estado de Educa\u00e7\u00e3o);<br \/>\n          <br \/>\n          <b><br \/>\n           H\u00e9lcio Alvim<br \/>\n          <\/b><br \/>\n          \u2013 CNBB (Confer\u00eancia Nacional dos Bispos do Brasil).<\/p>\n<p>\n           <b><br \/>\n            Hist\u00f3rico:<br \/>\n           <\/b><\/p>\n<p>\n            O F\u00f3rum Estadual de Educa\u00e7\u00e3o do Rio de Janeiro foi institu\u00eddo pela Resolu\u00e7\u00e3o SEEDUC n\u00ba 4.776, de 05 de mar\u00e7o de 2012. As primeiras coordena\u00e7\u00f5es do F\u00f3rum estiveram a cargo da Seeduc (Secretaria de Estado de Educa\u00e7\u00e3o), sendo a professora Magda Say\u00e3o a primeira; o secret\u00e1rio de Estado de Educa\u00e7\u00e3o, professor Ant\u00f4nio Neto, o segundo e a professora Rita Manh\u00e3es. Pela primeira vez, a sociedade civil estar\u00e1 na Coordena\u00e7\u00e3o Geral do Feerj com o professor Andre Jorge Marinho.\n           <\/p>\n<\/p>\n<\/p>\n<\/p>\n<\/p>\n<\/p>\n<\/p>\n<p>\n A reuni\u00e3o come\u00e7ou pela aprova\u00e7\u00e3o do regimento. De acordo com os representantes do Feerj, era preciso atualizar o estatuto para os desafios educacionais do estado do Rio. Os debates sobre o novo regimento foram realizados ao longo de tr\u00eas encontros do pleno e, no \u00faltimo, com as \u00faltimas contribui\u00e7\u00f5es, o regimento foi aprovado por unanimidade; o que resulta no fortalecimento do Feerj como nova inst\u00e2ncia do Sistema Nacional de Educa\u00e7\u00e3o.<\/p>\n<p>\n  Em seguida, os membros do Feerj debateram e tamb\u00e9m foram un\u00e2nimes na cria\u00e7\u00e3o de uma coordena\u00e7\u00e3o colegiada, composta de cinco titulares e tr\u00eas suplentes, com o desafio de fortalecer a representa\u00e7\u00e3o das entidades, ampliar o debate sobre o PNE com a sociedade e incentivar a cria\u00e7\u00e3o dos seus F\u00f3runs Municipais.<\/p>\n<p>\n   Novamente, os membros do Feerj demonstraram bastante unidade e consenso nos nomes apresentados para compor a coordena\u00e7\u00e3o. Aos moldes do F\u00f3rum Nacional de Educa\u00e7\u00e3o, o pleno deliberou pelo revezamento na Coordena\u00e7\u00e3o Geral (governo e sociedade civil), elegendo o professor Andre Jorge Marinho (CUT) como representante da sociedade civil.<\/p>\n<p>\n    <b><br \/>\n     Confira a nova Coordena\u00e7\u00e3o do Feerj:<\/p>\n<p>\n      Titulares:<\/p>\n<p>\n       Coordena\u00e7\u00e3o Geral:<br \/>\n       <br \/>\n       Andre Jorge Marcelino da Costa Marinho\n      <\/p>\n<\/p>\n<p>    <\/b><br \/>\n    \u2013 CUT (Central \u00danica dos Trabalhadores);<\/p>\n<p>\n     <b><br \/>\n      Coordena\u00e7\u00e3o Adjunta:<br \/>\n      <br \/>\n      M\u00e1rcia Cristina Pinheiro Farinazo<br \/>\n     <\/b><br \/>\n     \u2013 Faetec (Secretaria Estadual de Ci\u00eancia, Tecnologia e Inova\u00e7\u00e3o \u2013 SECTI);<\/p>\n<p>\n      <b><br \/>\n       Secretaria Executiva:<br \/>\n       <br \/>\n       Rita de C\u00e1ssia Manh\u00e3es<br \/>\n      <\/b><br \/>\n      \u2013  Seeduc (Secretaria de Estado de Educa\u00e7\u00e3o);<\/p>\n<p>\n       <b><br \/>\n        Comiss\u00e3o de Acompanhamento e Avalia\u00e7\u00e3o de Pol\u00edticas P\u00fablicas Educacionais:<br \/>\n        <br \/>\n        Jorge Nassim Vieira Najjar<br \/>\n       <\/b><br \/>\n       \u2013 UFF (Universidade Federal Fluminense);<\/p>\n<p>\n        <b><br \/>\n         Comiss\u00e3o de Monitoramento e Articula\u00e7\u00e3o dos Planos e F\u00f3runs de Educa\u00e7\u00e3o:<br \/>\n         <br \/>\n         Lea Cutz Gaudenzi<br \/>\n        <\/b><br \/>\n        \u2013 UniRio (Universidade Federal do Estado do Rio de Janeiro);<\/p>\n<p>\n         <b><br \/>\n          Suplentes:<br \/>\n          <br \/>\n          Joana Raphael<br \/>\n         <\/b><br \/>\n         \u2013 Educafro (Educa\u00e7\u00e3o e Cidadania de Afrodescendentes e Carentes);<br \/>\n         <br \/>\n         <b><br \/>\n          Rosana Mendes<br \/>\n         <\/b><br \/>\n         \u2013 Seeduc (Secretaria de Estado de Educa\u00e7\u00e3o);<br \/>\n         <br \/>\n         <b><br \/>\n          H\u00e9lcio Alvim<br \/>\n         <\/b><br \/>\n         \u2013 CNBB (Confer\u00eancia Nacional dos Bispos do Brasil).<\/p>\n<p>\n          <b><br \/>\n           Hist\u00f3rico:<br \/>\n          <\/b><\/p>\n<p>\n           O F\u00f3rum Estadual de Educa\u00e7\u00e3o do Rio de Janeiro foi institu\u00eddo pela Resolu\u00e7\u00e3o SEEDUC n\u00ba 4.776, de 05 de mar\u00e7o de 2012. As primeiras coordena\u00e7\u00f5es do F\u00f3rum estiveram a cargo da Seeduc (Secretaria de Estado de Educa\u00e7\u00e3o), sendo a professora Magda Say\u00e3o a primeira; o secret\u00e1rio de Estado de Educa\u00e7\u00e3o, professor Ant\u00f4nio Neto, o segundo e a professora Rita Manh\u00e3es. Pela primeira vez, a sociedade civil estar\u00e1 na Coordena\u00e7\u00e3o Geral do Feerj com o professor Andre Jorge Marinho.\n          <\/p>\n<\/p>\n<\/p>\n<\/p>\n<\/p>\n<\/p>\n<p>\n Em seguida, os membros do Feerj debateram e tamb\u00e9m foram un\u00e2nimes na cria\u00e7\u00e3o de uma coordena\u00e7\u00e3o colegiada, composta de cinco titulares e tr\u00eas suplentes, com o desafio de fortalecer a representa\u00e7\u00e3o das entidades, ampliar o debate sobre o PNE com a sociedade e incentivar a cria\u00e7\u00e3o dos seus F\u00f3runs Municipais.<\/p>\n<p>\n  Novamente, os membros do Feerj demonstraram bastante unidade e consenso nos nomes apresentados para compor a coordena\u00e7\u00e3o. Aos moldes do F\u00f3rum Nacional de Educa\u00e7\u00e3o, o pleno deliberou pelo revezamento na Coordena\u00e7\u00e3o Geral (governo e sociedade civil), elegendo o professor Andre Jorge Marinho (CUT) como representante da sociedade civil.<\/p>\n<p>\n   <b><br \/>\n    Confira a nova Coordena\u00e7\u00e3o do Feerj:<\/p>\n<p>\n     Titulares:<\/p>\n<p>\n      Coordena\u00e7\u00e3o Geral:<br \/>\n      <br \/>\n      Andre Jorge Marcelino da Costa Marinho\n     <\/p>\n<\/p>\n<p>   <\/b><br \/>\n   \u2013 CUT (Central \u00danica dos Trabalhadores);<\/p>\n<p>\n    <b><br \/>\n     Coordena\u00e7\u00e3o Adjunta:<br \/>\n     <br \/>\n     M\u00e1rcia Cristina Pinheiro Farinazo<br \/>\n    <\/b><br \/>\n    \u2013 Faetec (Secretaria Estadual de Ci\u00eancia, Tecnologia e Inova\u00e7\u00e3o \u2013 SECTI);<\/p>\n<p>\n     <b><br \/>\n      Secretaria Executiva:<br \/>\n      <br \/>\n      Rita de C\u00e1ssia Manh\u00e3es<br \/>\n     <\/b><br \/>\n     \u2013  Seeduc (Secretaria de Estado de Educa\u00e7\u00e3o);<\/p>\n<p>\n      <b><br \/>\n       Comiss\u00e3o de Acompanhamento e Avalia\u00e7\u00e3o de Pol\u00edticas P\u00fablicas Educacionais:<br \/>\n       <br \/>\n       Jorge Nassim Vieira Najjar<br \/>\n      <\/b><br \/>\n      \u2013 UFF (Universidade Federal Fluminense);<\/p>\n<p>\n       <b><br \/>\n        Comiss\u00e3o de Monitoramento e Articula\u00e7\u00e3o dos Planos e F\u00f3runs de Educa\u00e7\u00e3o:<br \/>\n        <br \/>\n        Lea Cutz Gaudenzi<br \/>\n       <\/b><br \/>\n       \u2013 UniRio (Universidade Federal do Estado do Rio de Janeiro);<\/p>\n<p>\n        <b><br \/>\n         Suplentes:<br \/>\n         <br \/>\n         Joana Raphael<br \/>\n        <\/b><br \/>\n        \u2013 Educafro (Educa\u00e7\u00e3o e Cidadania de Afrodescendentes e Carentes);<br \/>\n        <br \/>\n        <b><br \/>\n         Rosana Mendes<br \/>\n        <\/b><br \/>\n        \u2013 Seeduc (Secretaria de Estado de Educa\u00e7\u00e3o);<br \/>\n        <br \/>\n        <b><br \/>\n         H\u00e9lcio Alvim<br \/>\n        <\/b><br \/>\n        \u2013 CNBB (Confer\u00eancia Nacional dos Bispos do Brasil).<\/p>\n<p>\n         <b><br \/>\n          Hist\u00f3rico:<br \/>\n         <\/b><\/p>\n<p>\n          O F\u00f3rum Estadual de Educa\u00e7\u00e3o do Rio de Janeiro foi institu\u00eddo pela Resolu\u00e7\u00e3o SEEDUC n\u00ba 4.776, de 05 de mar\u00e7o de 2012. As primeiras coordena\u00e7\u00f5es do F\u00f3rum estiveram a cargo da Seeduc (Secretaria de Estado de Educa\u00e7\u00e3o), sendo a professora Magda Say\u00e3o a primeira; o secret\u00e1rio de Estado de Educa\u00e7\u00e3o, professor Ant\u00f4nio Neto, o segundo e a professora Rita Manh\u00e3es. Pela primeira vez, a sociedade civil estar\u00e1 na Coordena\u00e7\u00e3o Geral do Feerj com o professor Andre Jorge Marinho.\n         <\/p>\n<\/p>\n<\/p>\n<\/p>\n<\/p>\n<\/p>\n<p>\n Novamente, os membros do Feerj demonstraram bastante unidade e consenso nos nomes apresentados para compor a coordena\u00e7\u00e3o. Aos moldes do F\u00f3rum Nacional de Educa\u00e7\u00e3o, o pleno deliberou pelo revezamento na Coordena\u00e7\u00e3o Geral (governo e sociedade civil), elegendo o professor Andre Jorge Marinho (CUT) como representante da sociedade civil.<\/p>\n<p>\n  <b><br \/>\n   Confira a nova Coordena\u00e7\u00e3o do Feerj:<\/p>\n<p>\n    Titulares:<\/p>\n<p>\n     Coordena\u00e7\u00e3o Geral:<br \/>\n     <br \/>\n     Andre Jorge Marcelino da Costa Marinho\n    <\/p>\n<\/p>\n<p>  <\/b><br \/>\n  \u2013 CUT (Central \u00danica dos Trabalhadores);<\/p>\n<p>\n   <b><br \/>\n    Coordena\u00e7\u00e3o Adjunta:<br \/>\n    <br \/>\n    M\u00e1rcia Cristina Pinheiro Farinazo<br \/>\n   <\/b><br \/>\n   \u2013 Faetec (Secretaria Estadual de Ci\u00eancia, Tecnologia e Inova\u00e7\u00e3o \u2013 SECTI);<\/p>\n<p>\n    <b><br \/>\n     Secretaria Executiva:<br \/>\n     <br \/>\n     Rita de C\u00e1ssia Manh\u00e3es<br \/>\n    <\/b><br \/>\n    \u2013  Seeduc (Secretaria de Estado de Educa\u00e7\u00e3o);<\/p>\n<p>\n     <b><br \/>\n      Comiss\u00e3o de Acompanhamento e Avalia\u00e7\u00e3o de Pol\u00edticas P\u00fablicas Educacionais:<br \/>\n      <br \/>\n      Jorge Nassim Vieira Najjar<br \/>\n     <\/b><br \/>\n     \u2013 UFF (Universidade Federal Fluminense);<\/p>\n<p>\n      <b><br \/>\n       Comiss\u00e3o de Monitoramento e Articula\u00e7\u00e3o dos Planos e F\u00f3runs de Educa\u00e7\u00e3o:<br \/>\n       <br \/>\n       Lea Cutz Gaudenzi<br \/>\n      <\/b><br \/>\n      \u2013 UniRio (Universidade Federal do Estado do Rio de Janeiro);<\/p>\n<p>\n       <b><br \/>\n        Suplentes:<br \/>\n        <br \/>\n        Joana Raphael<br \/>\n       <\/b><br \/>\n       \u2013 Educafro (Educa\u00e7\u00e3o e Cidadania de Afrodescendentes e Carentes);<br \/>\n       <br \/>\n       <b><br \/>\n        Rosana Mendes<br \/>\n       <\/b><br \/>\n       \u2013 Seeduc (Secretaria de Estado de Educa\u00e7\u00e3o);<br \/>\n       <br \/>\n       <b><br \/>\n        H\u00e9lcio Alvim<br \/>\n       <\/b><br \/>\n       \u2013 CNBB (Confer\u00eancia Nacional dos Bispos do Brasil).<\/p>\n<p>\n        <b><br \/>\n         Hist\u00f3rico:<br \/>\n        <\/b><\/p>\n<p>\n         O F\u00f3rum Estadual de Educa\u00e7\u00e3o do Rio de Janeiro foi institu\u00eddo pela Resolu\u00e7\u00e3o SEEDUC n\u00ba 4.776, de 05 de mar\u00e7o de 2012. As primeiras coordena\u00e7\u00f5es do F\u00f3rum estiveram a cargo da Seeduc (Secretaria de Estado de Educa\u00e7\u00e3o), sendo a professora Magda Say\u00e3o a primeira; o secret\u00e1rio de Estado de Educa\u00e7\u00e3o, professor Ant\u00f4nio Neto, o segundo e a professora Rita Manh\u00e3es. Pela primeira vez, a sociedade civil estar\u00e1 na Coordena\u00e7\u00e3o Geral do Feerj com o professor Andre Jorge Marinho.\n        <\/p>\n<\/p>\n<\/p>\n<\/p>\n<\/p>\n<p>\n <b><br \/>\n  Confira a nova Coordena\u00e7\u00e3o do Feerj:<\/p>\n<p>\n   Titulares:<\/p>\n<p>\n    Coordena\u00e7\u00e3o Geral:<br \/>\n    <br \/>\n    Andre Jorge Marcelino da Costa Marinho\n   <\/p>\n<\/p>\n<p> <\/b><br \/>\n \u2013 CUT (Central \u00danica dos Trabalhadores);<\/p>\n<p>\n  <b><br \/>\n   Coordena\u00e7\u00e3o Adjunta:<br \/>\n   <br \/>\n   M\u00e1rcia Cristina Pinheiro Farinazo<br \/>\n  <\/b><br \/>\n  \u2013 Faetec (Secretaria Estadual de Ci\u00eancia, Tecnologia e Inova\u00e7\u00e3o \u2013 SECTI);<\/p>\n<p>\n   <b><br \/>\n    Secretaria Executiva:<br \/>\n    <br \/>\n    Rita de C\u00e1ssia Manh\u00e3es<br \/>\n   <\/b><br \/>\n   \u2013  Seeduc (Secretaria de Estado de Educa\u00e7\u00e3o);<\/p>\n<p>\n    <b><br \/>\n     Comiss\u00e3o de Acompanhamento e Avalia\u00e7\u00e3o de Pol\u00edticas P\u00fablicas Educacionais:<br \/>\n     <br \/>\n     Jorge Nassim Vieira Najjar<br \/>\n    <\/b><br \/>\n    \u2013 UFF (Universidade Federal Fluminense);<\/p>\n<p>\n     <b><br \/>\n      Comiss\u00e3o de Monitoramento e Articula\u00e7\u00e3o dos Planos e F\u00f3runs de Educa\u00e7\u00e3o:<br \/>\n      <br \/>\n      Lea Cutz Gaudenzi<br \/>\n     <\/b><br \/>\n     \u2013 UniRio (Universidade Federal do Estado do Rio de Janeiro);<\/p>\n<p>\n      <b><br \/>\n       Suplentes:<br \/>\n       <br \/>\n       Joana Raphael<br \/>\n      <\/b><br \/>\n      \u2013 Educafro (Educa\u00e7\u00e3o e Cidadania de Afrodescendentes e Carentes);<br \/>\n      <br \/>\n      <b><br \/>\n       Rosana Mendes<br \/>\n      <\/b><br \/>\n      \u2013 Seeduc (Secretaria de Estado de Educa\u00e7\u00e3o);<br \/>\n      <br \/>\n      <b><br \/>\n       H\u00e9lcio Alvim<br \/>\n      <\/b><br \/>\n      \u2013 CNBB (Confer\u00eancia Nacional dos Bispos do Brasil).<\/p>\n<p>\n       <b><br \/>\n        Hist\u00f3rico:<br \/>\n       <\/b><\/p>\n<p>\n        O F\u00f3rum Estadual de Educa\u00e7\u00e3o do Rio de Janeiro foi institu\u00eddo pela Resolu\u00e7\u00e3o SEEDUC n\u00ba 4.776, de 05 de mar\u00e7o de 2012. As primeiras coordena\u00e7\u00f5es do F\u00f3rum estiveram a cargo da Seeduc (Secretaria de Estado de Educa\u00e7\u00e3o), sendo a professora Magda Say\u00e3o a primeira; o secret\u00e1rio de Estado de Educa\u00e7\u00e3o, professor Ant\u00f4nio Neto, o segundo e a professora Rita Manh\u00e3es. Pela primeira vez, a sociedade civil estar\u00e1 na Coordena\u00e7\u00e3o Geral do Feerj com o professor Andre Jorge Marinho.\n       <\/p>\n<\/p>\n<\/p>\n<\/p>\n<\/p>\n<p>\n Titulares:<\/p>\n<p>\n  Coordena\u00e7\u00e3o Geral:<br \/>\n  <br \/>\n  Andre Jorge Marcelino da Costa Marinho\n <\/p>\n<\/p>\n<p>\n Coordena\u00e7\u00e3o Geral:<br \/>\n <br \/>\n Andre Jorge Marcelino da Costa Marinho\n<\/p>\n<p>\n <b><br \/>\n  Coordena\u00e7\u00e3o Adjunta:<br \/>\n  <br \/>\n  M\u00e1rcia Cristina Pinheiro Farinazo<br \/>\n <\/b><br \/>\n \u2013 Faetec (Secretaria Estadual de Ci\u00eancia, Tecnologia e Inova\u00e7\u00e3o \u2013 SECTI);<\/p>\n<p>\n  <b><br \/>\n   Secretaria Executiva:<br \/>\n   <br \/>\n   Rita de C\u00e1ssia Manh\u00e3es<br \/>\n  <\/b><br \/>\n  \u2013  Seeduc (Secretaria de Estado de Educa\u00e7\u00e3o);<\/p>\n<p>\n   <b><br \/>\n    Comiss\u00e3o de Acompanhamento e Avalia\u00e7\u00e3o de Pol\u00edticas P\u00fablicas Educacionais:<br \/>\n    <br \/>\n    Jorge Nassim Vieira Najjar<br \/>\n   <\/b><br \/>\n   \u2013 UFF (Universidade Federal Fluminense);<\/p>\n<p>\n    <b><br \/>\n     Comiss\u00e3o de Monitoramento e Articula\u00e7\u00e3o dos Planos e F\u00f3runs de Educa\u00e7\u00e3o:<br \/>\n     <br \/>\n     Lea Cutz Gaudenzi<br \/>\n    <\/b><br \/>\n    \u2013 UniRio (Universidade Federal do Estado do Rio de Janeiro);<\/p>\n<p>\n     <b><br \/>\n      Suplentes:<br \/>\n      <br \/>\n      Joana Raphael<br \/>\n     <\/b><br \/>\n     \u2013 Educafro (Educa\u00e7\u00e3o e Cidadania de Afrodescendentes e Carentes);<br \/>\n     <br \/>\n     <b><br \/>\n      Rosana Mendes<br \/>\n     <\/b><br \/>\n     \u2013 Seeduc (Secretaria de Estado de Educa\u00e7\u00e3o);<br \/>\n     <br \/>\n     <b><br \/>\n      H\u00e9lcio Alvim<br \/>\n     <\/b><br \/>\n     \u2013 CNBB (Confer\u00eancia Nacional dos Bispos do Brasil).<\/p>\n<p>\n      <b><br \/>\n       Hist\u00f3rico:<br \/>\n      <\/b><\/p>\n<p>\n       O F\u00f3rum Estadual de Educa\u00e7\u00e3o do Rio de Janeiro foi institu\u00eddo pela Resolu\u00e7\u00e3o SEEDUC n\u00ba 4.776, de 05 de mar\u00e7o de 2012. As primeiras coordena\u00e7\u00f5es do F\u00f3rum estiveram a cargo da Seeduc (Secretaria de Estado de Educa\u00e7\u00e3o), sendo a professora Magda Say\u00e3o a primeira; o secret\u00e1rio de Estado de Educa\u00e7\u00e3o, professor Ant\u00f4nio Neto, o segundo e a professora Rita Manh\u00e3es. Pela primeira vez, a sociedade civil estar\u00e1 na Coordena\u00e7\u00e3o Geral do Feerj com o professor Andre Jorge Marinho.\n      <\/p>\n<\/p>\n<\/p>\n<\/p>\n<p>\n <b><br \/>\n  Secretaria Executiva:<br \/>\n  <br \/>\n  Rita de C\u00e1ssia Manh\u00e3es<br \/>\n <\/b><br \/>\n \u2013  Seeduc (Secretaria de Estado de Educa\u00e7\u00e3o);<\/p>\n<p>\n  <b><br \/>\n   Comiss\u00e3o de Acompanhamento e Avalia\u00e7\u00e3o de Pol\u00edticas P\u00fablicas Educacionais:<br \/>\n   <br \/>\n   Jorge Nassim Vieira Najjar<br \/>\n  <\/b><br \/>\n  \u2013 UFF (Universidade Federal Fluminense);<\/p>\n<p>\n   <b><br \/>\n    Comiss\u00e3o de Monitoramento e Articula\u00e7\u00e3o dos Planos e F\u00f3runs de Educa\u00e7\u00e3o:<br \/>\n    <br \/>\n    Lea Cutz Gaudenzi<br \/>\n   <\/b><br \/>\n   \u2013 UniRio (Universidade Federal do Estado do Rio de Janeiro);<\/p>\n<p>\n    <b><br \/>\n     Suplentes:<br \/>\n     <br \/>\n     Joana Raphael<br \/>\n    <\/b><br \/>\n    \u2013 Educafro (Educa\u00e7\u00e3o e Cidadania de Afrodescendentes e Carentes);<br \/>\n    <br \/>\n    <b><br \/>\n     Rosana Mendes<br \/>\n    <\/b><br \/>\n    \u2013 Seeduc (Secretaria de Estado de Educa\u00e7\u00e3o);<br \/>\n    <br \/>\n    <b><br \/>\n     H\u00e9lcio Alvim<br \/>\n    <\/b><br \/>\n    \u2013 CNBB (Confer\u00eancia Nacional dos Bispos do Brasil).<\/p>\n<p>\n     <b><br \/>\n      Hist\u00f3rico:<br \/>\n     <\/b><\/p>\n<p>\n      O F\u00f3rum Estadual de Educa\u00e7\u00e3o do Rio de Janeiro foi institu\u00eddo pela Resolu\u00e7\u00e3o SEEDUC n\u00ba 4.776, de 05 de mar\u00e7o de 2012. As primeiras coordena\u00e7\u00f5es do F\u00f3rum estiveram a cargo da Seeduc (Secretaria de Estado de Educa\u00e7\u00e3o), sendo a professora Magda Say\u00e3o a primeira; o secret\u00e1rio de Estado de Educa\u00e7\u00e3o, professor Ant\u00f4nio Neto, o segundo e a professora Rita Manh\u00e3es. Pela primeira vez, a sociedade civil estar\u00e1 na Coordena\u00e7\u00e3o Geral do Feerj com o professor Andre Jorge Marinho.\n     <\/p>\n<\/p>\n<\/p>\n<\/p>\n<p>\n <b><br \/>\n  Comiss\u00e3o de Acompanhamento e Avalia\u00e7\u00e3o de Pol\u00edticas P\u00fablicas Educacionais:<br \/>\n  <br \/>\n  Jorge Nassim Vieira Najjar<br \/>\n <\/b><br \/>\n \u2013 UFF (Universidade Federal Fluminense);<\/p>\n<p>\n  <b><br \/>\n   Comiss\u00e3o de Monitoramento e Articula\u00e7\u00e3o dos Planos e F\u00f3runs de Educa\u00e7\u00e3o:<br \/>\n   <br \/>\n   Lea Cutz Gaudenzi<br \/>\n  <\/b><br \/>\n  \u2013 UniRio (Universidade Federal do Estado do Rio de Janeiro);<\/p>\n<p>\n   <b><br \/>\n    Suplentes:<br \/>\n    <br \/>\n    Joana Raphael<br \/>\n   <\/b><br \/>\n   \u2013 Educafro (Educa\u00e7\u00e3o e Cidadania de Afrodescendentes e Carentes);<br \/>\n   <br \/>\n   <b><br \/>\n    Rosana Mendes<br \/>\n   <\/b><br \/>\n   \u2013 Seeduc (Secretaria de Estado de Educa\u00e7\u00e3o);<br \/>\n   <br \/>\n   <b><br \/>\n    H\u00e9lcio Alvim<br \/>\n   <\/b><br \/>\n   \u2013 CNBB (Confer\u00eancia Nacional dos Bispos do Brasil).<\/p>\n<p>\n    <b><br \/>\n     Hist\u00f3rico:<br \/>\n    <\/b><\/p>\n<p>\n     O F\u00f3rum Estadual de Educa\u00e7\u00e3o do Rio de Janeiro foi institu\u00eddo pela Resolu\u00e7\u00e3o SEEDUC n\u00ba 4.776, de 05 de mar\u00e7o de 2012. As primeiras coordena\u00e7\u00f5es do F\u00f3rum estiveram a cargo da Seeduc (Secretaria de Estado de Educa\u00e7\u00e3o), sendo a professora Magda Say\u00e3o a primeira; o secret\u00e1rio de Estado de Educa\u00e7\u00e3o, professor Ant\u00f4nio Neto, o segundo e a professora Rita Manh\u00e3es. Pela primeira vez, a sociedade civil estar\u00e1 na Coordena\u00e7\u00e3o Geral do Feerj com o professor Andre Jorge Marinho.\n    <\/p>\n<\/p>\n<\/p>\n<p>\n <b><br \/>\n  Comiss\u00e3o de Monitoramento e Articula\u00e7\u00e3o dos Planos e F\u00f3runs de Educa\u00e7\u00e3o:<br \/>\n  <br \/>\n  Lea Cutz Gaudenzi<br \/>\n <\/b><br \/>\n \u2013 UniRio (Universidade Federal do Estado do Rio de Janeiro);<\/p>\n<p>\n  <b><br \/>\n   Suplentes:<br \/>\n   <br \/>\n   Joana Raphael<br \/>\n  <\/b><br \/>\n  \u2013 Educafro (Educa\u00e7\u00e3o e Cidadania de Afrodescendentes e Carentes);<br \/>\n  <br \/>\n  <b><br \/>\n   Rosana Mendes<br \/>\n  <\/b><br \/>\n  \u2013 Seeduc (Secretaria de Estado de Educa\u00e7\u00e3o);<br \/>\n  <br \/>\n  <b><br \/>\n   H\u00e9lcio Alvim<br \/>\n  <\/b><br \/>\n  \u2013 CNBB (Confer\u00eancia Nacional dos Bispos do Brasil).<\/p>\n<p>\n   <b><br \/>\n    Hist\u00f3rico:<br \/>\n   <\/b><\/p>\n<p>\n    O F\u00f3rum Estadual de Educa\u00e7\u00e3o do Rio de Janeiro foi institu\u00eddo pela Resolu\u00e7\u00e3o SEEDUC n\u00ba 4.776, de 05 de mar\u00e7o de 2012. As primeiras coordena\u00e7\u00f5es do F\u00f3rum estiveram a cargo da Seeduc (Secretaria de Estado de Educa\u00e7\u00e3o), sendo a professora Magda Say\u00e3o a primeira; o secret\u00e1rio de Estado de Educa\u00e7\u00e3o, professor Ant\u00f4nio Neto, o segundo e a professora Rita Manh\u00e3es. Pela primeira vez, a sociedade civil estar\u00e1 na Coordena\u00e7\u00e3o Geral do Feerj com o professor Andre Jorge Marinho.\n   <\/p>\n<\/p>\n<\/p>\n<p>\n <b><br \/>\n  Suplentes:<br \/>\n  <br \/>\n  Joana Raphael<br \/>\n <\/b><br \/>\n \u2013 Educafro (Educa\u00e7\u00e3o e Cidadania de Afrodescendentes e Carentes);<br \/>\n <br \/>\n <b><br \/>\n  Rosana Mendes<br \/>\n <\/b><br \/>\n \u2013 Seeduc (Secretaria de Estado de Educa\u00e7\u00e3o);<br \/>\n <br \/>\n <b><br \/>\n  H\u00e9lcio Alvim<br \/>\n <\/b><br \/>\n \u2013 CNBB (Confer\u00eancia Nacional dos Bispos do Brasil).<\/p>\n<p>\n  <b><br \/>\n   Hist\u00f3rico:<br \/>\n  <\/b><\/p>\n<p>\n   O F\u00f3rum Estadual de Educa\u00e7\u00e3o do Rio de Janeiro foi institu\u00eddo pela Resolu\u00e7\u00e3o SEEDUC n\u00ba 4.776, de 05 de mar\u00e7o de 2012. As primeiras coordena\u00e7\u00f5es do F\u00f3rum estiveram a cargo da Seeduc (Secretaria de Estado de Educa\u00e7\u00e3o), sendo a professora Magda Say\u00e3o a primeira; o secret\u00e1rio de Estado de Educa\u00e7\u00e3o, professor Ant\u00f4nio Neto, o segundo e a professora Rita Manh\u00e3es. Pela primeira vez, a sociedade civil estar\u00e1 na Coordena\u00e7\u00e3o Geral do Feerj com o professor Andre Jorge Marinho.\n  <\/p>\n<\/p>\n<p>\n <b><br \/>\n  Hist\u00f3rico:<br \/>\n <\/b><\/p>\n<p>\n  O F\u00f3rum Estadual de Educa\u00e7\u00e3o do Rio de Janeiro foi institu\u00eddo pela Resolu\u00e7\u00e3o SEEDUC n\u00ba 4.776, de 05 de mar\u00e7o de 2012. As primeiras coordena\u00e7\u00f5es do F\u00f3rum estiveram a cargo da Seeduc (Secretaria de Estado de Educa\u00e7\u00e3o), sendo a professora Magda Say\u00e3o a primeira; o secret\u00e1rio de Estado de Educa\u00e7\u00e3o, professor Ant\u00f4nio Neto, o segundo e a professora Rita Manh\u00e3es. Pela primeira vez, a sociedade civil estar\u00e1 na Coordena\u00e7\u00e3o Geral do Feerj com o professor Andre Jorge Marinho.\n <\/p>\n<\/p>\n<p>\n O F\u00f3rum Estadual de Educa\u00e7\u00e3o do Rio de Janeiro foi institu\u00eddo pela Resolu\u00e7\u00e3o SEEDUC n\u00ba 4.776, de 05 de mar\u00e7o de 2012. As primeiras coordena\u00e7\u00f5es do F\u00f3rum estiveram a cargo da Seeduc (Secretaria de Estado de Educa\u00e7\u00e3o), sendo a professora Magda Say\u00e3o a primeira; o secret\u00e1rio de Estado de Educa\u00e7\u00e3o, professor Ant\u00f4nio Neto, o segundo e a professora Rita Manh\u00e3es. Pela primeira vez, a sociedade civil estar\u00e1 na Coordena\u00e7\u00e3o Geral do Feerj com o professor Andre Jorge Marinho.<\/p>\n","protected":false},"excerpt":{"rendered":"<p>14\/10\/2015 No dia 18 de setembro, o Pleno do F\u00f3rum Estadual de Educa\u00e7\u00e3o do Rio de Janeiro (Feerj), reunidos no Col\u00e9gio Estadual Amaro Cavalcanti debateu a proposta do novo regimento e elegeu a nova Coordena\u00e7\u00e3o do Feerj. A reuni\u00e3o come\u00e7ou pela aprova\u00e7\u00e3o do regimento. De acordo com os representantes do Feerj, era preciso atualizar o [&hellip;]<\/p>\n","protected":false},"author":1,"featured_media":0,"comment_status":"closed","ping_status":"open","sticky":false,"template":"","format":"standard","meta":{"footnotes":""},"categories":[1],"tags":[],"class_list":["post-19989","post","type-post","status-publish","format-standard","hentry","category-noticias"],"yoast_head":"<!-- This site is optimized with the Yoast SEO plugin v25.7 - https:\/\/yoast.com\/wordpress\/plugins\/seo\/ -->\n<title>F\u00f3rum Estadual de Educa\u00e7\u00e3o do Rio de Janeiro aprova novo regimento e elege nova Coordena\u00e7\u00e3o - Sinpro-Rio<\/title>\n<meta name=\"robots\" content=\"index, follow, max-snippet:-1, max-image-preview:large, max-video-preview:-1\" \/>\n<link rel=\"canonical\" href=\"https:\/\/www.sinpro-rio.org.br\/principal\/forum-estadual-de-educac-o-do-rio-de-janeiro-aprova-novo-regimento-e-elege-nova-coordenac-o\/\" \/>\n<meta property=\"og:locale\" content=\"pt_BR\" \/>\n<meta property=\"og:type\" content=\"article\" \/>\n<meta property=\"og:title\" content=\"F\u00f3rum Estadual de Educa\u00e7\u00e3o do Rio de Janeiro aprova novo regimento e elege nova Coordena\u00e7\u00e3o - Sinpro-Rio\" \/>\n<meta property=\"og:description\" content=\"14\/10\/2015 No dia 18 de setembro, o Pleno do F\u00f3rum Estadual de Educa\u00e7\u00e3o do Rio de Janeiro (Feerj), reunidos no Col\u00e9gio Estadual Amaro Cavalcanti debateu a proposta do novo regimento e elegeu a nova Coordena\u00e7\u00e3o do Feerj. A reuni\u00e3o come\u00e7ou pela aprova\u00e7\u00e3o do regimento. De acordo com os representantes do Feerj, era preciso atualizar o [&hellip;]\" \/>\n<meta property=\"og:url\" content=\"https:\/\/www.sinpro-rio.org.br\/principal\/forum-estadual-de-educac-o-do-rio-de-janeiro-aprova-novo-regimento-e-elege-nova-coordenac-o\/\" \/>\n<meta property=\"og:site_name\" content=\"Sinpro-Rio\" \/>\n<meta property=\"article:published_time\" content=\"2015-10-16T00:00:00+00:00\" \/>\n<meta name=\"author\" content=\"rafaelrjp\" \/>\n<meta name=\"twitter:card\" content=\"summary_large_image\" \/>\n<meta name=\"twitter:label1\" content=\"Escrito por\" \/>\n\t<meta name=\"twitter:data1\" content=\"rafaelrjp\" \/>\n\t<meta name=\"twitter:label2\" content=\"Est. tempo de leitura\" \/>\n\t<meta name=\"twitter:data2\" content=\"14 minutos\" \/>\n<script type=\"application\/ld+json\" class=\"yoast-schema-graph\">{\"@context\":\"https:\/\/schema.org\",\"@graph\":[{\"@type\":\"WebPage\",\"@id\":\"https:\/\/www.sinpro-rio.org.br\/principal\/forum-estadual-de-educac-o-do-rio-de-janeiro-aprova-novo-regimento-e-elege-nova-coordenac-o\/\",\"url\":\"https:\/\/www.sinpro-rio.org.br\/principal\/forum-estadual-de-educac-o-do-rio-de-janeiro-aprova-novo-regimento-e-elege-nova-coordenac-o\/\",\"name\":\"F\u00f3rum Estadual de Educa\u00e7\u00e3o do Rio de Janeiro aprova novo regimento e elege nova Coordena\u00e7\u00e3o - Sinpro-Rio\",\"isPartOf\":{\"@id\":\"https:\/\/www.sinpro-rio.org.br\/principal\/#website\"},\"datePublished\":\"2015-10-16T00:00:00+00:00\",\"author\":{\"@id\":\"https:\/\/www.sinpro-rio.org.br\/principal\/#\/schema\/person\/49feb585a2f57a31a6bd9f16f78e5be6\"},\"breadcrumb\":{\"@id\":\"https:\/\/www.sinpro-rio.org.br\/principal\/forum-estadual-de-educac-o-do-rio-de-janeiro-aprova-novo-regimento-e-elege-nova-coordenac-o\/#breadcrumb\"},\"inLanguage\":\"pt-BR\",\"potentialAction\":[{\"@type\":\"ReadAction\",\"target\":[\"https:\/\/www.sinpro-rio.org.br\/principal\/forum-estadual-de-educac-o-do-rio-de-janeiro-aprova-novo-regimento-e-elege-nova-coordenac-o\/\"]}]},{\"@type\":\"BreadcrumbList\",\"@id\":\"https:\/\/www.sinpro-rio.org.br\/principal\/forum-estadual-de-educac-o-do-rio-de-janeiro-aprova-novo-regimento-e-elege-nova-coordenac-o\/#breadcrumb\",\"itemListElement\":[{\"@type\":\"ListItem\",\"position\":1,\"name\":\"In\u00edcio\",\"item\":\"https:\/\/www.sinpro-rio.org.br\/principal\/\"},{\"@type\":\"ListItem\",\"position\":2,\"name\":\"F\u00f3rum Estadual de Educa\u00e7\u00e3o do Rio de Janeiro aprova novo regimento e elege nova Coordena\u00e7\u00e3o\"}]},{\"@type\":\"WebSite\",\"@id\":\"https:\/\/www.sinpro-rio.org.br\/principal\/#website\",\"url\":\"https:\/\/www.sinpro-rio.org.br\/principal\/\",\"name\":\"Sinpro-Rio\",\"description\":\"Sindicato dos Professores do Munic\u00edpio do Rio de Janeiro e Regi\u00e3o\",\"potentialAction\":[{\"@type\":\"SearchAction\",\"target\":{\"@type\":\"EntryPoint\",\"urlTemplate\":\"https:\/\/www.sinpro-rio.org.br\/principal\/?s={search_term_string}\"},\"query-input\":{\"@type\":\"PropertyValueSpecification\",\"valueRequired\":true,\"valueName\":\"search_term_string\"}}],\"inLanguage\":\"pt-BR\"},{\"@type\":\"Person\",\"@id\":\"https:\/\/www.sinpro-rio.org.br\/principal\/#\/schema\/person\/49feb585a2f57a31a6bd9f16f78e5be6\",\"name\":\"rafaelrjp\",\"image\":{\"@type\":\"ImageObject\",\"inLanguage\":\"pt-BR\",\"@id\":\"https:\/\/www.sinpro-rio.org.br\/principal\/#\/schema\/person\/image\/\",\"url\":\"https:\/\/secure.gravatar.com\/avatar\/489371a0ba4655c340b519882c68cf68?s=96&d=mm&r=g\",\"contentUrl\":\"https:\/\/secure.gravatar.com\/avatar\/489371a0ba4655c340b519882c68cf68?s=96&d=mm&r=g\",\"caption\":\"rafaelrjp\"},\"url\":\"https:\/\/www.sinpro-rio.org.br\/principal\/author\/rafaelrjp\/\"}]}<\/script>\n<!-- \/ Yoast SEO plugin. -->","yoast_head_json":{"title":"F\u00f3rum Estadual de Educa\u00e7\u00e3o do Rio de Janeiro aprova novo regimento e elege nova Coordena\u00e7\u00e3o - Sinpro-Rio","robots":{"index":"index","follow":"follow","max-snippet":"max-snippet:-1","max-image-preview":"max-image-preview:large","max-video-preview":"max-video-preview:-1"},"canonical":"https:\/\/www.sinpro-rio.org.br\/principal\/forum-estadual-de-educac-o-do-rio-de-janeiro-aprova-novo-regimento-e-elege-nova-coordenac-o\/","og_locale":"pt_BR","og_type":"article","og_title":"F\u00f3rum Estadual de Educa\u00e7\u00e3o do Rio de Janeiro aprova novo regimento e elege nova Coordena\u00e7\u00e3o - Sinpro-Rio","og_description":"14\/10\/2015 No dia 18 de setembro, o Pleno do F\u00f3rum Estadual de Educa\u00e7\u00e3o do Rio de Janeiro (Feerj), reunidos no Col\u00e9gio Estadual Amaro Cavalcanti debateu a proposta do novo regimento e elegeu a nova Coordena\u00e7\u00e3o do Feerj. A reuni\u00e3o come\u00e7ou pela aprova\u00e7\u00e3o do regimento. De acordo com os representantes do Feerj, era preciso atualizar o [&hellip;]","og_url":"https:\/\/www.sinpro-rio.org.br\/principal\/forum-estadual-de-educac-o-do-rio-de-janeiro-aprova-novo-regimento-e-elege-nova-coordenac-o\/","og_site_name":"Sinpro-Rio","article_published_time":"2015-10-16T00:00:00+00:00","author":"rafaelrjp","twitter_card":"summary_large_image","twitter_misc":{"Escrito por":"rafaelrjp","Est. tempo de leitura":"14 minutos"},"schema":{"@context":"https:\/\/schema.org","@graph":[{"@type":"WebPage","@id":"https:\/\/www.sinpro-rio.org.br\/principal\/forum-estadual-de-educac-o-do-rio-de-janeiro-aprova-novo-regimento-e-elege-nova-coordenac-o\/","url":"https:\/\/www.sinpro-rio.org.br\/principal\/forum-estadual-de-educac-o-do-rio-de-janeiro-aprova-novo-regimento-e-elege-nova-coordenac-o\/","name":"F\u00f3rum Estadual de Educa\u00e7\u00e3o do Rio de Janeiro aprova novo regimento e elege nova Coordena\u00e7\u00e3o - Sinpro-Rio","isPartOf":{"@id":"https:\/\/www.sinpro-rio.org.br\/principal\/#website"},"datePublished":"2015-10-16T00:00:00+00:00","author":{"@id":"https:\/\/www.sinpro-rio.org.br\/principal\/#\/schema\/person\/49feb585a2f57a31a6bd9f16f78e5be6"},"breadcrumb":{"@id":"https:\/\/www.sinpro-rio.org.br\/principal\/forum-estadual-de-educac-o-do-rio-de-janeiro-aprova-novo-regimento-e-elege-nova-coordenac-o\/#breadcrumb"},"inLanguage":"pt-BR","potentialAction":[{"@type":"ReadAction","target":["https:\/\/www.sinpro-rio.org.br\/principal\/forum-estadual-de-educac-o-do-rio-de-janeiro-aprova-novo-regimento-e-elege-nova-coordenac-o\/"]}]},{"@type":"BreadcrumbList","@id":"https:\/\/www.sinpro-rio.org.br\/principal\/forum-estadual-de-educac-o-do-rio-de-janeiro-aprova-novo-regimento-e-elege-nova-coordenac-o\/#breadcrumb","itemListElement":[{"@type":"ListItem","position":1,"name":"In\u00edcio","item":"https:\/\/www.sinpro-rio.org.br\/principal\/"},{"@type":"ListItem","position":2,"name":"F\u00f3rum Estadual de Educa\u00e7\u00e3o do Rio de Janeiro aprova novo regimento e elege nova Coordena\u00e7\u00e3o"}]},{"@type":"WebSite","@id":"https:\/\/www.sinpro-rio.org.br\/principal\/#website","url":"https:\/\/www.sinpro-rio.org.br\/principal\/","name":"Sinpro-Rio","description":"Sindicato dos Professores do Munic\u00edpio do Rio de Janeiro e Regi\u00e3o","potentialAction":[{"@type":"SearchAction","target":{"@type":"EntryPoint","urlTemplate":"https:\/\/www.sinpro-rio.org.br\/principal\/?s={search_term_string}"},"query-input":{"@type":"PropertyValueSpecification","valueRequired":true,"valueName":"search_term_string"}}],"inLanguage":"pt-BR"},{"@type":"Person","@id":"https:\/\/www.sinpro-rio.org.br\/principal\/#\/schema\/person\/49feb585a2f57a31a6bd9f16f78e5be6","name":"rafaelrjp","image":{"@type":"ImageObject","inLanguage":"pt-BR","@id":"https:\/\/www.sinpro-rio.org.br\/principal\/#\/schema\/person\/image\/","url":"https:\/\/secure.gravatar.com\/avatar\/489371a0ba4655c340b519882c68cf68?s=96&d=mm&r=g","contentUrl":"https:\/\/secure.gravatar.com\/avatar\/489371a0ba4655c340b519882c68cf68?s=96&d=mm&r=g","caption":"rafaelrjp"},"url":"https:\/\/www.sinpro-rio.org.br\/principal\/author\/rafaelrjp\/"}]}},"_links":{"self":[{"href":"https:\/\/www.sinpro-rio.org.br\/principal\/wp-json\/wp\/v2\/posts\/19989","targetHints":{"allow":["GET"]}}],"collection":[{"href":"https:\/\/www.sinpro-rio.org.br\/principal\/wp-json\/wp\/v2\/posts"}],"about":[{"href":"https:\/\/www.sinpro-rio.org.br\/principal\/wp-json\/wp\/v2\/types\/post"}],"author":[{"embeddable":true,"href":"https:\/\/www.sinpro-rio.org.br\/principal\/wp-json\/wp\/v2\/users\/1"}],"replies":[{"embeddable":true,"href":"https:\/\/www.sinpro-rio.org.br\/principal\/wp-json\/wp\/v2\/comments?post=19989"}],"version-history":[{"count":0,"href":"https:\/\/www.sinpro-rio.org.br\/principal\/wp-json\/wp\/v2\/posts\/19989\/revisions"}],"wp:attachment":[{"href":"https:\/\/www.sinpro-rio.org.br\/principal\/wp-json\/wp\/v2\/media?parent=19989"}],"wp:term":[{"taxonomy":"category","embeddable":true,"href":"https:\/\/www.sinpro-rio.org.br\/principal\/wp-json\/wp\/v2\/categories?post=19989"},{"taxonomy":"post_tag","embeddable":true,"href":"https:\/\/www.sinpro-rio.org.br\/principal\/wp-json\/wp\/v2\/tags?post=19989"}],"curies":[{"name":"wp","href":"https:\/\/api.w.org\/{rel}","templated":true}]}}