{"id":19982,"date":"2015-10-20T00:00:00","date_gmt":"2015-10-20T00:00:00","guid":{"rendered":""},"modified":"2023-07-07T14:50:00","modified_gmt":"2023-07-07T17:50:00","slug":"aprovado-reajuste-de-8-5-para-a-educac-o-superior-em-2015","status":"publish","type":"post","link":"https:\/\/www.sinpro-rio.org.br\/principal\/aprovado-reajuste-de-8-5-para-a-educac-o-superior-em-2015\/","title":{"rendered":"Aprovado reajuste de 8,5% para a Educa\u00e7\u00e3o Superior em 2015"},"content":{"rendered":"\n<p>\n <em><br \/>\n  20\/10\/2015<br \/>\n <\/em>\n<\/p>\n<p>\n Reunidos em assembleia no dia 10 de agosto, no audit\u00f3rio do Sinpro-Rio, os professores e professoras da Educa\u00e7\u00e3o Superior aprovaram a Conven\u00e7\u00e3o Coletiva de Trabalho (CCT) de 2015, com:<\/p>\n<p>\n  &#8211; reajuste de 8,5% &#8211; sendo 6% em abril\/2015, sobre o sal\u00e1rio recebido no m\u00eas de mar\u00e7o\/2015 e 2,5% em outubro sobre o sal\u00e1rio de mar\u00e7o de 2015;<\/p>\n<p>\n   &#8211; abono de 10% em outubro;<\/p>\n<p>\n    &#8211; manuten\u00e7\u00e3o de todas as cl\u00e1usulas sociais.\n   <\/p>\n<\/p>\n<\/p>\n<p>\n &#8211; reajuste de 8,5% &#8211; sendo 6% em abril\/2015, sobre o sal\u00e1rio recebido no m\u00eas de mar\u00e7o\/2015 e 2,5% em outubro sobre o sal\u00e1rio de mar\u00e7o de 2015;<\/p>\n<p>\n  &#8211; abono de 10% em outubro;<\/p>\n<p>\n   &#8211; manuten\u00e7\u00e3o de todas as cl\u00e1usulas sociais.\n  <\/p>\n<\/p>\n<p>\n &#8211; abono de 10% em outubro;<\/p>\n<p>\n  &#8211; manuten\u00e7\u00e3o de todas as cl\u00e1usulas sociais.\n <\/p>\n<\/p>\n<p>\n &#8211; manuten\u00e7\u00e3o de todas as cl\u00e1usulas sociais.<\/p>\n","protected":false},"excerpt":{"rendered":"<p>20\/10\/2015 Reunidos em assembleia no dia 10 de agosto, no audit\u00f3rio do Sinpro-Rio, os professores e professoras da Educa\u00e7\u00e3o Superior aprovaram a Conven\u00e7\u00e3o Coletiva de Trabalho (CCT) de 2015, com: &#8211; reajuste de 8,5% &#8211; sendo 6% em abril\/2015, sobre o sal\u00e1rio recebido no m\u00eas de mar\u00e7o\/2015 e 2,5% em outubro sobre o sal\u00e1rio de [&hellip;]<\/p>\n","protected":false},"author":1,"featured_media":0,"comment_status":"closed","ping_status":"open","sticky":false,"template":"","format":"standard","meta":{"footnotes":""},"categories":[1],"tags":[619],"class_list":["post-19982","post","type-post","status-publish","format-standard","hentry","category-noticias","tag-convencao-coletiva"],"yoast_head":"<!-- This site is optimized with the Yoast SEO plugin v25.7 - https:\/\/yoast.com\/wordpress\/plugins\/seo\/ -->\n<title>Aprovado reajuste de 8,5% para a Educa\u00e7\u00e3o Superior em 2015 - Sinpro-Rio<\/title>\n<meta name=\"robots\" content=\"index, follow, max-snippet:-1, max-image-preview:large, max-video-preview:-1\" \/>\n<link rel=\"canonical\" href=\"https:\/\/www.sinpro-rio.org.br\/principal\/aprovado-reajuste-de-8-5-para-a-educac-o-superior-em-2015\/\" \/>\n<meta property=\"og:locale\" content=\"pt_BR\" \/>\n<meta property=\"og:type\" content=\"article\" \/>\n<meta property=\"og:title\" content=\"Aprovado reajuste de 8,5% para a Educa\u00e7\u00e3o Superior em 2015 - Sinpro-Rio\" \/>\n<meta property=\"og:description\" content=\"20\/10\/2015 Reunidos em assembleia no dia 10 de agosto, no audit\u00f3rio do Sinpro-Rio, os professores e professoras da Educa\u00e7\u00e3o Superior aprovaram a Conven\u00e7\u00e3o Coletiva de Trabalho (CCT) de 2015, com: &#8211; reajuste de 8,5% &#8211; sendo 6% em abril\/2015, sobre o sal\u00e1rio recebido no m\u00eas de mar\u00e7o\/2015 e 2,5% em outubro sobre o sal\u00e1rio de [&hellip;]\" \/>\n<meta property=\"og:url\" content=\"https:\/\/www.sinpro-rio.org.br\/principal\/aprovado-reajuste-de-8-5-para-a-educac-o-superior-em-2015\/\" \/>\n<meta property=\"og:site_name\" content=\"Sinpro-Rio\" \/>\n<meta property=\"article:published_time\" content=\"2015-10-20T00:00:00+00:00\" \/>\n<meta property=\"article:modified_time\" content=\"2023-07-07T17:50:00+00:00\" \/>\n<meta name=\"author\" content=\"rafaelrjp\" \/>\n<meta name=\"twitter:card\" content=\"summary_large_image\" \/>\n<meta name=\"twitter:label1\" content=\"Escrito por\" \/>\n\t<meta name=\"twitter:data1\" content=\"rafaelrjp\" \/>\n\t<meta name=\"twitter:label2\" content=\"Est. tempo de leitura\" \/>\n\t<meta name=\"twitter:data2\" content=\"1 minuto\" \/>\n<script type=\"application\/ld+json\" class=\"yoast-schema-graph\">{\"@context\":\"https:\/\/schema.org\",\"@graph\":[{\"@type\":\"WebPage\",\"@id\":\"https:\/\/www.sinpro-rio.org.br\/principal\/aprovado-reajuste-de-8-5-para-a-educac-o-superior-em-2015\/\",\"url\":\"https:\/\/www.sinpro-rio.org.br\/principal\/aprovado-reajuste-de-8-5-para-a-educac-o-superior-em-2015\/\",\"name\":\"Aprovado reajuste de 8,5% para a Educa\u00e7\u00e3o Superior em 2015 - Sinpro-Rio\",\"isPartOf\":{\"@id\":\"https:\/\/www.sinpro-rio.org.br\/principal\/#website\"},\"datePublished\":\"2015-10-20T00:00:00+00:00\",\"dateModified\":\"2023-07-07T17:50:00+00:00\",\"author\":{\"@id\":\"https:\/\/www.sinpro-rio.org.br\/principal\/#\/schema\/person\/49feb585a2f57a31a6bd9f16f78e5be6\"},\"breadcrumb\":{\"@id\":\"https:\/\/www.sinpro-rio.org.br\/principal\/aprovado-reajuste-de-8-5-para-a-educac-o-superior-em-2015\/#breadcrumb\"},\"inLanguage\":\"pt-BR\",\"potentialAction\":[{\"@type\":\"ReadAction\",\"target\":[\"https:\/\/www.sinpro-rio.org.br\/principal\/aprovado-reajuste-de-8-5-para-a-educac-o-superior-em-2015\/\"]}]},{\"@type\":\"BreadcrumbList\",\"@id\":\"https:\/\/www.sinpro-rio.org.br\/principal\/aprovado-reajuste-de-8-5-para-a-educac-o-superior-em-2015\/#breadcrumb\",\"itemListElement\":[{\"@type\":\"ListItem\",\"position\":1,\"name\":\"In\u00edcio\",\"item\":\"https:\/\/www.sinpro-rio.org.br\/principal\/\"},{\"@type\":\"ListItem\",\"position\":2,\"name\":\"Aprovado reajuste de 8,5% para a Educa\u00e7\u00e3o Superior em 2015\"}]},{\"@type\":\"WebSite\",\"@id\":\"https:\/\/www.sinpro-rio.org.br\/principal\/#website\",\"url\":\"https:\/\/www.sinpro-rio.org.br\/principal\/\",\"name\":\"Sinpro-Rio\",\"description\":\"Sindicato dos Professores do Munic\u00edpio do Rio de Janeiro e Regi\u00e3o\",\"potentialAction\":[{\"@type\":\"SearchAction\",\"target\":{\"@type\":\"EntryPoint\",\"urlTemplate\":\"https:\/\/www.sinpro-rio.org.br\/principal\/?s={search_term_string}\"},\"query-input\":{\"@type\":\"PropertyValueSpecification\",\"valueRequired\":true,\"valueName\":\"search_term_string\"}}],\"inLanguage\":\"pt-BR\"},{\"@type\":\"Person\",\"@id\":\"https:\/\/www.sinpro-rio.org.br\/principal\/#\/schema\/person\/49feb585a2f57a31a6bd9f16f78e5be6\",\"name\":\"rafaelrjp\",\"image\":{\"@type\":\"ImageObject\",\"inLanguage\":\"pt-BR\",\"@id\":\"https:\/\/www.sinpro-rio.org.br\/principal\/#\/schema\/person\/image\/\",\"url\":\"https:\/\/secure.gravatar.com\/avatar\/489371a0ba4655c340b519882c68cf68?s=96&d=mm&r=g\",\"contentUrl\":\"https:\/\/secure.gravatar.com\/avatar\/489371a0ba4655c340b519882c68cf68?s=96&d=mm&r=g\",\"caption\":\"rafaelrjp\"},\"url\":\"https:\/\/www.sinpro-rio.org.br\/principal\/author\/rafaelrjp\/\"}]}<\/script>\n<!-- \/ Yoast SEO plugin. -->","yoast_head_json":{"title":"Aprovado reajuste de 8,5% para a Educa\u00e7\u00e3o Superior em 2015 - Sinpro-Rio","robots":{"index":"index","follow":"follow","max-snippet":"max-snippet:-1","max-image-preview":"max-image-preview:large","max-video-preview":"max-video-preview:-1"},"canonical":"https:\/\/www.sinpro-rio.org.br\/principal\/aprovado-reajuste-de-8-5-para-a-educac-o-superior-em-2015\/","og_locale":"pt_BR","og_type":"article","og_title":"Aprovado reajuste de 8,5% para a Educa\u00e7\u00e3o Superior em 2015 - Sinpro-Rio","og_description":"20\/10\/2015 Reunidos em assembleia no dia 10 de agosto, no audit\u00f3rio do Sinpro-Rio, os professores e professoras da Educa\u00e7\u00e3o Superior aprovaram a Conven\u00e7\u00e3o Coletiva de Trabalho (CCT) de 2015, com: &#8211; reajuste de 8,5% &#8211; sendo 6% em abril\/2015, sobre o sal\u00e1rio recebido no m\u00eas de mar\u00e7o\/2015 e 2,5% em outubro sobre o sal\u00e1rio de [&hellip;]","og_url":"https:\/\/www.sinpro-rio.org.br\/principal\/aprovado-reajuste-de-8-5-para-a-educac-o-superior-em-2015\/","og_site_name":"Sinpro-Rio","article_published_time":"2015-10-20T00:00:00+00:00","article_modified_time":"2023-07-07T17:50:00+00:00","author":"rafaelrjp","twitter_card":"summary_large_image","twitter_misc":{"Escrito por":"rafaelrjp","Est. tempo de leitura":"1 minuto"},"schema":{"@context":"https:\/\/schema.org","@graph":[{"@type":"WebPage","@id":"https:\/\/www.sinpro-rio.org.br\/principal\/aprovado-reajuste-de-8-5-para-a-educac-o-superior-em-2015\/","url":"https:\/\/www.sinpro-rio.org.br\/principal\/aprovado-reajuste-de-8-5-para-a-educac-o-superior-em-2015\/","name":"Aprovado reajuste de 8,5% para a Educa\u00e7\u00e3o Superior em 2015 - Sinpro-Rio","isPartOf":{"@id":"https:\/\/www.sinpro-rio.org.br\/principal\/#website"},"datePublished":"2015-10-20T00:00:00+00:00","dateModified":"2023-07-07T17:50:00+00:00","author":{"@id":"https:\/\/www.sinpro-rio.org.br\/principal\/#\/schema\/person\/49feb585a2f57a31a6bd9f16f78e5be6"},"breadcrumb":{"@id":"https:\/\/www.sinpro-rio.org.br\/principal\/aprovado-reajuste-de-8-5-para-a-educac-o-superior-em-2015\/#breadcrumb"},"inLanguage":"pt-BR","potentialAction":[{"@type":"ReadAction","target":["https:\/\/www.sinpro-rio.org.br\/principal\/aprovado-reajuste-de-8-5-para-a-educac-o-superior-em-2015\/"]}]},{"@type":"BreadcrumbList","@id":"https:\/\/www.sinpro-rio.org.br\/principal\/aprovado-reajuste-de-8-5-para-a-educac-o-superior-em-2015\/#breadcrumb","itemListElement":[{"@type":"ListItem","position":1,"name":"In\u00edcio","item":"https:\/\/www.sinpro-rio.org.br\/principal\/"},{"@type":"ListItem","position":2,"name":"Aprovado reajuste de 8,5% para a Educa\u00e7\u00e3o Superior em 2015"}]},{"@type":"WebSite","@id":"https:\/\/www.sinpro-rio.org.br\/principal\/#website","url":"https:\/\/www.sinpro-rio.org.br\/principal\/","name":"Sinpro-Rio","description":"Sindicato dos Professores do Munic\u00edpio do Rio de Janeiro e Regi\u00e3o","potentialAction":[{"@type":"SearchAction","target":{"@type":"EntryPoint","urlTemplate":"https:\/\/www.sinpro-rio.org.br\/principal\/?s={search_term_string}"},"query-input":{"@type":"PropertyValueSpecification","valueRequired":true,"valueName":"search_term_string"}}],"inLanguage":"pt-BR"},{"@type":"Person","@id":"https:\/\/www.sinpro-rio.org.br\/principal\/#\/schema\/person\/49feb585a2f57a31a6bd9f16f78e5be6","name":"rafaelrjp","image":{"@type":"ImageObject","inLanguage":"pt-BR","@id":"https:\/\/www.sinpro-rio.org.br\/principal\/#\/schema\/person\/image\/","url":"https:\/\/secure.gravatar.com\/avatar\/489371a0ba4655c340b519882c68cf68?s=96&d=mm&r=g","contentUrl":"https:\/\/secure.gravatar.com\/avatar\/489371a0ba4655c340b519882c68cf68?s=96&d=mm&r=g","caption":"rafaelrjp"},"url":"https:\/\/www.sinpro-rio.org.br\/principal\/author\/rafaelrjp\/"}]}},"_links":{"self":[{"href":"https:\/\/www.sinpro-rio.org.br\/principal\/wp-json\/wp\/v2\/posts\/19982","targetHints":{"allow":["GET"]}}],"collection":[{"href":"https:\/\/www.sinpro-rio.org.br\/principal\/wp-json\/wp\/v2\/posts"}],"about":[{"href":"https:\/\/www.sinpro-rio.org.br\/principal\/wp-json\/wp\/v2\/types\/post"}],"author":[{"embeddable":true,"href":"https:\/\/www.sinpro-rio.org.br\/principal\/wp-json\/wp\/v2\/users\/1"}],"replies":[{"embeddable":true,"href":"https:\/\/www.sinpro-rio.org.br\/principal\/wp-json\/wp\/v2\/comments?post=19982"}],"version-history":[{"count":1,"href":"https:\/\/www.sinpro-rio.org.br\/principal\/wp-json\/wp\/v2\/posts\/19982\/revisions"}],"predecessor-version":[{"id":36154,"href":"https:\/\/www.sinpro-rio.org.br\/principal\/wp-json\/wp\/v2\/posts\/19982\/revisions\/36154"}],"wp:attachment":[{"href":"https:\/\/www.sinpro-rio.org.br\/principal\/wp-json\/wp\/v2\/media?parent=19982"}],"wp:term":[{"taxonomy":"category","embeddable":true,"href":"https:\/\/www.sinpro-rio.org.br\/principal\/wp-json\/wp\/v2\/categories?post=19982"},{"taxonomy":"post_tag","embeddable":true,"href":"https:\/\/www.sinpro-rio.org.br\/principal\/wp-json\/wp\/v2\/tags?post=19982"}],"curies":[{"name":"wp","href":"https:\/\/api.w.org\/{rel}","templated":true}]}}