{"id":19966,"date":"2015-10-29T00:00:00","date_gmt":"2015-10-29T00:00:00","guid":{"rendered":""},"modified":"-0001-11-30T00:00:00","modified_gmt":"-0001-11-30T03:00:00","slug":"desconto-para-filiados-ao-sinpro-rio-em-cinco-pecas-teatrais","status":"publish","type":"post","link":"https:\/\/www.sinpro-rio.org.br\/principal\/desconto-para-filiados-ao-sinpro-rio-em-cinco-pecas-teatrais\/","title":{"rendered":"Desconto para filiados ao Sinpro-Rio em cinco pe\u00e7as teatrais"},"content":{"rendered":"\n<p>\n <em><br \/>\n <\/em>\n<\/p>\n<p>\n Os filiados ao Sinpro-Rio t\u00eam desconto em pe\u00e7as teatrais em cartaz na cidade do Rio.<\/p>\n<p>\n  Para que o ingresso tenha desconto, o filiado dever\u00e1 enviar um e-mail para comunica@sinpro-rio.org.br com o assunto: \u201cDesconto em pe\u00e7a (nome da pe\u00e7a)\u201d, no corpo do e-mail, confirmar nome completo, CPF, a pe\u00e7a escolhida e a data que pretende ir ao teatro. Ap\u00f3s este procedimento, receber\u00e1 um e-mail confirmando o desconto. O Sinpro-Rio encaminhar\u00e1 uma listagem dos nomes confirmados para a produ\u00e7\u00e3o das pe\u00e7as e, ao comprar o ingresso, o filiado dever\u00e1 mencionar o conv\u00eanio.<\/p>\n<p>\n   O desconto ser\u00e1 dado somente para o filiado, mediante apresenta\u00e7\u00e3o do seu documento oficial de identifica\u00e7\u00e3o.<\/p>\n<p><p>\n     <b><br \/>\n      PE\u00c7AS:<br \/>\n     <\/b><\/p>\n<p>\n      <b><br \/>\n       AMOR CONFESSO<br \/>\n      <\/b><br \/>\n      <br \/>\n      Teatro Glauce Rocha<br \/>\n      <br \/>\n      10, 11, 12 e 13 de dezembro<br \/>\n      <br \/>\n      Quinta a s\u00e1bado, \u00e0s 19h \/ Domingo, 18h<br \/>\n      <br \/>\n      Valor exclusivo: R$ 10,00<br \/>\n      <!--\/\n\n<p><b>O DELIRIO DO VERBO<\/b>\n<br \/>Teatro Candido Mendes\n<br \/>Rua Joana Ang\u00e9lica, 63 - Ipanema\n<br \/>De 03 de outubro a 29 de Novembro\n<br \/>Sextas e s\u00e1bados \u00e0s 21h30 e Domingos \u00e0s 20h\n<br \/>Site: <a href=\"https:\/\/www.facebook.com\/odeliriodoverbo\/\">www.facebook.com\/odeliriodoverbo\/<\/a>\n<br \/>Valor exclusivo: R$ 25,00<\/div>\n\n<!--\/text main-->\n     <\/p>\n<\/p>\n<\/p>\n<\/p>\n<p>\n Para que o ingresso tenha desconto, o filiado dever\u00e1 enviar um e-mail para comunica@sinpro-rio.org.br com o assunto: \u201cDesconto em pe\u00e7a (nome da pe\u00e7a)\u201d, no corpo do e-mail, confirmar nome completo, CPF, a pe\u00e7a escolhida e a data que pretende ir ao teatro. Ap\u00f3s este procedimento, receber\u00e1 um e-mail confirmando o desconto. O Sinpro-Rio encaminhar\u00e1 uma listagem dos nomes confirmados para a produ\u00e7\u00e3o das pe\u00e7as e, ao comprar o ingresso, o filiado dever\u00e1 mencionar o conv\u00eanio.<\/p>\n<p>\n  O desconto ser\u00e1 dado somente para o filiado, mediante apresenta\u00e7\u00e3o do seu documento oficial de identifica\u00e7\u00e3o.<\/p>\n<p><p>\n    <b><br \/>\n     PE\u00c7AS:<br \/>\n    <\/b><\/p>\n<p>\n     <b><br \/>\n      AMOR CONFESSO<br \/>\n     <\/b><br \/>\n     <br \/>\n     Teatro Glauce Rocha<br \/>\n     <br \/>\n     10, 11, 12 e 13 de dezembro<br \/>\n     <br \/>\n     Quinta a s\u00e1bado, \u00e0s 19h \/ Domingo, 18h<br \/>\n     <br \/>\n     Valor exclusivo: R$ 10,00<br \/>\n     <!--\/\n\n<p><b>O DELIRIO DO VERBO<\/b>\n<br \/>Teatro Candido Mendes\n<br \/>Rua Joana Ang\u00e9lica, 63 - Ipanema\n<br \/>De 03 de outubro a 29 de Novembro\n<br \/>Sextas e s\u00e1bados \u00e0s 21h30 e Domingos \u00e0s 20h\n<br \/>Site: <a href=\"https:\/\/www.facebook.com\/odeliriodoverbo\/\">www.facebook.com\/odeliriodoverbo\/<\/a>\n<br \/>Valor exclusivo: R$ 25,00<\/div>\n\n<!--\/text main-->\n    <\/p>\n<\/p>\n<\/p>\n<p>\n O desconto ser\u00e1 dado somente para o filiado, mediante apresenta\u00e7\u00e3o do seu documento oficial de identifica\u00e7\u00e3o.<\/p>\n<p><p>\n   <b><br \/>\n    PE\u00c7AS:<br \/>\n   <\/b><\/p>\n<p>\n    <b><br \/>\n     AMOR CONFESSO<br \/>\n    <\/b><br \/>\n    <br \/>\n    Teatro Glauce Rocha<br \/>\n    <br \/>\n    10, 11, 12 e 13 de dezembro<br \/>\n    <br \/>\n    Quinta a s\u00e1bado, \u00e0s 19h \/ Domingo, 18h<br \/>\n    <br \/>\n    Valor exclusivo: R$ 10,00<br \/>\n    <!--\/\n\n<p><b>O DELIRIO DO VERBO<\/b>\n<br \/>Teatro Candido Mendes\n<br \/>Rua Joana Ang\u00e9lica, 63 - Ipanema\n<br \/>De 03 de outubro a 29 de Novembro\n<br \/>Sextas e s\u00e1bados \u00e0s 21h30 e Domingos \u00e0s 20h\n<br \/>Site: <a href=\"https:\/\/www.facebook.com\/odeliriodoverbo\/\">www.facebook.com\/odeliriodoverbo\/<\/a>\n<br \/>Valor exclusivo: R$ 25,00<\/div>\n\n<!--\/text main-->\n   <\/p>\n<\/p>\n<\/p>\n<p><p>\n  <b><br \/>\n   PE\u00c7AS:<br \/>\n  <\/b><\/p>\n<p>\n   <b><br \/>\n    AMOR CONFESSO<br \/>\n   <\/b><br \/>\n   <br \/>\n   Teatro Glauce Rocha<br \/>\n   <br \/>\n   10, 11, 12 e 13 de dezembro<br \/>\n   <br \/>\n   Quinta a s\u00e1bado, \u00e0s 19h \/ Domingo, 18h<br \/>\n   <br \/>\n   Valor exclusivo: R$ 10,00<br \/>\n   <!--\/\n\n<p><b>O DELIRIO DO VERBO<\/b>\n<br \/>Teatro Candido Mendes\n<br \/>Rua Joana Ang\u00e9lica, 63 - Ipanema\n<br \/>De 03 de outubro a 29 de Novembro\n<br \/>Sextas e s\u00e1bados \u00e0s 21h30 e Domingos \u00e0s 20h\n<br \/>Site: <a href=\"https:\/\/www.facebook.com\/odeliriodoverbo\/\">www.facebook.com\/odeliriodoverbo\/<\/a>\n<br \/>Valor exclusivo: R$ 25,00<\/div>\n\n<!--\/text main-->\n  <\/p>\n<\/p>\n<p>\n <b><br \/>\n  PE\u00c7AS:<br \/>\n <\/b><\/p>\n<p>\n  <b><br \/>\n   AMOR CONFESSO<br \/>\n  <\/b><br \/>\n  <br \/>\n  Teatro Glauce Rocha<br \/>\n  <br \/>\n  10, 11, 12 e 13 de dezembro<br \/>\n  <br \/>\n  Quinta a s\u00e1bado, \u00e0s 19h \/ Domingo, 18h<br \/>\n  <br \/>\n  Valor exclusivo: R$ 10,00<br \/>\n  <!--\/\n\n<p><b>O DELIRIO DO VERBO<\/b>\n<br \/>Teatro Candido Mendes\n<br \/>Rua Joana Ang\u00e9lica, 63 - Ipanema\n<br \/>De 03 de outubro a 29 de Novembro\n<br \/>Sextas e s\u00e1bados \u00e0s 21h30 e Domingos \u00e0s 20h\n<br \/>Site: <a href=\"https:\/\/www.facebook.com\/odeliriodoverbo\/\">www.facebook.com\/odeliriodoverbo\/<\/a>\n<br \/>Valor exclusivo: R$ 25,00<\/div>\n\n<!--\/text main-->\n <\/p>\n<\/p>\n<p>\n <b><br \/>\n  AMOR CONFESSO<br \/>\n <\/b><br \/>\n <br \/>\n Teatro Glauce Rocha<br \/>\n <br \/>\n 10, 11, 12 e 13 de dezembro<br \/>\n <br \/>\n Quinta a s\u00e1bado, \u00e0s 19h \/ Domingo, 18h<br \/>\n <br \/>\n Valor exclusivo: R$ 10,00<br \/>\n <!--\/\n\n<p><b>O DELIRIO DO VERBO<\/b>\n<br \/>Teatro Candido Mendes\n<br \/>Rua Joana Ang\u00e9lica, 63 - Ipanema\n<br \/>De 03 de outubro a 29 de Novembro\n<br \/>Sextas e s\u00e1bados \u00e0s 21h30 e Domingos \u00e0s 20h\n<br \/>Site: <a href=\"https:\/\/www.facebook.com\/odeliriodoverbo\/\">www.facebook.com\/odeliriodoverbo\/<\/a>\n<br \/>Valor exclusivo: R$ 25,00<\/div>\n\n<!--\/text main--><\/p>\n","protected":false},"excerpt":{"rendered":"<p>Os filiados ao Sinpro-Rio t\u00eam desconto em pe\u00e7as teatrais em cartaz na cidade do Rio. Para que o ingresso tenha desconto, o filiado dever\u00e1 enviar um e-mail para comunica@sinpro-rio.org.br com o assunto: \u201cDesconto em pe\u00e7a (nome da pe\u00e7a)\u201d, no corpo do e-mail, confirmar nome completo, CPF, a pe\u00e7a escolhida e a data que pretende ir [&hellip;]<\/p>\n","protected":false},"author":1,"featured_media":0,"comment_status":"closed","ping_status":"open","sticky":false,"template":"","format":"standard","meta":{"footnotes":""},"categories":[1],"tags":[],"class_list":["post-19966","post","type-post","status-publish","format-standard","hentry","category-noticias"],"yoast_head":"<!-- This site is optimized with the Yoast SEO plugin v25.7 - https:\/\/yoast.com\/wordpress\/plugins\/seo\/ -->\n<title>Desconto para filiados ao Sinpro-Rio em cinco pe\u00e7as teatrais - Sinpro-Rio<\/title>\n<meta name=\"robots\" content=\"index, follow, max-snippet:-1, max-image-preview:large, max-video-preview:-1\" \/>\n<link rel=\"canonical\" href=\"https:\/\/www.sinpro-rio.org.br\/principal\/desconto-para-filiados-ao-sinpro-rio-em-cinco-pecas-teatrais\/\" \/>\n<meta property=\"og:locale\" content=\"pt_BR\" \/>\n<meta property=\"og:type\" content=\"article\" \/>\n<meta property=\"og:title\" content=\"Desconto para filiados ao Sinpro-Rio em cinco pe\u00e7as teatrais - Sinpro-Rio\" \/>\n<meta property=\"og:description\" content=\"Os filiados ao Sinpro-Rio t\u00eam desconto em pe\u00e7as teatrais em cartaz na cidade do Rio. Para que o ingresso tenha desconto, o filiado dever\u00e1 enviar um e-mail para comunica@sinpro-rio.org.br com o assunto: \u201cDesconto em pe\u00e7a (nome da pe\u00e7a)\u201d, no corpo do e-mail, confirmar nome completo, CPF, a pe\u00e7a escolhida e a data que pretende ir [&hellip;]\" \/>\n<meta property=\"og:url\" content=\"https:\/\/www.sinpro-rio.org.br\/principal\/desconto-para-filiados-ao-sinpro-rio-em-cinco-pecas-teatrais\/\" \/>\n<meta property=\"og:site_name\" content=\"Sinpro-Rio\" \/>\n<meta property=\"article:published_time\" content=\"2015-10-29T00:00:00+00:00\" \/>\n<meta name=\"author\" content=\"rafaelrjp\" \/>\n<meta name=\"twitter:card\" content=\"summary_large_image\" \/>\n<meta name=\"twitter:label1\" content=\"Escrito por\" \/>\n\t<meta name=\"twitter:data1\" content=\"rafaelrjp\" \/>\n\t<meta name=\"twitter:label2\" content=\"Est. tempo de leitura\" \/>\n\t<meta name=\"twitter:data2\" content=\"2 minutos\" \/>\n<script type=\"application\/ld+json\" class=\"yoast-schema-graph\">{\"@context\":\"https:\/\/schema.org\",\"@graph\":[{\"@type\":\"WebPage\",\"@id\":\"https:\/\/www.sinpro-rio.org.br\/principal\/desconto-para-filiados-ao-sinpro-rio-em-cinco-pecas-teatrais\/\",\"url\":\"https:\/\/www.sinpro-rio.org.br\/principal\/desconto-para-filiados-ao-sinpro-rio-em-cinco-pecas-teatrais\/\",\"name\":\"Desconto para filiados ao Sinpro-Rio em cinco pe\u00e7as teatrais - Sinpro-Rio\",\"isPartOf\":{\"@id\":\"https:\/\/www.sinpro-rio.org.br\/principal\/#website\"},\"datePublished\":\"2015-10-29T00:00:00+00:00\",\"author\":{\"@id\":\"https:\/\/www.sinpro-rio.org.br\/principal\/#\/schema\/person\/49feb585a2f57a31a6bd9f16f78e5be6\"},\"breadcrumb\":{\"@id\":\"https:\/\/www.sinpro-rio.org.br\/principal\/desconto-para-filiados-ao-sinpro-rio-em-cinco-pecas-teatrais\/#breadcrumb\"},\"inLanguage\":\"pt-BR\",\"potentialAction\":[{\"@type\":\"ReadAction\",\"target\":[\"https:\/\/www.sinpro-rio.org.br\/principal\/desconto-para-filiados-ao-sinpro-rio-em-cinco-pecas-teatrais\/\"]}]},{\"@type\":\"BreadcrumbList\",\"@id\":\"https:\/\/www.sinpro-rio.org.br\/principal\/desconto-para-filiados-ao-sinpro-rio-em-cinco-pecas-teatrais\/#breadcrumb\",\"itemListElement\":[{\"@type\":\"ListItem\",\"position\":1,\"name\":\"In\u00edcio\",\"item\":\"https:\/\/www.sinpro-rio.org.br\/principal\/\"},{\"@type\":\"ListItem\",\"position\":2,\"name\":\"Desconto para filiados ao Sinpro-Rio em cinco pe\u00e7as teatrais\"}]},{\"@type\":\"WebSite\",\"@id\":\"https:\/\/www.sinpro-rio.org.br\/principal\/#website\",\"url\":\"https:\/\/www.sinpro-rio.org.br\/principal\/\",\"name\":\"Sinpro-Rio\",\"description\":\"Sindicato dos Professores do Munic\u00edpio do Rio de Janeiro e Regi\u00e3o\",\"potentialAction\":[{\"@type\":\"SearchAction\",\"target\":{\"@type\":\"EntryPoint\",\"urlTemplate\":\"https:\/\/www.sinpro-rio.org.br\/principal\/?s={search_term_string}\"},\"query-input\":{\"@type\":\"PropertyValueSpecification\",\"valueRequired\":true,\"valueName\":\"search_term_string\"}}],\"inLanguage\":\"pt-BR\"},{\"@type\":\"Person\",\"@id\":\"https:\/\/www.sinpro-rio.org.br\/principal\/#\/schema\/person\/49feb585a2f57a31a6bd9f16f78e5be6\",\"name\":\"rafaelrjp\",\"image\":{\"@type\":\"ImageObject\",\"inLanguage\":\"pt-BR\",\"@id\":\"https:\/\/www.sinpro-rio.org.br\/principal\/#\/schema\/person\/image\/\",\"url\":\"https:\/\/secure.gravatar.com\/avatar\/489371a0ba4655c340b519882c68cf68?s=96&d=mm&r=g\",\"contentUrl\":\"https:\/\/secure.gravatar.com\/avatar\/489371a0ba4655c340b519882c68cf68?s=96&d=mm&r=g\",\"caption\":\"rafaelrjp\"},\"url\":\"https:\/\/www.sinpro-rio.org.br\/principal\/author\/rafaelrjp\/\"}]}<\/script>\n<!-- \/ Yoast SEO plugin. -->","yoast_head_json":{"title":"Desconto para filiados ao Sinpro-Rio em cinco pe\u00e7as teatrais - Sinpro-Rio","robots":{"index":"index","follow":"follow","max-snippet":"max-snippet:-1","max-image-preview":"max-image-preview:large","max-video-preview":"max-video-preview:-1"},"canonical":"https:\/\/www.sinpro-rio.org.br\/principal\/desconto-para-filiados-ao-sinpro-rio-em-cinco-pecas-teatrais\/","og_locale":"pt_BR","og_type":"article","og_title":"Desconto para filiados ao Sinpro-Rio em cinco pe\u00e7as teatrais - Sinpro-Rio","og_description":"Os filiados ao Sinpro-Rio t\u00eam desconto em pe\u00e7as teatrais em cartaz na cidade do Rio. Para que o ingresso tenha desconto, o filiado dever\u00e1 enviar um e-mail para comunica@sinpro-rio.org.br com o assunto: \u201cDesconto em pe\u00e7a (nome da pe\u00e7a)\u201d, no corpo do e-mail, confirmar nome completo, CPF, a pe\u00e7a escolhida e a data que pretende ir [&hellip;]","og_url":"https:\/\/www.sinpro-rio.org.br\/principal\/desconto-para-filiados-ao-sinpro-rio-em-cinco-pecas-teatrais\/","og_site_name":"Sinpro-Rio","article_published_time":"2015-10-29T00:00:00+00:00","author":"rafaelrjp","twitter_card":"summary_large_image","twitter_misc":{"Escrito por":"rafaelrjp","Est. tempo de leitura":"2 minutos"},"schema":{"@context":"https:\/\/schema.org","@graph":[{"@type":"WebPage","@id":"https:\/\/www.sinpro-rio.org.br\/principal\/desconto-para-filiados-ao-sinpro-rio-em-cinco-pecas-teatrais\/","url":"https:\/\/www.sinpro-rio.org.br\/principal\/desconto-para-filiados-ao-sinpro-rio-em-cinco-pecas-teatrais\/","name":"Desconto para filiados ao Sinpro-Rio em cinco pe\u00e7as teatrais - Sinpro-Rio","isPartOf":{"@id":"https:\/\/www.sinpro-rio.org.br\/principal\/#website"},"datePublished":"2015-10-29T00:00:00+00:00","author":{"@id":"https:\/\/www.sinpro-rio.org.br\/principal\/#\/schema\/person\/49feb585a2f57a31a6bd9f16f78e5be6"},"breadcrumb":{"@id":"https:\/\/www.sinpro-rio.org.br\/principal\/desconto-para-filiados-ao-sinpro-rio-em-cinco-pecas-teatrais\/#breadcrumb"},"inLanguage":"pt-BR","potentialAction":[{"@type":"ReadAction","target":["https:\/\/www.sinpro-rio.org.br\/principal\/desconto-para-filiados-ao-sinpro-rio-em-cinco-pecas-teatrais\/"]}]},{"@type":"BreadcrumbList","@id":"https:\/\/www.sinpro-rio.org.br\/principal\/desconto-para-filiados-ao-sinpro-rio-em-cinco-pecas-teatrais\/#breadcrumb","itemListElement":[{"@type":"ListItem","position":1,"name":"In\u00edcio","item":"https:\/\/www.sinpro-rio.org.br\/principal\/"},{"@type":"ListItem","position":2,"name":"Desconto para filiados ao Sinpro-Rio em cinco pe\u00e7as teatrais"}]},{"@type":"WebSite","@id":"https:\/\/www.sinpro-rio.org.br\/principal\/#website","url":"https:\/\/www.sinpro-rio.org.br\/principal\/","name":"Sinpro-Rio","description":"Sindicato dos Professores do Munic\u00edpio do Rio de Janeiro e Regi\u00e3o","potentialAction":[{"@type":"SearchAction","target":{"@type":"EntryPoint","urlTemplate":"https:\/\/www.sinpro-rio.org.br\/principal\/?s={search_term_string}"},"query-input":{"@type":"PropertyValueSpecification","valueRequired":true,"valueName":"search_term_string"}}],"inLanguage":"pt-BR"},{"@type":"Person","@id":"https:\/\/www.sinpro-rio.org.br\/principal\/#\/schema\/person\/49feb585a2f57a31a6bd9f16f78e5be6","name":"rafaelrjp","image":{"@type":"ImageObject","inLanguage":"pt-BR","@id":"https:\/\/www.sinpro-rio.org.br\/principal\/#\/schema\/person\/image\/","url":"https:\/\/secure.gravatar.com\/avatar\/489371a0ba4655c340b519882c68cf68?s=96&d=mm&r=g","contentUrl":"https:\/\/secure.gravatar.com\/avatar\/489371a0ba4655c340b519882c68cf68?s=96&d=mm&r=g","caption":"rafaelrjp"},"url":"https:\/\/www.sinpro-rio.org.br\/principal\/author\/rafaelrjp\/"}]}},"_links":{"self":[{"href":"https:\/\/www.sinpro-rio.org.br\/principal\/wp-json\/wp\/v2\/posts\/19966","targetHints":{"allow":["GET"]}}],"collection":[{"href":"https:\/\/www.sinpro-rio.org.br\/principal\/wp-json\/wp\/v2\/posts"}],"about":[{"href":"https:\/\/www.sinpro-rio.org.br\/principal\/wp-json\/wp\/v2\/types\/post"}],"author":[{"embeddable":true,"href":"https:\/\/www.sinpro-rio.org.br\/principal\/wp-json\/wp\/v2\/users\/1"}],"replies":[{"embeddable":true,"href":"https:\/\/www.sinpro-rio.org.br\/principal\/wp-json\/wp\/v2\/comments?post=19966"}],"version-history":[{"count":0,"href":"https:\/\/www.sinpro-rio.org.br\/principal\/wp-json\/wp\/v2\/posts\/19966\/revisions"}],"wp:attachment":[{"href":"https:\/\/www.sinpro-rio.org.br\/principal\/wp-json\/wp\/v2\/media?parent=19966"}],"wp:term":[{"taxonomy":"category","embeddable":true,"href":"https:\/\/www.sinpro-rio.org.br\/principal\/wp-json\/wp\/v2\/categories?post=19966"},{"taxonomy":"post_tag","embeddable":true,"href":"https:\/\/www.sinpro-rio.org.br\/principal\/wp-json\/wp\/v2\/tags?post=19966"}],"curies":[{"name":"wp","href":"https:\/\/api.w.org\/{rel}","templated":true}]}}