{"id":19960,"date":"2015-11-09T00:00:00","date_gmt":"2015-11-09T00:00:00","guid":{"rendered":""},"modified":"-0001-11-30T00:00:00","modified_gmt":"-0001-11-30T03:00:00","slug":"copap-passeio-ao-sitio-do-cravista-roberto-de-regina-em-guaratiba","status":"publish","type":"post","link":"https:\/\/www.sinpro-rio.org.br\/principal\/copap-passeio-ao-sitio-do-cravista-roberto-de-regina-em-guaratiba\/","title":{"rendered":"Copap: passeio ao s\u00edtio do Cravista Roberto de Regina, em Guaratiba"},"content":{"rendered":"\n<p>\n <em><br \/>\n  09\/11\/2015<br \/>\n <\/em>\n<\/p>\n<p>\n <img decoding=\"async\" align=\"right\" alt=\"foto\" src=\"http:\/\/www.sinprorio.pro.br\/site_antigo\/imagens\/noticia\/2015\/sitio4.jpg\" width=\"400\"\/>\n<\/p>\n<p>\n Roberto de Regina \u00e9  um &#8220;virtuose&#8221; do cravo, instrumento muito popular nos s\u00e9culos XVIII e XIX que se parece muito com um piano e, por seu funcionamento e sonoridade, vem a ser um &#8220;primo&#8221; do viol\u00e3o. Roberto \u00e9 um solteir\u00e3o convicto (como ele mesmo se define), amante de pinturas com cores alegres, miniaturas de catedrais, carros e trens e, por isso, criou dois museus, que s\u00e3o visitados ap\u00f3s o almo\u00e7o.<\/p>\n<p>\n  Durante a refei\u00e7\u00e3o, \u00e9 servido um prato delicioso, baseado na comida indiana (sem a pimenta), que s\u00e3o dois cremes de frango e camar\u00e3o, com pedacinhos de ma\u00e7\u00e3 verde, coco, amendoim, pepino, aipo e mangas (colhidas no pr\u00f3prio quintal da ch\u00e1cara, onde tamb\u00e9m encontramos pav\u00f5es, fais\u00f5es, gansos, galinhas e patinhos coloridos). No quintal da ch\u00e1cara, um grande pomar com v\u00e1rios tipos de mangueiras, jaqueiras, bananeiras e outras frutas. Para concluir o almo\u00e7o, uma deliciosa mousse de laranja, acompanhada por cacha\u00e7a de frutas (cria\u00e7\u00e3o do pr\u00f3prio Roberto) e muito, muito vinho chileno. Quer mais?<\/p>\n<p>\n   Roberto  oferece um concerto com pe\u00e7as de autores distintos, espanh\u00f3is, franceses, italianos e uma conversa leve e agrad\u00e1vel sobre as v\u00e1rias partes da programa\u00e7\u00e3o.<\/p>\n<p>\n    Veja mais fotos do s\u00edtio<br \/>\n    <a href=\"https:\/\/www.facebook.com\/media\/set\/?set=a.1141328012562664.1073741867.298247816870692&amp;type=3&amp;uploaded=5\"><br \/>\n     aqui<br \/>\n    <\/a><br \/>\n    .\n   <\/p>\n<\/p>\n<\/p>\n<p>\n Durante a refei\u00e7\u00e3o, \u00e9 servido um prato delicioso, baseado na comida indiana (sem a pimenta), que s\u00e3o dois cremes de frango e camar\u00e3o, com pedacinhos de ma\u00e7\u00e3 verde, coco, amendoim, pepino, aipo e mangas (colhidas no pr\u00f3prio quintal da ch\u00e1cara, onde tamb\u00e9m encontramos pav\u00f5es, fais\u00f5es, gansos, galinhas e patinhos coloridos). No quintal da ch\u00e1cara, um grande pomar com v\u00e1rios tipos de mangueiras, jaqueiras, bananeiras e outras frutas. Para concluir o almo\u00e7o, uma deliciosa mousse de laranja, acompanhada por cacha\u00e7a de frutas (cria\u00e7\u00e3o do pr\u00f3prio Roberto) e muito, muito vinho chileno. Quer mais?<\/p>\n<p>\n  Roberto  oferece um concerto com pe\u00e7as de autores distintos, espanh\u00f3is, franceses, italianos e uma conversa leve e agrad\u00e1vel sobre as v\u00e1rias partes da programa\u00e7\u00e3o.<\/p>\n<p>\n   Veja mais fotos do s\u00edtio<br \/>\n   <a href=\"https:\/\/www.facebook.com\/media\/set\/?set=a.1141328012562664.1073741867.298247816870692&amp;type=3&amp;uploaded=5\"><br \/>\n    aqui<br \/>\n   <\/a><br \/>\n   .\n  <\/p>\n<\/p>\n<p>\n Roberto  oferece um concerto com pe\u00e7as de autores distintos, espanh\u00f3is, franceses, italianos e uma conversa leve e agrad\u00e1vel sobre as v\u00e1rias partes da programa\u00e7\u00e3o.<\/p>\n<p>\n  Veja mais fotos do s\u00edtio<br \/>\n  <a href=\"https:\/\/www.facebook.com\/media\/set\/?set=a.1141328012562664.1073741867.298247816870692&amp;type=3&amp;uploaded=5\"><br \/>\n   aqui<br \/>\n  <\/a><br \/>\n  .\n <\/p>\n<\/p>\n<p>\n Veja mais fotos do s\u00edtio<br \/>\n <a href=\"https:\/\/www.facebook.com\/media\/set\/?set=a.1141328012562664.1073741867.298247816870692&amp;type=3&amp;uploaded=5\"><br \/>\n  aqui<br \/>\n <\/a><br \/>\n .<\/p>\n","protected":false},"excerpt":{"rendered":"<p>09\/11\/2015 Roberto de Regina \u00e9 um &#8220;virtuose&#8221; do cravo, instrumento muito popular nos s\u00e9culos XVIII e XIX que se parece muito com um piano e, por seu funcionamento e sonoridade, vem a ser um &#8220;primo&#8221; do viol\u00e3o. Roberto \u00e9 um solteir\u00e3o convicto (como ele mesmo se define), amante de pinturas com cores alegres, miniaturas de [&hellip;]<\/p>\n","protected":false},"author":1,"featured_media":0,"comment_status":"closed","ping_status":"open","sticky":false,"template":"","format":"standard","meta":{"footnotes":""},"categories":[1],"tags":[],"class_list":["post-19960","post","type-post","status-publish","format-standard","hentry","category-noticias"],"yoast_head":"<!-- This site is optimized with the Yoast SEO plugin v25.7 - https:\/\/yoast.com\/wordpress\/plugins\/seo\/ -->\n<title>Copap: passeio ao s\u00edtio do Cravista Roberto de Regina, em Guaratiba - Sinpro-Rio<\/title>\n<meta name=\"robots\" content=\"index, follow, max-snippet:-1, max-image-preview:large, max-video-preview:-1\" \/>\n<link rel=\"canonical\" href=\"https:\/\/www.sinpro-rio.org.br\/principal\/copap-passeio-ao-sitio-do-cravista-roberto-de-regina-em-guaratiba\/\" \/>\n<meta property=\"og:locale\" content=\"pt_BR\" \/>\n<meta property=\"og:type\" content=\"article\" \/>\n<meta property=\"og:title\" content=\"Copap: passeio ao s\u00edtio do Cravista Roberto de Regina, em Guaratiba - Sinpro-Rio\" \/>\n<meta property=\"og:description\" content=\"09\/11\/2015 Roberto de Regina \u00e9 um &#8220;virtuose&#8221; do cravo, instrumento muito popular nos s\u00e9culos XVIII e XIX que se parece muito com um piano e, por seu funcionamento e sonoridade, vem a ser um &#8220;primo&#8221; do viol\u00e3o. Roberto \u00e9 um solteir\u00e3o convicto (como ele mesmo se define), amante de pinturas com cores alegres, miniaturas de [&hellip;]\" \/>\n<meta property=\"og:url\" content=\"https:\/\/www.sinpro-rio.org.br\/principal\/copap-passeio-ao-sitio-do-cravista-roberto-de-regina-em-guaratiba\/\" \/>\n<meta property=\"og:site_name\" content=\"Sinpro-Rio\" \/>\n<meta property=\"article:published_time\" content=\"2015-11-09T00:00:00+00:00\" \/>\n<meta property=\"og:image\" content=\"http:\/\/www.sinprorio.pro.br\/site_antigo\/imagens\/noticia\/2015\/sitio4.jpg\" \/>\n<meta name=\"author\" content=\"rafaelrjp\" \/>\n<meta name=\"twitter:card\" content=\"summary_large_image\" \/>\n<meta name=\"twitter:label1\" content=\"Escrito por\" \/>\n\t<meta name=\"twitter:data1\" content=\"rafaelrjp\" \/>\n\t<meta name=\"twitter:label2\" content=\"Est. tempo de leitura\" \/>\n\t<meta name=\"twitter:data2\" content=\"2 minutos\" \/>\n<script type=\"application\/ld+json\" class=\"yoast-schema-graph\">{\"@context\":\"https:\/\/schema.org\",\"@graph\":[{\"@type\":\"WebPage\",\"@id\":\"https:\/\/www.sinpro-rio.org.br\/principal\/copap-passeio-ao-sitio-do-cravista-roberto-de-regina-em-guaratiba\/\",\"url\":\"https:\/\/www.sinpro-rio.org.br\/principal\/copap-passeio-ao-sitio-do-cravista-roberto-de-regina-em-guaratiba\/\",\"name\":\"Copap: passeio ao s\u00edtio do Cravista Roberto de Regina, em Guaratiba - Sinpro-Rio\",\"isPartOf\":{\"@id\":\"https:\/\/www.sinpro-rio.org.br\/principal\/#website\"},\"primaryImageOfPage\":{\"@id\":\"https:\/\/www.sinpro-rio.org.br\/principal\/copap-passeio-ao-sitio-do-cravista-roberto-de-regina-em-guaratiba\/#primaryimage\"},\"image\":{\"@id\":\"https:\/\/www.sinpro-rio.org.br\/principal\/copap-passeio-ao-sitio-do-cravista-roberto-de-regina-em-guaratiba\/#primaryimage\"},\"thumbnailUrl\":\"http:\/\/www.sinprorio.pro.br\/site_antigo\/imagens\/noticia\/2015\/sitio4.jpg\",\"datePublished\":\"2015-11-09T00:00:00+00:00\",\"author\":{\"@id\":\"https:\/\/www.sinpro-rio.org.br\/principal\/#\/schema\/person\/49feb585a2f57a31a6bd9f16f78e5be6\"},\"breadcrumb\":{\"@id\":\"https:\/\/www.sinpro-rio.org.br\/principal\/copap-passeio-ao-sitio-do-cravista-roberto-de-regina-em-guaratiba\/#breadcrumb\"},\"inLanguage\":\"pt-BR\",\"potentialAction\":[{\"@type\":\"ReadAction\",\"target\":[\"https:\/\/www.sinpro-rio.org.br\/principal\/copap-passeio-ao-sitio-do-cravista-roberto-de-regina-em-guaratiba\/\"]}]},{\"@type\":\"ImageObject\",\"inLanguage\":\"pt-BR\",\"@id\":\"https:\/\/www.sinpro-rio.org.br\/principal\/copap-passeio-ao-sitio-do-cravista-roberto-de-regina-em-guaratiba\/#primaryimage\",\"url\":\"http:\/\/www.sinprorio.pro.br\/site_antigo\/imagens\/noticia\/2015\/sitio4.jpg\",\"contentUrl\":\"http:\/\/www.sinprorio.pro.br\/site_antigo\/imagens\/noticia\/2015\/sitio4.jpg\"},{\"@type\":\"BreadcrumbList\",\"@id\":\"https:\/\/www.sinpro-rio.org.br\/principal\/copap-passeio-ao-sitio-do-cravista-roberto-de-regina-em-guaratiba\/#breadcrumb\",\"itemListElement\":[{\"@type\":\"ListItem\",\"position\":1,\"name\":\"In\u00edcio\",\"item\":\"https:\/\/www.sinpro-rio.org.br\/principal\/\"},{\"@type\":\"ListItem\",\"position\":2,\"name\":\"Copap: passeio ao s\u00edtio do Cravista Roberto de Regina, em Guaratiba\"}]},{\"@type\":\"WebSite\",\"@id\":\"https:\/\/www.sinpro-rio.org.br\/principal\/#website\",\"url\":\"https:\/\/www.sinpro-rio.org.br\/principal\/\",\"name\":\"Sinpro-Rio\",\"description\":\"Sindicato dos Professores do Munic\u00edpio do Rio de Janeiro e Regi\u00e3o\",\"potentialAction\":[{\"@type\":\"SearchAction\",\"target\":{\"@type\":\"EntryPoint\",\"urlTemplate\":\"https:\/\/www.sinpro-rio.org.br\/principal\/?s={search_term_string}\"},\"query-input\":{\"@type\":\"PropertyValueSpecification\",\"valueRequired\":true,\"valueName\":\"search_term_string\"}}],\"inLanguage\":\"pt-BR\"},{\"@type\":\"Person\",\"@id\":\"https:\/\/www.sinpro-rio.org.br\/principal\/#\/schema\/person\/49feb585a2f57a31a6bd9f16f78e5be6\",\"name\":\"rafaelrjp\",\"image\":{\"@type\":\"ImageObject\",\"inLanguage\":\"pt-BR\",\"@id\":\"https:\/\/www.sinpro-rio.org.br\/principal\/#\/schema\/person\/image\/\",\"url\":\"https:\/\/secure.gravatar.com\/avatar\/489371a0ba4655c340b519882c68cf68?s=96&d=mm&r=g\",\"contentUrl\":\"https:\/\/secure.gravatar.com\/avatar\/489371a0ba4655c340b519882c68cf68?s=96&d=mm&r=g\",\"caption\":\"rafaelrjp\"},\"url\":\"https:\/\/www.sinpro-rio.org.br\/principal\/author\/rafaelrjp\/\"}]}<\/script>\n<!-- \/ Yoast SEO plugin. -->","yoast_head_json":{"title":"Copap: passeio ao s\u00edtio do Cravista Roberto de Regina, em Guaratiba - Sinpro-Rio","robots":{"index":"index","follow":"follow","max-snippet":"max-snippet:-1","max-image-preview":"max-image-preview:large","max-video-preview":"max-video-preview:-1"},"canonical":"https:\/\/www.sinpro-rio.org.br\/principal\/copap-passeio-ao-sitio-do-cravista-roberto-de-regina-em-guaratiba\/","og_locale":"pt_BR","og_type":"article","og_title":"Copap: passeio ao s\u00edtio do Cravista Roberto de Regina, em Guaratiba - Sinpro-Rio","og_description":"09\/11\/2015 Roberto de Regina \u00e9 um &#8220;virtuose&#8221; do cravo, instrumento muito popular nos s\u00e9culos XVIII e XIX que se parece muito com um piano e, por seu funcionamento e sonoridade, vem a ser um &#8220;primo&#8221; do viol\u00e3o. Roberto \u00e9 um solteir\u00e3o convicto (como ele mesmo se define), amante de pinturas com cores alegres, miniaturas de [&hellip;]","og_url":"https:\/\/www.sinpro-rio.org.br\/principal\/copap-passeio-ao-sitio-do-cravista-roberto-de-regina-em-guaratiba\/","og_site_name":"Sinpro-Rio","article_published_time":"2015-11-09T00:00:00+00:00","og_image":[{"url":"http:\/\/www.sinprorio.pro.br\/site_antigo\/imagens\/noticia\/2015\/sitio4.jpg","type":"","width":"","height":""}],"author":"rafaelrjp","twitter_card":"summary_large_image","twitter_misc":{"Escrito por":"rafaelrjp","Est. tempo de leitura":"2 minutos"},"schema":{"@context":"https:\/\/schema.org","@graph":[{"@type":"WebPage","@id":"https:\/\/www.sinpro-rio.org.br\/principal\/copap-passeio-ao-sitio-do-cravista-roberto-de-regina-em-guaratiba\/","url":"https:\/\/www.sinpro-rio.org.br\/principal\/copap-passeio-ao-sitio-do-cravista-roberto-de-regina-em-guaratiba\/","name":"Copap: passeio ao s\u00edtio do Cravista Roberto de Regina, em Guaratiba - Sinpro-Rio","isPartOf":{"@id":"https:\/\/www.sinpro-rio.org.br\/principal\/#website"},"primaryImageOfPage":{"@id":"https:\/\/www.sinpro-rio.org.br\/principal\/copap-passeio-ao-sitio-do-cravista-roberto-de-regina-em-guaratiba\/#primaryimage"},"image":{"@id":"https:\/\/www.sinpro-rio.org.br\/principal\/copap-passeio-ao-sitio-do-cravista-roberto-de-regina-em-guaratiba\/#primaryimage"},"thumbnailUrl":"http:\/\/www.sinprorio.pro.br\/site_antigo\/imagens\/noticia\/2015\/sitio4.jpg","datePublished":"2015-11-09T00:00:00+00:00","author":{"@id":"https:\/\/www.sinpro-rio.org.br\/principal\/#\/schema\/person\/49feb585a2f57a31a6bd9f16f78e5be6"},"breadcrumb":{"@id":"https:\/\/www.sinpro-rio.org.br\/principal\/copap-passeio-ao-sitio-do-cravista-roberto-de-regina-em-guaratiba\/#breadcrumb"},"inLanguage":"pt-BR","potentialAction":[{"@type":"ReadAction","target":["https:\/\/www.sinpro-rio.org.br\/principal\/copap-passeio-ao-sitio-do-cravista-roberto-de-regina-em-guaratiba\/"]}]},{"@type":"ImageObject","inLanguage":"pt-BR","@id":"https:\/\/www.sinpro-rio.org.br\/principal\/copap-passeio-ao-sitio-do-cravista-roberto-de-regina-em-guaratiba\/#primaryimage","url":"http:\/\/www.sinprorio.pro.br\/site_antigo\/imagens\/noticia\/2015\/sitio4.jpg","contentUrl":"http:\/\/www.sinprorio.pro.br\/site_antigo\/imagens\/noticia\/2015\/sitio4.jpg"},{"@type":"BreadcrumbList","@id":"https:\/\/www.sinpro-rio.org.br\/principal\/copap-passeio-ao-sitio-do-cravista-roberto-de-regina-em-guaratiba\/#breadcrumb","itemListElement":[{"@type":"ListItem","position":1,"name":"In\u00edcio","item":"https:\/\/www.sinpro-rio.org.br\/principal\/"},{"@type":"ListItem","position":2,"name":"Copap: passeio ao s\u00edtio do Cravista Roberto de Regina, em Guaratiba"}]},{"@type":"WebSite","@id":"https:\/\/www.sinpro-rio.org.br\/principal\/#website","url":"https:\/\/www.sinpro-rio.org.br\/principal\/","name":"Sinpro-Rio","description":"Sindicato dos Professores do Munic\u00edpio do Rio de Janeiro e Regi\u00e3o","potentialAction":[{"@type":"SearchAction","target":{"@type":"EntryPoint","urlTemplate":"https:\/\/www.sinpro-rio.org.br\/principal\/?s={search_term_string}"},"query-input":{"@type":"PropertyValueSpecification","valueRequired":true,"valueName":"search_term_string"}}],"inLanguage":"pt-BR"},{"@type":"Person","@id":"https:\/\/www.sinpro-rio.org.br\/principal\/#\/schema\/person\/49feb585a2f57a31a6bd9f16f78e5be6","name":"rafaelrjp","image":{"@type":"ImageObject","inLanguage":"pt-BR","@id":"https:\/\/www.sinpro-rio.org.br\/principal\/#\/schema\/person\/image\/","url":"https:\/\/secure.gravatar.com\/avatar\/489371a0ba4655c340b519882c68cf68?s=96&d=mm&r=g","contentUrl":"https:\/\/secure.gravatar.com\/avatar\/489371a0ba4655c340b519882c68cf68?s=96&d=mm&r=g","caption":"rafaelrjp"},"url":"https:\/\/www.sinpro-rio.org.br\/principal\/author\/rafaelrjp\/"}]}},"_links":{"self":[{"href":"https:\/\/www.sinpro-rio.org.br\/principal\/wp-json\/wp\/v2\/posts\/19960","targetHints":{"allow":["GET"]}}],"collection":[{"href":"https:\/\/www.sinpro-rio.org.br\/principal\/wp-json\/wp\/v2\/posts"}],"about":[{"href":"https:\/\/www.sinpro-rio.org.br\/principal\/wp-json\/wp\/v2\/types\/post"}],"author":[{"embeddable":true,"href":"https:\/\/www.sinpro-rio.org.br\/principal\/wp-json\/wp\/v2\/users\/1"}],"replies":[{"embeddable":true,"href":"https:\/\/www.sinpro-rio.org.br\/principal\/wp-json\/wp\/v2\/comments?post=19960"}],"version-history":[{"count":0,"href":"https:\/\/www.sinpro-rio.org.br\/principal\/wp-json\/wp\/v2\/posts\/19960\/revisions"}],"wp:attachment":[{"href":"https:\/\/www.sinpro-rio.org.br\/principal\/wp-json\/wp\/v2\/media?parent=19960"}],"wp:term":[{"taxonomy":"category","embeddable":true,"href":"https:\/\/www.sinpro-rio.org.br\/principal\/wp-json\/wp\/v2\/categories?post=19960"},{"taxonomy":"post_tag","embeddable":true,"href":"https:\/\/www.sinpro-rio.org.br\/principal\/wp-json\/wp\/v2\/tags?post=19960"}],"curies":[{"name":"wp","href":"https:\/\/api.w.org\/{rel}","templated":true}]}}