{"id":19951,"date":"2015-11-17T00:00:00","date_gmt":"2015-11-17T00:00:00","guid":{"rendered":""},"modified":"-0001-11-30T00:00:00","modified_gmt":"-0001-11-30T03:00:00","slug":"sinpro-rio-realiza-assembleia-de-prestac-o-de-contas-de-2014-e-previs-o-orcamentaria-para-2016","status":"publish","type":"post","link":"https:\/\/www.sinpro-rio.org.br\/principal\/sinpro-rio-realiza-assembleia-de-prestac-o-de-contas-de-2014-e-previs-o-orcamentaria-para-2016\/","title":{"rendered":"Sinpro-Rio realiza assembleia de Presta\u00e7\u00e3o de Contas de 2014 e Previs\u00e3o Or\u00e7ament\u00e1ria para 2016"},"content":{"rendered":"\n<p>\n <em><br \/>\n  17\/11\/2015<br \/>\n <\/em>\n<\/p>\n<p>\n <img decoding=\"async\" align=\"right\" alt=\"foto\" src=\"http:\/\/www.sinprorio.pro.br\/site_antigo\/imagens\/noticia\/2015\/assembleia1611.JPG\" width=\"400\"\/>\n<\/p>\n<p>\n O Sinpro-Rio realizou ontem, 16 de novembro, sua Assembleia Geral Ordin\u00e1ria de Presta\u00e7\u00e3o de Contas de 2014 e de Previs\u00e3o Or\u00e7ament\u00e1ria para 2016, como prev\u00ea o Estatuto da entidade. Compuseram a mesa o presidente do Sindicato, Oswaldo Teles; o atual 2\u00ba tesoureiro do Sindicato e membro do Conselho Fiscal na diretoria em 2014, professor Arnaldo Borba; o atual 1\u00ba secret\u00e1rio e ex 1\u00ba tesoureiro, professor Marcelo Pereira; e os contadores Jos\u00e9 Roberto Medeiros e Carlos Alberto Coelho da Silva.<\/p>\n<p>\n  No in\u00edcio da plen\u00e1ria todos os presentes receberam as planilhas impressas em papel que foram projetadas. O conselheiro fiscal da gest\u00e3o em 2014 apresentou \u00e0 categoria a presta\u00e7\u00e3o de contas de 2014, com um d\u00e9ficit de cerca de R$3 milh\u00f5es reais, em 2013 eram R$4,8 milh\u00f5es. Os integrantes do Conselho Fiscal da entregaram um relat\u00f3rio do Conselho com recomenda\u00e7\u00e3o para que a assembleia aprovasse a presta\u00e7\u00e3o de contas de 2014 e a retomada das medidas para que cortes de custos e ajustes nos gastos continuem sendo adotados.<\/p>\n<p>\n   Dando continuidade \u00e0 assembleia, foi apresentada uma pr\u00e9via informal da presta\u00e7\u00e3o de contas do 1\u00ba semestre e a proposta or\u00e7ament\u00e1ria para 2016. O presidente do Sindicato lembrou as medidas adotadas para o enxugamento dos gastos como o fechamento da subsede de Madureira, aprovada na assembleia de Presta\u00e7\u00e3o de Contas e Previs\u00e3o Or\u00e7ament\u00e1ria do ano passado; o fechamento do 6\u00ba andar da Sede para aluguel (ainda n\u00e3o alugado devido a atual conjuntura econ\u00f4mica); parceria com o Sindicato dos Banc\u00e1rios no uso e nas despesas da Subsede de Campo Grande; renegocia\u00e7\u00e3o e cancelamento de contratos; restrutura\u00e7\u00e3o interna; profissionaliza\u00e7\u00e3o da cobran\u00e7a \u00e0s escolas, entre outros e avaliou: \u201cDe uma certa maneira, conseguimos um equil\u00edbrio financeiro nos tr\u00eas meses dessa gest\u00e3o em 2014 e nos 6 primeiros meses de  2015. A batalha ainda \u00e9 grande e seguiremos tomando as medidas necess\u00e1rias para que o equil\u00edbrio seja total.\u201d<\/p>\n<p>\n    A Presta\u00e7\u00e3o de Contas de 2014 e a Previs\u00e3o Or\u00e7ament\u00e1ria para 2016 foram aprovadas pela assembleia. Confira abaixo as tabelas apresentadas:<\/p>\n<p>\n     <a href=\"http:\/\/www.sinprorio.pro.br\/site_antigo\/download\/diversos\/prestacao2014.pdf\"><br \/>\n      Presta\u00e7\u00e3o de Contas 2014<br \/>\n     <\/a><\/p>\n<p>\n      <a href=\"http:\/\/www.sinprorio.pro.br\/site_antigo\/download\/diversos\/proposta2016.pdf\"><br \/>\n       Previs\u00e3o Or\u00e7ament\u00e1ria 2016<br \/>\n      <\/a><\/p>\n<p>\n       Veja fotos da assembleia<br \/>\n       <a href=\"https:\/\/www.facebook.com\/media\/set\/?set=a.1145943595434439.1073741868.298247816870692&amp;type=3&amp;uploaded=17\"><br \/>\n        aqui<br \/>\n       <\/a><br \/>\n       .\n      <\/p>\n<\/p>\n<\/p>\n<\/p>\n<p>\n No in\u00edcio da plen\u00e1ria todos os presentes receberam as planilhas impressas em papel que foram projetadas. O conselheiro fiscal da gest\u00e3o em 2014 apresentou \u00e0 categoria a presta\u00e7\u00e3o de contas de 2014, com um d\u00e9ficit de cerca de R$3 milh\u00f5es reais, em 2013 eram R$4,8 milh\u00f5es. Os integrantes do Conselho Fiscal da entregaram um relat\u00f3rio do Conselho com recomenda\u00e7\u00e3o para que a assembleia aprovasse a presta\u00e7\u00e3o de contas de 2014 e a retomada das medidas para que cortes de custos e ajustes nos gastos continuem sendo adotados.<\/p>\n<p>\n  Dando continuidade \u00e0 assembleia, foi apresentada uma pr\u00e9via informal da presta\u00e7\u00e3o de contas do 1\u00ba semestre e a proposta or\u00e7ament\u00e1ria para 2016. O presidente do Sindicato lembrou as medidas adotadas para o enxugamento dos gastos como o fechamento da subsede de Madureira, aprovada na assembleia de Presta\u00e7\u00e3o de Contas e Previs\u00e3o Or\u00e7ament\u00e1ria do ano passado; o fechamento do 6\u00ba andar da Sede para aluguel (ainda n\u00e3o alugado devido a atual conjuntura econ\u00f4mica); parceria com o Sindicato dos Banc\u00e1rios no uso e nas despesas da Subsede de Campo Grande; renegocia\u00e7\u00e3o e cancelamento de contratos; restrutura\u00e7\u00e3o interna; profissionaliza\u00e7\u00e3o da cobran\u00e7a \u00e0s escolas, entre outros e avaliou: \u201cDe uma certa maneira, conseguimos um equil\u00edbrio financeiro nos tr\u00eas meses dessa gest\u00e3o em 2014 e nos 6 primeiros meses de  2015. A batalha ainda \u00e9 grande e seguiremos tomando as medidas necess\u00e1rias para que o equil\u00edbrio seja total.\u201d<\/p>\n<p>\n   A Presta\u00e7\u00e3o de Contas de 2014 e a Previs\u00e3o Or\u00e7ament\u00e1ria para 2016 foram aprovadas pela assembleia. Confira abaixo as tabelas apresentadas:<\/p>\n<p>\n    <a href=\"http:\/\/www.sinprorio.pro.br\/site_antigo\/download\/diversos\/prestacao2014.pdf\"><br \/>\n     Presta\u00e7\u00e3o de Contas 2014<br \/>\n    <\/a><\/p>\n<p>\n     <a href=\"http:\/\/www.sinprorio.pro.br\/site_antigo\/download\/diversos\/proposta2016.pdf\"><br \/>\n      Previs\u00e3o Or\u00e7ament\u00e1ria 2016<br \/>\n     <\/a><\/p>\n<p>\n      Veja fotos da assembleia<br \/>\n      <a href=\"https:\/\/www.facebook.com\/media\/set\/?set=a.1145943595434439.1073741868.298247816870692&amp;type=3&amp;uploaded=17\"><br \/>\n       aqui<br \/>\n      <\/a><br \/>\n      .\n     <\/p>\n<\/p>\n<\/p>\n<\/p>\n<p>\n Dando continuidade \u00e0 assembleia, foi apresentada uma pr\u00e9via informal da presta\u00e7\u00e3o de contas do 1\u00ba semestre e a proposta or\u00e7ament\u00e1ria para 2016. O presidente do Sindicato lembrou as medidas adotadas para o enxugamento dos gastos como o fechamento da subsede de Madureira, aprovada na assembleia de Presta\u00e7\u00e3o de Contas e Previs\u00e3o Or\u00e7ament\u00e1ria do ano passado; o fechamento do 6\u00ba andar da Sede para aluguel (ainda n\u00e3o alugado devido a atual conjuntura econ\u00f4mica); parceria com o Sindicato dos Banc\u00e1rios no uso e nas despesas da Subsede de Campo Grande; renegocia\u00e7\u00e3o e cancelamento de contratos; restrutura\u00e7\u00e3o interna; profissionaliza\u00e7\u00e3o da cobran\u00e7a \u00e0s escolas, entre outros e avaliou: \u201cDe uma certa maneira, conseguimos um equil\u00edbrio financeiro nos tr\u00eas meses dessa gest\u00e3o em 2014 e nos 6 primeiros meses de  2015. A batalha ainda \u00e9 grande e seguiremos tomando as medidas necess\u00e1rias para que o equil\u00edbrio seja total.\u201d<\/p>\n<p>\n  A Presta\u00e7\u00e3o de Contas de 2014 e a Previs\u00e3o Or\u00e7ament\u00e1ria para 2016 foram aprovadas pela assembleia. Confira abaixo as tabelas apresentadas:<\/p>\n<p>\n   <a href=\"http:\/\/www.sinprorio.pro.br\/site_antigo\/download\/diversos\/prestacao2014.pdf\"><br \/>\n    Presta\u00e7\u00e3o de Contas 2014<br \/>\n   <\/a><\/p>\n<p>\n    <a href=\"http:\/\/www.sinprorio.pro.br\/site_antigo\/download\/diversos\/proposta2016.pdf\"><br \/>\n     Previs\u00e3o Or\u00e7ament\u00e1ria 2016<br \/>\n    <\/a><\/p>\n<p>\n     Veja fotos da assembleia<br \/>\n     <a href=\"https:\/\/www.facebook.com\/media\/set\/?set=a.1145943595434439.1073741868.298247816870692&amp;type=3&amp;uploaded=17\"><br \/>\n      aqui<br \/>\n     <\/a><br \/>\n     .\n    <\/p>\n<\/p>\n<\/p>\n<p>\n A Presta\u00e7\u00e3o de Contas de 2014 e a Previs\u00e3o Or\u00e7ament\u00e1ria para 2016 foram aprovadas pela assembleia. Confira abaixo as tabelas apresentadas:<\/p>\n<p>\n  <a href=\"http:\/\/www.sinprorio.pro.br\/site_antigo\/download\/diversos\/prestacao2014.pdf\"><br \/>\n   Presta\u00e7\u00e3o de Contas 2014<br \/>\n  <\/a><\/p>\n<p>\n   <a href=\"http:\/\/www.sinprorio.pro.br\/site_antigo\/download\/diversos\/proposta2016.pdf\"><br \/>\n    Previs\u00e3o Or\u00e7ament\u00e1ria 2016<br \/>\n   <\/a><\/p>\n<p>\n    Veja fotos da assembleia<br \/>\n    <a href=\"https:\/\/www.facebook.com\/media\/set\/?set=a.1145943595434439.1073741868.298247816870692&amp;type=3&amp;uploaded=17\"><br \/>\n     aqui<br \/>\n    <\/a><br \/>\n    .\n   <\/p>\n<\/p>\n<\/p>\n<p>\n <a href=\"http:\/\/www.sinprorio.pro.br\/site_antigo\/download\/diversos\/prestacao2014.pdf\"><br \/>\n  Presta\u00e7\u00e3o de Contas 2014<br \/>\n <\/a><\/p>\n<p>\n  <a href=\"http:\/\/www.sinprorio.pro.br\/site_antigo\/download\/diversos\/proposta2016.pdf\"><br \/>\n   Previs\u00e3o Or\u00e7ament\u00e1ria 2016<br \/>\n  <\/a><\/p>\n<p>\n   Veja fotos da assembleia<br \/>\n   <a href=\"https:\/\/www.facebook.com\/media\/set\/?set=a.1145943595434439.1073741868.298247816870692&amp;type=3&amp;uploaded=17\"><br \/>\n    aqui<br \/>\n   <\/a><br \/>\n   .\n  <\/p>\n<\/p>\n<p>\n <a href=\"http:\/\/www.sinprorio.pro.br\/site_antigo\/download\/diversos\/proposta2016.pdf\"><br \/>\n  Previs\u00e3o Or\u00e7ament\u00e1ria 2016<br \/>\n <\/a><\/p>\n<p>\n  Veja fotos da assembleia<br \/>\n  <a href=\"https:\/\/www.facebook.com\/media\/set\/?set=a.1145943595434439.1073741868.298247816870692&amp;type=3&amp;uploaded=17\"><br \/>\n   aqui<br \/>\n  <\/a><br \/>\n  .\n <\/p>\n<\/p>\n<p>\n Veja fotos da assembleia<br \/>\n <a href=\"https:\/\/www.facebook.com\/media\/set\/?set=a.1145943595434439.1073741868.298247816870692&amp;type=3&amp;uploaded=17\"><br \/>\n  aqui<br \/>\n <\/a><br \/>\n .<\/p>\n","protected":false},"excerpt":{"rendered":"<p>17\/11\/2015 O Sinpro-Rio realizou ontem, 16 de novembro, sua Assembleia Geral Ordin\u00e1ria de Presta\u00e7\u00e3o de Contas de 2014 e de Previs\u00e3o Or\u00e7ament\u00e1ria para 2016, como prev\u00ea o Estatuto da entidade. Compuseram a mesa o presidente do Sindicato, Oswaldo Teles; o atual 2\u00ba tesoureiro do Sindicato e membro do Conselho Fiscal na diretoria em 2014, professor [&hellip;]<\/p>\n","protected":false},"author":1,"featured_media":0,"comment_status":"closed","ping_status":"open","sticky":false,"template":"","format":"standard","meta":{"footnotes":""},"categories":[1],"tags":[],"class_list":["post-19951","post","type-post","status-publish","format-standard","hentry","category-noticias"],"yoast_head":"<!-- This site is optimized with the Yoast SEO plugin v25.7 - https:\/\/yoast.com\/wordpress\/plugins\/seo\/ -->\n<title>Sinpro-Rio realiza assembleia de Presta\u00e7\u00e3o de Contas de 2014 e Previs\u00e3o Or\u00e7ament\u00e1ria para 2016 - Sinpro-Rio<\/title>\n<meta name=\"robots\" content=\"index, follow, max-snippet:-1, max-image-preview:large, max-video-preview:-1\" \/>\n<link rel=\"canonical\" href=\"https:\/\/www.sinpro-rio.org.br\/principal\/sinpro-rio-realiza-assembleia-de-prestac-o-de-contas-de-2014-e-previs-o-orcamentaria-para-2016\/\" \/>\n<meta property=\"og:locale\" content=\"pt_BR\" \/>\n<meta property=\"og:type\" content=\"article\" \/>\n<meta property=\"og:title\" content=\"Sinpro-Rio realiza assembleia de Presta\u00e7\u00e3o de Contas de 2014 e Previs\u00e3o Or\u00e7ament\u00e1ria para 2016 - Sinpro-Rio\" \/>\n<meta property=\"og:description\" content=\"17\/11\/2015 O Sinpro-Rio realizou ontem, 16 de novembro, sua Assembleia Geral Ordin\u00e1ria de Presta\u00e7\u00e3o de Contas de 2014 e de Previs\u00e3o Or\u00e7ament\u00e1ria para 2016, como prev\u00ea o Estatuto da entidade. Compuseram a mesa o presidente do Sindicato, Oswaldo Teles; o atual 2\u00ba tesoureiro do Sindicato e membro do Conselho Fiscal na diretoria em 2014, professor [&hellip;]\" \/>\n<meta property=\"og:url\" content=\"https:\/\/www.sinpro-rio.org.br\/principal\/sinpro-rio-realiza-assembleia-de-prestac-o-de-contas-de-2014-e-previs-o-orcamentaria-para-2016\/\" \/>\n<meta property=\"og:site_name\" content=\"Sinpro-Rio\" \/>\n<meta property=\"article:published_time\" content=\"2015-11-17T00:00:00+00:00\" \/>\n<meta property=\"og:image\" content=\"http:\/\/www.sinprorio.pro.br\/site_antigo\/imagens\/noticia\/2015\/assembleia1611.JPG\" \/>\n<meta name=\"author\" content=\"rafaelrjp\" \/>\n<meta name=\"twitter:card\" content=\"summary_large_image\" \/>\n<meta name=\"twitter:label1\" content=\"Escrito por\" \/>\n\t<meta name=\"twitter:data1\" content=\"rafaelrjp\" \/>\n\t<meta name=\"twitter:label2\" content=\"Est. tempo de leitura\" \/>\n\t<meta name=\"twitter:data2\" content=\"5 minutos\" \/>\n<script type=\"application\/ld+json\" class=\"yoast-schema-graph\">{\"@context\":\"https:\/\/schema.org\",\"@graph\":[{\"@type\":\"WebPage\",\"@id\":\"https:\/\/www.sinpro-rio.org.br\/principal\/sinpro-rio-realiza-assembleia-de-prestac-o-de-contas-de-2014-e-previs-o-orcamentaria-para-2016\/\",\"url\":\"https:\/\/www.sinpro-rio.org.br\/principal\/sinpro-rio-realiza-assembleia-de-prestac-o-de-contas-de-2014-e-previs-o-orcamentaria-para-2016\/\",\"name\":\"Sinpro-Rio realiza assembleia de Presta\u00e7\u00e3o de Contas de 2014 e Previs\u00e3o Or\u00e7ament\u00e1ria para 2016 - Sinpro-Rio\",\"isPartOf\":{\"@id\":\"https:\/\/www.sinpro-rio.org.br\/principal\/#website\"},\"primaryImageOfPage\":{\"@id\":\"https:\/\/www.sinpro-rio.org.br\/principal\/sinpro-rio-realiza-assembleia-de-prestac-o-de-contas-de-2014-e-previs-o-orcamentaria-para-2016\/#primaryimage\"},\"image\":{\"@id\":\"https:\/\/www.sinpro-rio.org.br\/principal\/sinpro-rio-realiza-assembleia-de-prestac-o-de-contas-de-2014-e-previs-o-orcamentaria-para-2016\/#primaryimage\"},\"thumbnailUrl\":\"http:\/\/www.sinprorio.pro.br\/site_antigo\/imagens\/noticia\/2015\/assembleia1611.JPG\",\"datePublished\":\"2015-11-17T00:00:00+00:00\",\"author\":{\"@id\":\"https:\/\/www.sinpro-rio.org.br\/principal\/#\/schema\/person\/49feb585a2f57a31a6bd9f16f78e5be6\"},\"breadcrumb\":{\"@id\":\"https:\/\/www.sinpro-rio.org.br\/principal\/sinpro-rio-realiza-assembleia-de-prestac-o-de-contas-de-2014-e-previs-o-orcamentaria-para-2016\/#breadcrumb\"},\"inLanguage\":\"pt-BR\",\"potentialAction\":[{\"@type\":\"ReadAction\",\"target\":[\"https:\/\/www.sinpro-rio.org.br\/principal\/sinpro-rio-realiza-assembleia-de-prestac-o-de-contas-de-2014-e-previs-o-orcamentaria-para-2016\/\"]}]},{\"@type\":\"ImageObject\",\"inLanguage\":\"pt-BR\",\"@id\":\"https:\/\/www.sinpro-rio.org.br\/principal\/sinpro-rio-realiza-assembleia-de-prestac-o-de-contas-de-2014-e-previs-o-orcamentaria-para-2016\/#primaryimage\",\"url\":\"http:\/\/www.sinprorio.pro.br\/site_antigo\/imagens\/noticia\/2015\/assembleia1611.JPG\",\"contentUrl\":\"http:\/\/www.sinprorio.pro.br\/site_antigo\/imagens\/noticia\/2015\/assembleia1611.JPG\"},{\"@type\":\"BreadcrumbList\",\"@id\":\"https:\/\/www.sinpro-rio.org.br\/principal\/sinpro-rio-realiza-assembleia-de-prestac-o-de-contas-de-2014-e-previs-o-orcamentaria-para-2016\/#breadcrumb\",\"itemListElement\":[{\"@type\":\"ListItem\",\"position\":1,\"name\":\"In\u00edcio\",\"item\":\"https:\/\/www.sinpro-rio.org.br\/principal\/\"},{\"@type\":\"ListItem\",\"position\":2,\"name\":\"Sinpro-Rio realiza assembleia de Presta\u00e7\u00e3o de Contas de 2014 e Previs\u00e3o Or\u00e7ament\u00e1ria para 2016\"}]},{\"@type\":\"WebSite\",\"@id\":\"https:\/\/www.sinpro-rio.org.br\/principal\/#website\",\"url\":\"https:\/\/www.sinpro-rio.org.br\/principal\/\",\"name\":\"Sinpro-Rio\",\"description\":\"Sindicato dos Professores do Munic\u00edpio do Rio de Janeiro e Regi\u00e3o\",\"potentialAction\":[{\"@type\":\"SearchAction\",\"target\":{\"@type\":\"EntryPoint\",\"urlTemplate\":\"https:\/\/www.sinpro-rio.org.br\/principal\/?s={search_term_string}\"},\"query-input\":{\"@type\":\"PropertyValueSpecification\",\"valueRequired\":true,\"valueName\":\"search_term_string\"}}],\"inLanguage\":\"pt-BR\"},{\"@type\":\"Person\",\"@id\":\"https:\/\/www.sinpro-rio.org.br\/principal\/#\/schema\/person\/49feb585a2f57a31a6bd9f16f78e5be6\",\"name\":\"rafaelrjp\",\"image\":{\"@type\":\"ImageObject\",\"inLanguage\":\"pt-BR\",\"@id\":\"https:\/\/www.sinpro-rio.org.br\/principal\/#\/schema\/person\/image\/\",\"url\":\"https:\/\/secure.gravatar.com\/avatar\/489371a0ba4655c340b519882c68cf68?s=96&d=mm&r=g\",\"contentUrl\":\"https:\/\/secure.gravatar.com\/avatar\/489371a0ba4655c340b519882c68cf68?s=96&d=mm&r=g\",\"caption\":\"rafaelrjp\"},\"url\":\"https:\/\/www.sinpro-rio.org.br\/principal\/author\/rafaelrjp\/\"}]}<\/script>\n<!-- \/ Yoast SEO plugin. -->","yoast_head_json":{"title":"Sinpro-Rio realiza assembleia de Presta\u00e7\u00e3o de Contas de 2014 e Previs\u00e3o Or\u00e7ament\u00e1ria para 2016 - Sinpro-Rio","robots":{"index":"index","follow":"follow","max-snippet":"max-snippet:-1","max-image-preview":"max-image-preview:large","max-video-preview":"max-video-preview:-1"},"canonical":"https:\/\/www.sinpro-rio.org.br\/principal\/sinpro-rio-realiza-assembleia-de-prestac-o-de-contas-de-2014-e-previs-o-orcamentaria-para-2016\/","og_locale":"pt_BR","og_type":"article","og_title":"Sinpro-Rio realiza assembleia de Presta\u00e7\u00e3o de Contas de 2014 e Previs\u00e3o Or\u00e7ament\u00e1ria para 2016 - Sinpro-Rio","og_description":"17\/11\/2015 O Sinpro-Rio realizou ontem, 16 de novembro, sua Assembleia Geral Ordin\u00e1ria de Presta\u00e7\u00e3o de Contas de 2014 e de Previs\u00e3o Or\u00e7ament\u00e1ria para 2016, como prev\u00ea o Estatuto da entidade. Compuseram a mesa o presidente do Sindicato, Oswaldo Teles; o atual 2\u00ba tesoureiro do Sindicato e membro do Conselho Fiscal na diretoria em 2014, professor [&hellip;]","og_url":"https:\/\/www.sinpro-rio.org.br\/principal\/sinpro-rio-realiza-assembleia-de-prestac-o-de-contas-de-2014-e-previs-o-orcamentaria-para-2016\/","og_site_name":"Sinpro-Rio","article_published_time":"2015-11-17T00:00:00+00:00","og_image":[{"url":"http:\/\/www.sinprorio.pro.br\/site_antigo\/imagens\/noticia\/2015\/assembleia1611.JPG","type":"","width":"","height":""}],"author":"rafaelrjp","twitter_card":"summary_large_image","twitter_misc":{"Escrito por":"rafaelrjp","Est. tempo de leitura":"5 minutos"},"schema":{"@context":"https:\/\/schema.org","@graph":[{"@type":"WebPage","@id":"https:\/\/www.sinpro-rio.org.br\/principal\/sinpro-rio-realiza-assembleia-de-prestac-o-de-contas-de-2014-e-previs-o-orcamentaria-para-2016\/","url":"https:\/\/www.sinpro-rio.org.br\/principal\/sinpro-rio-realiza-assembleia-de-prestac-o-de-contas-de-2014-e-previs-o-orcamentaria-para-2016\/","name":"Sinpro-Rio realiza assembleia de Presta\u00e7\u00e3o de Contas de 2014 e Previs\u00e3o Or\u00e7ament\u00e1ria para 2016 - Sinpro-Rio","isPartOf":{"@id":"https:\/\/www.sinpro-rio.org.br\/principal\/#website"},"primaryImageOfPage":{"@id":"https:\/\/www.sinpro-rio.org.br\/principal\/sinpro-rio-realiza-assembleia-de-prestac-o-de-contas-de-2014-e-previs-o-orcamentaria-para-2016\/#primaryimage"},"image":{"@id":"https:\/\/www.sinpro-rio.org.br\/principal\/sinpro-rio-realiza-assembleia-de-prestac-o-de-contas-de-2014-e-previs-o-orcamentaria-para-2016\/#primaryimage"},"thumbnailUrl":"http:\/\/www.sinprorio.pro.br\/site_antigo\/imagens\/noticia\/2015\/assembleia1611.JPG","datePublished":"2015-11-17T00:00:00+00:00","author":{"@id":"https:\/\/www.sinpro-rio.org.br\/principal\/#\/schema\/person\/49feb585a2f57a31a6bd9f16f78e5be6"},"breadcrumb":{"@id":"https:\/\/www.sinpro-rio.org.br\/principal\/sinpro-rio-realiza-assembleia-de-prestac-o-de-contas-de-2014-e-previs-o-orcamentaria-para-2016\/#breadcrumb"},"inLanguage":"pt-BR","potentialAction":[{"@type":"ReadAction","target":["https:\/\/www.sinpro-rio.org.br\/principal\/sinpro-rio-realiza-assembleia-de-prestac-o-de-contas-de-2014-e-previs-o-orcamentaria-para-2016\/"]}]},{"@type":"ImageObject","inLanguage":"pt-BR","@id":"https:\/\/www.sinpro-rio.org.br\/principal\/sinpro-rio-realiza-assembleia-de-prestac-o-de-contas-de-2014-e-previs-o-orcamentaria-para-2016\/#primaryimage","url":"http:\/\/www.sinprorio.pro.br\/site_antigo\/imagens\/noticia\/2015\/assembleia1611.JPG","contentUrl":"http:\/\/www.sinprorio.pro.br\/site_antigo\/imagens\/noticia\/2015\/assembleia1611.JPG"},{"@type":"BreadcrumbList","@id":"https:\/\/www.sinpro-rio.org.br\/principal\/sinpro-rio-realiza-assembleia-de-prestac-o-de-contas-de-2014-e-previs-o-orcamentaria-para-2016\/#breadcrumb","itemListElement":[{"@type":"ListItem","position":1,"name":"In\u00edcio","item":"https:\/\/www.sinpro-rio.org.br\/principal\/"},{"@type":"ListItem","position":2,"name":"Sinpro-Rio realiza assembleia de Presta\u00e7\u00e3o de Contas de 2014 e Previs\u00e3o Or\u00e7ament\u00e1ria para 2016"}]},{"@type":"WebSite","@id":"https:\/\/www.sinpro-rio.org.br\/principal\/#website","url":"https:\/\/www.sinpro-rio.org.br\/principal\/","name":"Sinpro-Rio","description":"Sindicato dos Professores do Munic\u00edpio do Rio de Janeiro e Regi\u00e3o","potentialAction":[{"@type":"SearchAction","target":{"@type":"EntryPoint","urlTemplate":"https:\/\/www.sinpro-rio.org.br\/principal\/?s={search_term_string}"},"query-input":{"@type":"PropertyValueSpecification","valueRequired":true,"valueName":"search_term_string"}}],"inLanguage":"pt-BR"},{"@type":"Person","@id":"https:\/\/www.sinpro-rio.org.br\/principal\/#\/schema\/person\/49feb585a2f57a31a6bd9f16f78e5be6","name":"rafaelrjp","image":{"@type":"ImageObject","inLanguage":"pt-BR","@id":"https:\/\/www.sinpro-rio.org.br\/principal\/#\/schema\/person\/image\/","url":"https:\/\/secure.gravatar.com\/avatar\/489371a0ba4655c340b519882c68cf68?s=96&d=mm&r=g","contentUrl":"https:\/\/secure.gravatar.com\/avatar\/489371a0ba4655c340b519882c68cf68?s=96&d=mm&r=g","caption":"rafaelrjp"},"url":"https:\/\/www.sinpro-rio.org.br\/principal\/author\/rafaelrjp\/"}]}},"_links":{"self":[{"href":"https:\/\/www.sinpro-rio.org.br\/principal\/wp-json\/wp\/v2\/posts\/19951","targetHints":{"allow":["GET"]}}],"collection":[{"href":"https:\/\/www.sinpro-rio.org.br\/principal\/wp-json\/wp\/v2\/posts"}],"about":[{"href":"https:\/\/www.sinpro-rio.org.br\/principal\/wp-json\/wp\/v2\/types\/post"}],"author":[{"embeddable":true,"href":"https:\/\/www.sinpro-rio.org.br\/principal\/wp-json\/wp\/v2\/users\/1"}],"replies":[{"embeddable":true,"href":"https:\/\/www.sinpro-rio.org.br\/principal\/wp-json\/wp\/v2\/comments?post=19951"}],"version-history":[{"count":0,"href":"https:\/\/www.sinpro-rio.org.br\/principal\/wp-json\/wp\/v2\/posts\/19951\/revisions"}],"wp:attachment":[{"href":"https:\/\/www.sinpro-rio.org.br\/principal\/wp-json\/wp\/v2\/media?parent=19951"}],"wp:term":[{"taxonomy":"category","embeddable":true,"href":"https:\/\/www.sinpro-rio.org.br\/principal\/wp-json\/wp\/v2\/categories?post=19951"},{"taxonomy":"post_tag","embeddable":true,"href":"https:\/\/www.sinpro-rio.org.br\/principal\/wp-json\/wp\/v2\/tags?post=19951"}],"curies":[{"name":"wp","href":"https:\/\/api.w.org\/{rel}","templated":true}]}}