{"id":19949,"date":"2015-11-26T00:00:00","date_gmt":"2015-11-26T00:00:00","guid":{"rendered":""},"modified":"-0001-11-30T00:00:00","modified_gmt":"-0001-11-30T03:00:00","slug":"ieic-herdeiros-imp-em-golpe-fatal-aos-professores","status":"publish","type":"post","link":"https:\/\/www.sinpro-rio.org.br\/principal\/ieic-herdeiros-imp-em-golpe-fatal-aos-professores\/","title":{"rendered":"IEIC: Herdeiros imp\u00f5em golpe fatal aos professores"},"content":{"rendered":"\n<p>\n <em><br \/>\n  26\/11\/2015<br \/>\n <\/em>\n<\/p>\n<p>\n O cinquenten\u00e1rio Instituto Educacional Imaculada Concei\u00e7\u00e3o (IEIC) foi fechado nesta quarta-feira, dia 25 de novembro, pela ju\u00edza Marisa Sim\u00f5es Mattos Passos, por falta de acordo entre os herdeiros, senhores Cristiane e Carlos Eduardo.<\/p>\n<p>\n  O instituto vinha sendo siteistrado judicialmente, h\u00e1 um ano, pelo senhor Felipe Campelo e um excelente grupo de coordenadores e, principalmente,  um corpo docente que se mostrou dedicado tanto \u00e0 luta por seus direitos quanto \u00e0 reconstru\u00e7\u00e3o pedag\u00f3gica e resgate da credibilidade do IEIC.<\/p>\n<p>\n   Entendemos que essa decis\u00e3o \u2013 que caiu como uma bomba sobre as pretens\u00f5es dos professores e equipe pedag\u00f3gica, para 2016 \u2013 n\u00e3o levou em considera\u00e7\u00e3o o esfor\u00e7o de todos para recuperar os alunos, perdidos em 2014, e o importante papel social dos projetos da institui\u00e7\u00e3o na forma\u00e7\u00e3o e encaminhamento de quase dois mil jovens e crian\u00e7as das comunidades de Maria da Gra\u00e7a e Higien\u00f3polis. Isso sem mencionar o fato de se botar quase duzentos profissionais de educa\u00e7\u00e3o na lista de desempregados, num momento em que a crise mundial atinge, em cheio, o nosso pa\u00eds.<\/p>\n<p>\n    Esperamos, contudo, que os senhores herdeiros \u2013 que n\u00e3o parecem preocupados com as fam\u00edlias que sofrem com esse processo de disputa e \u00f3dio \u2013 estejam, pelo menos, sens\u00edveis \u00e0 situa\u00e7\u00e3o de quase dois mil alunos que estar\u00e3o sem escola a partir do m\u00eas de dezembro, quando j\u00e1 estar\u00e3o fechadas as matr\u00edculas nas Escolas P\u00fablicas e quando n\u00e3o haver\u00e1 mais vagas nas poucas escolas privadas da regi\u00e3o.\n   <\/p>\n<\/p>\n<\/p>\n<p>\n O instituto vinha sendo siteistrado judicialmente, h\u00e1 um ano, pelo senhor Felipe Campelo e um excelente grupo de coordenadores e, principalmente,  um corpo docente que se mostrou dedicado tanto \u00e0 luta por seus direitos quanto \u00e0 reconstru\u00e7\u00e3o pedag\u00f3gica e resgate da credibilidade do IEIC.<\/p>\n<p>\n  Entendemos que essa decis\u00e3o \u2013 que caiu como uma bomba sobre as pretens\u00f5es dos professores e equipe pedag\u00f3gica, para 2016 \u2013 n\u00e3o levou em considera\u00e7\u00e3o o esfor\u00e7o de todos para recuperar os alunos, perdidos em 2014, e o importante papel social dos projetos da institui\u00e7\u00e3o na forma\u00e7\u00e3o e encaminhamento de quase dois mil jovens e crian\u00e7as das comunidades de Maria da Gra\u00e7a e Higien\u00f3polis. Isso sem mencionar o fato de se botar quase duzentos profissionais de educa\u00e7\u00e3o na lista de desempregados, num momento em que a crise mundial atinge, em cheio, o nosso pa\u00eds.<\/p>\n<p>\n   Esperamos, contudo, que os senhores herdeiros \u2013 que n\u00e3o parecem preocupados com as fam\u00edlias que sofrem com esse processo de disputa e \u00f3dio \u2013 estejam, pelo menos, sens\u00edveis \u00e0 situa\u00e7\u00e3o de quase dois mil alunos que estar\u00e3o sem escola a partir do m\u00eas de dezembro, quando j\u00e1 estar\u00e3o fechadas as matr\u00edculas nas Escolas P\u00fablicas e quando n\u00e3o haver\u00e1 mais vagas nas poucas escolas privadas da regi\u00e3o.\n  <\/p>\n<\/p>\n<p>\n Entendemos que essa decis\u00e3o \u2013 que caiu como uma bomba sobre as pretens\u00f5es dos professores e equipe pedag\u00f3gica, para 2016 \u2013 n\u00e3o levou em considera\u00e7\u00e3o o esfor\u00e7o de todos para recuperar os alunos, perdidos em 2014, e o importante papel social dos projetos da institui\u00e7\u00e3o na forma\u00e7\u00e3o e encaminhamento de quase dois mil jovens e crian\u00e7as das comunidades de Maria da Gra\u00e7a e Higien\u00f3polis. Isso sem mencionar o fato de se botar quase duzentos profissionais de educa\u00e7\u00e3o na lista de desempregados, num momento em que a crise mundial atinge, em cheio, o nosso pa\u00eds.<\/p>\n<p>\n  Esperamos, contudo, que os senhores herdeiros \u2013 que n\u00e3o parecem preocupados com as fam\u00edlias que sofrem com esse processo de disputa e \u00f3dio \u2013 estejam, pelo menos, sens\u00edveis \u00e0 situa\u00e7\u00e3o de quase dois mil alunos que estar\u00e3o sem escola a partir do m\u00eas de dezembro, quando j\u00e1 estar\u00e3o fechadas as matr\u00edculas nas Escolas P\u00fablicas e quando n\u00e3o haver\u00e1 mais vagas nas poucas escolas privadas da regi\u00e3o.\n <\/p>\n<\/p>\n<p>\n Esperamos, contudo, que os senhores herdeiros \u2013 que n\u00e3o parecem preocupados com as fam\u00edlias que sofrem com esse processo de disputa e \u00f3dio \u2013 estejam, pelo menos, sens\u00edveis \u00e0 situa\u00e7\u00e3o de quase dois mil alunos que estar\u00e3o sem escola a partir do m\u00eas de dezembro, quando j\u00e1 estar\u00e3o fechadas as matr\u00edculas nas Escolas P\u00fablicas e quando n\u00e3o haver\u00e1 mais vagas nas poucas escolas privadas da regi\u00e3o.<\/p>\n","protected":false},"excerpt":{"rendered":"<p>26\/11\/2015 O cinquenten\u00e1rio Instituto Educacional Imaculada Concei\u00e7\u00e3o (IEIC) foi fechado nesta quarta-feira, dia 25 de novembro, pela ju\u00edza Marisa Sim\u00f5es Mattos Passos, por falta de acordo entre os herdeiros, senhores Cristiane e Carlos Eduardo. O instituto vinha sendo siteistrado judicialmente, h\u00e1 um ano, pelo senhor Felipe Campelo e um excelente grupo de coordenadores e, principalmente, [&hellip;]<\/p>\n","protected":false},"author":1,"featured_media":0,"comment_status":"closed","ping_status":"open","sticky":false,"template":"","format":"standard","meta":{"footnotes":""},"categories":[1],"tags":[],"class_list":["post-19949","post","type-post","status-publish","format-standard","hentry","category-noticias"],"yoast_head":"<!-- This site is optimized with the Yoast SEO plugin v25.7 - https:\/\/yoast.com\/wordpress\/plugins\/seo\/ -->\n<title>IEIC: Herdeiros imp\u00f5em golpe fatal aos professores - Sinpro-Rio<\/title>\n<meta name=\"robots\" content=\"index, follow, max-snippet:-1, max-image-preview:large, max-video-preview:-1\" \/>\n<link rel=\"canonical\" href=\"https:\/\/www.sinpro-rio.org.br\/principal\/ieic-herdeiros-imp-em-golpe-fatal-aos-professores\/\" \/>\n<meta property=\"og:locale\" content=\"pt_BR\" \/>\n<meta property=\"og:type\" content=\"article\" \/>\n<meta property=\"og:title\" content=\"IEIC: Herdeiros imp\u00f5em golpe fatal aos professores - Sinpro-Rio\" \/>\n<meta property=\"og:description\" content=\"26\/11\/2015 O cinquenten\u00e1rio Instituto Educacional Imaculada Concei\u00e7\u00e3o (IEIC) foi fechado nesta quarta-feira, dia 25 de novembro, pela ju\u00edza Marisa Sim\u00f5es Mattos Passos, por falta de acordo entre os herdeiros, senhores Cristiane e Carlos Eduardo. O instituto vinha sendo siteistrado judicialmente, h\u00e1 um ano, pelo senhor Felipe Campelo e um excelente grupo de coordenadores e, principalmente, [&hellip;]\" \/>\n<meta property=\"og:url\" content=\"https:\/\/www.sinpro-rio.org.br\/principal\/ieic-herdeiros-imp-em-golpe-fatal-aos-professores\/\" \/>\n<meta property=\"og:site_name\" content=\"Sinpro-Rio\" \/>\n<meta property=\"article:published_time\" content=\"2015-11-26T00:00:00+00:00\" \/>\n<meta name=\"author\" content=\"rafaelrjp\" \/>\n<meta name=\"twitter:card\" content=\"summary_large_image\" \/>\n<meta name=\"twitter:label1\" content=\"Escrito por\" \/>\n\t<meta name=\"twitter:data1\" content=\"rafaelrjp\" \/>\n\t<meta name=\"twitter:label2\" content=\"Est. tempo de leitura\" \/>\n\t<meta name=\"twitter:data2\" content=\"4 minutos\" \/>\n<script type=\"application\/ld+json\" class=\"yoast-schema-graph\">{\"@context\":\"https:\/\/schema.org\",\"@graph\":[{\"@type\":\"WebPage\",\"@id\":\"https:\/\/www.sinpro-rio.org.br\/principal\/ieic-herdeiros-imp-em-golpe-fatal-aos-professores\/\",\"url\":\"https:\/\/www.sinpro-rio.org.br\/principal\/ieic-herdeiros-imp-em-golpe-fatal-aos-professores\/\",\"name\":\"IEIC: Herdeiros imp\u00f5em golpe fatal aos professores - Sinpro-Rio\",\"isPartOf\":{\"@id\":\"https:\/\/www.sinpro-rio.org.br\/principal\/#website\"},\"datePublished\":\"2015-11-26T00:00:00+00:00\",\"author\":{\"@id\":\"https:\/\/www.sinpro-rio.org.br\/principal\/#\/schema\/person\/49feb585a2f57a31a6bd9f16f78e5be6\"},\"breadcrumb\":{\"@id\":\"https:\/\/www.sinpro-rio.org.br\/principal\/ieic-herdeiros-imp-em-golpe-fatal-aos-professores\/#breadcrumb\"},\"inLanguage\":\"pt-BR\",\"potentialAction\":[{\"@type\":\"ReadAction\",\"target\":[\"https:\/\/www.sinpro-rio.org.br\/principal\/ieic-herdeiros-imp-em-golpe-fatal-aos-professores\/\"]}]},{\"@type\":\"BreadcrumbList\",\"@id\":\"https:\/\/www.sinpro-rio.org.br\/principal\/ieic-herdeiros-imp-em-golpe-fatal-aos-professores\/#breadcrumb\",\"itemListElement\":[{\"@type\":\"ListItem\",\"position\":1,\"name\":\"In\u00edcio\",\"item\":\"https:\/\/www.sinpro-rio.org.br\/principal\/\"},{\"@type\":\"ListItem\",\"position\":2,\"name\":\"IEIC: Herdeiros imp\u00f5em golpe fatal aos professores\"}]},{\"@type\":\"WebSite\",\"@id\":\"https:\/\/www.sinpro-rio.org.br\/principal\/#website\",\"url\":\"https:\/\/www.sinpro-rio.org.br\/principal\/\",\"name\":\"Sinpro-Rio\",\"description\":\"Sindicato dos Professores do Munic\u00edpio do Rio de Janeiro e Regi\u00e3o\",\"potentialAction\":[{\"@type\":\"SearchAction\",\"target\":{\"@type\":\"EntryPoint\",\"urlTemplate\":\"https:\/\/www.sinpro-rio.org.br\/principal\/?s={search_term_string}\"},\"query-input\":{\"@type\":\"PropertyValueSpecification\",\"valueRequired\":true,\"valueName\":\"search_term_string\"}}],\"inLanguage\":\"pt-BR\"},{\"@type\":\"Person\",\"@id\":\"https:\/\/www.sinpro-rio.org.br\/principal\/#\/schema\/person\/49feb585a2f57a31a6bd9f16f78e5be6\",\"name\":\"rafaelrjp\",\"image\":{\"@type\":\"ImageObject\",\"inLanguage\":\"pt-BR\",\"@id\":\"https:\/\/www.sinpro-rio.org.br\/principal\/#\/schema\/person\/image\/\",\"url\":\"https:\/\/secure.gravatar.com\/avatar\/489371a0ba4655c340b519882c68cf68?s=96&d=mm&r=g\",\"contentUrl\":\"https:\/\/secure.gravatar.com\/avatar\/489371a0ba4655c340b519882c68cf68?s=96&d=mm&r=g\",\"caption\":\"rafaelrjp\"},\"url\":\"https:\/\/www.sinpro-rio.org.br\/principal\/author\/rafaelrjp\/\"}]}<\/script>\n<!-- \/ Yoast SEO plugin. -->","yoast_head_json":{"title":"IEIC: Herdeiros imp\u00f5em golpe fatal aos professores - Sinpro-Rio","robots":{"index":"index","follow":"follow","max-snippet":"max-snippet:-1","max-image-preview":"max-image-preview:large","max-video-preview":"max-video-preview:-1"},"canonical":"https:\/\/www.sinpro-rio.org.br\/principal\/ieic-herdeiros-imp-em-golpe-fatal-aos-professores\/","og_locale":"pt_BR","og_type":"article","og_title":"IEIC: Herdeiros imp\u00f5em golpe fatal aos professores - Sinpro-Rio","og_description":"26\/11\/2015 O cinquenten\u00e1rio Instituto Educacional Imaculada Concei\u00e7\u00e3o (IEIC) foi fechado nesta quarta-feira, dia 25 de novembro, pela ju\u00edza Marisa Sim\u00f5es Mattos Passos, por falta de acordo entre os herdeiros, senhores Cristiane e Carlos Eduardo. O instituto vinha sendo siteistrado judicialmente, h\u00e1 um ano, pelo senhor Felipe Campelo e um excelente grupo de coordenadores e, principalmente, [&hellip;]","og_url":"https:\/\/www.sinpro-rio.org.br\/principal\/ieic-herdeiros-imp-em-golpe-fatal-aos-professores\/","og_site_name":"Sinpro-Rio","article_published_time":"2015-11-26T00:00:00+00:00","author":"rafaelrjp","twitter_card":"summary_large_image","twitter_misc":{"Escrito por":"rafaelrjp","Est. tempo de leitura":"4 minutos"},"schema":{"@context":"https:\/\/schema.org","@graph":[{"@type":"WebPage","@id":"https:\/\/www.sinpro-rio.org.br\/principal\/ieic-herdeiros-imp-em-golpe-fatal-aos-professores\/","url":"https:\/\/www.sinpro-rio.org.br\/principal\/ieic-herdeiros-imp-em-golpe-fatal-aos-professores\/","name":"IEIC: Herdeiros imp\u00f5em golpe fatal aos professores - Sinpro-Rio","isPartOf":{"@id":"https:\/\/www.sinpro-rio.org.br\/principal\/#website"},"datePublished":"2015-11-26T00:00:00+00:00","author":{"@id":"https:\/\/www.sinpro-rio.org.br\/principal\/#\/schema\/person\/49feb585a2f57a31a6bd9f16f78e5be6"},"breadcrumb":{"@id":"https:\/\/www.sinpro-rio.org.br\/principal\/ieic-herdeiros-imp-em-golpe-fatal-aos-professores\/#breadcrumb"},"inLanguage":"pt-BR","potentialAction":[{"@type":"ReadAction","target":["https:\/\/www.sinpro-rio.org.br\/principal\/ieic-herdeiros-imp-em-golpe-fatal-aos-professores\/"]}]},{"@type":"BreadcrumbList","@id":"https:\/\/www.sinpro-rio.org.br\/principal\/ieic-herdeiros-imp-em-golpe-fatal-aos-professores\/#breadcrumb","itemListElement":[{"@type":"ListItem","position":1,"name":"In\u00edcio","item":"https:\/\/www.sinpro-rio.org.br\/principal\/"},{"@type":"ListItem","position":2,"name":"IEIC: Herdeiros imp\u00f5em golpe fatal aos professores"}]},{"@type":"WebSite","@id":"https:\/\/www.sinpro-rio.org.br\/principal\/#website","url":"https:\/\/www.sinpro-rio.org.br\/principal\/","name":"Sinpro-Rio","description":"Sindicato dos Professores do Munic\u00edpio do Rio de Janeiro e Regi\u00e3o","potentialAction":[{"@type":"SearchAction","target":{"@type":"EntryPoint","urlTemplate":"https:\/\/www.sinpro-rio.org.br\/principal\/?s={search_term_string}"},"query-input":{"@type":"PropertyValueSpecification","valueRequired":true,"valueName":"search_term_string"}}],"inLanguage":"pt-BR"},{"@type":"Person","@id":"https:\/\/www.sinpro-rio.org.br\/principal\/#\/schema\/person\/49feb585a2f57a31a6bd9f16f78e5be6","name":"rafaelrjp","image":{"@type":"ImageObject","inLanguage":"pt-BR","@id":"https:\/\/www.sinpro-rio.org.br\/principal\/#\/schema\/person\/image\/","url":"https:\/\/secure.gravatar.com\/avatar\/489371a0ba4655c340b519882c68cf68?s=96&d=mm&r=g","contentUrl":"https:\/\/secure.gravatar.com\/avatar\/489371a0ba4655c340b519882c68cf68?s=96&d=mm&r=g","caption":"rafaelrjp"},"url":"https:\/\/www.sinpro-rio.org.br\/principal\/author\/rafaelrjp\/"}]}},"_links":{"self":[{"href":"https:\/\/www.sinpro-rio.org.br\/principal\/wp-json\/wp\/v2\/posts\/19949","targetHints":{"allow":["GET"]}}],"collection":[{"href":"https:\/\/www.sinpro-rio.org.br\/principal\/wp-json\/wp\/v2\/posts"}],"about":[{"href":"https:\/\/www.sinpro-rio.org.br\/principal\/wp-json\/wp\/v2\/types\/post"}],"author":[{"embeddable":true,"href":"https:\/\/www.sinpro-rio.org.br\/principal\/wp-json\/wp\/v2\/users\/1"}],"replies":[{"embeddable":true,"href":"https:\/\/www.sinpro-rio.org.br\/principal\/wp-json\/wp\/v2\/comments?post=19949"}],"version-history":[{"count":0,"href":"https:\/\/www.sinpro-rio.org.br\/principal\/wp-json\/wp\/v2\/posts\/19949\/revisions"}],"wp:attachment":[{"href":"https:\/\/www.sinpro-rio.org.br\/principal\/wp-json\/wp\/v2\/media?parent=19949"}],"wp:term":[{"taxonomy":"category","embeddable":true,"href":"https:\/\/www.sinpro-rio.org.br\/principal\/wp-json\/wp\/v2\/categories?post=19949"},{"taxonomy":"post_tag","embeddable":true,"href":"https:\/\/www.sinpro-rio.org.br\/principal\/wp-json\/wp\/v2\/tags?post=19949"}],"curies":[{"name":"wp","href":"https:\/\/api.w.org\/{rel}","templated":true}]}}