{"id":19948,"date":"2015-11-27T00:00:00","date_gmt":"2015-11-27T00:00:00","guid":{"rendered":""},"modified":"-0001-11-30T00:00:00","modified_gmt":"-0001-11-30T03:00:00","slug":"sinpro-rio-realiza-homenagem-aos-mestres","status":"publish","type":"post","link":"https:\/\/www.sinpro-rio.org.br\/principal\/sinpro-rio-realiza-homenagem-aos-mestres\/","title":{"rendered":"Sinpro-Rio realiza \u201cHomenagem aos Mestres\u201d"},"content":{"rendered":"\n<p>\n <em><br \/>\n  27\/11\/2015<br \/>\n <\/em>\n<\/p>\n<p>\n <img decoding=\"async\" align=\"right\" alt=\"foto\" src=\"http:\/\/www.sinprorio.pro.br\/site_antigo\/imagens\/noticia\/2015\/homenagem2611.JPG\" width=\"400\"\/>\n<\/p>\n<p>\n Na noite do dia 26 de novembro, a Diretoria do Sinpro-Rio ofereceu a \u201cHomenagem aos Mestres\u201d. A solenidade teve in\u00edcio com a apresenta\u00e7\u00e3o do violinista Otavio Lima de Oliveira, que emocionou os presentes.<\/p>\n<p>\n  Com a homenagem, o Sindicato resgata a mem\u00f3ria de luta dos educadores que contribu\u00edram, na milit\u00e2ncia pol\u00edtica ou dentro das salas de aula, para uma Educa\u00e7\u00e3o transformadora. Foram homenageados os professores e professoras H\u00e9lio Alberto de Moraes, Jos\u00e9 Livieto de Medeiros, Luiza Miriam Ribeiro Martins, Regina Maria Alves de Carvalho, Severo de Paoli e Valdir Elizardo da Silva.<\/p>\n<p>\n   Na placa de homenagem, a inscri\u00e7\u00e3o de Bertold Brecht: &#8220;H\u00e1 homens que lutam um dia e s\u00e3o bons, h\u00e1 outros que lutam um ano e s\u00e3o melhores, h\u00e1 os que lutam muitos anos e s\u00e3o muito bons. Mas h\u00e1 os que lutam toda a vida e estes s\u00e3o imprescind\u00edveis\u201d.<\/p>\n<p>\n    O primeiro homenageado foi o professor de Hist\u00f3ria H\u00e9lio Alberto de Moraes, que recebeu a placa das m\u00e3os de Roberto Zaremba Bezerra e agradeceu \u201cEsse \u00e9 um momento de grande felicidade e emo\u00e7\u00e3o. Gostaria que todos os professores pudessem passar por este momento de alegria, mas tenho orgulho em dizer que esta \u00e9 uma festa de todos os professores.\u201d<\/p>\n<p>\n     Seguindo as homenagens, a professora de Portugu\u00eas Regina Maria Alves de Carvalho recebeu sua placa das m\u00e3os de Gabriel Ribeiro e disse \u201cA sala de aula, para mim,  ainda \u00e9 um ambiente de prazer, al\u00e9m de ser um ambiente f\u00e9rtil [&#8230;] agrade\u00e7o a homenagem, me emociona bastante.\u201d<\/p>\n<p>\n      Na sequ\u00eancia, foi a vez de Edson Bas\u00edlio da Silva entregar a placa ao professor de Biologia Severo de Paoli falou \u201cA gente \u00e9 o que \u00e9 por termos pessoas que nos fazem grande. Ningu\u00e9m \u00e9 grande sozinho. Ser professor \u00e9 o meu papel, \u00e9 ali que me realizo. Obrigado por tudo. Vamos em frente!\u201d<\/p>\n<p>\n       O professor de Educa\u00e7\u00e3o F\u00edsica Valdir Elizardo da Silva recebeu sua homenagem de Eneida Freira e agradeceu \u201cSou profissional de Educa\u00e7\u00e3o F\u00edsica sim, mas acima de tudo, sou educador e eu aprendi com todos voc\u00eas que est\u00e3o aqui. Eu sempre acho que poderia ter feito muito mais. Muito obrigado por esta noite senhores.\u201d<\/p>\n<p>\n        Finalizando, Lucia Naegeli fez uma apresenta\u00e7\u00e3o sobre a vida do professor de Qu\u00edmica e ex-diretor do Sinpro-Rio, Jos\u00e9 Livieto de Meideiros, que encerrou a noite com as seguintes palavras: \u201cAgrade\u00e7o primeiro a Diretoria por recriar este espa\u00e7o. Entendo esta solenidade como um vincula do Sindicato com a categoria. Agrade\u00e7o muit\u00edssimo aos presentes por este \u201cmimo\u201d aos companheiros homenageados e a mim [&#8230;]. N\u00e3o gosto de falar de mim, mas acho que uma coisa s\u00f3 resume minha personalidade: eu sou um fazedor de amigos. Toda minha vida foi neste sentido. [&#8230;] Estando em um sindicato temos que falar de pol\u00edtica mas como falar de pol\u00edtica neste momento? H\u00e1 uma aus\u00eancia de vontade de falar de pol\u00edtica. Mas chegar aqui e n\u00e3o dizer nada n\u00e3o \u00e9 poss\u00edvel. A situa\u00e7\u00e3o est\u00e1 complicada mas \u00e9 preciso defender o certo, a democracia, a honestidade, a \u00e9tica e todos os princ\u00edpios&#8230; \u00e9 o que sabemos fazer e temos obriga\u00e7\u00e3o.\u201d<\/p>\n<p>\n         Infelizmente a homenageada Luiza Miriam Ribeiro Martins n\u00e3o p\u00f4de comparecer \u00e0 solenidade por ter se acidentado na v\u00e9spera do evento. Sua placa foi guardada para que, assim que se recupere, possa receber sua devida homenagem.<\/p>\n<p>\n          Para ver as fotos da Homenagem aos Mestres, clique<br \/>\n          <a href=\"https:\/\/www.facebook.com\/media\/set\/?set=a.1149680085060790.1073741869.298247816870692&amp;type=3&amp;uploaded=42\"><br \/>\n           aqui<br \/>\n          <\/a><br \/>\n          .<\/p>\n<p>\n           [A mensagem original inteira n\u00e3o est\u00e1 inclu\u00edda.]\n          <\/p>\n<\/p>\n<\/p>\n<\/p>\n<\/p>\n<\/p>\n<p>\n Com a homenagem, o Sindicato resgata a mem\u00f3ria de luta dos educadores que contribu\u00edram, na milit\u00e2ncia pol\u00edtica ou dentro das salas de aula, para uma Educa\u00e7\u00e3o transformadora. Foram homenageados os professores e professoras H\u00e9lio Alberto de Moraes, Jos\u00e9 Livieto de Medeiros, Luiza Miriam Ribeiro Martins, Regina Maria Alves de Carvalho, Severo de Paoli e Valdir Elizardo da Silva.<\/p>\n<p>\n  Na placa de homenagem, a inscri\u00e7\u00e3o de Bertold Brecht: &#8220;H\u00e1 homens que lutam um dia e s\u00e3o bons, h\u00e1 outros que lutam um ano e s\u00e3o melhores, h\u00e1 os que lutam muitos anos e s\u00e3o muito bons. Mas h\u00e1 os que lutam toda a vida e estes s\u00e3o imprescind\u00edveis\u201d.<\/p>\n<p>\n   O primeiro homenageado foi o professor de Hist\u00f3ria H\u00e9lio Alberto de Moraes, que recebeu a placa das m\u00e3os de Roberto Zaremba Bezerra e agradeceu \u201cEsse \u00e9 um momento de grande felicidade e emo\u00e7\u00e3o. Gostaria que todos os professores pudessem passar por este momento de alegria, mas tenho orgulho em dizer que esta \u00e9 uma festa de todos os professores.\u201d<\/p>\n<p>\n    Seguindo as homenagens, a professora de Portugu\u00eas Regina Maria Alves de Carvalho recebeu sua placa das m\u00e3os de Gabriel Ribeiro e disse \u201cA sala de aula, para mim,  ainda \u00e9 um ambiente de prazer, al\u00e9m de ser um ambiente f\u00e9rtil [&#8230;] agrade\u00e7o a homenagem, me emociona bastante.\u201d<\/p>\n<p>\n     Na sequ\u00eancia, foi a vez de Edson Bas\u00edlio da Silva entregar a placa ao professor de Biologia Severo de Paoli falou \u201cA gente \u00e9 o que \u00e9 por termos pessoas que nos fazem grande. Ningu\u00e9m \u00e9 grande sozinho. Ser professor \u00e9 o meu papel, \u00e9 ali que me realizo. Obrigado por tudo. Vamos em frente!\u201d<\/p>\n<p>\n      O professor de Educa\u00e7\u00e3o F\u00edsica Valdir Elizardo da Silva recebeu sua homenagem de Eneida Freira e agradeceu \u201cSou profissional de Educa\u00e7\u00e3o F\u00edsica sim, mas acima de tudo, sou educador e eu aprendi com todos voc\u00eas que est\u00e3o aqui. Eu sempre acho que poderia ter feito muito mais. Muito obrigado por esta noite senhores.\u201d<\/p>\n<p>\n       Finalizando, Lucia Naegeli fez uma apresenta\u00e7\u00e3o sobre a vida do professor de Qu\u00edmica e ex-diretor do Sinpro-Rio, Jos\u00e9 Livieto de Meideiros, que encerrou a noite com as seguintes palavras: \u201cAgrade\u00e7o primeiro a Diretoria por recriar este espa\u00e7o. Entendo esta solenidade como um vincula do Sindicato com a categoria. Agrade\u00e7o muit\u00edssimo aos presentes por este \u201cmimo\u201d aos companheiros homenageados e a mim [&#8230;]. N\u00e3o gosto de falar de mim, mas acho que uma coisa s\u00f3 resume minha personalidade: eu sou um fazedor de amigos. Toda minha vida foi neste sentido. [&#8230;] Estando em um sindicato temos que falar de pol\u00edtica mas como falar de pol\u00edtica neste momento? H\u00e1 uma aus\u00eancia de vontade de falar de pol\u00edtica. Mas chegar aqui e n\u00e3o dizer nada n\u00e3o \u00e9 poss\u00edvel. A situa\u00e7\u00e3o est\u00e1 complicada mas \u00e9 preciso defender o certo, a democracia, a honestidade, a \u00e9tica e todos os princ\u00edpios&#8230; \u00e9 o que sabemos fazer e temos obriga\u00e7\u00e3o.\u201d<\/p>\n<p>\n        Infelizmente a homenageada Luiza Miriam Ribeiro Martins n\u00e3o p\u00f4de comparecer \u00e0 solenidade por ter se acidentado na v\u00e9spera do evento. Sua placa foi guardada para que, assim que se recupere, possa receber sua devida homenagem.<\/p>\n<p>\n         Para ver as fotos da Homenagem aos Mestres, clique<br \/>\n         <a href=\"https:\/\/www.facebook.com\/media\/set\/?set=a.1149680085060790.1073741869.298247816870692&amp;type=3&amp;uploaded=42\"><br \/>\n          aqui<br \/>\n         <\/a><br \/>\n         .<\/p>\n<p>\n          [A mensagem original inteira n\u00e3o est\u00e1 inclu\u00edda.]\n         <\/p>\n<\/p>\n<\/p>\n<\/p>\n<\/p>\n<\/p>\n<p>\n Na placa de homenagem, a inscri\u00e7\u00e3o de Bertold Brecht: &#8220;H\u00e1 homens que lutam um dia e s\u00e3o bons, h\u00e1 outros que lutam um ano e s\u00e3o melhores, h\u00e1 os que lutam muitos anos e s\u00e3o muito bons. Mas h\u00e1 os que lutam toda a vida e estes s\u00e3o imprescind\u00edveis\u201d.<\/p>\n<p>\n  O primeiro homenageado foi o professor de Hist\u00f3ria H\u00e9lio Alberto de Moraes, que recebeu a placa das m\u00e3os de Roberto Zaremba Bezerra e agradeceu \u201cEsse \u00e9 um momento de grande felicidade e emo\u00e7\u00e3o. Gostaria que todos os professores pudessem passar por este momento de alegria, mas tenho orgulho em dizer que esta \u00e9 uma festa de todos os professores.\u201d<\/p>\n<p>\n   Seguindo as homenagens, a professora de Portugu\u00eas Regina Maria Alves de Carvalho recebeu sua placa das m\u00e3os de Gabriel Ribeiro e disse \u201cA sala de aula, para mim,  ainda \u00e9 um ambiente de prazer, al\u00e9m de ser um ambiente f\u00e9rtil [&#8230;] agrade\u00e7o a homenagem, me emociona bastante.\u201d<\/p>\n<p>\n    Na sequ\u00eancia, foi a vez de Edson Bas\u00edlio da Silva entregar a placa ao professor de Biologia Severo de Paoli falou \u201cA gente \u00e9 o que \u00e9 por termos pessoas que nos fazem grande. Ningu\u00e9m \u00e9 grande sozinho. Ser professor \u00e9 o meu papel, \u00e9 ali que me realizo. Obrigado por tudo. Vamos em frente!\u201d<\/p>\n<p>\n     O professor de Educa\u00e7\u00e3o F\u00edsica Valdir Elizardo da Silva recebeu sua homenagem de Eneida Freira e agradeceu \u201cSou profissional de Educa\u00e7\u00e3o F\u00edsica sim, mas acima de tudo, sou educador e eu aprendi com todos voc\u00eas que est\u00e3o aqui. Eu sempre acho que poderia ter feito muito mais. Muito obrigado por esta noite senhores.\u201d<\/p>\n<p>\n      Finalizando, Lucia Naegeli fez uma apresenta\u00e7\u00e3o sobre a vida do professor de Qu\u00edmica e ex-diretor do Sinpro-Rio, Jos\u00e9 Livieto de Meideiros, que encerrou a noite com as seguintes palavras: \u201cAgrade\u00e7o primeiro a Diretoria por recriar este espa\u00e7o. Entendo esta solenidade como um vincula do Sindicato com a categoria. Agrade\u00e7o muit\u00edssimo aos presentes por este \u201cmimo\u201d aos companheiros homenageados e a mim [&#8230;]. N\u00e3o gosto de falar de mim, mas acho que uma coisa s\u00f3 resume minha personalidade: eu sou um fazedor de amigos. Toda minha vida foi neste sentido. [&#8230;] Estando em um sindicato temos que falar de pol\u00edtica mas como falar de pol\u00edtica neste momento? H\u00e1 uma aus\u00eancia de vontade de falar de pol\u00edtica. Mas chegar aqui e n\u00e3o dizer nada n\u00e3o \u00e9 poss\u00edvel. A situa\u00e7\u00e3o est\u00e1 complicada mas \u00e9 preciso defender o certo, a democracia, a honestidade, a \u00e9tica e todos os princ\u00edpios&#8230; \u00e9 o que sabemos fazer e temos obriga\u00e7\u00e3o.\u201d<\/p>\n<p>\n       Infelizmente a homenageada Luiza Miriam Ribeiro Martins n\u00e3o p\u00f4de comparecer \u00e0 solenidade por ter se acidentado na v\u00e9spera do evento. Sua placa foi guardada para que, assim que se recupere, possa receber sua devida homenagem.<\/p>\n<p>\n        Para ver as fotos da Homenagem aos Mestres, clique<br \/>\n        <a href=\"https:\/\/www.facebook.com\/media\/set\/?set=a.1149680085060790.1073741869.298247816870692&amp;type=3&amp;uploaded=42\"><br \/>\n         aqui<br \/>\n        <\/a><br \/>\n        .<\/p>\n<p>\n         [A mensagem original inteira n\u00e3o est\u00e1 inclu\u00edda.]\n        <\/p>\n<\/p>\n<\/p>\n<\/p>\n<\/p>\n<p>\n O primeiro homenageado foi o professor de Hist\u00f3ria H\u00e9lio Alberto de Moraes, que recebeu a placa das m\u00e3os de Roberto Zaremba Bezerra e agradeceu \u201cEsse \u00e9 um momento de grande felicidade e emo\u00e7\u00e3o. Gostaria que todos os professores pudessem passar por este momento de alegria, mas tenho orgulho em dizer que esta \u00e9 uma festa de todos os professores.\u201d<\/p>\n<p>\n  Seguindo as homenagens, a professora de Portugu\u00eas Regina Maria Alves de Carvalho recebeu sua placa das m\u00e3os de Gabriel Ribeiro e disse \u201cA sala de aula, para mim,  ainda \u00e9 um ambiente de prazer, al\u00e9m de ser um ambiente f\u00e9rtil [&#8230;] agrade\u00e7o a homenagem, me emociona bastante.\u201d<\/p>\n<p>\n   Na sequ\u00eancia, foi a vez de Edson Bas\u00edlio da Silva entregar a placa ao professor de Biologia Severo de Paoli falou \u201cA gente \u00e9 o que \u00e9 por termos pessoas que nos fazem grande. Ningu\u00e9m \u00e9 grande sozinho. Ser professor \u00e9 o meu papel, \u00e9 ali que me realizo. Obrigado por tudo. Vamos em frente!\u201d<\/p>\n<p>\n    O professor de Educa\u00e7\u00e3o F\u00edsica Valdir Elizardo da Silva recebeu sua homenagem de Eneida Freira e agradeceu \u201cSou profissional de Educa\u00e7\u00e3o F\u00edsica sim, mas acima de tudo, sou educador e eu aprendi com todos voc\u00eas que est\u00e3o aqui. Eu sempre acho que poderia ter feito muito mais. Muito obrigado por esta noite senhores.\u201d<\/p>\n<p>\n     Finalizando, Lucia Naegeli fez uma apresenta\u00e7\u00e3o sobre a vida do professor de Qu\u00edmica e ex-diretor do Sinpro-Rio, Jos\u00e9 Livieto de Meideiros, que encerrou a noite com as seguintes palavras: \u201cAgrade\u00e7o primeiro a Diretoria por recriar este espa\u00e7o. Entendo esta solenidade como um vincula do Sindicato com a categoria. Agrade\u00e7o muit\u00edssimo aos presentes por este \u201cmimo\u201d aos companheiros homenageados e a mim [&#8230;]. N\u00e3o gosto de falar de mim, mas acho que uma coisa s\u00f3 resume minha personalidade: eu sou um fazedor de amigos. Toda minha vida foi neste sentido. [&#8230;] Estando em um sindicato temos que falar de pol\u00edtica mas como falar de pol\u00edtica neste momento? H\u00e1 uma aus\u00eancia de vontade de falar de pol\u00edtica. Mas chegar aqui e n\u00e3o dizer nada n\u00e3o \u00e9 poss\u00edvel. A situa\u00e7\u00e3o est\u00e1 complicada mas \u00e9 preciso defender o certo, a democracia, a honestidade, a \u00e9tica e todos os princ\u00edpios&#8230; \u00e9 o que sabemos fazer e temos obriga\u00e7\u00e3o.\u201d<\/p>\n<p>\n      Infelizmente a homenageada Luiza Miriam Ribeiro Martins n\u00e3o p\u00f4de comparecer \u00e0 solenidade por ter se acidentado na v\u00e9spera do evento. Sua placa foi guardada para que, assim que se recupere, possa receber sua devida homenagem.<\/p>\n<p>\n       Para ver as fotos da Homenagem aos Mestres, clique<br \/>\n       <a href=\"https:\/\/www.facebook.com\/media\/set\/?set=a.1149680085060790.1073741869.298247816870692&amp;type=3&amp;uploaded=42\"><br \/>\n        aqui<br \/>\n       <\/a><br \/>\n       .<\/p>\n<p>\n        [A mensagem original inteira n\u00e3o est\u00e1 inclu\u00edda.]\n       <\/p>\n<\/p>\n<\/p>\n<\/p>\n<\/p>\n<p>\n Seguindo as homenagens, a professora de Portugu\u00eas Regina Maria Alves de Carvalho recebeu sua placa das m\u00e3os de Gabriel Ribeiro e disse \u201cA sala de aula, para mim,  ainda \u00e9 um ambiente de prazer, al\u00e9m de ser um ambiente f\u00e9rtil [&#8230;] agrade\u00e7o a homenagem, me emociona bastante.\u201d<\/p>\n<p>\n  Na sequ\u00eancia, foi a vez de Edson Bas\u00edlio da Silva entregar a placa ao professor de Biologia Severo de Paoli falou \u201cA gente \u00e9 o que \u00e9 por termos pessoas que nos fazem grande. Ningu\u00e9m \u00e9 grande sozinho. Ser professor \u00e9 o meu papel, \u00e9 ali que me realizo. Obrigado por tudo. Vamos em frente!\u201d<\/p>\n<p>\n   O professor de Educa\u00e7\u00e3o F\u00edsica Valdir Elizardo da Silva recebeu sua homenagem de Eneida Freira e agradeceu \u201cSou profissional de Educa\u00e7\u00e3o F\u00edsica sim, mas acima de tudo, sou educador e eu aprendi com todos voc\u00eas que est\u00e3o aqui. Eu sempre acho que poderia ter feito muito mais. Muito obrigado por esta noite senhores.\u201d<\/p>\n<p>\n    Finalizando, Lucia Naegeli fez uma apresenta\u00e7\u00e3o sobre a vida do professor de Qu\u00edmica e ex-diretor do Sinpro-Rio, Jos\u00e9 Livieto de Meideiros, que encerrou a noite com as seguintes palavras: \u201cAgrade\u00e7o primeiro a Diretoria por recriar este espa\u00e7o. Entendo esta solenidade como um vincula do Sindicato com a categoria. Agrade\u00e7o muit\u00edssimo aos presentes por este \u201cmimo\u201d aos companheiros homenageados e a mim [&#8230;]. N\u00e3o gosto de falar de mim, mas acho que uma coisa s\u00f3 resume minha personalidade: eu sou um fazedor de amigos. Toda minha vida foi neste sentido. [&#8230;] Estando em um sindicato temos que falar de pol\u00edtica mas como falar de pol\u00edtica neste momento? H\u00e1 uma aus\u00eancia de vontade de falar de pol\u00edtica. Mas chegar aqui e n\u00e3o dizer nada n\u00e3o \u00e9 poss\u00edvel. A situa\u00e7\u00e3o est\u00e1 complicada mas \u00e9 preciso defender o certo, a democracia, a honestidade, a \u00e9tica e todos os princ\u00edpios&#8230; \u00e9 o que sabemos fazer e temos obriga\u00e7\u00e3o.\u201d<\/p>\n<p>\n     Infelizmente a homenageada Luiza Miriam Ribeiro Martins n\u00e3o p\u00f4de comparecer \u00e0 solenidade por ter se acidentado na v\u00e9spera do evento. Sua placa foi guardada para que, assim que se recupere, possa receber sua devida homenagem.<\/p>\n<p>\n      Para ver as fotos da Homenagem aos Mestres, clique<br \/>\n      <a href=\"https:\/\/www.facebook.com\/media\/set\/?set=a.1149680085060790.1073741869.298247816870692&amp;type=3&amp;uploaded=42\"><br \/>\n       aqui<br \/>\n      <\/a><br \/>\n      .<\/p>\n<p>\n       [A mensagem original inteira n\u00e3o est\u00e1 inclu\u00edda.]\n      <\/p>\n<\/p>\n<\/p>\n<\/p>\n<p>\n Na sequ\u00eancia, foi a vez de Edson Bas\u00edlio da Silva entregar a placa ao professor de Biologia Severo de Paoli falou \u201cA gente \u00e9 o que \u00e9 por termos pessoas que nos fazem grande. Ningu\u00e9m \u00e9 grande sozinho. Ser professor \u00e9 o meu papel, \u00e9 ali que me realizo. Obrigado por tudo. Vamos em frente!\u201d<\/p>\n<p>\n  O professor de Educa\u00e7\u00e3o F\u00edsica Valdir Elizardo da Silva recebeu sua homenagem de Eneida Freira e agradeceu \u201cSou profissional de Educa\u00e7\u00e3o F\u00edsica sim, mas acima de tudo, sou educador e eu aprendi com todos voc\u00eas que est\u00e3o aqui. Eu sempre acho que poderia ter feito muito mais. Muito obrigado por esta noite senhores.\u201d<\/p>\n<p>\n   Finalizando, Lucia Naegeli fez uma apresenta\u00e7\u00e3o sobre a vida do professor de Qu\u00edmica e ex-diretor do Sinpro-Rio, Jos\u00e9 Livieto de Meideiros, que encerrou a noite com as seguintes palavras: \u201cAgrade\u00e7o primeiro a Diretoria por recriar este espa\u00e7o. Entendo esta solenidade como um vincula do Sindicato com a categoria. Agrade\u00e7o muit\u00edssimo aos presentes por este \u201cmimo\u201d aos companheiros homenageados e a mim [&#8230;]. N\u00e3o gosto de falar de mim, mas acho que uma coisa s\u00f3 resume minha personalidade: eu sou um fazedor de amigos. Toda minha vida foi neste sentido. [&#8230;] Estando em um sindicato temos que falar de pol\u00edtica mas como falar de pol\u00edtica neste momento? H\u00e1 uma aus\u00eancia de vontade de falar de pol\u00edtica. Mas chegar aqui e n\u00e3o dizer nada n\u00e3o \u00e9 poss\u00edvel. A situa\u00e7\u00e3o est\u00e1 complicada mas \u00e9 preciso defender o certo, a democracia, a honestidade, a \u00e9tica e todos os princ\u00edpios&#8230; \u00e9 o que sabemos fazer e temos obriga\u00e7\u00e3o.\u201d<\/p>\n<p>\n    Infelizmente a homenageada Luiza Miriam Ribeiro Martins n\u00e3o p\u00f4de comparecer \u00e0 solenidade por ter se acidentado na v\u00e9spera do evento. Sua placa foi guardada para que, assim que se recupere, possa receber sua devida homenagem.<\/p>\n<p>\n     Para ver as fotos da Homenagem aos Mestres, clique<br \/>\n     <a href=\"https:\/\/www.facebook.com\/media\/set\/?set=a.1149680085060790.1073741869.298247816870692&amp;type=3&amp;uploaded=42\"><br \/>\n      aqui<br \/>\n     <\/a><br \/>\n     .<\/p>\n<p>\n      [A mensagem original inteira n\u00e3o est\u00e1 inclu\u00edda.]\n     <\/p>\n<\/p>\n<\/p>\n<\/p>\n<p>\n O professor de Educa\u00e7\u00e3o F\u00edsica Valdir Elizardo da Silva recebeu sua homenagem de Eneida Freira e agradeceu \u201cSou profissional de Educa\u00e7\u00e3o F\u00edsica sim, mas acima de tudo, sou educador e eu aprendi com todos voc\u00eas que est\u00e3o aqui. Eu sempre acho que poderia ter feito muito mais. Muito obrigado por esta noite senhores.\u201d<\/p>\n<p>\n  Finalizando, Lucia Naegeli fez uma apresenta\u00e7\u00e3o sobre a vida do professor de Qu\u00edmica e ex-diretor do Sinpro-Rio, Jos\u00e9 Livieto de Meideiros, que encerrou a noite com as seguintes palavras: \u201cAgrade\u00e7o primeiro a Diretoria por recriar este espa\u00e7o. Entendo esta solenidade como um vincula do Sindicato com a categoria. Agrade\u00e7o muit\u00edssimo aos presentes por este \u201cmimo\u201d aos companheiros homenageados e a mim [&#8230;]. N\u00e3o gosto de falar de mim, mas acho que uma coisa s\u00f3 resume minha personalidade: eu sou um fazedor de amigos. Toda minha vida foi neste sentido. [&#8230;] Estando em um sindicato temos que falar de pol\u00edtica mas como falar de pol\u00edtica neste momento? H\u00e1 uma aus\u00eancia de vontade de falar de pol\u00edtica. Mas chegar aqui e n\u00e3o dizer nada n\u00e3o \u00e9 poss\u00edvel. A situa\u00e7\u00e3o est\u00e1 complicada mas \u00e9 preciso defender o certo, a democracia, a honestidade, a \u00e9tica e todos os princ\u00edpios&#8230; \u00e9 o que sabemos fazer e temos obriga\u00e7\u00e3o.\u201d<\/p>\n<p>\n   Infelizmente a homenageada Luiza Miriam Ribeiro Martins n\u00e3o p\u00f4de comparecer \u00e0 solenidade por ter se acidentado na v\u00e9spera do evento. Sua placa foi guardada para que, assim que se recupere, possa receber sua devida homenagem.<\/p>\n<p>\n    Para ver as fotos da Homenagem aos Mestres, clique<br \/>\n    <a href=\"https:\/\/www.facebook.com\/media\/set\/?set=a.1149680085060790.1073741869.298247816870692&amp;type=3&amp;uploaded=42\"><br \/>\n     aqui<br \/>\n    <\/a><br \/>\n    .<\/p>\n<p>\n     [A mensagem original inteira n\u00e3o est\u00e1 inclu\u00edda.]\n    <\/p>\n<\/p>\n<\/p>\n<p>\n Finalizando, Lucia Naegeli fez uma apresenta\u00e7\u00e3o sobre a vida do professor de Qu\u00edmica e ex-diretor do Sinpro-Rio, Jos\u00e9 Livieto de Meideiros, que encerrou a noite com as seguintes palavras: \u201cAgrade\u00e7o primeiro a Diretoria por recriar este espa\u00e7o. Entendo esta solenidade como um vincula do Sindicato com a categoria. Agrade\u00e7o muit\u00edssimo aos presentes por este \u201cmimo\u201d aos companheiros homenageados e a mim [&#8230;]. N\u00e3o gosto de falar de mim, mas acho que uma coisa s\u00f3 resume minha personalidade: eu sou um fazedor de amigos. Toda minha vida foi neste sentido. [&#8230;] Estando em um sindicato temos que falar de pol\u00edtica mas como falar de pol\u00edtica neste momento? H\u00e1 uma aus\u00eancia de vontade de falar de pol\u00edtica. Mas chegar aqui e n\u00e3o dizer nada n\u00e3o \u00e9 poss\u00edvel. A situa\u00e7\u00e3o est\u00e1 complicada mas \u00e9 preciso defender o certo, a democracia, a honestidade, a \u00e9tica e todos os princ\u00edpios&#8230; \u00e9 o que sabemos fazer e temos obriga\u00e7\u00e3o.\u201d<\/p>\n<p>\n  Infelizmente a homenageada Luiza Miriam Ribeiro Martins n\u00e3o p\u00f4de comparecer \u00e0 solenidade por ter se acidentado na v\u00e9spera do evento. Sua placa foi guardada para que, assim que se recupere, possa receber sua devida homenagem.<\/p>\n<p>\n   Para ver as fotos da Homenagem aos Mestres, clique<br \/>\n   <a href=\"https:\/\/www.facebook.com\/media\/set\/?set=a.1149680085060790.1073741869.298247816870692&amp;type=3&amp;uploaded=42\"><br \/>\n    aqui<br \/>\n   <\/a><br \/>\n   .<\/p>\n<p>\n    [A mensagem original inteira n\u00e3o est\u00e1 inclu\u00edda.]\n   <\/p>\n<\/p>\n<\/p>\n<p>\n Infelizmente a homenageada Luiza Miriam Ribeiro Martins n\u00e3o p\u00f4de comparecer \u00e0 solenidade por ter se acidentado na v\u00e9spera do evento. Sua placa foi guardada para que, assim que se recupere, possa receber sua devida homenagem.<\/p>\n<p>\n  Para ver as fotos da Homenagem aos Mestres, clique<br \/>\n  <a href=\"https:\/\/www.facebook.com\/media\/set\/?set=a.1149680085060790.1073741869.298247816870692&amp;type=3&amp;uploaded=42\"><br \/>\n   aqui<br \/>\n  <\/a><br \/>\n  .<\/p>\n<p>\n   [A mensagem original inteira n\u00e3o est\u00e1 inclu\u00edda.]\n  <\/p>\n<\/p>\n<p>\n Para ver as fotos da Homenagem aos Mestres, clique<br \/>\n <a href=\"https:\/\/www.facebook.com\/media\/set\/?set=a.1149680085060790.1073741869.298247816870692&amp;type=3&amp;uploaded=42\"><br \/>\n  aqui<br \/>\n <\/a><br \/>\n .<\/p>\n<p>\n  [A mensagem original inteira n\u00e3o est\u00e1 inclu\u00edda.]\n <\/p>\n<\/p>\n<p>\n [A mensagem original inteira n\u00e3o est\u00e1 inclu\u00edda.]<\/p>\n","protected":false},"excerpt":{"rendered":"<p>27\/11\/2015 Na noite do dia 26 de novembro, a Diretoria do Sinpro-Rio ofereceu a \u201cHomenagem aos Mestres\u201d. A solenidade teve in\u00edcio com a apresenta\u00e7\u00e3o do violinista Otavio Lima de Oliveira, que emocionou os presentes. Com a homenagem, o Sindicato resgata a mem\u00f3ria de luta dos educadores que contribu\u00edram, na milit\u00e2ncia pol\u00edtica ou dentro das salas [&hellip;]<\/p>\n","protected":false},"author":1,"featured_media":0,"comment_status":"closed","ping_status":"open","sticky":false,"template":"","format":"standard","meta":{"footnotes":""},"categories":[1],"tags":[],"class_list":["post-19948","post","type-post","status-publish","format-standard","hentry","category-noticias"],"yoast_head":"<!-- This site is optimized with the Yoast SEO plugin v25.7 - https:\/\/yoast.com\/wordpress\/plugins\/seo\/ -->\n<title>Sinpro-Rio realiza \u201cHomenagem aos Mestres\u201d - Sinpro-Rio<\/title>\n<meta name=\"robots\" content=\"index, follow, max-snippet:-1, max-image-preview:large, max-video-preview:-1\" \/>\n<link rel=\"canonical\" href=\"https:\/\/www.sinpro-rio.org.br\/principal\/sinpro-rio-realiza-homenagem-aos-mestres\/\" \/>\n<meta property=\"og:locale\" content=\"pt_BR\" \/>\n<meta property=\"og:type\" content=\"article\" \/>\n<meta property=\"og:title\" content=\"Sinpro-Rio realiza \u201cHomenagem aos Mestres\u201d - Sinpro-Rio\" \/>\n<meta property=\"og:description\" content=\"27\/11\/2015 Na noite do dia 26 de novembro, a Diretoria do Sinpro-Rio ofereceu a \u201cHomenagem aos Mestres\u201d. A solenidade teve in\u00edcio com a apresenta\u00e7\u00e3o do violinista Otavio Lima de Oliveira, que emocionou os presentes. Com a homenagem, o Sindicato resgata a mem\u00f3ria de luta dos educadores que contribu\u00edram, na milit\u00e2ncia pol\u00edtica ou dentro das salas [&hellip;]\" \/>\n<meta property=\"og:url\" content=\"https:\/\/www.sinpro-rio.org.br\/principal\/sinpro-rio-realiza-homenagem-aos-mestres\/\" \/>\n<meta property=\"og:site_name\" content=\"Sinpro-Rio\" \/>\n<meta property=\"article:published_time\" content=\"2015-11-27T00:00:00+00:00\" \/>\n<meta property=\"og:image\" content=\"http:\/\/www.sinprorio.pro.br\/site_antigo\/imagens\/noticia\/2015\/homenagem2611.JPG\" \/>\n<meta name=\"author\" content=\"rafaelrjp\" \/>\n<meta name=\"twitter:card\" content=\"summary_large_image\" \/>\n<meta name=\"twitter:label1\" content=\"Escrito por\" \/>\n\t<meta name=\"twitter:data1\" content=\"rafaelrjp\" \/>\n\t<meta name=\"twitter:label2\" content=\"Est. tempo de leitura\" \/>\n\t<meta name=\"twitter:data2\" content=\"17 minutos\" \/>\n<script type=\"application\/ld+json\" class=\"yoast-schema-graph\">{\"@context\":\"https:\/\/schema.org\",\"@graph\":[{\"@type\":\"WebPage\",\"@id\":\"https:\/\/www.sinpro-rio.org.br\/principal\/sinpro-rio-realiza-homenagem-aos-mestres\/\",\"url\":\"https:\/\/www.sinpro-rio.org.br\/principal\/sinpro-rio-realiza-homenagem-aos-mestres\/\",\"name\":\"Sinpro-Rio realiza \u201cHomenagem aos Mestres\u201d - Sinpro-Rio\",\"isPartOf\":{\"@id\":\"https:\/\/www.sinpro-rio.org.br\/principal\/#website\"},\"primaryImageOfPage\":{\"@id\":\"https:\/\/www.sinpro-rio.org.br\/principal\/sinpro-rio-realiza-homenagem-aos-mestres\/#primaryimage\"},\"image\":{\"@id\":\"https:\/\/www.sinpro-rio.org.br\/principal\/sinpro-rio-realiza-homenagem-aos-mestres\/#primaryimage\"},\"thumbnailUrl\":\"http:\/\/www.sinprorio.pro.br\/site_antigo\/imagens\/noticia\/2015\/homenagem2611.JPG\",\"datePublished\":\"2015-11-27T00:00:00+00:00\",\"author\":{\"@id\":\"https:\/\/www.sinpro-rio.org.br\/principal\/#\/schema\/person\/49feb585a2f57a31a6bd9f16f78e5be6\"},\"breadcrumb\":{\"@id\":\"https:\/\/www.sinpro-rio.org.br\/principal\/sinpro-rio-realiza-homenagem-aos-mestres\/#breadcrumb\"},\"inLanguage\":\"pt-BR\",\"potentialAction\":[{\"@type\":\"ReadAction\",\"target\":[\"https:\/\/www.sinpro-rio.org.br\/principal\/sinpro-rio-realiza-homenagem-aos-mestres\/\"]}]},{\"@type\":\"ImageObject\",\"inLanguage\":\"pt-BR\",\"@id\":\"https:\/\/www.sinpro-rio.org.br\/principal\/sinpro-rio-realiza-homenagem-aos-mestres\/#primaryimage\",\"url\":\"http:\/\/www.sinprorio.pro.br\/site_antigo\/imagens\/noticia\/2015\/homenagem2611.JPG\",\"contentUrl\":\"http:\/\/www.sinprorio.pro.br\/site_antigo\/imagens\/noticia\/2015\/homenagem2611.JPG\"},{\"@type\":\"BreadcrumbList\",\"@id\":\"https:\/\/www.sinpro-rio.org.br\/principal\/sinpro-rio-realiza-homenagem-aos-mestres\/#breadcrumb\",\"itemListElement\":[{\"@type\":\"ListItem\",\"position\":1,\"name\":\"In\u00edcio\",\"item\":\"https:\/\/www.sinpro-rio.org.br\/principal\/\"},{\"@type\":\"ListItem\",\"position\":2,\"name\":\"Sinpro-Rio realiza \u201cHomenagem aos Mestres\u201d\"}]},{\"@type\":\"WebSite\",\"@id\":\"https:\/\/www.sinpro-rio.org.br\/principal\/#website\",\"url\":\"https:\/\/www.sinpro-rio.org.br\/principal\/\",\"name\":\"Sinpro-Rio\",\"description\":\"Sindicato dos Professores do Munic\u00edpio do Rio de Janeiro e Regi\u00e3o\",\"potentialAction\":[{\"@type\":\"SearchAction\",\"target\":{\"@type\":\"EntryPoint\",\"urlTemplate\":\"https:\/\/www.sinpro-rio.org.br\/principal\/?s={search_term_string}\"},\"query-input\":{\"@type\":\"PropertyValueSpecification\",\"valueRequired\":true,\"valueName\":\"search_term_string\"}}],\"inLanguage\":\"pt-BR\"},{\"@type\":\"Person\",\"@id\":\"https:\/\/www.sinpro-rio.org.br\/principal\/#\/schema\/person\/49feb585a2f57a31a6bd9f16f78e5be6\",\"name\":\"rafaelrjp\",\"image\":{\"@type\":\"ImageObject\",\"inLanguage\":\"pt-BR\",\"@id\":\"https:\/\/www.sinpro-rio.org.br\/principal\/#\/schema\/person\/image\/\",\"url\":\"https:\/\/secure.gravatar.com\/avatar\/489371a0ba4655c340b519882c68cf68?s=96&d=mm&r=g\",\"contentUrl\":\"https:\/\/secure.gravatar.com\/avatar\/489371a0ba4655c340b519882c68cf68?s=96&d=mm&r=g\",\"caption\":\"rafaelrjp\"},\"url\":\"https:\/\/www.sinpro-rio.org.br\/principal\/author\/rafaelrjp\/\"}]}<\/script>\n<!-- \/ Yoast SEO plugin. -->","yoast_head_json":{"title":"Sinpro-Rio realiza \u201cHomenagem aos Mestres\u201d - Sinpro-Rio","robots":{"index":"index","follow":"follow","max-snippet":"max-snippet:-1","max-image-preview":"max-image-preview:large","max-video-preview":"max-video-preview:-1"},"canonical":"https:\/\/www.sinpro-rio.org.br\/principal\/sinpro-rio-realiza-homenagem-aos-mestres\/","og_locale":"pt_BR","og_type":"article","og_title":"Sinpro-Rio realiza \u201cHomenagem aos Mestres\u201d - Sinpro-Rio","og_description":"27\/11\/2015 Na noite do dia 26 de novembro, a Diretoria do Sinpro-Rio ofereceu a \u201cHomenagem aos Mestres\u201d. A solenidade teve in\u00edcio com a apresenta\u00e7\u00e3o do violinista Otavio Lima de Oliveira, que emocionou os presentes. Com a homenagem, o Sindicato resgata a mem\u00f3ria de luta dos educadores que contribu\u00edram, na milit\u00e2ncia pol\u00edtica ou dentro das salas [&hellip;]","og_url":"https:\/\/www.sinpro-rio.org.br\/principal\/sinpro-rio-realiza-homenagem-aos-mestres\/","og_site_name":"Sinpro-Rio","article_published_time":"2015-11-27T00:00:00+00:00","og_image":[{"url":"http:\/\/www.sinprorio.pro.br\/site_antigo\/imagens\/noticia\/2015\/homenagem2611.JPG","type":"","width":"","height":""}],"author":"rafaelrjp","twitter_card":"summary_large_image","twitter_misc":{"Escrito por":"rafaelrjp","Est. tempo de leitura":"17 minutos"},"schema":{"@context":"https:\/\/schema.org","@graph":[{"@type":"WebPage","@id":"https:\/\/www.sinpro-rio.org.br\/principal\/sinpro-rio-realiza-homenagem-aos-mestres\/","url":"https:\/\/www.sinpro-rio.org.br\/principal\/sinpro-rio-realiza-homenagem-aos-mestres\/","name":"Sinpro-Rio realiza \u201cHomenagem aos Mestres\u201d - Sinpro-Rio","isPartOf":{"@id":"https:\/\/www.sinpro-rio.org.br\/principal\/#website"},"primaryImageOfPage":{"@id":"https:\/\/www.sinpro-rio.org.br\/principal\/sinpro-rio-realiza-homenagem-aos-mestres\/#primaryimage"},"image":{"@id":"https:\/\/www.sinpro-rio.org.br\/principal\/sinpro-rio-realiza-homenagem-aos-mestres\/#primaryimage"},"thumbnailUrl":"http:\/\/www.sinprorio.pro.br\/site_antigo\/imagens\/noticia\/2015\/homenagem2611.JPG","datePublished":"2015-11-27T00:00:00+00:00","author":{"@id":"https:\/\/www.sinpro-rio.org.br\/principal\/#\/schema\/person\/49feb585a2f57a31a6bd9f16f78e5be6"},"breadcrumb":{"@id":"https:\/\/www.sinpro-rio.org.br\/principal\/sinpro-rio-realiza-homenagem-aos-mestres\/#breadcrumb"},"inLanguage":"pt-BR","potentialAction":[{"@type":"ReadAction","target":["https:\/\/www.sinpro-rio.org.br\/principal\/sinpro-rio-realiza-homenagem-aos-mestres\/"]}]},{"@type":"ImageObject","inLanguage":"pt-BR","@id":"https:\/\/www.sinpro-rio.org.br\/principal\/sinpro-rio-realiza-homenagem-aos-mestres\/#primaryimage","url":"http:\/\/www.sinprorio.pro.br\/site_antigo\/imagens\/noticia\/2015\/homenagem2611.JPG","contentUrl":"http:\/\/www.sinprorio.pro.br\/site_antigo\/imagens\/noticia\/2015\/homenagem2611.JPG"},{"@type":"BreadcrumbList","@id":"https:\/\/www.sinpro-rio.org.br\/principal\/sinpro-rio-realiza-homenagem-aos-mestres\/#breadcrumb","itemListElement":[{"@type":"ListItem","position":1,"name":"In\u00edcio","item":"https:\/\/www.sinpro-rio.org.br\/principal\/"},{"@type":"ListItem","position":2,"name":"Sinpro-Rio realiza \u201cHomenagem aos Mestres\u201d"}]},{"@type":"WebSite","@id":"https:\/\/www.sinpro-rio.org.br\/principal\/#website","url":"https:\/\/www.sinpro-rio.org.br\/principal\/","name":"Sinpro-Rio","description":"Sindicato dos Professores do Munic\u00edpio do Rio de Janeiro e Regi\u00e3o","potentialAction":[{"@type":"SearchAction","target":{"@type":"EntryPoint","urlTemplate":"https:\/\/www.sinpro-rio.org.br\/principal\/?s={search_term_string}"},"query-input":{"@type":"PropertyValueSpecification","valueRequired":true,"valueName":"search_term_string"}}],"inLanguage":"pt-BR"},{"@type":"Person","@id":"https:\/\/www.sinpro-rio.org.br\/principal\/#\/schema\/person\/49feb585a2f57a31a6bd9f16f78e5be6","name":"rafaelrjp","image":{"@type":"ImageObject","inLanguage":"pt-BR","@id":"https:\/\/www.sinpro-rio.org.br\/principal\/#\/schema\/person\/image\/","url":"https:\/\/secure.gravatar.com\/avatar\/489371a0ba4655c340b519882c68cf68?s=96&d=mm&r=g","contentUrl":"https:\/\/secure.gravatar.com\/avatar\/489371a0ba4655c340b519882c68cf68?s=96&d=mm&r=g","caption":"rafaelrjp"},"url":"https:\/\/www.sinpro-rio.org.br\/principal\/author\/rafaelrjp\/"}]}},"_links":{"self":[{"href":"https:\/\/www.sinpro-rio.org.br\/principal\/wp-json\/wp\/v2\/posts\/19948","targetHints":{"allow":["GET"]}}],"collection":[{"href":"https:\/\/www.sinpro-rio.org.br\/principal\/wp-json\/wp\/v2\/posts"}],"about":[{"href":"https:\/\/www.sinpro-rio.org.br\/principal\/wp-json\/wp\/v2\/types\/post"}],"author":[{"embeddable":true,"href":"https:\/\/www.sinpro-rio.org.br\/principal\/wp-json\/wp\/v2\/users\/1"}],"replies":[{"embeddable":true,"href":"https:\/\/www.sinpro-rio.org.br\/principal\/wp-json\/wp\/v2\/comments?post=19948"}],"version-history":[{"count":0,"href":"https:\/\/www.sinpro-rio.org.br\/principal\/wp-json\/wp\/v2\/posts\/19948\/revisions"}],"wp:attachment":[{"href":"https:\/\/www.sinpro-rio.org.br\/principal\/wp-json\/wp\/v2\/media?parent=19948"}],"wp:term":[{"taxonomy":"category","embeddable":true,"href":"https:\/\/www.sinpro-rio.org.br\/principal\/wp-json\/wp\/v2\/categories?post=19948"},{"taxonomy":"post_tag","embeddable":true,"href":"https:\/\/www.sinpro-rio.org.br\/principal\/wp-json\/wp\/v2\/tags?post=19948"}],"curies":[{"name":"wp","href":"https:\/\/api.w.org\/{rel}","templated":true}]}}