{"id":19941,"date":"2015-12-08T00:00:00","date_gmt":"2015-12-08T00:00:00","guid":{"rendered":""},"modified":"-0001-11-30T00:00:00","modified_gmt":"-0001-11-30T03:00:00","slug":"forum-municipal-de-educac-o-do-rio-de-janeiro-se-reune-no-sinpro-rio","status":"publish","type":"post","link":"https:\/\/www.sinpro-rio.org.br\/principal\/forum-municipal-de-educac-o-do-rio-de-janeiro-se-reune-no-sinpro-rio\/","title":{"rendered":"F\u00f3rum Municipal de Educa\u00e7\u00e3o do Rio de Janeiro se re\u00fane no Sinpro-Rio"},"content":{"rendered":"\n<p>\n <em><br \/>\n  08\/12\/2015<br \/>\n <\/em>\n<\/p>\n<p>\n <img decoding=\"async\" align=\"right\" alt=\"foto\" src=\"http:\/\/www.sinprorio.pro.br\/site_antigo\/imagens\/noticia\/2015\/pme0812.jpg\" width=\"400\"\/>\n<\/p>\n<p>\n A defini\u00e7\u00e3o das datas dos encontros e a escolha da coordenadora e da secret\u00e1ria executiva para 2016 foram as primeiras decis\u00f5es tomadas na manh\u00e3 desta ter\u00e7a, 08 de dezembro, na reuni\u00e3o do F\u00f3rum Municipal de Educa\u00e7\u00e3o, realizada na Sede do Sinpro-Rio.<\/p>\n<p>\n  Foi eleita coordenadora a representante da Secretaria Municipal de Educa\u00e7\u00e3o do Rio, K\u00e1tia Moura, e, para a fun\u00e7\u00e3o de secret\u00e1ria executiva, foi escolhida a professora Alessandra Nicodemos, da Faculdade de Educa\u00e7\u00e3o da UFRJ. Os representantes de entidades governamentais, da Casa Legislativa Municipal, de institui\u00e7\u00f5es e da sociedade civil tamb\u00e9m debateram os \u00faltimos detalhes do regimento do F\u00f3rum, que prev\u00ea encontros trimestrais. Devido \u00e0s Olimp\u00edadas e ao calend\u00e1rio da cidade do Rio em 2016, j\u00e1 foram agendadas as pr\u00f3ximas reuni\u00f5es:<\/p>\n<p>\n   &#8211; 01 de mar\u00e7o;<br \/>\n   <br \/>\n   &#8211; 07 de junho;<br \/>\n   <br \/>\n   13 de setembro;<br \/>\n   <br \/>\n   &#8211; 06 de dezembro.<\/p>\n<p>\n    As reuni\u00f5es ser\u00e3o realizadas sempre \u00e0s 10 horas, na Sede do Sindicato, que fica na Rua Pedro Lessa, n\u00ba 35, Centro. O F\u00f3rum \u00e9 aberto \u00e0 participa\u00e7\u00e3o de ouvintes e diversas entidades j\u00e1 inscreveram observadores.<\/p>\n<p>\n     Para ver as fotos da assembleia, clique<br \/>\n     <a href=\"https:\/\/www.facebook.com\/sinprorio1931\/posts\/1154770691218396\"><br \/>\n      aqui<br \/>\n     <\/a><br \/>\n     .\n    <\/p>\n<\/p>\n<\/p>\n<p>\n Foi eleita coordenadora a representante da Secretaria Municipal de Educa\u00e7\u00e3o do Rio, K\u00e1tia Moura, e, para a fun\u00e7\u00e3o de secret\u00e1ria executiva, foi escolhida a professora Alessandra Nicodemos, da Faculdade de Educa\u00e7\u00e3o da UFRJ. Os representantes de entidades governamentais, da Casa Legislativa Municipal, de institui\u00e7\u00f5es e da sociedade civil tamb\u00e9m debateram os \u00faltimos detalhes do regimento do F\u00f3rum, que prev\u00ea encontros trimestrais. Devido \u00e0s Olimp\u00edadas e ao calend\u00e1rio da cidade do Rio em 2016, j\u00e1 foram agendadas as pr\u00f3ximas reuni\u00f5es:<\/p>\n<p>\n  &#8211; 01 de mar\u00e7o;<br \/>\n  <br \/>\n  &#8211; 07 de junho;<br \/>\n  <br \/>\n  13 de setembro;<br \/>\n  <br \/>\n  &#8211; 06 de dezembro.<\/p>\n<p>\n   As reuni\u00f5es ser\u00e3o realizadas sempre \u00e0s 10 horas, na Sede do Sindicato, que fica na Rua Pedro Lessa, n\u00ba 35, Centro. O F\u00f3rum \u00e9 aberto \u00e0 participa\u00e7\u00e3o de ouvintes e diversas entidades j\u00e1 inscreveram observadores.<\/p>\n<p>\n    Para ver as fotos da assembleia, clique<br \/>\n    <a href=\"https:\/\/www.facebook.com\/sinprorio1931\/posts\/1154770691218396\"><br \/>\n     aqui<br \/>\n    <\/a><br \/>\n    .\n   <\/p>\n<\/p>\n<\/p>\n<p>\n &#8211; 01 de mar\u00e7o;<br \/>\n <br \/>\n &#8211; 07 de junho;<br \/>\n <br \/>\n 13 de setembro;<br \/>\n <br \/>\n &#8211; 06 de dezembro.<\/p>\n<p>\n  As reuni\u00f5es ser\u00e3o realizadas sempre \u00e0s 10 horas, na Sede do Sindicato, que fica na Rua Pedro Lessa, n\u00ba 35, Centro. O F\u00f3rum \u00e9 aberto \u00e0 participa\u00e7\u00e3o de ouvintes e diversas entidades j\u00e1 inscreveram observadores.<\/p>\n<p>\n   Para ver as fotos da assembleia, clique<br \/>\n   <a href=\"https:\/\/www.facebook.com\/sinprorio1931\/posts\/1154770691218396\"><br \/>\n    aqui<br \/>\n   <\/a><br \/>\n   .\n  <\/p>\n<\/p>\n<p>\n As reuni\u00f5es ser\u00e3o realizadas sempre \u00e0s 10 horas, na Sede do Sindicato, que fica na Rua Pedro Lessa, n\u00ba 35, Centro. O F\u00f3rum \u00e9 aberto \u00e0 participa\u00e7\u00e3o de ouvintes e diversas entidades j\u00e1 inscreveram observadores.<\/p>\n<p>\n  Para ver as fotos da assembleia, clique<br \/>\n  <a href=\"https:\/\/www.facebook.com\/sinprorio1931\/posts\/1154770691218396\"><br \/>\n   aqui<br \/>\n  <\/a><br \/>\n  .\n <\/p>\n<\/p>\n<p>\n Para ver as fotos da assembleia, clique<br \/>\n <a href=\"https:\/\/www.facebook.com\/sinprorio1931\/posts\/1154770691218396\"><br \/>\n  aqui<br \/>\n <\/a><br \/>\n .<\/p>\n","protected":false},"excerpt":{"rendered":"<p>08\/12\/2015 A defini\u00e7\u00e3o das datas dos encontros e a escolha da coordenadora e da secret\u00e1ria executiva para 2016 foram as primeiras decis\u00f5es tomadas na manh\u00e3 desta ter\u00e7a, 08 de dezembro, na reuni\u00e3o do F\u00f3rum Municipal de Educa\u00e7\u00e3o, realizada na Sede do Sinpro-Rio. Foi eleita coordenadora a representante da Secretaria Municipal de Educa\u00e7\u00e3o do Rio, K\u00e1tia [&hellip;]<\/p>\n","protected":false},"author":1,"featured_media":0,"comment_status":"closed","ping_status":"open","sticky":false,"template":"","format":"standard","meta":{"footnotes":""},"categories":[1],"tags":[],"class_list":["post-19941","post","type-post","status-publish","format-standard","hentry","category-noticias"],"yoast_head":"<!-- This site is optimized with the Yoast SEO plugin v25.7 - https:\/\/yoast.com\/wordpress\/plugins\/seo\/ -->\n<title>F\u00f3rum Municipal de Educa\u00e7\u00e3o do Rio de Janeiro se re\u00fane no Sinpro-Rio - Sinpro-Rio<\/title>\n<meta name=\"robots\" content=\"index, follow, max-snippet:-1, max-image-preview:large, max-video-preview:-1\" \/>\n<link rel=\"canonical\" href=\"https:\/\/www.sinpro-rio.org.br\/principal\/forum-municipal-de-educac-o-do-rio-de-janeiro-se-reune-no-sinpro-rio\/\" \/>\n<meta property=\"og:locale\" content=\"pt_BR\" \/>\n<meta property=\"og:type\" content=\"article\" \/>\n<meta property=\"og:title\" content=\"F\u00f3rum Municipal de Educa\u00e7\u00e3o do Rio de Janeiro se re\u00fane no Sinpro-Rio - Sinpro-Rio\" \/>\n<meta property=\"og:description\" content=\"08\/12\/2015 A defini\u00e7\u00e3o das datas dos encontros e a escolha da coordenadora e da secret\u00e1ria executiva para 2016 foram as primeiras decis\u00f5es tomadas na manh\u00e3 desta ter\u00e7a, 08 de dezembro, na reuni\u00e3o do F\u00f3rum Municipal de Educa\u00e7\u00e3o, realizada na Sede do Sinpro-Rio. Foi eleita coordenadora a representante da Secretaria Municipal de Educa\u00e7\u00e3o do Rio, K\u00e1tia [&hellip;]\" \/>\n<meta property=\"og:url\" content=\"https:\/\/www.sinpro-rio.org.br\/principal\/forum-municipal-de-educac-o-do-rio-de-janeiro-se-reune-no-sinpro-rio\/\" \/>\n<meta property=\"og:site_name\" content=\"Sinpro-Rio\" \/>\n<meta property=\"article:published_time\" content=\"2015-12-08T00:00:00+00:00\" \/>\n<meta property=\"og:image\" content=\"http:\/\/www.sinprorio.pro.br\/site_antigo\/imagens\/noticia\/2015\/pme0812.jpg\" \/>\n<meta name=\"author\" content=\"rafaelrjp\" \/>\n<meta name=\"twitter:card\" content=\"summary_large_image\" \/>\n<meta name=\"twitter:label1\" content=\"Escrito por\" \/>\n\t<meta name=\"twitter:data1\" content=\"rafaelrjp\" \/>\n\t<meta name=\"twitter:label2\" content=\"Est. tempo de leitura\" \/>\n\t<meta name=\"twitter:data2\" content=\"2 minutos\" \/>\n<script type=\"application\/ld+json\" class=\"yoast-schema-graph\">{\"@context\":\"https:\/\/schema.org\",\"@graph\":[{\"@type\":\"WebPage\",\"@id\":\"https:\/\/www.sinpro-rio.org.br\/principal\/forum-municipal-de-educac-o-do-rio-de-janeiro-se-reune-no-sinpro-rio\/\",\"url\":\"https:\/\/www.sinpro-rio.org.br\/principal\/forum-municipal-de-educac-o-do-rio-de-janeiro-se-reune-no-sinpro-rio\/\",\"name\":\"F\u00f3rum Municipal de Educa\u00e7\u00e3o do Rio de Janeiro se re\u00fane no Sinpro-Rio - Sinpro-Rio\",\"isPartOf\":{\"@id\":\"https:\/\/www.sinpro-rio.org.br\/principal\/#website\"},\"primaryImageOfPage\":{\"@id\":\"https:\/\/www.sinpro-rio.org.br\/principal\/forum-municipal-de-educac-o-do-rio-de-janeiro-se-reune-no-sinpro-rio\/#primaryimage\"},\"image\":{\"@id\":\"https:\/\/www.sinpro-rio.org.br\/principal\/forum-municipal-de-educac-o-do-rio-de-janeiro-se-reune-no-sinpro-rio\/#primaryimage\"},\"thumbnailUrl\":\"http:\/\/www.sinprorio.pro.br\/site_antigo\/imagens\/noticia\/2015\/pme0812.jpg\",\"datePublished\":\"2015-12-08T00:00:00+00:00\",\"author\":{\"@id\":\"https:\/\/www.sinpro-rio.org.br\/principal\/#\/schema\/person\/49feb585a2f57a31a6bd9f16f78e5be6\"},\"breadcrumb\":{\"@id\":\"https:\/\/www.sinpro-rio.org.br\/principal\/forum-municipal-de-educac-o-do-rio-de-janeiro-se-reune-no-sinpro-rio\/#breadcrumb\"},\"inLanguage\":\"pt-BR\",\"potentialAction\":[{\"@type\":\"ReadAction\",\"target\":[\"https:\/\/www.sinpro-rio.org.br\/principal\/forum-municipal-de-educac-o-do-rio-de-janeiro-se-reune-no-sinpro-rio\/\"]}]},{\"@type\":\"ImageObject\",\"inLanguage\":\"pt-BR\",\"@id\":\"https:\/\/www.sinpro-rio.org.br\/principal\/forum-municipal-de-educac-o-do-rio-de-janeiro-se-reune-no-sinpro-rio\/#primaryimage\",\"url\":\"http:\/\/www.sinprorio.pro.br\/site_antigo\/imagens\/noticia\/2015\/pme0812.jpg\",\"contentUrl\":\"http:\/\/www.sinprorio.pro.br\/site_antigo\/imagens\/noticia\/2015\/pme0812.jpg\"},{\"@type\":\"BreadcrumbList\",\"@id\":\"https:\/\/www.sinpro-rio.org.br\/principal\/forum-municipal-de-educac-o-do-rio-de-janeiro-se-reune-no-sinpro-rio\/#breadcrumb\",\"itemListElement\":[{\"@type\":\"ListItem\",\"position\":1,\"name\":\"In\u00edcio\",\"item\":\"https:\/\/www.sinpro-rio.org.br\/principal\/\"},{\"@type\":\"ListItem\",\"position\":2,\"name\":\"F\u00f3rum Municipal de Educa\u00e7\u00e3o do Rio de Janeiro se re\u00fane no Sinpro-Rio\"}]},{\"@type\":\"WebSite\",\"@id\":\"https:\/\/www.sinpro-rio.org.br\/principal\/#website\",\"url\":\"https:\/\/www.sinpro-rio.org.br\/principal\/\",\"name\":\"Sinpro-Rio\",\"description\":\"Sindicato dos Professores do Munic\u00edpio do Rio de Janeiro e Regi\u00e3o\",\"potentialAction\":[{\"@type\":\"SearchAction\",\"target\":{\"@type\":\"EntryPoint\",\"urlTemplate\":\"https:\/\/www.sinpro-rio.org.br\/principal\/?s={search_term_string}\"},\"query-input\":{\"@type\":\"PropertyValueSpecification\",\"valueRequired\":true,\"valueName\":\"search_term_string\"}}],\"inLanguage\":\"pt-BR\"},{\"@type\":\"Person\",\"@id\":\"https:\/\/www.sinpro-rio.org.br\/principal\/#\/schema\/person\/49feb585a2f57a31a6bd9f16f78e5be6\",\"name\":\"rafaelrjp\",\"image\":{\"@type\":\"ImageObject\",\"inLanguage\":\"pt-BR\",\"@id\":\"https:\/\/www.sinpro-rio.org.br\/principal\/#\/schema\/person\/image\/\",\"url\":\"https:\/\/secure.gravatar.com\/avatar\/489371a0ba4655c340b519882c68cf68?s=96&d=mm&r=g\",\"contentUrl\":\"https:\/\/secure.gravatar.com\/avatar\/489371a0ba4655c340b519882c68cf68?s=96&d=mm&r=g\",\"caption\":\"rafaelrjp\"},\"url\":\"https:\/\/www.sinpro-rio.org.br\/principal\/author\/rafaelrjp\/\"}]}<\/script>\n<!-- \/ Yoast SEO plugin. -->","yoast_head_json":{"title":"F\u00f3rum Municipal de Educa\u00e7\u00e3o do Rio de Janeiro se re\u00fane no Sinpro-Rio - Sinpro-Rio","robots":{"index":"index","follow":"follow","max-snippet":"max-snippet:-1","max-image-preview":"max-image-preview:large","max-video-preview":"max-video-preview:-1"},"canonical":"https:\/\/www.sinpro-rio.org.br\/principal\/forum-municipal-de-educac-o-do-rio-de-janeiro-se-reune-no-sinpro-rio\/","og_locale":"pt_BR","og_type":"article","og_title":"F\u00f3rum Municipal de Educa\u00e7\u00e3o do Rio de Janeiro se re\u00fane no Sinpro-Rio - Sinpro-Rio","og_description":"08\/12\/2015 A defini\u00e7\u00e3o das datas dos encontros e a escolha da coordenadora e da secret\u00e1ria executiva para 2016 foram as primeiras decis\u00f5es tomadas na manh\u00e3 desta ter\u00e7a, 08 de dezembro, na reuni\u00e3o do F\u00f3rum Municipal de Educa\u00e7\u00e3o, realizada na Sede do Sinpro-Rio. Foi eleita coordenadora a representante da Secretaria Municipal de Educa\u00e7\u00e3o do Rio, K\u00e1tia [&hellip;]","og_url":"https:\/\/www.sinpro-rio.org.br\/principal\/forum-municipal-de-educac-o-do-rio-de-janeiro-se-reune-no-sinpro-rio\/","og_site_name":"Sinpro-Rio","article_published_time":"2015-12-08T00:00:00+00:00","og_image":[{"url":"http:\/\/www.sinprorio.pro.br\/site_antigo\/imagens\/noticia\/2015\/pme0812.jpg","type":"","width":"","height":""}],"author":"rafaelrjp","twitter_card":"summary_large_image","twitter_misc":{"Escrito por":"rafaelrjp","Est. tempo de leitura":"2 minutos"},"schema":{"@context":"https:\/\/schema.org","@graph":[{"@type":"WebPage","@id":"https:\/\/www.sinpro-rio.org.br\/principal\/forum-municipal-de-educac-o-do-rio-de-janeiro-se-reune-no-sinpro-rio\/","url":"https:\/\/www.sinpro-rio.org.br\/principal\/forum-municipal-de-educac-o-do-rio-de-janeiro-se-reune-no-sinpro-rio\/","name":"F\u00f3rum Municipal de Educa\u00e7\u00e3o do Rio de Janeiro se re\u00fane no Sinpro-Rio - Sinpro-Rio","isPartOf":{"@id":"https:\/\/www.sinpro-rio.org.br\/principal\/#website"},"primaryImageOfPage":{"@id":"https:\/\/www.sinpro-rio.org.br\/principal\/forum-municipal-de-educac-o-do-rio-de-janeiro-se-reune-no-sinpro-rio\/#primaryimage"},"image":{"@id":"https:\/\/www.sinpro-rio.org.br\/principal\/forum-municipal-de-educac-o-do-rio-de-janeiro-se-reune-no-sinpro-rio\/#primaryimage"},"thumbnailUrl":"http:\/\/www.sinprorio.pro.br\/site_antigo\/imagens\/noticia\/2015\/pme0812.jpg","datePublished":"2015-12-08T00:00:00+00:00","author":{"@id":"https:\/\/www.sinpro-rio.org.br\/principal\/#\/schema\/person\/49feb585a2f57a31a6bd9f16f78e5be6"},"breadcrumb":{"@id":"https:\/\/www.sinpro-rio.org.br\/principal\/forum-municipal-de-educac-o-do-rio-de-janeiro-se-reune-no-sinpro-rio\/#breadcrumb"},"inLanguage":"pt-BR","potentialAction":[{"@type":"ReadAction","target":["https:\/\/www.sinpro-rio.org.br\/principal\/forum-municipal-de-educac-o-do-rio-de-janeiro-se-reune-no-sinpro-rio\/"]}]},{"@type":"ImageObject","inLanguage":"pt-BR","@id":"https:\/\/www.sinpro-rio.org.br\/principal\/forum-municipal-de-educac-o-do-rio-de-janeiro-se-reune-no-sinpro-rio\/#primaryimage","url":"http:\/\/www.sinprorio.pro.br\/site_antigo\/imagens\/noticia\/2015\/pme0812.jpg","contentUrl":"http:\/\/www.sinprorio.pro.br\/site_antigo\/imagens\/noticia\/2015\/pme0812.jpg"},{"@type":"BreadcrumbList","@id":"https:\/\/www.sinpro-rio.org.br\/principal\/forum-municipal-de-educac-o-do-rio-de-janeiro-se-reune-no-sinpro-rio\/#breadcrumb","itemListElement":[{"@type":"ListItem","position":1,"name":"In\u00edcio","item":"https:\/\/www.sinpro-rio.org.br\/principal\/"},{"@type":"ListItem","position":2,"name":"F\u00f3rum Municipal de Educa\u00e7\u00e3o do Rio de Janeiro se re\u00fane no Sinpro-Rio"}]},{"@type":"WebSite","@id":"https:\/\/www.sinpro-rio.org.br\/principal\/#website","url":"https:\/\/www.sinpro-rio.org.br\/principal\/","name":"Sinpro-Rio","description":"Sindicato dos Professores do Munic\u00edpio do Rio de Janeiro e Regi\u00e3o","potentialAction":[{"@type":"SearchAction","target":{"@type":"EntryPoint","urlTemplate":"https:\/\/www.sinpro-rio.org.br\/principal\/?s={search_term_string}"},"query-input":{"@type":"PropertyValueSpecification","valueRequired":true,"valueName":"search_term_string"}}],"inLanguage":"pt-BR"},{"@type":"Person","@id":"https:\/\/www.sinpro-rio.org.br\/principal\/#\/schema\/person\/49feb585a2f57a31a6bd9f16f78e5be6","name":"rafaelrjp","image":{"@type":"ImageObject","inLanguage":"pt-BR","@id":"https:\/\/www.sinpro-rio.org.br\/principal\/#\/schema\/person\/image\/","url":"https:\/\/secure.gravatar.com\/avatar\/489371a0ba4655c340b519882c68cf68?s=96&d=mm&r=g","contentUrl":"https:\/\/secure.gravatar.com\/avatar\/489371a0ba4655c340b519882c68cf68?s=96&d=mm&r=g","caption":"rafaelrjp"},"url":"https:\/\/www.sinpro-rio.org.br\/principal\/author\/rafaelrjp\/"}]}},"_links":{"self":[{"href":"https:\/\/www.sinpro-rio.org.br\/principal\/wp-json\/wp\/v2\/posts\/19941","targetHints":{"allow":["GET"]}}],"collection":[{"href":"https:\/\/www.sinpro-rio.org.br\/principal\/wp-json\/wp\/v2\/posts"}],"about":[{"href":"https:\/\/www.sinpro-rio.org.br\/principal\/wp-json\/wp\/v2\/types\/post"}],"author":[{"embeddable":true,"href":"https:\/\/www.sinpro-rio.org.br\/principal\/wp-json\/wp\/v2\/users\/1"}],"replies":[{"embeddable":true,"href":"https:\/\/www.sinpro-rio.org.br\/principal\/wp-json\/wp\/v2\/comments?post=19941"}],"version-history":[{"count":0,"href":"https:\/\/www.sinpro-rio.org.br\/principal\/wp-json\/wp\/v2\/posts\/19941\/revisions"}],"wp:attachment":[{"href":"https:\/\/www.sinpro-rio.org.br\/principal\/wp-json\/wp\/v2\/media?parent=19941"}],"wp:term":[{"taxonomy":"category","embeddable":true,"href":"https:\/\/www.sinpro-rio.org.br\/principal\/wp-json\/wp\/v2\/categories?post=19941"},{"taxonomy":"post_tag","embeddable":true,"href":"https:\/\/www.sinpro-rio.org.br\/principal\/wp-json\/wp\/v2\/tags?post=19941"}],"curies":[{"name":"wp","href":"https:\/\/api.w.org\/{rel}","templated":true}]}}