{"id":19939,"date":"2015-12-08T00:00:00","date_gmt":"2015-12-08T00:00:00","guid":{"rendered":""},"modified":"-0001-11-30T00:00:00","modified_gmt":"-0001-11-30T03:00:00","slug":"subsede-barra-da-tijuca-recesso-de-21-de-dezembro-ate-20-de-janeiro","status":"publish","type":"post","link":"https:\/\/www.sinpro-rio.org.br\/principal\/subsede-barra-da-tijuca-recesso-de-21-de-dezembro-ate-20-de-janeiro\/","title":{"rendered":"Subsede Barra da Tijuca: recesso de 21 de dezembro at\u00e9 20 de janeiro"},"content":{"rendered":"\n<p>\n <em><br \/>\n  08\/12\/2015<br \/>\n <\/em>\n<\/p>\n<p>\n Informamos que a Subsede Barra da Tijuca n\u00e3o funcionar\u00e1 entre os dias 21 de dezembro e 20 de janeiro. Em caso de urg\u00eancia, procure ou telefone para a Sede Centro ou a Subsede Campo Grande.<\/p>\n<p>\n  Sede Centro: Rua Pedro Lessa, 35, 2\u00ba andar, Centro do Rio (pr\u00f3ximo ao Metr\u00f4 Cinel\u00e2ndia). Telefone: 3262-3400.<\/p>\n<p>\n   Subsede Campo Grande: Rua Mana\u00ed, n\u00ba 180. Telefones: 2415-4686 \/ 3402-1768.\n  <\/p>\n<\/p>\n<p>\n Sede Centro: Rua Pedro Lessa, 35, 2\u00ba andar, Centro do Rio (pr\u00f3ximo ao Metr\u00f4 Cinel\u00e2ndia). Telefone: 3262-3400.<\/p>\n<p>\n  Subsede Campo Grande: Rua Mana\u00ed, n\u00ba 180. Telefones: 2415-4686 \/ 3402-1768.\n <\/p>\n<\/p>\n<p>\n Subsede Campo Grande: Rua Mana\u00ed, n\u00ba 180. Telefones: 2415-4686 \/ 3402-1768.<\/p>\n","protected":false},"excerpt":{"rendered":"<p>08\/12\/2015 Informamos que a Subsede Barra da Tijuca n\u00e3o funcionar\u00e1 entre os dias 21 de dezembro e 20 de janeiro. Em caso de urg\u00eancia, procure ou telefone para a Sede Centro ou a Subsede Campo Grande. Sede Centro: Rua Pedro Lessa, 35, 2\u00ba andar, Centro do Rio (pr\u00f3ximo ao Metr\u00f4 Cinel\u00e2ndia). Telefone: 3262-3400. Subsede Campo [&hellip;]<\/p>\n","protected":false},"author":1,"featured_media":0,"comment_status":"closed","ping_status":"open","sticky":false,"template":"","format":"standard","meta":{"footnotes":""},"categories":[1],"tags":[],"class_list":["post-19939","post","type-post","status-publish","format-standard","hentry","category-noticias"],"yoast_head":"<!-- This site is optimized with the Yoast SEO plugin v25.7 - https:\/\/yoast.com\/wordpress\/plugins\/seo\/ -->\n<title>Subsede Barra da Tijuca: recesso de 21 de dezembro at\u00e9 20 de janeiro - Sinpro-Rio<\/title>\n<meta name=\"robots\" content=\"index, follow, max-snippet:-1, max-image-preview:large, max-video-preview:-1\" \/>\n<link rel=\"canonical\" href=\"https:\/\/www.sinpro-rio.org.br\/principal\/subsede-barra-da-tijuca-recesso-de-21-de-dezembro-ate-20-de-janeiro\/\" \/>\n<meta property=\"og:locale\" content=\"pt_BR\" \/>\n<meta property=\"og:type\" content=\"article\" \/>\n<meta property=\"og:title\" content=\"Subsede Barra da Tijuca: recesso de 21 de dezembro at\u00e9 20 de janeiro - Sinpro-Rio\" \/>\n<meta property=\"og:description\" content=\"08\/12\/2015 Informamos que a Subsede Barra da Tijuca n\u00e3o funcionar\u00e1 entre os dias 21 de dezembro e 20 de janeiro. Em caso de urg\u00eancia, procure ou telefone para a Sede Centro ou a Subsede Campo Grande. Sede Centro: Rua Pedro Lessa, 35, 2\u00ba andar, Centro do Rio (pr\u00f3ximo ao Metr\u00f4 Cinel\u00e2ndia). Telefone: 3262-3400. Subsede Campo [&hellip;]\" \/>\n<meta property=\"og:url\" content=\"https:\/\/www.sinpro-rio.org.br\/principal\/subsede-barra-da-tijuca-recesso-de-21-de-dezembro-ate-20-de-janeiro\/\" \/>\n<meta property=\"og:site_name\" content=\"Sinpro-Rio\" \/>\n<meta property=\"article:published_time\" content=\"2015-12-08T00:00:00+00:00\" \/>\n<meta name=\"author\" content=\"rafaelrjp\" \/>\n<meta name=\"twitter:card\" content=\"summary_large_image\" \/>\n<meta name=\"twitter:label1\" content=\"Escrito por\" \/>\n\t<meta name=\"twitter:data1\" content=\"rafaelrjp\" \/>\n<script type=\"application\/ld+json\" class=\"yoast-schema-graph\">{\"@context\":\"https:\/\/schema.org\",\"@graph\":[{\"@type\":\"WebPage\",\"@id\":\"https:\/\/www.sinpro-rio.org.br\/principal\/subsede-barra-da-tijuca-recesso-de-21-de-dezembro-ate-20-de-janeiro\/\",\"url\":\"https:\/\/www.sinpro-rio.org.br\/principal\/subsede-barra-da-tijuca-recesso-de-21-de-dezembro-ate-20-de-janeiro\/\",\"name\":\"Subsede Barra da Tijuca: recesso de 21 de dezembro at\u00e9 20 de janeiro - Sinpro-Rio\",\"isPartOf\":{\"@id\":\"https:\/\/www.sinpro-rio.org.br\/principal\/#website\"},\"datePublished\":\"2015-12-08T00:00:00+00:00\",\"author\":{\"@id\":\"https:\/\/www.sinpro-rio.org.br\/principal\/#\/schema\/person\/49feb585a2f57a31a6bd9f16f78e5be6\"},\"breadcrumb\":{\"@id\":\"https:\/\/www.sinpro-rio.org.br\/principal\/subsede-barra-da-tijuca-recesso-de-21-de-dezembro-ate-20-de-janeiro\/#breadcrumb\"},\"inLanguage\":\"pt-BR\",\"potentialAction\":[{\"@type\":\"ReadAction\",\"target\":[\"https:\/\/www.sinpro-rio.org.br\/principal\/subsede-barra-da-tijuca-recesso-de-21-de-dezembro-ate-20-de-janeiro\/\"]}]},{\"@type\":\"BreadcrumbList\",\"@id\":\"https:\/\/www.sinpro-rio.org.br\/principal\/subsede-barra-da-tijuca-recesso-de-21-de-dezembro-ate-20-de-janeiro\/#breadcrumb\",\"itemListElement\":[{\"@type\":\"ListItem\",\"position\":1,\"name\":\"In\u00edcio\",\"item\":\"https:\/\/www.sinpro-rio.org.br\/principal\/\"},{\"@type\":\"ListItem\",\"position\":2,\"name\":\"Subsede Barra da Tijuca: recesso de 21 de dezembro at\u00e9 20 de janeiro\"}]},{\"@type\":\"WebSite\",\"@id\":\"https:\/\/www.sinpro-rio.org.br\/principal\/#website\",\"url\":\"https:\/\/www.sinpro-rio.org.br\/principal\/\",\"name\":\"Sinpro-Rio\",\"description\":\"Sindicato dos Professores do Munic\u00edpio do Rio de Janeiro e Regi\u00e3o\",\"potentialAction\":[{\"@type\":\"SearchAction\",\"target\":{\"@type\":\"EntryPoint\",\"urlTemplate\":\"https:\/\/www.sinpro-rio.org.br\/principal\/?s={search_term_string}\"},\"query-input\":{\"@type\":\"PropertyValueSpecification\",\"valueRequired\":true,\"valueName\":\"search_term_string\"}}],\"inLanguage\":\"pt-BR\"},{\"@type\":\"Person\",\"@id\":\"https:\/\/www.sinpro-rio.org.br\/principal\/#\/schema\/person\/49feb585a2f57a31a6bd9f16f78e5be6\",\"name\":\"rafaelrjp\",\"image\":{\"@type\":\"ImageObject\",\"inLanguage\":\"pt-BR\",\"@id\":\"https:\/\/www.sinpro-rio.org.br\/principal\/#\/schema\/person\/image\/\",\"url\":\"https:\/\/secure.gravatar.com\/avatar\/489371a0ba4655c340b519882c68cf68?s=96&d=mm&r=g\",\"contentUrl\":\"https:\/\/secure.gravatar.com\/avatar\/489371a0ba4655c340b519882c68cf68?s=96&d=mm&r=g\",\"caption\":\"rafaelrjp\"},\"url\":\"https:\/\/www.sinpro-rio.org.br\/principal\/author\/rafaelrjp\/\"}]}<\/script>\n<!-- \/ Yoast SEO plugin. -->","yoast_head_json":{"title":"Subsede Barra da Tijuca: recesso de 21 de dezembro at\u00e9 20 de janeiro - Sinpro-Rio","robots":{"index":"index","follow":"follow","max-snippet":"max-snippet:-1","max-image-preview":"max-image-preview:large","max-video-preview":"max-video-preview:-1"},"canonical":"https:\/\/www.sinpro-rio.org.br\/principal\/subsede-barra-da-tijuca-recesso-de-21-de-dezembro-ate-20-de-janeiro\/","og_locale":"pt_BR","og_type":"article","og_title":"Subsede Barra da Tijuca: recesso de 21 de dezembro at\u00e9 20 de janeiro - Sinpro-Rio","og_description":"08\/12\/2015 Informamos que a Subsede Barra da Tijuca n\u00e3o funcionar\u00e1 entre os dias 21 de dezembro e 20 de janeiro. Em caso de urg\u00eancia, procure ou telefone para a Sede Centro ou a Subsede Campo Grande. Sede Centro: Rua Pedro Lessa, 35, 2\u00ba andar, Centro do Rio (pr\u00f3ximo ao Metr\u00f4 Cinel\u00e2ndia). Telefone: 3262-3400. Subsede Campo [&hellip;]","og_url":"https:\/\/www.sinpro-rio.org.br\/principal\/subsede-barra-da-tijuca-recesso-de-21-de-dezembro-ate-20-de-janeiro\/","og_site_name":"Sinpro-Rio","article_published_time":"2015-12-08T00:00:00+00:00","author":"rafaelrjp","twitter_card":"summary_large_image","twitter_misc":{"Escrito por":"rafaelrjp"},"schema":{"@context":"https:\/\/schema.org","@graph":[{"@type":"WebPage","@id":"https:\/\/www.sinpro-rio.org.br\/principal\/subsede-barra-da-tijuca-recesso-de-21-de-dezembro-ate-20-de-janeiro\/","url":"https:\/\/www.sinpro-rio.org.br\/principal\/subsede-barra-da-tijuca-recesso-de-21-de-dezembro-ate-20-de-janeiro\/","name":"Subsede Barra da Tijuca: recesso de 21 de dezembro at\u00e9 20 de janeiro - Sinpro-Rio","isPartOf":{"@id":"https:\/\/www.sinpro-rio.org.br\/principal\/#website"},"datePublished":"2015-12-08T00:00:00+00:00","author":{"@id":"https:\/\/www.sinpro-rio.org.br\/principal\/#\/schema\/person\/49feb585a2f57a31a6bd9f16f78e5be6"},"breadcrumb":{"@id":"https:\/\/www.sinpro-rio.org.br\/principal\/subsede-barra-da-tijuca-recesso-de-21-de-dezembro-ate-20-de-janeiro\/#breadcrumb"},"inLanguage":"pt-BR","potentialAction":[{"@type":"ReadAction","target":["https:\/\/www.sinpro-rio.org.br\/principal\/subsede-barra-da-tijuca-recesso-de-21-de-dezembro-ate-20-de-janeiro\/"]}]},{"@type":"BreadcrumbList","@id":"https:\/\/www.sinpro-rio.org.br\/principal\/subsede-barra-da-tijuca-recesso-de-21-de-dezembro-ate-20-de-janeiro\/#breadcrumb","itemListElement":[{"@type":"ListItem","position":1,"name":"In\u00edcio","item":"https:\/\/www.sinpro-rio.org.br\/principal\/"},{"@type":"ListItem","position":2,"name":"Subsede Barra da Tijuca: recesso de 21 de dezembro at\u00e9 20 de janeiro"}]},{"@type":"WebSite","@id":"https:\/\/www.sinpro-rio.org.br\/principal\/#website","url":"https:\/\/www.sinpro-rio.org.br\/principal\/","name":"Sinpro-Rio","description":"Sindicato dos Professores do Munic\u00edpio do Rio de Janeiro e Regi\u00e3o","potentialAction":[{"@type":"SearchAction","target":{"@type":"EntryPoint","urlTemplate":"https:\/\/www.sinpro-rio.org.br\/principal\/?s={search_term_string}"},"query-input":{"@type":"PropertyValueSpecification","valueRequired":true,"valueName":"search_term_string"}}],"inLanguage":"pt-BR"},{"@type":"Person","@id":"https:\/\/www.sinpro-rio.org.br\/principal\/#\/schema\/person\/49feb585a2f57a31a6bd9f16f78e5be6","name":"rafaelrjp","image":{"@type":"ImageObject","inLanguage":"pt-BR","@id":"https:\/\/www.sinpro-rio.org.br\/principal\/#\/schema\/person\/image\/","url":"https:\/\/secure.gravatar.com\/avatar\/489371a0ba4655c340b519882c68cf68?s=96&d=mm&r=g","contentUrl":"https:\/\/secure.gravatar.com\/avatar\/489371a0ba4655c340b519882c68cf68?s=96&d=mm&r=g","caption":"rafaelrjp"},"url":"https:\/\/www.sinpro-rio.org.br\/principal\/author\/rafaelrjp\/"}]}},"_links":{"self":[{"href":"https:\/\/www.sinpro-rio.org.br\/principal\/wp-json\/wp\/v2\/posts\/19939","targetHints":{"allow":["GET"]}}],"collection":[{"href":"https:\/\/www.sinpro-rio.org.br\/principal\/wp-json\/wp\/v2\/posts"}],"about":[{"href":"https:\/\/www.sinpro-rio.org.br\/principal\/wp-json\/wp\/v2\/types\/post"}],"author":[{"embeddable":true,"href":"https:\/\/www.sinpro-rio.org.br\/principal\/wp-json\/wp\/v2\/users\/1"}],"replies":[{"embeddable":true,"href":"https:\/\/www.sinpro-rio.org.br\/principal\/wp-json\/wp\/v2\/comments?post=19939"}],"version-history":[{"count":0,"href":"https:\/\/www.sinpro-rio.org.br\/principal\/wp-json\/wp\/v2\/posts\/19939\/revisions"}],"wp:attachment":[{"href":"https:\/\/www.sinpro-rio.org.br\/principal\/wp-json\/wp\/v2\/media?parent=19939"}],"wp:term":[{"taxonomy":"category","embeddable":true,"href":"https:\/\/www.sinpro-rio.org.br\/principal\/wp-json\/wp\/v2\/categories?post=19939"},{"taxonomy":"post_tag","embeddable":true,"href":"https:\/\/www.sinpro-rio.org.br\/principal\/wp-json\/wp\/v2\/tags?post=19939"}],"curies":[{"name":"wp","href":"https:\/\/api.w.org\/{rel}","templated":true}]}}