{"id":19933,"date":"2015-12-11T00:00:00","date_gmt":"2015-12-11T00:00:00","guid":{"rendered":""},"modified":"-0001-11-30T00:00:00","modified_gmt":"-0001-11-30T03:00:00","slug":"copap-realiza-sua-tradicional-festa-de-fim-de-ano","status":"publish","type":"post","link":"https:\/\/www.sinpro-rio.org.br\/principal\/copap-realiza-sua-tradicional-festa-de-fim-de-ano\/","title":{"rendered":"Copap realiza sua tradicional festa de fim de ano"},"content":{"rendered":"\n<p>\n <em><br \/>\n  11\/12\/2015<br \/>\n <\/em>\n<\/p>\n<p>\n <img decoding=\"async\" align=\"right\" alt=\"foto\" src=\"http:\/\/www.sinprorio.pro.br\/site_antigo\/imagens\/noticia\/2015\/copap1112.JPG\" width=\"400\"\/>\n<\/p>\n<p>\n Nesta sexta-feira, 11 de dezembro, a Comiss\u00e3o dos Professores Aposentados e Pensionistas (Copap) se reuniu para sua tradicional festa de fim de ano. A presidente da comiss\u00e3o, Adalgiza Burity, saudou a todos e agradeceu por mais um ano juntos. O ex-presidente Francilio Paes Leme tamb\u00e9m esteve presente.<\/p>\n<p>\n  O professor e diretor do Sinpro-Rio, Mario Maturo, lan\u00e7ou seu livro \u201cComo ensinei Matem\u00e1tica\u201d e conversou com os docentes sobre sua experi\u00eancia de mais de quarenta anos em sala de aula e sobre o livro onde, numa linguagem simples e informal, mostra aos novos ou futuros mestres onde o aluno vai errar, onde ele vai questionar por que fez desse jeito e n\u00e3o de outro, entre outros.<\/p>\n<p>\n   Ap\u00f3s, a categoria se divertiu, cantou e dan\u00e7ou com m\u00fasica ao vivo e participa\u00e7\u00f5es especiais dos professores. No in\u00edcio da tarde foi servido um almo\u00e7o de<br \/>\nconfraterniza\u00e7\u00e3o e em seguida foi feita a troca de presentes de amigo oculto. Ao fim das atividades os professores foram informados sobre as pr\u00f3ximas atividades da Copap, despedindo-se com um \u201cat\u00e9 2016\u201d.<\/p>\n<p>\n    Veja as fotos da confraterniza\u00e7\u00e3o<br \/>\n    <a href=\"https:\/\/www.facebook.com\/media\/set\/?set=a.1156307941064671.1073741874.298247816870692&amp;type=3&amp;uploaded=13\"><br \/>\n     aqui<br \/>\n    <\/a><br \/>\n    .\n   <\/p>\n<\/p>\n<\/p>\n<p>\n O professor e diretor do Sinpro-Rio, Mario Maturo, lan\u00e7ou seu livro \u201cComo ensinei Matem\u00e1tica\u201d e conversou com os docentes sobre sua experi\u00eancia de mais de quarenta anos em sala de aula e sobre o livro onde, numa linguagem simples e informal, mostra aos novos ou futuros mestres onde o aluno vai errar, onde ele vai questionar por que fez desse jeito e n\u00e3o de outro, entre outros.<\/p>\n<p>\n  Ap\u00f3s, a categoria se divertiu, cantou e dan\u00e7ou com m\u00fasica ao vivo e participa\u00e7\u00f5es especiais dos professores. No in\u00edcio da tarde foi servido um almo\u00e7o de<br \/>\nconfraterniza\u00e7\u00e3o e em seguida foi feita a troca de presentes de amigo oculto. Ao fim das atividades os professores foram informados sobre as pr\u00f3ximas atividades da Copap, despedindo-se com um \u201cat\u00e9 2016\u201d.<\/p>\n<p>\n   Veja as fotos da confraterniza\u00e7\u00e3o<br \/>\n   <a href=\"https:\/\/www.facebook.com\/media\/set\/?set=a.1156307941064671.1073741874.298247816870692&amp;type=3&amp;uploaded=13\"><br \/>\n    aqui<br \/>\n   <\/a><br \/>\n   .\n  <\/p>\n<\/p>\n<p>\n Ap\u00f3s, a categoria se divertiu, cantou e dan\u00e7ou com m\u00fasica ao vivo e participa\u00e7\u00f5es especiais dos professores. No in\u00edcio da tarde foi servido um almo\u00e7o de<br \/>\nconfraterniza\u00e7\u00e3o e em seguida foi feita a troca de presentes de amigo oculto. Ao fim das atividades os professores foram informados sobre as pr\u00f3ximas atividades da Copap, despedindo-se com um \u201cat\u00e9 2016\u201d.<\/p>\n<p>\n  Veja as fotos da confraterniza\u00e7\u00e3o<br \/>\n  <a href=\"https:\/\/www.facebook.com\/media\/set\/?set=a.1156307941064671.1073741874.298247816870692&amp;type=3&amp;uploaded=13\"><br \/>\n   aqui<br \/>\n  <\/a><br \/>\n  .\n <\/p>\n<\/p>\n<p>\n Veja as fotos da confraterniza\u00e7\u00e3o<br \/>\n <a href=\"https:\/\/www.facebook.com\/media\/set\/?set=a.1156307941064671.1073741874.298247816870692&amp;type=3&amp;uploaded=13\"><br \/>\n  aqui<br \/>\n <\/a><br \/>\n .<\/p>\n","protected":false},"excerpt":{"rendered":"<p>11\/12\/2015 Nesta sexta-feira, 11 de dezembro, a Comiss\u00e3o dos Professores Aposentados e Pensionistas (Copap) se reuniu para sua tradicional festa de fim de ano. A presidente da comiss\u00e3o, Adalgiza Burity, saudou a todos e agradeceu por mais um ano juntos. O ex-presidente Francilio Paes Leme tamb\u00e9m esteve presente. O professor e diretor do Sinpro-Rio, Mario [&hellip;]<\/p>\n","protected":false},"author":1,"featured_media":0,"comment_status":"closed","ping_status":"open","sticky":false,"template":"","format":"standard","meta":{"footnotes":""},"categories":[1],"tags":[],"class_list":["post-19933","post","type-post","status-publish","format-standard","hentry","category-noticias"],"yoast_head":"<!-- This site is optimized with the Yoast SEO plugin v25.7 - https:\/\/yoast.com\/wordpress\/plugins\/seo\/ -->\n<title>Copap realiza sua tradicional festa de fim de ano - Sinpro-Rio<\/title>\n<meta name=\"robots\" content=\"index, follow, max-snippet:-1, max-image-preview:large, max-video-preview:-1\" \/>\n<link rel=\"canonical\" href=\"https:\/\/www.sinpro-rio.org.br\/principal\/copap-realiza-sua-tradicional-festa-de-fim-de-ano\/\" \/>\n<meta property=\"og:locale\" content=\"pt_BR\" \/>\n<meta property=\"og:type\" content=\"article\" \/>\n<meta property=\"og:title\" content=\"Copap realiza sua tradicional festa de fim de ano - Sinpro-Rio\" \/>\n<meta property=\"og:description\" content=\"11\/12\/2015 Nesta sexta-feira, 11 de dezembro, a Comiss\u00e3o dos Professores Aposentados e Pensionistas (Copap) se reuniu para sua tradicional festa de fim de ano. A presidente da comiss\u00e3o, Adalgiza Burity, saudou a todos e agradeceu por mais um ano juntos. O ex-presidente Francilio Paes Leme tamb\u00e9m esteve presente. O professor e diretor do Sinpro-Rio, Mario [&hellip;]\" \/>\n<meta property=\"og:url\" content=\"https:\/\/www.sinpro-rio.org.br\/principal\/copap-realiza-sua-tradicional-festa-de-fim-de-ano\/\" \/>\n<meta property=\"og:site_name\" content=\"Sinpro-Rio\" \/>\n<meta property=\"article:published_time\" content=\"2015-12-11T00:00:00+00:00\" \/>\n<meta property=\"og:image\" content=\"http:\/\/www.sinprorio.pro.br\/site_antigo\/imagens\/noticia\/2015\/copap1112.JPG\" \/>\n<meta name=\"author\" content=\"rafaelrjp\" \/>\n<meta name=\"twitter:card\" content=\"summary_large_image\" \/>\n<meta name=\"twitter:label1\" content=\"Escrito por\" \/>\n\t<meta name=\"twitter:data1\" content=\"rafaelrjp\" \/>\n\t<meta name=\"twitter:label2\" content=\"Est. tempo de leitura\" \/>\n\t<meta name=\"twitter:data2\" content=\"2 minutos\" \/>\n<script type=\"application\/ld+json\" class=\"yoast-schema-graph\">{\"@context\":\"https:\/\/schema.org\",\"@graph\":[{\"@type\":\"WebPage\",\"@id\":\"https:\/\/www.sinpro-rio.org.br\/principal\/copap-realiza-sua-tradicional-festa-de-fim-de-ano\/\",\"url\":\"https:\/\/www.sinpro-rio.org.br\/principal\/copap-realiza-sua-tradicional-festa-de-fim-de-ano\/\",\"name\":\"Copap realiza sua tradicional festa de fim de ano - Sinpro-Rio\",\"isPartOf\":{\"@id\":\"https:\/\/www.sinpro-rio.org.br\/principal\/#website\"},\"primaryImageOfPage\":{\"@id\":\"https:\/\/www.sinpro-rio.org.br\/principal\/copap-realiza-sua-tradicional-festa-de-fim-de-ano\/#primaryimage\"},\"image\":{\"@id\":\"https:\/\/www.sinpro-rio.org.br\/principal\/copap-realiza-sua-tradicional-festa-de-fim-de-ano\/#primaryimage\"},\"thumbnailUrl\":\"http:\/\/www.sinprorio.pro.br\/site_antigo\/imagens\/noticia\/2015\/copap1112.JPG\",\"datePublished\":\"2015-12-11T00:00:00+00:00\",\"author\":{\"@id\":\"https:\/\/www.sinpro-rio.org.br\/principal\/#\/schema\/person\/49feb585a2f57a31a6bd9f16f78e5be6\"},\"breadcrumb\":{\"@id\":\"https:\/\/www.sinpro-rio.org.br\/principal\/copap-realiza-sua-tradicional-festa-de-fim-de-ano\/#breadcrumb\"},\"inLanguage\":\"pt-BR\",\"potentialAction\":[{\"@type\":\"ReadAction\",\"target\":[\"https:\/\/www.sinpro-rio.org.br\/principal\/copap-realiza-sua-tradicional-festa-de-fim-de-ano\/\"]}]},{\"@type\":\"ImageObject\",\"inLanguage\":\"pt-BR\",\"@id\":\"https:\/\/www.sinpro-rio.org.br\/principal\/copap-realiza-sua-tradicional-festa-de-fim-de-ano\/#primaryimage\",\"url\":\"http:\/\/www.sinprorio.pro.br\/site_antigo\/imagens\/noticia\/2015\/copap1112.JPG\",\"contentUrl\":\"http:\/\/www.sinprorio.pro.br\/site_antigo\/imagens\/noticia\/2015\/copap1112.JPG\"},{\"@type\":\"BreadcrumbList\",\"@id\":\"https:\/\/www.sinpro-rio.org.br\/principal\/copap-realiza-sua-tradicional-festa-de-fim-de-ano\/#breadcrumb\",\"itemListElement\":[{\"@type\":\"ListItem\",\"position\":1,\"name\":\"In\u00edcio\",\"item\":\"https:\/\/www.sinpro-rio.org.br\/principal\/\"},{\"@type\":\"ListItem\",\"position\":2,\"name\":\"Copap realiza sua tradicional festa de fim de ano\"}]},{\"@type\":\"WebSite\",\"@id\":\"https:\/\/www.sinpro-rio.org.br\/principal\/#website\",\"url\":\"https:\/\/www.sinpro-rio.org.br\/principal\/\",\"name\":\"Sinpro-Rio\",\"description\":\"Sindicato dos Professores do Munic\u00edpio do Rio de Janeiro e Regi\u00e3o\",\"potentialAction\":[{\"@type\":\"SearchAction\",\"target\":{\"@type\":\"EntryPoint\",\"urlTemplate\":\"https:\/\/www.sinpro-rio.org.br\/principal\/?s={search_term_string}\"},\"query-input\":{\"@type\":\"PropertyValueSpecification\",\"valueRequired\":true,\"valueName\":\"search_term_string\"}}],\"inLanguage\":\"pt-BR\"},{\"@type\":\"Person\",\"@id\":\"https:\/\/www.sinpro-rio.org.br\/principal\/#\/schema\/person\/49feb585a2f57a31a6bd9f16f78e5be6\",\"name\":\"rafaelrjp\",\"image\":{\"@type\":\"ImageObject\",\"inLanguage\":\"pt-BR\",\"@id\":\"https:\/\/www.sinpro-rio.org.br\/principal\/#\/schema\/person\/image\/\",\"url\":\"https:\/\/secure.gravatar.com\/avatar\/489371a0ba4655c340b519882c68cf68?s=96&d=mm&r=g\",\"contentUrl\":\"https:\/\/secure.gravatar.com\/avatar\/489371a0ba4655c340b519882c68cf68?s=96&d=mm&r=g\",\"caption\":\"rafaelrjp\"},\"url\":\"https:\/\/www.sinpro-rio.org.br\/principal\/author\/rafaelrjp\/\"}]}<\/script>\n<!-- \/ Yoast SEO plugin. -->","yoast_head_json":{"title":"Copap realiza sua tradicional festa de fim de ano - Sinpro-Rio","robots":{"index":"index","follow":"follow","max-snippet":"max-snippet:-1","max-image-preview":"max-image-preview:large","max-video-preview":"max-video-preview:-1"},"canonical":"https:\/\/www.sinpro-rio.org.br\/principal\/copap-realiza-sua-tradicional-festa-de-fim-de-ano\/","og_locale":"pt_BR","og_type":"article","og_title":"Copap realiza sua tradicional festa de fim de ano - Sinpro-Rio","og_description":"11\/12\/2015 Nesta sexta-feira, 11 de dezembro, a Comiss\u00e3o dos Professores Aposentados e Pensionistas (Copap) se reuniu para sua tradicional festa de fim de ano. A presidente da comiss\u00e3o, Adalgiza Burity, saudou a todos e agradeceu por mais um ano juntos. O ex-presidente Francilio Paes Leme tamb\u00e9m esteve presente. O professor e diretor do Sinpro-Rio, Mario [&hellip;]","og_url":"https:\/\/www.sinpro-rio.org.br\/principal\/copap-realiza-sua-tradicional-festa-de-fim-de-ano\/","og_site_name":"Sinpro-Rio","article_published_time":"2015-12-11T00:00:00+00:00","og_image":[{"url":"http:\/\/www.sinprorio.pro.br\/site_antigo\/imagens\/noticia\/2015\/copap1112.JPG","type":"","width":"","height":""}],"author":"rafaelrjp","twitter_card":"summary_large_image","twitter_misc":{"Escrito por":"rafaelrjp","Est. tempo de leitura":"2 minutos"},"schema":{"@context":"https:\/\/schema.org","@graph":[{"@type":"WebPage","@id":"https:\/\/www.sinpro-rio.org.br\/principal\/copap-realiza-sua-tradicional-festa-de-fim-de-ano\/","url":"https:\/\/www.sinpro-rio.org.br\/principal\/copap-realiza-sua-tradicional-festa-de-fim-de-ano\/","name":"Copap realiza sua tradicional festa de fim de ano - Sinpro-Rio","isPartOf":{"@id":"https:\/\/www.sinpro-rio.org.br\/principal\/#website"},"primaryImageOfPage":{"@id":"https:\/\/www.sinpro-rio.org.br\/principal\/copap-realiza-sua-tradicional-festa-de-fim-de-ano\/#primaryimage"},"image":{"@id":"https:\/\/www.sinpro-rio.org.br\/principal\/copap-realiza-sua-tradicional-festa-de-fim-de-ano\/#primaryimage"},"thumbnailUrl":"http:\/\/www.sinprorio.pro.br\/site_antigo\/imagens\/noticia\/2015\/copap1112.JPG","datePublished":"2015-12-11T00:00:00+00:00","author":{"@id":"https:\/\/www.sinpro-rio.org.br\/principal\/#\/schema\/person\/49feb585a2f57a31a6bd9f16f78e5be6"},"breadcrumb":{"@id":"https:\/\/www.sinpro-rio.org.br\/principal\/copap-realiza-sua-tradicional-festa-de-fim-de-ano\/#breadcrumb"},"inLanguage":"pt-BR","potentialAction":[{"@type":"ReadAction","target":["https:\/\/www.sinpro-rio.org.br\/principal\/copap-realiza-sua-tradicional-festa-de-fim-de-ano\/"]}]},{"@type":"ImageObject","inLanguage":"pt-BR","@id":"https:\/\/www.sinpro-rio.org.br\/principal\/copap-realiza-sua-tradicional-festa-de-fim-de-ano\/#primaryimage","url":"http:\/\/www.sinprorio.pro.br\/site_antigo\/imagens\/noticia\/2015\/copap1112.JPG","contentUrl":"http:\/\/www.sinprorio.pro.br\/site_antigo\/imagens\/noticia\/2015\/copap1112.JPG"},{"@type":"BreadcrumbList","@id":"https:\/\/www.sinpro-rio.org.br\/principal\/copap-realiza-sua-tradicional-festa-de-fim-de-ano\/#breadcrumb","itemListElement":[{"@type":"ListItem","position":1,"name":"In\u00edcio","item":"https:\/\/www.sinpro-rio.org.br\/principal\/"},{"@type":"ListItem","position":2,"name":"Copap realiza sua tradicional festa de fim de ano"}]},{"@type":"WebSite","@id":"https:\/\/www.sinpro-rio.org.br\/principal\/#website","url":"https:\/\/www.sinpro-rio.org.br\/principal\/","name":"Sinpro-Rio","description":"Sindicato dos Professores do Munic\u00edpio do Rio de Janeiro e Regi\u00e3o","potentialAction":[{"@type":"SearchAction","target":{"@type":"EntryPoint","urlTemplate":"https:\/\/www.sinpro-rio.org.br\/principal\/?s={search_term_string}"},"query-input":{"@type":"PropertyValueSpecification","valueRequired":true,"valueName":"search_term_string"}}],"inLanguage":"pt-BR"},{"@type":"Person","@id":"https:\/\/www.sinpro-rio.org.br\/principal\/#\/schema\/person\/49feb585a2f57a31a6bd9f16f78e5be6","name":"rafaelrjp","image":{"@type":"ImageObject","inLanguage":"pt-BR","@id":"https:\/\/www.sinpro-rio.org.br\/principal\/#\/schema\/person\/image\/","url":"https:\/\/secure.gravatar.com\/avatar\/489371a0ba4655c340b519882c68cf68?s=96&d=mm&r=g","contentUrl":"https:\/\/secure.gravatar.com\/avatar\/489371a0ba4655c340b519882c68cf68?s=96&d=mm&r=g","caption":"rafaelrjp"},"url":"https:\/\/www.sinpro-rio.org.br\/principal\/author\/rafaelrjp\/"}]}},"_links":{"self":[{"href":"https:\/\/www.sinpro-rio.org.br\/principal\/wp-json\/wp\/v2\/posts\/19933","targetHints":{"allow":["GET"]}}],"collection":[{"href":"https:\/\/www.sinpro-rio.org.br\/principal\/wp-json\/wp\/v2\/posts"}],"about":[{"href":"https:\/\/www.sinpro-rio.org.br\/principal\/wp-json\/wp\/v2\/types\/post"}],"author":[{"embeddable":true,"href":"https:\/\/www.sinpro-rio.org.br\/principal\/wp-json\/wp\/v2\/users\/1"}],"replies":[{"embeddable":true,"href":"https:\/\/www.sinpro-rio.org.br\/principal\/wp-json\/wp\/v2\/comments?post=19933"}],"version-history":[{"count":0,"href":"https:\/\/www.sinpro-rio.org.br\/principal\/wp-json\/wp\/v2\/posts\/19933\/revisions"}],"wp:attachment":[{"href":"https:\/\/www.sinpro-rio.org.br\/principal\/wp-json\/wp\/v2\/media?parent=19933"}],"wp:term":[{"taxonomy":"category","embeddable":true,"href":"https:\/\/www.sinpro-rio.org.br\/principal\/wp-json\/wp\/v2\/categories?post=19933"},{"taxonomy":"post_tag","embeddable":true,"href":"https:\/\/www.sinpro-rio.org.br\/principal\/wp-json\/wp\/v2\/tags?post=19933"}],"curies":[{"name":"wp","href":"https:\/\/api.w.org\/{rel}","templated":true}]}}