{"id":19931,"date":"2015-12-14T00:00:00","date_gmt":"2015-12-14T00:00:00","guid":{"rendered":""},"modified":"-0001-11-30T00:00:00","modified_gmt":"-0001-11-30T03:00:00","slug":"nota-da-feteerj-o-processo-de-impedimento-da-presidente-dilma-e-golpe","status":"publish","type":"post","link":"https:\/\/www.sinpro-rio.org.br\/principal\/nota-da-feteerj-o-processo-de-impedimento-da-presidente-dilma-e-golpe\/","title":{"rendered":"Nota da FETEERJ: o processo de Impedimento da presidente Dilma \u00e9 golpe"},"content":{"rendered":"\n<p>\n <em><br \/>\n  14\/12\/2015<br \/>\n <\/em>\n<\/p>\n<p>\n A dire\u00e7\u00e3o colegiada da Federa\u00e7\u00e3o dos Trabalhadores em Estabelecimentos de Ensino no Estado do Rio de Janeiro (FETEERJ), reunida em Nova Friburgo, afirma: a democracia brasileira neste momento corre s\u00e9rio perigo.<br \/>\nO processo de \u201cimpeachment\u201d aberto pelo presidente da C\u00e2mara como uma forma de vingan\u00e7a contra o governo federal e tamb\u00e9m como uma boia de salva\u00e7\u00e3o contra os incont\u00e1veis processos que a Justi\u00e7a tem contra ele, tendo como justificativa fragil\u00edssima pr\u00e1ticas financeiras useiras e vezeiras em governos passados, est\u00e1 sendo usado pelas for\u00e7as conservadoras nacionais para retirar do poder constitu\u00eddo a presidente Dilma Roussef, democraticamente reeleita pela maioria dos eleitores brasileiros em 2014.<\/p>\n<p>\n  Trata-se, esse processo, e n\u00e3o temos meias palavras para dizer: de um golpe contra a democracia, que vem atropelando todos os ritos e prazos de defesa que o governo tem direito \u2013 e um golpe com o uso espetaculoso<br \/>\nda grande m\u00eddia, que tenta tornar para a popula\u00e7\u00e3o uma fraude em um processo leg\u00edtimo.<\/p>\n<p>\n   Com isso, a C\u00e2mara de Deputados nos \u201cbrinda\u201d quase diariamente com cenas tr\u00e1gicas de vota\u00e7\u00f5es \u201csecretas\u201d e outros golpes perpetrados pelo presidente da casa contra a base do governo.<br \/>\nEnfim, uma trama ordin\u00e1ria que, no final das contas, vem paralisando o pa\u00eds, que tem que enfrentar uma crise econ\u00f4mica mundial hist\u00f3rica.<\/p>\n<p>\n    Dessa forma, a FETEERJ se coloca em defesa da democracia, da Constitui\u00e7\u00e3o e contra o golpe do impeachment em andamento \u2013 em conjunto com a CNBB, a maioria dos governadores,<br \/>\nCONTEE, CUT, MST, UNE, CONTAG e dezenas de reitores, pr\u00f3-reitores e diretores de universidades p\u00fablicas e institutos t\u00e9cnicos federais, al\u00e9m de v\u00e1rias outras entidades nacionais e conhecidos intelectuais e artistas.<\/p>\n<p>\n     <b><br \/>\n      Dire\u00e7\u00e3o Colegiada da FETEERJ \u2013 dezembro de 2015 (Nova Friburgo\/RJ)<br \/>\n     <\/b>\n    <\/p>\n<\/p>\n<\/p>\n<p>\n Trata-se, esse processo, e n\u00e3o temos meias palavras para dizer: de um golpe contra a democracia, que vem atropelando todos os ritos e prazos de defesa que o governo tem direito \u2013 e um golpe com o uso espetaculoso<br \/>\nda grande m\u00eddia, que tenta tornar para a popula\u00e7\u00e3o uma fraude em um processo leg\u00edtimo.<\/p>\n<p>\n  Com isso, a C\u00e2mara de Deputados nos \u201cbrinda\u201d quase diariamente com cenas tr\u00e1gicas de vota\u00e7\u00f5es \u201csecretas\u201d e outros golpes perpetrados pelo presidente da casa contra a base do governo.<br \/>\nEnfim, uma trama ordin\u00e1ria que, no final das contas, vem paralisando o pa\u00eds, que tem que enfrentar uma crise econ\u00f4mica mundial hist\u00f3rica.<\/p>\n<p>\n   Dessa forma, a FETEERJ se coloca em defesa da democracia, da Constitui\u00e7\u00e3o e contra o golpe do impeachment em andamento \u2013 em conjunto com a CNBB, a maioria dos governadores,<br \/>\nCONTEE, CUT, MST, UNE, CONTAG e dezenas de reitores, pr\u00f3-reitores e diretores de universidades p\u00fablicas e institutos t\u00e9cnicos federais, al\u00e9m de v\u00e1rias outras entidades nacionais e conhecidos intelectuais e artistas.<\/p>\n<p>\n    <b><br \/>\n     Dire\u00e7\u00e3o Colegiada da FETEERJ \u2013 dezembro de 2015 (Nova Friburgo\/RJ)<br \/>\n    <\/b>\n   <\/p>\n<\/p>\n<\/p>\n<p>\n Com isso, a C\u00e2mara de Deputados nos \u201cbrinda\u201d quase diariamente com cenas tr\u00e1gicas de vota\u00e7\u00f5es \u201csecretas\u201d e outros golpes perpetrados pelo presidente da casa contra a base do governo.<br \/>\nEnfim, uma trama ordin\u00e1ria que, no final das contas, vem paralisando o pa\u00eds, que tem que enfrentar uma crise econ\u00f4mica mundial hist\u00f3rica.<\/p>\n<p>\n  Dessa forma, a FETEERJ se coloca em defesa da democracia, da Constitui\u00e7\u00e3o e contra o golpe do impeachment em andamento \u2013 em conjunto com a CNBB, a maioria dos governadores,<br \/>\nCONTEE, CUT, MST, UNE, CONTAG e dezenas de reitores, pr\u00f3-reitores e diretores de universidades p\u00fablicas e institutos t\u00e9cnicos federais, al\u00e9m de v\u00e1rias outras entidades nacionais e conhecidos intelectuais e artistas.<\/p>\n<p>\n   <b><br \/>\n    Dire\u00e7\u00e3o Colegiada da FETEERJ \u2013 dezembro de 2015 (Nova Friburgo\/RJ)<br \/>\n   <\/b>\n  <\/p>\n<\/p>\n<p>\n Dessa forma, a FETEERJ se coloca em defesa da democracia, da Constitui\u00e7\u00e3o e contra o golpe do impeachment em andamento \u2013 em conjunto com a CNBB, a maioria dos governadores,<br \/>\nCONTEE, CUT, MST, UNE, CONTAG e dezenas de reitores, pr\u00f3-reitores e diretores de universidades p\u00fablicas e institutos t\u00e9cnicos federais, al\u00e9m de v\u00e1rias outras entidades nacionais e conhecidos intelectuais e artistas.<\/p>\n<p>\n  <b><br \/>\n   Dire\u00e7\u00e3o Colegiada da FETEERJ \u2013 dezembro de 2015 (Nova Friburgo\/RJ)<br \/>\n  <\/b>\n <\/p>\n<\/p>\n<p>\n <b><br \/>\n  Dire\u00e7\u00e3o Colegiada da FETEERJ \u2013 dezembro de 2015 (Nova Friburgo\/RJ)<br \/>\n <\/b><\/p>\n","protected":false},"excerpt":{"rendered":"<p>14\/12\/2015 A dire\u00e7\u00e3o colegiada da Federa\u00e7\u00e3o dos Trabalhadores em Estabelecimentos de Ensino no Estado do Rio de Janeiro (FETEERJ), reunida em Nova Friburgo, afirma: a democracia brasileira neste momento corre s\u00e9rio perigo. O processo de \u201cimpeachment\u201d aberto pelo presidente da C\u00e2mara como uma forma de vingan\u00e7a contra o governo federal e tamb\u00e9m como uma boia [&hellip;]<\/p>\n","protected":false},"author":1,"featured_media":0,"comment_status":"closed","ping_status":"open","sticky":false,"template":"","format":"standard","meta":{"footnotes":""},"categories":[1],"tags":[],"class_list":["post-19931","post","type-post","status-publish","format-standard","hentry","category-noticias"],"yoast_head":"<!-- This site is optimized with the Yoast SEO plugin v25.7 - https:\/\/yoast.com\/wordpress\/plugins\/seo\/ -->\n<title>Nota da FETEERJ: o processo de Impedimento da presidente Dilma \u00e9 golpe - Sinpro-Rio<\/title>\n<meta name=\"robots\" content=\"index, follow, max-snippet:-1, max-image-preview:large, max-video-preview:-1\" \/>\n<link rel=\"canonical\" href=\"https:\/\/www.sinpro-rio.org.br\/principal\/nota-da-feteerj-o-processo-de-impedimento-da-presidente-dilma-e-golpe\/\" \/>\n<meta property=\"og:locale\" content=\"pt_BR\" \/>\n<meta property=\"og:type\" content=\"article\" \/>\n<meta property=\"og:title\" content=\"Nota da FETEERJ: o processo de Impedimento da presidente Dilma \u00e9 golpe - Sinpro-Rio\" \/>\n<meta property=\"og:description\" content=\"14\/12\/2015 A dire\u00e7\u00e3o colegiada da Federa\u00e7\u00e3o dos Trabalhadores em Estabelecimentos de Ensino no Estado do Rio de Janeiro (FETEERJ), reunida em Nova Friburgo, afirma: a democracia brasileira neste momento corre s\u00e9rio perigo. O processo de \u201cimpeachment\u201d aberto pelo presidente da C\u00e2mara como uma forma de vingan\u00e7a contra o governo federal e tamb\u00e9m como uma boia [&hellip;]\" \/>\n<meta property=\"og:url\" content=\"https:\/\/www.sinpro-rio.org.br\/principal\/nota-da-feteerj-o-processo-de-impedimento-da-presidente-dilma-e-golpe\/\" \/>\n<meta property=\"og:site_name\" content=\"Sinpro-Rio\" \/>\n<meta property=\"article:published_time\" content=\"2015-12-14T00:00:00+00:00\" \/>\n<meta name=\"author\" content=\"rafaelrjp\" \/>\n<meta name=\"twitter:card\" content=\"summary_large_image\" \/>\n<meta name=\"twitter:label1\" content=\"Escrito por\" \/>\n\t<meta name=\"twitter:data1\" content=\"rafaelrjp\" \/>\n\t<meta name=\"twitter:label2\" content=\"Est. tempo de leitura\" \/>\n\t<meta name=\"twitter:data2\" content=\"4 minutos\" \/>\n<script type=\"application\/ld+json\" class=\"yoast-schema-graph\">{\"@context\":\"https:\/\/schema.org\",\"@graph\":[{\"@type\":\"WebPage\",\"@id\":\"https:\/\/www.sinpro-rio.org.br\/principal\/nota-da-feteerj-o-processo-de-impedimento-da-presidente-dilma-e-golpe\/\",\"url\":\"https:\/\/www.sinpro-rio.org.br\/principal\/nota-da-feteerj-o-processo-de-impedimento-da-presidente-dilma-e-golpe\/\",\"name\":\"Nota da FETEERJ: o processo de Impedimento da presidente Dilma \u00e9 golpe - Sinpro-Rio\",\"isPartOf\":{\"@id\":\"https:\/\/www.sinpro-rio.org.br\/principal\/#website\"},\"datePublished\":\"2015-12-14T00:00:00+00:00\",\"author\":{\"@id\":\"https:\/\/www.sinpro-rio.org.br\/principal\/#\/schema\/person\/49feb585a2f57a31a6bd9f16f78e5be6\"},\"breadcrumb\":{\"@id\":\"https:\/\/www.sinpro-rio.org.br\/principal\/nota-da-feteerj-o-processo-de-impedimento-da-presidente-dilma-e-golpe\/#breadcrumb\"},\"inLanguage\":\"pt-BR\",\"potentialAction\":[{\"@type\":\"ReadAction\",\"target\":[\"https:\/\/www.sinpro-rio.org.br\/principal\/nota-da-feteerj-o-processo-de-impedimento-da-presidente-dilma-e-golpe\/\"]}]},{\"@type\":\"BreadcrumbList\",\"@id\":\"https:\/\/www.sinpro-rio.org.br\/principal\/nota-da-feteerj-o-processo-de-impedimento-da-presidente-dilma-e-golpe\/#breadcrumb\",\"itemListElement\":[{\"@type\":\"ListItem\",\"position\":1,\"name\":\"In\u00edcio\",\"item\":\"https:\/\/www.sinpro-rio.org.br\/principal\/\"},{\"@type\":\"ListItem\",\"position\":2,\"name\":\"Nota da FETEERJ: o processo de Impedimento da presidente Dilma \u00e9 golpe\"}]},{\"@type\":\"WebSite\",\"@id\":\"https:\/\/www.sinpro-rio.org.br\/principal\/#website\",\"url\":\"https:\/\/www.sinpro-rio.org.br\/principal\/\",\"name\":\"Sinpro-Rio\",\"description\":\"Sindicato dos Professores do Munic\u00edpio do Rio de Janeiro e Regi\u00e3o\",\"potentialAction\":[{\"@type\":\"SearchAction\",\"target\":{\"@type\":\"EntryPoint\",\"urlTemplate\":\"https:\/\/www.sinpro-rio.org.br\/principal\/?s={search_term_string}\"},\"query-input\":{\"@type\":\"PropertyValueSpecification\",\"valueRequired\":true,\"valueName\":\"search_term_string\"}}],\"inLanguage\":\"pt-BR\"},{\"@type\":\"Person\",\"@id\":\"https:\/\/www.sinpro-rio.org.br\/principal\/#\/schema\/person\/49feb585a2f57a31a6bd9f16f78e5be6\",\"name\":\"rafaelrjp\",\"image\":{\"@type\":\"ImageObject\",\"inLanguage\":\"pt-BR\",\"@id\":\"https:\/\/www.sinpro-rio.org.br\/principal\/#\/schema\/person\/image\/\",\"url\":\"https:\/\/secure.gravatar.com\/avatar\/489371a0ba4655c340b519882c68cf68?s=96&d=mm&r=g\",\"contentUrl\":\"https:\/\/secure.gravatar.com\/avatar\/489371a0ba4655c340b519882c68cf68?s=96&d=mm&r=g\",\"caption\":\"rafaelrjp\"},\"url\":\"https:\/\/www.sinpro-rio.org.br\/principal\/author\/rafaelrjp\/\"}]}<\/script>\n<!-- \/ Yoast SEO plugin. -->","yoast_head_json":{"title":"Nota da FETEERJ: o processo de Impedimento da presidente Dilma \u00e9 golpe - Sinpro-Rio","robots":{"index":"index","follow":"follow","max-snippet":"max-snippet:-1","max-image-preview":"max-image-preview:large","max-video-preview":"max-video-preview:-1"},"canonical":"https:\/\/www.sinpro-rio.org.br\/principal\/nota-da-feteerj-o-processo-de-impedimento-da-presidente-dilma-e-golpe\/","og_locale":"pt_BR","og_type":"article","og_title":"Nota da FETEERJ: o processo de Impedimento da presidente Dilma \u00e9 golpe - Sinpro-Rio","og_description":"14\/12\/2015 A dire\u00e7\u00e3o colegiada da Federa\u00e7\u00e3o dos Trabalhadores em Estabelecimentos de Ensino no Estado do Rio de Janeiro (FETEERJ), reunida em Nova Friburgo, afirma: a democracia brasileira neste momento corre s\u00e9rio perigo. O processo de \u201cimpeachment\u201d aberto pelo presidente da C\u00e2mara como uma forma de vingan\u00e7a contra o governo federal e tamb\u00e9m como uma boia [&hellip;]","og_url":"https:\/\/www.sinpro-rio.org.br\/principal\/nota-da-feteerj-o-processo-de-impedimento-da-presidente-dilma-e-golpe\/","og_site_name":"Sinpro-Rio","article_published_time":"2015-12-14T00:00:00+00:00","author":"rafaelrjp","twitter_card":"summary_large_image","twitter_misc":{"Escrito por":"rafaelrjp","Est. tempo de leitura":"4 minutos"},"schema":{"@context":"https:\/\/schema.org","@graph":[{"@type":"WebPage","@id":"https:\/\/www.sinpro-rio.org.br\/principal\/nota-da-feteerj-o-processo-de-impedimento-da-presidente-dilma-e-golpe\/","url":"https:\/\/www.sinpro-rio.org.br\/principal\/nota-da-feteerj-o-processo-de-impedimento-da-presidente-dilma-e-golpe\/","name":"Nota da FETEERJ: o processo de Impedimento da presidente Dilma \u00e9 golpe - Sinpro-Rio","isPartOf":{"@id":"https:\/\/www.sinpro-rio.org.br\/principal\/#website"},"datePublished":"2015-12-14T00:00:00+00:00","author":{"@id":"https:\/\/www.sinpro-rio.org.br\/principal\/#\/schema\/person\/49feb585a2f57a31a6bd9f16f78e5be6"},"breadcrumb":{"@id":"https:\/\/www.sinpro-rio.org.br\/principal\/nota-da-feteerj-o-processo-de-impedimento-da-presidente-dilma-e-golpe\/#breadcrumb"},"inLanguage":"pt-BR","potentialAction":[{"@type":"ReadAction","target":["https:\/\/www.sinpro-rio.org.br\/principal\/nota-da-feteerj-o-processo-de-impedimento-da-presidente-dilma-e-golpe\/"]}]},{"@type":"BreadcrumbList","@id":"https:\/\/www.sinpro-rio.org.br\/principal\/nota-da-feteerj-o-processo-de-impedimento-da-presidente-dilma-e-golpe\/#breadcrumb","itemListElement":[{"@type":"ListItem","position":1,"name":"In\u00edcio","item":"https:\/\/www.sinpro-rio.org.br\/principal\/"},{"@type":"ListItem","position":2,"name":"Nota da FETEERJ: o processo de Impedimento da presidente Dilma \u00e9 golpe"}]},{"@type":"WebSite","@id":"https:\/\/www.sinpro-rio.org.br\/principal\/#website","url":"https:\/\/www.sinpro-rio.org.br\/principal\/","name":"Sinpro-Rio","description":"Sindicato dos Professores do Munic\u00edpio do Rio de Janeiro e Regi\u00e3o","potentialAction":[{"@type":"SearchAction","target":{"@type":"EntryPoint","urlTemplate":"https:\/\/www.sinpro-rio.org.br\/principal\/?s={search_term_string}"},"query-input":{"@type":"PropertyValueSpecification","valueRequired":true,"valueName":"search_term_string"}}],"inLanguage":"pt-BR"},{"@type":"Person","@id":"https:\/\/www.sinpro-rio.org.br\/principal\/#\/schema\/person\/49feb585a2f57a31a6bd9f16f78e5be6","name":"rafaelrjp","image":{"@type":"ImageObject","inLanguage":"pt-BR","@id":"https:\/\/www.sinpro-rio.org.br\/principal\/#\/schema\/person\/image\/","url":"https:\/\/secure.gravatar.com\/avatar\/489371a0ba4655c340b519882c68cf68?s=96&d=mm&r=g","contentUrl":"https:\/\/secure.gravatar.com\/avatar\/489371a0ba4655c340b519882c68cf68?s=96&d=mm&r=g","caption":"rafaelrjp"},"url":"https:\/\/www.sinpro-rio.org.br\/principal\/author\/rafaelrjp\/"}]}},"_links":{"self":[{"href":"https:\/\/www.sinpro-rio.org.br\/principal\/wp-json\/wp\/v2\/posts\/19931","targetHints":{"allow":["GET"]}}],"collection":[{"href":"https:\/\/www.sinpro-rio.org.br\/principal\/wp-json\/wp\/v2\/posts"}],"about":[{"href":"https:\/\/www.sinpro-rio.org.br\/principal\/wp-json\/wp\/v2\/types\/post"}],"author":[{"embeddable":true,"href":"https:\/\/www.sinpro-rio.org.br\/principal\/wp-json\/wp\/v2\/users\/1"}],"replies":[{"embeddable":true,"href":"https:\/\/www.sinpro-rio.org.br\/principal\/wp-json\/wp\/v2\/comments?post=19931"}],"version-history":[{"count":0,"href":"https:\/\/www.sinpro-rio.org.br\/principal\/wp-json\/wp\/v2\/posts\/19931\/revisions"}],"wp:attachment":[{"href":"https:\/\/www.sinpro-rio.org.br\/principal\/wp-json\/wp\/v2\/media?parent=19931"}],"wp:term":[{"taxonomy":"category","embeddable":true,"href":"https:\/\/www.sinpro-rio.org.br\/principal\/wp-json\/wp\/v2\/categories?post=19931"},{"taxonomy":"post_tag","embeddable":true,"href":"https:\/\/www.sinpro-rio.org.br\/principal\/wp-json\/wp\/v2\/tags?post=19931"}],"curies":[{"name":"wp","href":"https:\/\/api.w.org\/{rel}","templated":true}]}}