{"id":19929,"date":"2015-12-16T00:00:00","date_gmt":"2015-12-16T00:00:00","guid":{"rendered":""},"modified":"-0001-11-30T00:00:00","modified_gmt":"-0001-11-30T03:00:00","slug":"jornal-metro-grupo-norte-americano-devry-anuncia-compra-do-ibmec","status":"publish","type":"post","link":"https:\/\/www.sinpro-rio.org.br\/principal\/jornal-metro-grupo-norte-americano-devry-anuncia-compra-do-ibmec\/","title":{"rendered":"Jornal Metro: Grupo norte-americano DeVry anuncia compra do Ibmec"},"content":{"rendered":"\n<p>\n <em><br \/>\n  16\/12\/2015<br \/>\n <\/em>\n<\/p>\n<p>\n A DeVry anunciou ontem a compra de 96,4% do Grupo Ibmec, na maior aquisi\u00e7\u00e3o j\u00e1 realizada no Brasil pela companhia norte-americana e que avalia a empresa da educa\u00e7\u00e3o superior em R$700 milh\u00f5es.<\/p>\n<p>\n  A aquisi\u00e7\u00e3o \u00e9 a d\u00e9cima realizada pela DeVry no Brasil. Excluindo a Ibmec, o grupo desembolsou US$570 milh\u00f5es nas nove compras de institui\u00e7\u00f5es de ensino anteriores. A compra do Ibmec trar\u00e1 para a DeVry cerca de 15 mil alunos em cursos de gradua\u00e7\u00e3o e p\u00f3s-gradua\u00e7\u00e3o e on-line em \u00e1reas como finan\u00e7as, siteistra\u00e7\u00e3o e engenharia. O Ibmec, fundado em 1970, tem campi no Rio de Janeiro, Bras\u00edlia, Belo Horizonte e Campinas (SP).<\/p>\n<p>\n   Veja abaixo a not\u00edcia publicada na p\u00e1gina 10 do Jornal Metro de hoje:<\/p>\n<p>\n    <img decoding=\"async\" align=\"center\" alt=\"foto\" src=\"http:\/\/www.sinprorio.pro.br\/site_antigo\/imagens\/noticia\/2015\/metro1612.jpg\" width=\"200\"\/>\n   <\/p>\n<p>\n    Confira<br \/>\n    <a href=\"http:\/\/issuu.com\/metro_brazil\/docs\/20151216_br_metro-rio\/11?e=0\"><br \/>\n     aqui<br \/>\n    <\/a><br \/>\n    a edi\u00e7\u00e3o completa do jornal.\n   <\/p>\n<\/p>\n<\/p>\n<p>\n A aquisi\u00e7\u00e3o \u00e9 a d\u00e9cima realizada pela DeVry no Brasil. Excluindo a Ibmec, o grupo desembolsou US$570 milh\u00f5es nas nove compras de institui\u00e7\u00f5es de ensino anteriores. A compra do Ibmec trar\u00e1 para a DeVry cerca de 15 mil alunos em cursos de gradua\u00e7\u00e3o e p\u00f3s-gradua\u00e7\u00e3o e on-line em \u00e1reas como finan\u00e7as, siteistra\u00e7\u00e3o e engenharia. O Ibmec, fundado em 1970, tem campi no Rio de Janeiro, Bras\u00edlia, Belo Horizonte e Campinas (SP).<\/p>\n<p>\n  Veja abaixo a not\u00edcia publicada na p\u00e1gina 10 do Jornal Metro de hoje:<\/p>\n<p>\n   <img decoding=\"async\" align=\"center\" alt=\"foto\" src=\"http:\/\/www.sinprorio.pro.br\/site_antigo\/imagens\/noticia\/2015\/metro1612.jpg\" width=\"200\"\/>\n  <\/p>\n<p>\n   Confira<br \/>\n   <a href=\"http:\/\/issuu.com\/metro_brazil\/docs\/20151216_br_metro-rio\/11?e=0\"><br \/>\n    aqui<br \/>\n   <\/a><br \/>\n   a edi\u00e7\u00e3o completa do jornal.\n  <\/p>\n<\/p>\n<p>\n Veja abaixo a not\u00edcia publicada na p\u00e1gina 10 do Jornal Metro de hoje:<\/p>\n<p>\n  <img decoding=\"async\" align=\"center\" alt=\"foto\" src=\"http:\/\/www.sinprorio.pro.br\/site_antigo\/imagens\/noticia\/2015\/metro1612.jpg\" width=\"200\"\/>\n <\/p>\n<p>\n  Confira<br \/>\n  <a href=\"http:\/\/issuu.com\/metro_brazil\/docs\/20151216_br_metro-rio\/11?e=0\"><br \/>\n   aqui<br \/>\n  <\/a><br \/>\n  a edi\u00e7\u00e3o completa do jornal.\n <\/p>\n<\/p>\n<p>\n <img decoding=\"async\" align=\"center\" alt=\"foto\" src=\"http:\/\/www.sinprorio.pro.br\/site_antigo\/imagens\/noticia\/2015\/metro1612.jpg\" width=\"200\"\/>\n<\/p>\n<p>\n Confira<br \/>\n <a href=\"http:\/\/issuu.com\/metro_brazil\/docs\/20151216_br_metro-rio\/11?e=0\"><br \/>\n  aqui<br \/>\n <\/a><br \/>\n a edi\u00e7\u00e3o completa do jornal.<\/p>\n","protected":false},"excerpt":{"rendered":"<p>16\/12\/2015 A DeVry anunciou ontem a compra de 96,4% do Grupo Ibmec, na maior aquisi\u00e7\u00e3o j\u00e1 realizada no Brasil pela companhia norte-americana e que avalia a empresa da educa\u00e7\u00e3o superior em R$700 milh\u00f5es. A aquisi\u00e7\u00e3o \u00e9 a d\u00e9cima realizada pela DeVry no Brasil. Excluindo a Ibmec, o grupo desembolsou US$570 milh\u00f5es nas nove compras de [&hellip;]<\/p>\n","protected":false},"author":1,"featured_media":0,"comment_status":"closed","ping_status":"open","sticky":false,"template":"","format":"standard","meta":{"footnotes":""},"categories":[1],"tags":[],"class_list":["post-19929","post","type-post","status-publish","format-standard","hentry","category-noticias"],"yoast_head":"<!-- This site is optimized with the Yoast SEO plugin v25.7 - https:\/\/yoast.com\/wordpress\/plugins\/seo\/ -->\n<title>Jornal Metro: Grupo norte-americano DeVry anuncia compra do Ibmec - Sinpro-Rio<\/title>\n<meta name=\"robots\" content=\"index, follow, max-snippet:-1, max-image-preview:large, max-video-preview:-1\" \/>\n<link rel=\"canonical\" href=\"https:\/\/www.sinpro-rio.org.br\/principal\/jornal-metro-grupo-norte-americano-devry-anuncia-compra-do-ibmec\/\" \/>\n<meta property=\"og:locale\" content=\"pt_BR\" \/>\n<meta property=\"og:type\" content=\"article\" \/>\n<meta property=\"og:title\" content=\"Jornal Metro: Grupo norte-americano DeVry anuncia compra do Ibmec - Sinpro-Rio\" \/>\n<meta property=\"og:description\" content=\"16\/12\/2015 A DeVry anunciou ontem a compra de 96,4% do Grupo Ibmec, na maior aquisi\u00e7\u00e3o j\u00e1 realizada no Brasil pela companhia norte-americana e que avalia a empresa da educa\u00e7\u00e3o superior em R$700 milh\u00f5es. A aquisi\u00e7\u00e3o \u00e9 a d\u00e9cima realizada pela DeVry no Brasil. Excluindo a Ibmec, o grupo desembolsou US$570 milh\u00f5es nas nove compras de [&hellip;]\" \/>\n<meta property=\"og:url\" content=\"https:\/\/www.sinpro-rio.org.br\/principal\/jornal-metro-grupo-norte-americano-devry-anuncia-compra-do-ibmec\/\" \/>\n<meta property=\"og:site_name\" content=\"Sinpro-Rio\" \/>\n<meta property=\"article:published_time\" content=\"2015-12-16T00:00:00+00:00\" \/>\n<meta property=\"og:image\" content=\"http:\/\/www.sinprorio.pro.br\/site_antigo\/imagens\/noticia\/2015\/metro1612.jpg\" \/>\n<meta name=\"author\" content=\"rafaelrjp\" \/>\n<meta name=\"twitter:card\" content=\"summary_large_image\" \/>\n<meta name=\"twitter:label1\" content=\"Escrito por\" \/>\n\t<meta name=\"twitter:data1\" content=\"rafaelrjp\" \/>\n\t<meta name=\"twitter:label2\" content=\"Est. tempo de leitura\" \/>\n\t<meta name=\"twitter:data2\" content=\"1 minuto\" \/>\n<script type=\"application\/ld+json\" class=\"yoast-schema-graph\">{\"@context\":\"https:\/\/schema.org\",\"@graph\":[{\"@type\":\"WebPage\",\"@id\":\"https:\/\/www.sinpro-rio.org.br\/principal\/jornal-metro-grupo-norte-americano-devry-anuncia-compra-do-ibmec\/\",\"url\":\"https:\/\/www.sinpro-rio.org.br\/principal\/jornal-metro-grupo-norte-americano-devry-anuncia-compra-do-ibmec\/\",\"name\":\"Jornal Metro: Grupo norte-americano DeVry anuncia compra do Ibmec - Sinpro-Rio\",\"isPartOf\":{\"@id\":\"https:\/\/www.sinpro-rio.org.br\/principal\/#website\"},\"primaryImageOfPage\":{\"@id\":\"https:\/\/www.sinpro-rio.org.br\/principal\/jornal-metro-grupo-norte-americano-devry-anuncia-compra-do-ibmec\/#primaryimage\"},\"image\":{\"@id\":\"https:\/\/www.sinpro-rio.org.br\/principal\/jornal-metro-grupo-norte-americano-devry-anuncia-compra-do-ibmec\/#primaryimage\"},\"thumbnailUrl\":\"http:\/\/www.sinprorio.pro.br\/site_antigo\/imagens\/noticia\/2015\/metro1612.jpg\",\"datePublished\":\"2015-12-16T00:00:00+00:00\",\"author\":{\"@id\":\"https:\/\/www.sinpro-rio.org.br\/principal\/#\/schema\/person\/49feb585a2f57a31a6bd9f16f78e5be6\"},\"breadcrumb\":{\"@id\":\"https:\/\/www.sinpro-rio.org.br\/principal\/jornal-metro-grupo-norte-americano-devry-anuncia-compra-do-ibmec\/#breadcrumb\"},\"inLanguage\":\"pt-BR\",\"potentialAction\":[{\"@type\":\"ReadAction\",\"target\":[\"https:\/\/www.sinpro-rio.org.br\/principal\/jornal-metro-grupo-norte-americano-devry-anuncia-compra-do-ibmec\/\"]}]},{\"@type\":\"ImageObject\",\"inLanguage\":\"pt-BR\",\"@id\":\"https:\/\/www.sinpro-rio.org.br\/principal\/jornal-metro-grupo-norte-americano-devry-anuncia-compra-do-ibmec\/#primaryimage\",\"url\":\"http:\/\/www.sinprorio.pro.br\/site_antigo\/imagens\/noticia\/2015\/metro1612.jpg\",\"contentUrl\":\"http:\/\/www.sinprorio.pro.br\/site_antigo\/imagens\/noticia\/2015\/metro1612.jpg\"},{\"@type\":\"BreadcrumbList\",\"@id\":\"https:\/\/www.sinpro-rio.org.br\/principal\/jornal-metro-grupo-norte-americano-devry-anuncia-compra-do-ibmec\/#breadcrumb\",\"itemListElement\":[{\"@type\":\"ListItem\",\"position\":1,\"name\":\"In\u00edcio\",\"item\":\"https:\/\/www.sinpro-rio.org.br\/principal\/\"},{\"@type\":\"ListItem\",\"position\":2,\"name\":\"Jornal Metro: Grupo norte-americano DeVry anuncia compra do Ibmec\"}]},{\"@type\":\"WebSite\",\"@id\":\"https:\/\/www.sinpro-rio.org.br\/principal\/#website\",\"url\":\"https:\/\/www.sinpro-rio.org.br\/principal\/\",\"name\":\"Sinpro-Rio\",\"description\":\"Sindicato dos Professores do Munic\u00edpio do Rio de Janeiro e Regi\u00e3o\",\"potentialAction\":[{\"@type\":\"SearchAction\",\"target\":{\"@type\":\"EntryPoint\",\"urlTemplate\":\"https:\/\/www.sinpro-rio.org.br\/principal\/?s={search_term_string}\"},\"query-input\":{\"@type\":\"PropertyValueSpecification\",\"valueRequired\":true,\"valueName\":\"search_term_string\"}}],\"inLanguage\":\"pt-BR\"},{\"@type\":\"Person\",\"@id\":\"https:\/\/www.sinpro-rio.org.br\/principal\/#\/schema\/person\/49feb585a2f57a31a6bd9f16f78e5be6\",\"name\":\"rafaelrjp\",\"image\":{\"@type\":\"ImageObject\",\"inLanguage\":\"pt-BR\",\"@id\":\"https:\/\/www.sinpro-rio.org.br\/principal\/#\/schema\/person\/image\/\",\"url\":\"https:\/\/secure.gravatar.com\/avatar\/489371a0ba4655c340b519882c68cf68?s=96&d=mm&r=g\",\"contentUrl\":\"https:\/\/secure.gravatar.com\/avatar\/489371a0ba4655c340b519882c68cf68?s=96&d=mm&r=g\",\"caption\":\"rafaelrjp\"},\"url\":\"https:\/\/www.sinpro-rio.org.br\/principal\/author\/rafaelrjp\/\"}]}<\/script>\n<!-- \/ Yoast SEO plugin. -->","yoast_head_json":{"title":"Jornal Metro: Grupo norte-americano DeVry anuncia compra do Ibmec - Sinpro-Rio","robots":{"index":"index","follow":"follow","max-snippet":"max-snippet:-1","max-image-preview":"max-image-preview:large","max-video-preview":"max-video-preview:-1"},"canonical":"https:\/\/www.sinpro-rio.org.br\/principal\/jornal-metro-grupo-norte-americano-devry-anuncia-compra-do-ibmec\/","og_locale":"pt_BR","og_type":"article","og_title":"Jornal Metro: Grupo norte-americano DeVry anuncia compra do Ibmec - Sinpro-Rio","og_description":"16\/12\/2015 A DeVry anunciou ontem a compra de 96,4% do Grupo Ibmec, na maior aquisi\u00e7\u00e3o j\u00e1 realizada no Brasil pela companhia norte-americana e que avalia a empresa da educa\u00e7\u00e3o superior em R$700 milh\u00f5es. A aquisi\u00e7\u00e3o \u00e9 a d\u00e9cima realizada pela DeVry no Brasil. Excluindo a Ibmec, o grupo desembolsou US$570 milh\u00f5es nas nove compras de [&hellip;]","og_url":"https:\/\/www.sinpro-rio.org.br\/principal\/jornal-metro-grupo-norte-americano-devry-anuncia-compra-do-ibmec\/","og_site_name":"Sinpro-Rio","article_published_time":"2015-12-16T00:00:00+00:00","og_image":[{"url":"http:\/\/www.sinprorio.pro.br\/site_antigo\/imagens\/noticia\/2015\/metro1612.jpg","type":"","width":"","height":""}],"author":"rafaelrjp","twitter_card":"summary_large_image","twitter_misc":{"Escrito por":"rafaelrjp","Est. tempo de leitura":"1 minuto"},"schema":{"@context":"https:\/\/schema.org","@graph":[{"@type":"WebPage","@id":"https:\/\/www.sinpro-rio.org.br\/principal\/jornal-metro-grupo-norte-americano-devry-anuncia-compra-do-ibmec\/","url":"https:\/\/www.sinpro-rio.org.br\/principal\/jornal-metro-grupo-norte-americano-devry-anuncia-compra-do-ibmec\/","name":"Jornal Metro: Grupo norte-americano DeVry anuncia compra do Ibmec - Sinpro-Rio","isPartOf":{"@id":"https:\/\/www.sinpro-rio.org.br\/principal\/#website"},"primaryImageOfPage":{"@id":"https:\/\/www.sinpro-rio.org.br\/principal\/jornal-metro-grupo-norte-americano-devry-anuncia-compra-do-ibmec\/#primaryimage"},"image":{"@id":"https:\/\/www.sinpro-rio.org.br\/principal\/jornal-metro-grupo-norte-americano-devry-anuncia-compra-do-ibmec\/#primaryimage"},"thumbnailUrl":"http:\/\/www.sinprorio.pro.br\/site_antigo\/imagens\/noticia\/2015\/metro1612.jpg","datePublished":"2015-12-16T00:00:00+00:00","author":{"@id":"https:\/\/www.sinpro-rio.org.br\/principal\/#\/schema\/person\/49feb585a2f57a31a6bd9f16f78e5be6"},"breadcrumb":{"@id":"https:\/\/www.sinpro-rio.org.br\/principal\/jornal-metro-grupo-norte-americano-devry-anuncia-compra-do-ibmec\/#breadcrumb"},"inLanguage":"pt-BR","potentialAction":[{"@type":"ReadAction","target":["https:\/\/www.sinpro-rio.org.br\/principal\/jornal-metro-grupo-norte-americano-devry-anuncia-compra-do-ibmec\/"]}]},{"@type":"ImageObject","inLanguage":"pt-BR","@id":"https:\/\/www.sinpro-rio.org.br\/principal\/jornal-metro-grupo-norte-americano-devry-anuncia-compra-do-ibmec\/#primaryimage","url":"http:\/\/www.sinprorio.pro.br\/site_antigo\/imagens\/noticia\/2015\/metro1612.jpg","contentUrl":"http:\/\/www.sinprorio.pro.br\/site_antigo\/imagens\/noticia\/2015\/metro1612.jpg"},{"@type":"BreadcrumbList","@id":"https:\/\/www.sinpro-rio.org.br\/principal\/jornal-metro-grupo-norte-americano-devry-anuncia-compra-do-ibmec\/#breadcrumb","itemListElement":[{"@type":"ListItem","position":1,"name":"In\u00edcio","item":"https:\/\/www.sinpro-rio.org.br\/principal\/"},{"@type":"ListItem","position":2,"name":"Jornal Metro: Grupo norte-americano DeVry anuncia compra do Ibmec"}]},{"@type":"WebSite","@id":"https:\/\/www.sinpro-rio.org.br\/principal\/#website","url":"https:\/\/www.sinpro-rio.org.br\/principal\/","name":"Sinpro-Rio","description":"Sindicato dos Professores do Munic\u00edpio do Rio de Janeiro e Regi\u00e3o","potentialAction":[{"@type":"SearchAction","target":{"@type":"EntryPoint","urlTemplate":"https:\/\/www.sinpro-rio.org.br\/principal\/?s={search_term_string}"},"query-input":{"@type":"PropertyValueSpecification","valueRequired":true,"valueName":"search_term_string"}}],"inLanguage":"pt-BR"},{"@type":"Person","@id":"https:\/\/www.sinpro-rio.org.br\/principal\/#\/schema\/person\/49feb585a2f57a31a6bd9f16f78e5be6","name":"rafaelrjp","image":{"@type":"ImageObject","inLanguage":"pt-BR","@id":"https:\/\/www.sinpro-rio.org.br\/principal\/#\/schema\/person\/image\/","url":"https:\/\/secure.gravatar.com\/avatar\/489371a0ba4655c340b519882c68cf68?s=96&d=mm&r=g","contentUrl":"https:\/\/secure.gravatar.com\/avatar\/489371a0ba4655c340b519882c68cf68?s=96&d=mm&r=g","caption":"rafaelrjp"},"url":"https:\/\/www.sinpro-rio.org.br\/principal\/author\/rafaelrjp\/"}]}},"_links":{"self":[{"href":"https:\/\/www.sinpro-rio.org.br\/principal\/wp-json\/wp\/v2\/posts\/19929","targetHints":{"allow":["GET"]}}],"collection":[{"href":"https:\/\/www.sinpro-rio.org.br\/principal\/wp-json\/wp\/v2\/posts"}],"about":[{"href":"https:\/\/www.sinpro-rio.org.br\/principal\/wp-json\/wp\/v2\/types\/post"}],"author":[{"embeddable":true,"href":"https:\/\/www.sinpro-rio.org.br\/principal\/wp-json\/wp\/v2\/users\/1"}],"replies":[{"embeddable":true,"href":"https:\/\/www.sinpro-rio.org.br\/principal\/wp-json\/wp\/v2\/comments?post=19929"}],"version-history":[{"count":0,"href":"https:\/\/www.sinpro-rio.org.br\/principal\/wp-json\/wp\/v2\/posts\/19929\/revisions"}],"wp:attachment":[{"href":"https:\/\/www.sinpro-rio.org.br\/principal\/wp-json\/wp\/v2\/media?parent=19929"}],"wp:term":[{"taxonomy":"category","embeddable":true,"href":"https:\/\/www.sinpro-rio.org.br\/principal\/wp-json\/wp\/v2\/categories?post=19929"},{"taxonomy":"post_tag","embeddable":true,"href":"https:\/\/www.sinpro-rio.org.br\/principal\/wp-json\/wp\/v2\/tags?post=19929"}],"curies":[{"name":"wp","href":"https:\/\/api.w.org\/{rel}","templated":true}]}}