{"id":19927,"date":"2015-12-17T00:00:00","date_gmt":"2015-12-17T00:00:00","guid":{"rendered":""},"modified":"-0001-11-30T00:00:00","modified_gmt":"-0001-11-30T03:00:00","slug":"ieic-mais-uma-vitoria-da-categoria-e-da-comunidade-escolar","status":"publish","type":"post","link":"https:\/\/www.sinpro-rio.org.br\/principal\/ieic-mais-uma-vitoria-da-categoria-e-da-comunidade-escolar\/","title":{"rendered":"Ieic: mais uma vit\u00f3ria da categoria e da comunidade escolar"},"content":{"rendered":"\n<p>\n <em><br \/>\n  17\/12\/2015<br \/>\n <\/em>\n<\/p>\n<p>\n Como j\u00e1 \u00e9 do conhecimento de todos, o Instituto Educacional Imaculada Concei\u00e7\u00e3o (Ieic) vem passando, desde o ano de 2014, por dificuldades na efetiva\u00e7\u00e3o de compromissos firmados, devido ao lit\u00edgio entre os filhos herdeiros do col\u00e9gio.<\/p>\n<p>\n  Nesse sentido, a ju\u00edza respons\u00e1vel pelo processo no qual a escola estava envolvida determinou, no m\u00eas passado, o fechamento da institui\u00e7\u00e3o de ensino e o leil\u00e3o dos bens,<br \/>\ntendo em vista a impossibilidade de um acordo com as partes interessadas. Os profissionais de educa\u00e7\u00e3o se mobilizaram e, junto com o Sinpro-Rio, deram in\u00edcio a um movimento de resgate da institui\u00e7\u00e3o;<br \/>\npois, al\u00e9m do desemprego de quase 200 trabalhadores, ter\u00edamos a situa\u00e7\u00e3o irrepar\u00e1vel de quase 2 mil crian\u00e7as e jovens sem escola, tendo em vista o fim do per\u00edodo da pr\u00e9-matr\u00edcula nas redes estadual e municipal<br \/>\ndo Rio de Janeiro e a dificuldade de matr\u00edcula nas escolas da regi\u00e3o que, al\u00e9m de mais distantes, s\u00e3o tamb\u00e9m muito mais caras.<\/p>\n<p>\n   Sendo assim, o Sinpro-Rio pediu audi\u00eancia com a ju\u00edza e, juntamente com o Sindicato dos Auxiliares Administrativos (SAAE-RJ), produziram um pedido conjunto para que, diante das argumenta\u00e7\u00f5es,<br \/>\na ju\u00edza concedesse a continuidade do funcionamento da escola, aliviando a tens\u00e3o dos pais, alunos, funcion\u00e1rios e professores.<\/p>\n<p>\n    O Sindicato reitera sua total solidariedade com a comunidade escolar. Este fato corrobora a m\u00e1xima de que \u201cs\u00f3 com mobiliza\u00e7\u00e3o e organiza\u00e7\u00e3o \u00e9 que se consegue a vit\u00f3ria almejada\u201d.<\/p>\n<p>\n     Com certeza, teremos agora um Natal mais feliz e um Ano Novo de esperan\u00e7as renovadas. \u00c9 o que deseja toda a Diretoria do Sinpro-Rio.\n    <\/p>\n<\/p>\n<\/p>\n<p>\n Nesse sentido, a ju\u00edza respons\u00e1vel pelo processo no qual a escola estava envolvida determinou, no m\u00eas passado, o fechamento da institui\u00e7\u00e3o de ensino e o leil\u00e3o dos bens,<br \/>\ntendo em vista a impossibilidade de um acordo com as partes interessadas. Os profissionais de educa\u00e7\u00e3o se mobilizaram e, junto com o Sinpro-Rio, deram in\u00edcio a um movimento de resgate da institui\u00e7\u00e3o;<br \/>\npois, al\u00e9m do desemprego de quase 200 trabalhadores, ter\u00edamos a situa\u00e7\u00e3o irrepar\u00e1vel de quase 2 mil crian\u00e7as e jovens sem escola, tendo em vista o fim do per\u00edodo da pr\u00e9-matr\u00edcula nas redes estadual e municipal<br \/>\ndo Rio de Janeiro e a dificuldade de matr\u00edcula nas escolas da regi\u00e3o que, al\u00e9m de mais distantes, s\u00e3o tamb\u00e9m muito mais caras.<\/p>\n<p>\n  Sendo assim, o Sinpro-Rio pediu audi\u00eancia com a ju\u00edza e, juntamente com o Sindicato dos Auxiliares Administrativos (SAAE-RJ), produziram um pedido conjunto para que, diante das argumenta\u00e7\u00f5es,<br \/>\na ju\u00edza concedesse a continuidade do funcionamento da escola, aliviando a tens\u00e3o dos pais, alunos, funcion\u00e1rios e professores.<\/p>\n<p>\n   O Sindicato reitera sua total solidariedade com a comunidade escolar. Este fato corrobora a m\u00e1xima de que \u201cs\u00f3 com mobiliza\u00e7\u00e3o e organiza\u00e7\u00e3o \u00e9 que se consegue a vit\u00f3ria almejada\u201d.<\/p>\n<p>\n    Com certeza, teremos agora um Natal mais feliz e um Ano Novo de esperan\u00e7as renovadas. \u00c9 o que deseja toda a Diretoria do Sinpro-Rio.\n   <\/p>\n<\/p>\n<\/p>\n<p>\n Sendo assim, o Sinpro-Rio pediu audi\u00eancia com a ju\u00edza e, juntamente com o Sindicato dos Auxiliares Administrativos (SAAE-RJ), produziram um pedido conjunto para que, diante das argumenta\u00e7\u00f5es,<br \/>\na ju\u00edza concedesse a continuidade do funcionamento da escola, aliviando a tens\u00e3o dos pais, alunos, funcion\u00e1rios e professores.<\/p>\n<p>\n  O Sindicato reitera sua total solidariedade com a comunidade escolar. Este fato corrobora a m\u00e1xima de que \u201cs\u00f3 com mobiliza\u00e7\u00e3o e organiza\u00e7\u00e3o \u00e9 que se consegue a vit\u00f3ria almejada\u201d.<\/p>\n<p>\n   Com certeza, teremos agora um Natal mais feliz e um Ano Novo de esperan\u00e7as renovadas. \u00c9 o que deseja toda a Diretoria do Sinpro-Rio.\n  <\/p>\n<\/p>\n<p>\n O Sindicato reitera sua total solidariedade com a comunidade escolar. Este fato corrobora a m\u00e1xima de que \u201cs\u00f3 com mobiliza\u00e7\u00e3o e organiza\u00e7\u00e3o \u00e9 que se consegue a vit\u00f3ria almejada\u201d.<\/p>\n<p>\n  Com certeza, teremos agora um Natal mais feliz e um Ano Novo de esperan\u00e7as renovadas. \u00c9 o que deseja toda a Diretoria do Sinpro-Rio.\n <\/p>\n<\/p>\n<p>\n Com certeza, teremos agora um Natal mais feliz e um Ano Novo de esperan\u00e7as renovadas. \u00c9 o que deseja toda a Diretoria do Sinpro-Rio.<\/p>\n","protected":false},"excerpt":{"rendered":"<p>17\/12\/2015 Como j\u00e1 \u00e9 do conhecimento de todos, o Instituto Educacional Imaculada Concei\u00e7\u00e3o (Ieic) vem passando, desde o ano de 2014, por dificuldades na efetiva\u00e7\u00e3o de compromissos firmados, devido ao lit\u00edgio entre os filhos herdeiros do col\u00e9gio. Nesse sentido, a ju\u00edza respons\u00e1vel pelo processo no qual a escola estava envolvida determinou, no m\u00eas passado, o [&hellip;]<\/p>\n","protected":false},"author":1,"featured_media":0,"comment_status":"closed","ping_status":"open","sticky":false,"template":"","format":"standard","meta":{"footnotes":""},"categories":[1],"tags":[],"class_list":["post-19927","post","type-post","status-publish","format-standard","hentry","category-noticias"],"yoast_head":"<!-- This site is optimized with the Yoast SEO plugin v25.7 - https:\/\/yoast.com\/wordpress\/plugins\/seo\/ -->\n<title>Ieic: mais uma vit\u00f3ria da categoria e da comunidade escolar - Sinpro-Rio<\/title>\n<meta name=\"robots\" content=\"index, follow, max-snippet:-1, max-image-preview:large, max-video-preview:-1\" \/>\n<link rel=\"canonical\" href=\"https:\/\/www.sinpro-rio.org.br\/principal\/ieic-mais-uma-vitoria-da-categoria-e-da-comunidade-escolar\/\" \/>\n<meta property=\"og:locale\" content=\"pt_BR\" \/>\n<meta property=\"og:type\" content=\"article\" \/>\n<meta property=\"og:title\" content=\"Ieic: mais uma vit\u00f3ria da categoria e da comunidade escolar - Sinpro-Rio\" \/>\n<meta property=\"og:description\" content=\"17\/12\/2015 Como j\u00e1 \u00e9 do conhecimento de todos, o Instituto Educacional Imaculada Concei\u00e7\u00e3o (Ieic) vem passando, desde o ano de 2014, por dificuldades na efetiva\u00e7\u00e3o de compromissos firmados, devido ao lit\u00edgio entre os filhos herdeiros do col\u00e9gio. Nesse sentido, a ju\u00edza respons\u00e1vel pelo processo no qual a escola estava envolvida determinou, no m\u00eas passado, o [&hellip;]\" \/>\n<meta property=\"og:url\" content=\"https:\/\/www.sinpro-rio.org.br\/principal\/ieic-mais-uma-vitoria-da-categoria-e-da-comunidade-escolar\/\" \/>\n<meta property=\"og:site_name\" content=\"Sinpro-Rio\" \/>\n<meta property=\"article:published_time\" content=\"2015-12-17T00:00:00+00:00\" \/>\n<meta name=\"author\" content=\"rafaelrjp\" \/>\n<meta name=\"twitter:card\" content=\"summary_large_image\" \/>\n<meta name=\"twitter:label1\" content=\"Escrito por\" \/>\n\t<meta name=\"twitter:data1\" content=\"rafaelrjp\" \/>\n\t<meta name=\"twitter:label2\" content=\"Est. tempo de leitura\" \/>\n\t<meta name=\"twitter:data2\" content=\"4 minutos\" \/>\n<script type=\"application\/ld+json\" class=\"yoast-schema-graph\">{\"@context\":\"https:\/\/schema.org\",\"@graph\":[{\"@type\":\"WebPage\",\"@id\":\"https:\/\/www.sinpro-rio.org.br\/principal\/ieic-mais-uma-vitoria-da-categoria-e-da-comunidade-escolar\/\",\"url\":\"https:\/\/www.sinpro-rio.org.br\/principal\/ieic-mais-uma-vitoria-da-categoria-e-da-comunidade-escolar\/\",\"name\":\"Ieic: mais uma vit\u00f3ria da categoria e da comunidade escolar - Sinpro-Rio\",\"isPartOf\":{\"@id\":\"https:\/\/www.sinpro-rio.org.br\/principal\/#website\"},\"datePublished\":\"2015-12-17T00:00:00+00:00\",\"author\":{\"@id\":\"https:\/\/www.sinpro-rio.org.br\/principal\/#\/schema\/person\/49feb585a2f57a31a6bd9f16f78e5be6\"},\"breadcrumb\":{\"@id\":\"https:\/\/www.sinpro-rio.org.br\/principal\/ieic-mais-uma-vitoria-da-categoria-e-da-comunidade-escolar\/#breadcrumb\"},\"inLanguage\":\"pt-BR\",\"potentialAction\":[{\"@type\":\"ReadAction\",\"target\":[\"https:\/\/www.sinpro-rio.org.br\/principal\/ieic-mais-uma-vitoria-da-categoria-e-da-comunidade-escolar\/\"]}]},{\"@type\":\"BreadcrumbList\",\"@id\":\"https:\/\/www.sinpro-rio.org.br\/principal\/ieic-mais-uma-vitoria-da-categoria-e-da-comunidade-escolar\/#breadcrumb\",\"itemListElement\":[{\"@type\":\"ListItem\",\"position\":1,\"name\":\"In\u00edcio\",\"item\":\"https:\/\/www.sinpro-rio.org.br\/principal\/\"},{\"@type\":\"ListItem\",\"position\":2,\"name\":\"Ieic: mais uma vit\u00f3ria da categoria e da comunidade escolar\"}]},{\"@type\":\"WebSite\",\"@id\":\"https:\/\/www.sinpro-rio.org.br\/principal\/#website\",\"url\":\"https:\/\/www.sinpro-rio.org.br\/principal\/\",\"name\":\"Sinpro-Rio\",\"description\":\"Sindicato dos Professores do Munic\u00edpio do Rio de Janeiro e Regi\u00e3o\",\"potentialAction\":[{\"@type\":\"SearchAction\",\"target\":{\"@type\":\"EntryPoint\",\"urlTemplate\":\"https:\/\/www.sinpro-rio.org.br\/principal\/?s={search_term_string}\"},\"query-input\":{\"@type\":\"PropertyValueSpecification\",\"valueRequired\":true,\"valueName\":\"search_term_string\"}}],\"inLanguage\":\"pt-BR\"},{\"@type\":\"Person\",\"@id\":\"https:\/\/www.sinpro-rio.org.br\/principal\/#\/schema\/person\/49feb585a2f57a31a6bd9f16f78e5be6\",\"name\":\"rafaelrjp\",\"image\":{\"@type\":\"ImageObject\",\"inLanguage\":\"pt-BR\",\"@id\":\"https:\/\/www.sinpro-rio.org.br\/principal\/#\/schema\/person\/image\/\",\"url\":\"https:\/\/secure.gravatar.com\/avatar\/489371a0ba4655c340b519882c68cf68?s=96&d=mm&r=g\",\"contentUrl\":\"https:\/\/secure.gravatar.com\/avatar\/489371a0ba4655c340b519882c68cf68?s=96&d=mm&r=g\",\"caption\":\"rafaelrjp\"},\"url\":\"https:\/\/www.sinpro-rio.org.br\/principal\/author\/rafaelrjp\/\"}]}<\/script>\n<!-- \/ Yoast SEO plugin. -->","yoast_head_json":{"title":"Ieic: mais uma vit\u00f3ria da categoria e da comunidade escolar - Sinpro-Rio","robots":{"index":"index","follow":"follow","max-snippet":"max-snippet:-1","max-image-preview":"max-image-preview:large","max-video-preview":"max-video-preview:-1"},"canonical":"https:\/\/www.sinpro-rio.org.br\/principal\/ieic-mais-uma-vitoria-da-categoria-e-da-comunidade-escolar\/","og_locale":"pt_BR","og_type":"article","og_title":"Ieic: mais uma vit\u00f3ria da categoria e da comunidade escolar - Sinpro-Rio","og_description":"17\/12\/2015 Como j\u00e1 \u00e9 do conhecimento de todos, o Instituto Educacional Imaculada Concei\u00e7\u00e3o (Ieic) vem passando, desde o ano de 2014, por dificuldades na efetiva\u00e7\u00e3o de compromissos firmados, devido ao lit\u00edgio entre os filhos herdeiros do col\u00e9gio. Nesse sentido, a ju\u00edza respons\u00e1vel pelo processo no qual a escola estava envolvida determinou, no m\u00eas passado, o [&hellip;]","og_url":"https:\/\/www.sinpro-rio.org.br\/principal\/ieic-mais-uma-vitoria-da-categoria-e-da-comunidade-escolar\/","og_site_name":"Sinpro-Rio","article_published_time":"2015-12-17T00:00:00+00:00","author":"rafaelrjp","twitter_card":"summary_large_image","twitter_misc":{"Escrito por":"rafaelrjp","Est. tempo de leitura":"4 minutos"},"schema":{"@context":"https:\/\/schema.org","@graph":[{"@type":"WebPage","@id":"https:\/\/www.sinpro-rio.org.br\/principal\/ieic-mais-uma-vitoria-da-categoria-e-da-comunidade-escolar\/","url":"https:\/\/www.sinpro-rio.org.br\/principal\/ieic-mais-uma-vitoria-da-categoria-e-da-comunidade-escolar\/","name":"Ieic: mais uma vit\u00f3ria da categoria e da comunidade escolar - Sinpro-Rio","isPartOf":{"@id":"https:\/\/www.sinpro-rio.org.br\/principal\/#website"},"datePublished":"2015-12-17T00:00:00+00:00","author":{"@id":"https:\/\/www.sinpro-rio.org.br\/principal\/#\/schema\/person\/49feb585a2f57a31a6bd9f16f78e5be6"},"breadcrumb":{"@id":"https:\/\/www.sinpro-rio.org.br\/principal\/ieic-mais-uma-vitoria-da-categoria-e-da-comunidade-escolar\/#breadcrumb"},"inLanguage":"pt-BR","potentialAction":[{"@type":"ReadAction","target":["https:\/\/www.sinpro-rio.org.br\/principal\/ieic-mais-uma-vitoria-da-categoria-e-da-comunidade-escolar\/"]}]},{"@type":"BreadcrumbList","@id":"https:\/\/www.sinpro-rio.org.br\/principal\/ieic-mais-uma-vitoria-da-categoria-e-da-comunidade-escolar\/#breadcrumb","itemListElement":[{"@type":"ListItem","position":1,"name":"In\u00edcio","item":"https:\/\/www.sinpro-rio.org.br\/principal\/"},{"@type":"ListItem","position":2,"name":"Ieic: mais uma vit\u00f3ria da categoria e da comunidade escolar"}]},{"@type":"WebSite","@id":"https:\/\/www.sinpro-rio.org.br\/principal\/#website","url":"https:\/\/www.sinpro-rio.org.br\/principal\/","name":"Sinpro-Rio","description":"Sindicato dos Professores do Munic\u00edpio do Rio de Janeiro e Regi\u00e3o","potentialAction":[{"@type":"SearchAction","target":{"@type":"EntryPoint","urlTemplate":"https:\/\/www.sinpro-rio.org.br\/principal\/?s={search_term_string}"},"query-input":{"@type":"PropertyValueSpecification","valueRequired":true,"valueName":"search_term_string"}}],"inLanguage":"pt-BR"},{"@type":"Person","@id":"https:\/\/www.sinpro-rio.org.br\/principal\/#\/schema\/person\/49feb585a2f57a31a6bd9f16f78e5be6","name":"rafaelrjp","image":{"@type":"ImageObject","inLanguage":"pt-BR","@id":"https:\/\/www.sinpro-rio.org.br\/principal\/#\/schema\/person\/image\/","url":"https:\/\/secure.gravatar.com\/avatar\/489371a0ba4655c340b519882c68cf68?s=96&d=mm&r=g","contentUrl":"https:\/\/secure.gravatar.com\/avatar\/489371a0ba4655c340b519882c68cf68?s=96&d=mm&r=g","caption":"rafaelrjp"},"url":"https:\/\/www.sinpro-rio.org.br\/principal\/author\/rafaelrjp\/"}]}},"_links":{"self":[{"href":"https:\/\/www.sinpro-rio.org.br\/principal\/wp-json\/wp\/v2\/posts\/19927","targetHints":{"allow":["GET"]}}],"collection":[{"href":"https:\/\/www.sinpro-rio.org.br\/principal\/wp-json\/wp\/v2\/posts"}],"about":[{"href":"https:\/\/www.sinpro-rio.org.br\/principal\/wp-json\/wp\/v2\/types\/post"}],"author":[{"embeddable":true,"href":"https:\/\/www.sinpro-rio.org.br\/principal\/wp-json\/wp\/v2\/users\/1"}],"replies":[{"embeddable":true,"href":"https:\/\/www.sinpro-rio.org.br\/principal\/wp-json\/wp\/v2\/comments?post=19927"}],"version-history":[{"count":0,"href":"https:\/\/www.sinpro-rio.org.br\/principal\/wp-json\/wp\/v2\/posts\/19927\/revisions"}],"wp:attachment":[{"href":"https:\/\/www.sinpro-rio.org.br\/principal\/wp-json\/wp\/v2\/media?parent=19927"}],"wp:term":[{"taxonomy":"category","embeddable":true,"href":"https:\/\/www.sinpro-rio.org.br\/principal\/wp-json\/wp\/v2\/categories?post=19927"},{"taxonomy":"post_tag","embeddable":true,"href":"https:\/\/www.sinpro-rio.org.br\/principal\/wp-json\/wp\/v2\/tags?post=19927"}],"curies":[{"name":"wp","href":"https:\/\/api.w.org\/{rel}","templated":true}]}}