{"id":19924,"date":"2015-12-28T00:00:00","date_gmt":"2015-12-28T00:00:00","guid":{"rendered":""},"modified":"-0001-11-30T00:00:00","modified_gmt":"-0001-11-30T03:00:00","slug":"nota-de-solidariedade-aos-servidores-da-rede-estadual","status":"publish","type":"post","link":"https:\/\/www.sinpro-rio.org.br\/principal\/nota-de-solidariedade-aos-servidores-da-rede-estadual\/","title":{"rendered":"Nota de Solidariedade aos servidores da rede estadual"},"content":{"rendered":"\n<p>\n <em><br \/>\n  28\/12\/2015<br \/>\n <\/em>\n<\/p>\n<p>\n O Sindicato dos Professores do Munic\u00edpio do Rio de Janeiro e Regi\u00e3o (Sinpro-Rio) vem repudiar a forma inconsequente pela qual o governo do Estado do Rio de Janeiro vem siteistrando as \u00e1reas sociais do estado, em especial a sa\u00fade p\u00fablica, e o parcelamento dos sal\u00e1rios dos servidores.<\/p>\n<p>\n  O parcelamento dos sal\u00e1rios e o empr\u00e9stimo banc\u00e1rio do 13\u00ba dos servidores se constituem numa flagrante agress\u00e3o aos direitos trabalhistas, bem como contribuem para corroer os direitos trabalhistas da iniciativa privada.<\/p>\n<p>\n   O Sinpro-Rio manifesta toda solidariedade aos sindicatos representativos dos servidores do estado, em particular, ao Sepe-RJ e o Sindpefaetec.<\/p>\n<p>\n    O Sindicato entende que a atual crise \u00e9 resultado do processo de privatiza\u00e7\u00e3o, principalmente da sa\u00fade, com a terceiriza\u00e7\u00e3o e a entrega das Upas e hospitais nas m\u00e3os das chamadas \u201corganiza\u00e7\u00f5es sociais\u201d, \u00f3rg\u00e3os de fachada para um processo vil de privatiza\u00e7\u00e3o dos servi\u00e7os p\u00fablicos.<\/p>\n<p>\n     &#8211; N\u00e3o \u00e0 privatiza\u00e7\u00e3o dos servi\u00e7os p\u00fablicos!<\/p>\n<p>\n      &#8211; N\u00e3o ao fechamento de hospitais e postos de sa\u00fade!<\/p>\n<p>\n       &#8211; Solidariedade \u00e0s lutas dos servidores do estado do Rio de Janeiro!\n      <\/p>\n<\/p>\n<\/p>\n<\/p>\n<p>\n O parcelamento dos sal\u00e1rios e o empr\u00e9stimo banc\u00e1rio do 13\u00ba dos servidores se constituem numa flagrante agress\u00e3o aos direitos trabalhistas, bem como contribuem para corroer os direitos trabalhistas da iniciativa privada.<\/p>\n<p>\n  O Sinpro-Rio manifesta toda solidariedade aos sindicatos representativos dos servidores do estado, em particular, ao Sepe-RJ e o Sindpefaetec.<\/p>\n<p>\n   O Sindicato entende que a atual crise \u00e9 resultado do processo de privatiza\u00e7\u00e3o, principalmente da sa\u00fade, com a terceiriza\u00e7\u00e3o e a entrega das Upas e hospitais nas m\u00e3os das chamadas \u201corganiza\u00e7\u00f5es sociais\u201d, \u00f3rg\u00e3os de fachada para um processo vil de privatiza\u00e7\u00e3o dos servi\u00e7os p\u00fablicos.<\/p>\n<p>\n    &#8211; N\u00e3o \u00e0 privatiza\u00e7\u00e3o dos servi\u00e7os p\u00fablicos!<\/p>\n<p>\n     &#8211; N\u00e3o ao fechamento de hospitais e postos de sa\u00fade!<\/p>\n<p>\n      &#8211; Solidariedade \u00e0s lutas dos servidores do estado do Rio de Janeiro!\n     <\/p>\n<\/p>\n<\/p>\n<\/p>\n<p>\n O Sinpro-Rio manifesta toda solidariedade aos sindicatos representativos dos servidores do estado, em particular, ao Sepe-RJ e o Sindpefaetec.<\/p>\n<p>\n  O Sindicato entende que a atual crise \u00e9 resultado do processo de privatiza\u00e7\u00e3o, principalmente da sa\u00fade, com a terceiriza\u00e7\u00e3o e a entrega das Upas e hospitais nas m\u00e3os das chamadas \u201corganiza\u00e7\u00f5es sociais\u201d, \u00f3rg\u00e3os de fachada para um processo vil de privatiza\u00e7\u00e3o dos servi\u00e7os p\u00fablicos.<\/p>\n<p>\n   &#8211; N\u00e3o \u00e0 privatiza\u00e7\u00e3o dos servi\u00e7os p\u00fablicos!<\/p>\n<p>\n    &#8211; N\u00e3o ao fechamento de hospitais e postos de sa\u00fade!<\/p>\n<p>\n     &#8211; Solidariedade \u00e0s lutas dos servidores do estado do Rio de Janeiro!\n    <\/p>\n<\/p>\n<\/p>\n<p>\n O Sindicato entende que a atual crise \u00e9 resultado do processo de privatiza\u00e7\u00e3o, principalmente da sa\u00fade, com a terceiriza\u00e7\u00e3o e a entrega das Upas e hospitais nas m\u00e3os das chamadas \u201corganiza\u00e7\u00f5es sociais\u201d, \u00f3rg\u00e3os de fachada para um processo vil de privatiza\u00e7\u00e3o dos servi\u00e7os p\u00fablicos.<\/p>\n<p>\n  &#8211; N\u00e3o \u00e0 privatiza\u00e7\u00e3o dos servi\u00e7os p\u00fablicos!<\/p>\n<p>\n   &#8211; N\u00e3o ao fechamento de hospitais e postos de sa\u00fade!<\/p>\n<p>\n    &#8211; Solidariedade \u00e0s lutas dos servidores do estado do Rio de Janeiro!\n   <\/p>\n<\/p>\n<\/p>\n<p>\n &#8211; N\u00e3o \u00e0 privatiza\u00e7\u00e3o dos servi\u00e7os p\u00fablicos!<\/p>\n<p>\n  &#8211; N\u00e3o ao fechamento de hospitais e postos de sa\u00fade!<\/p>\n<p>\n   &#8211; Solidariedade \u00e0s lutas dos servidores do estado do Rio de Janeiro!\n  <\/p>\n<\/p>\n<p>\n &#8211; N\u00e3o ao fechamento de hospitais e postos de sa\u00fade!<\/p>\n<p>\n  &#8211; Solidariedade \u00e0s lutas dos servidores do estado do Rio de Janeiro!\n <\/p>\n<\/p>\n<p>\n &#8211; Solidariedade \u00e0s lutas dos servidores do estado do Rio de Janeiro!<\/p>\n","protected":false},"excerpt":{"rendered":"<p>28\/12\/2015 O Sindicato dos Professores do Munic\u00edpio do Rio de Janeiro e Regi\u00e3o (Sinpro-Rio) vem repudiar a forma inconsequente pela qual o governo do Estado do Rio de Janeiro vem siteistrando as \u00e1reas sociais do estado, em especial a sa\u00fade p\u00fablica, e o parcelamento dos sal\u00e1rios dos servidores. O parcelamento dos sal\u00e1rios e o empr\u00e9stimo [&hellip;]<\/p>\n","protected":false},"author":1,"featured_media":0,"comment_status":"closed","ping_status":"open","sticky":false,"template":"","format":"standard","meta":{"footnotes":""},"categories":[1],"tags":[],"class_list":["post-19924","post","type-post","status-publish","format-standard","hentry","category-noticias"],"yoast_head":"<!-- This site is optimized with the Yoast SEO plugin v25.7 - https:\/\/yoast.com\/wordpress\/plugins\/seo\/ -->\n<title>Nota de Solidariedade aos servidores da rede estadual - Sinpro-Rio<\/title>\n<meta name=\"robots\" content=\"index, follow, max-snippet:-1, max-image-preview:large, max-video-preview:-1\" \/>\n<link rel=\"canonical\" href=\"https:\/\/www.sinpro-rio.org.br\/principal\/nota-de-solidariedade-aos-servidores-da-rede-estadual\/\" \/>\n<meta property=\"og:locale\" content=\"pt_BR\" \/>\n<meta property=\"og:type\" content=\"article\" \/>\n<meta property=\"og:title\" content=\"Nota de Solidariedade aos servidores da rede estadual - Sinpro-Rio\" \/>\n<meta property=\"og:description\" content=\"28\/12\/2015 O Sindicato dos Professores do Munic\u00edpio do Rio de Janeiro e Regi\u00e3o (Sinpro-Rio) vem repudiar a forma inconsequente pela qual o governo do Estado do Rio de Janeiro vem siteistrando as \u00e1reas sociais do estado, em especial a sa\u00fade p\u00fablica, e o parcelamento dos sal\u00e1rios dos servidores. O parcelamento dos sal\u00e1rios e o empr\u00e9stimo [&hellip;]\" \/>\n<meta property=\"og:url\" content=\"https:\/\/www.sinpro-rio.org.br\/principal\/nota-de-solidariedade-aos-servidores-da-rede-estadual\/\" \/>\n<meta property=\"og:site_name\" content=\"Sinpro-Rio\" \/>\n<meta property=\"article:published_time\" content=\"2015-12-28T00:00:00+00:00\" \/>\n<meta name=\"author\" content=\"rafaelrjp\" \/>\n<meta name=\"twitter:card\" content=\"summary_large_image\" \/>\n<meta name=\"twitter:label1\" content=\"Escrito por\" \/>\n\t<meta name=\"twitter:data1\" content=\"rafaelrjp\" \/>\n\t<meta name=\"twitter:label2\" content=\"Est. tempo de leitura\" \/>\n\t<meta name=\"twitter:data2\" content=\"3 minutos\" \/>\n<script type=\"application\/ld+json\" class=\"yoast-schema-graph\">{\"@context\":\"https:\/\/schema.org\",\"@graph\":[{\"@type\":\"WebPage\",\"@id\":\"https:\/\/www.sinpro-rio.org.br\/principal\/nota-de-solidariedade-aos-servidores-da-rede-estadual\/\",\"url\":\"https:\/\/www.sinpro-rio.org.br\/principal\/nota-de-solidariedade-aos-servidores-da-rede-estadual\/\",\"name\":\"Nota de Solidariedade aos servidores da rede estadual - Sinpro-Rio\",\"isPartOf\":{\"@id\":\"https:\/\/www.sinpro-rio.org.br\/principal\/#website\"},\"datePublished\":\"2015-12-28T00:00:00+00:00\",\"author\":{\"@id\":\"https:\/\/www.sinpro-rio.org.br\/principal\/#\/schema\/person\/49feb585a2f57a31a6bd9f16f78e5be6\"},\"breadcrumb\":{\"@id\":\"https:\/\/www.sinpro-rio.org.br\/principal\/nota-de-solidariedade-aos-servidores-da-rede-estadual\/#breadcrumb\"},\"inLanguage\":\"pt-BR\",\"potentialAction\":[{\"@type\":\"ReadAction\",\"target\":[\"https:\/\/www.sinpro-rio.org.br\/principal\/nota-de-solidariedade-aos-servidores-da-rede-estadual\/\"]}]},{\"@type\":\"BreadcrumbList\",\"@id\":\"https:\/\/www.sinpro-rio.org.br\/principal\/nota-de-solidariedade-aos-servidores-da-rede-estadual\/#breadcrumb\",\"itemListElement\":[{\"@type\":\"ListItem\",\"position\":1,\"name\":\"In\u00edcio\",\"item\":\"https:\/\/www.sinpro-rio.org.br\/principal\/\"},{\"@type\":\"ListItem\",\"position\":2,\"name\":\"Nota de Solidariedade aos servidores da rede estadual\"}]},{\"@type\":\"WebSite\",\"@id\":\"https:\/\/www.sinpro-rio.org.br\/principal\/#website\",\"url\":\"https:\/\/www.sinpro-rio.org.br\/principal\/\",\"name\":\"Sinpro-Rio\",\"description\":\"Sindicato dos Professores do Munic\u00edpio do Rio de Janeiro e Regi\u00e3o\",\"potentialAction\":[{\"@type\":\"SearchAction\",\"target\":{\"@type\":\"EntryPoint\",\"urlTemplate\":\"https:\/\/www.sinpro-rio.org.br\/principal\/?s={search_term_string}\"},\"query-input\":{\"@type\":\"PropertyValueSpecification\",\"valueRequired\":true,\"valueName\":\"search_term_string\"}}],\"inLanguage\":\"pt-BR\"},{\"@type\":\"Person\",\"@id\":\"https:\/\/www.sinpro-rio.org.br\/principal\/#\/schema\/person\/49feb585a2f57a31a6bd9f16f78e5be6\",\"name\":\"rafaelrjp\",\"image\":{\"@type\":\"ImageObject\",\"inLanguage\":\"pt-BR\",\"@id\":\"https:\/\/www.sinpro-rio.org.br\/principal\/#\/schema\/person\/image\/\",\"url\":\"https:\/\/secure.gravatar.com\/avatar\/489371a0ba4655c340b519882c68cf68?s=96&d=mm&r=g\",\"contentUrl\":\"https:\/\/secure.gravatar.com\/avatar\/489371a0ba4655c340b519882c68cf68?s=96&d=mm&r=g\",\"caption\":\"rafaelrjp\"},\"url\":\"https:\/\/www.sinpro-rio.org.br\/principal\/author\/rafaelrjp\/\"}]}<\/script>\n<!-- \/ Yoast SEO plugin. -->","yoast_head_json":{"title":"Nota de Solidariedade aos servidores da rede estadual - Sinpro-Rio","robots":{"index":"index","follow":"follow","max-snippet":"max-snippet:-1","max-image-preview":"max-image-preview:large","max-video-preview":"max-video-preview:-1"},"canonical":"https:\/\/www.sinpro-rio.org.br\/principal\/nota-de-solidariedade-aos-servidores-da-rede-estadual\/","og_locale":"pt_BR","og_type":"article","og_title":"Nota de Solidariedade aos servidores da rede estadual - Sinpro-Rio","og_description":"28\/12\/2015 O Sindicato dos Professores do Munic\u00edpio do Rio de Janeiro e Regi\u00e3o (Sinpro-Rio) vem repudiar a forma inconsequente pela qual o governo do Estado do Rio de Janeiro vem siteistrando as \u00e1reas sociais do estado, em especial a sa\u00fade p\u00fablica, e o parcelamento dos sal\u00e1rios dos servidores. O parcelamento dos sal\u00e1rios e o empr\u00e9stimo [&hellip;]","og_url":"https:\/\/www.sinpro-rio.org.br\/principal\/nota-de-solidariedade-aos-servidores-da-rede-estadual\/","og_site_name":"Sinpro-Rio","article_published_time":"2015-12-28T00:00:00+00:00","author":"rafaelrjp","twitter_card":"summary_large_image","twitter_misc":{"Escrito por":"rafaelrjp","Est. tempo de leitura":"3 minutos"},"schema":{"@context":"https:\/\/schema.org","@graph":[{"@type":"WebPage","@id":"https:\/\/www.sinpro-rio.org.br\/principal\/nota-de-solidariedade-aos-servidores-da-rede-estadual\/","url":"https:\/\/www.sinpro-rio.org.br\/principal\/nota-de-solidariedade-aos-servidores-da-rede-estadual\/","name":"Nota de Solidariedade aos servidores da rede estadual - Sinpro-Rio","isPartOf":{"@id":"https:\/\/www.sinpro-rio.org.br\/principal\/#website"},"datePublished":"2015-12-28T00:00:00+00:00","author":{"@id":"https:\/\/www.sinpro-rio.org.br\/principal\/#\/schema\/person\/49feb585a2f57a31a6bd9f16f78e5be6"},"breadcrumb":{"@id":"https:\/\/www.sinpro-rio.org.br\/principal\/nota-de-solidariedade-aos-servidores-da-rede-estadual\/#breadcrumb"},"inLanguage":"pt-BR","potentialAction":[{"@type":"ReadAction","target":["https:\/\/www.sinpro-rio.org.br\/principal\/nota-de-solidariedade-aos-servidores-da-rede-estadual\/"]}]},{"@type":"BreadcrumbList","@id":"https:\/\/www.sinpro-rio.org.br\/principal\/nota-de-solidariedade-aos-servidores-da-rede-estadual\/#breadcrumb","itemListElement":[{"@type":"ListItem","position":1,"name":"In\u00edcio","item":"https:\/\/www.sinpro-rio.org.br\/principal\/"},{"@type":"ListItem","position":2,"name":"Nota de Solidariedade aos servidores da rede estadual"}]},{"@type":"WebSite","@id":"https:\/\/www.sinpro-rio.org.br\/principal\/#website","url":"https:\/\/www.sinpro-rio.org.br\/principal\/","name":"Sinpro-Rio","description":"Sindicato dos Professores do Munic\u00edpio do Rio de Janeiro e Regi\u00e3o","potentialAction":[{"@type":"SearchAction","target":{"@type":"EntryPoint","urlTemplate":"https:\/\/www.sinpro-rio.org.br\/principal\/?s={search_term_string}"},"query-input":{"@type":"PropertyValueSpecification","valueRequired":true,"valueName":"search_term_string"}}],"inLanguage":"pt-BR"},{"@type":"Person","@id":"https:\/\/www.sinpro-rio.org.br\/principal\/#\/schema\/person\/49feb585a2f57a31a6bd9f16f78e5be6","name":"rafaelrjp","image":{"@type":"ImageObject","inLanguage":"pt-BR","@id":"https:\/\/www.sinpro-rio.org.br\/principal\/#\/schema\/person\/image\/","url":"https:\/\/secure.gravatar.com\/avatar\/489371a0ba4655c340b519882c68cf68?s=96&d=mm&r=g","contentUrl":"https:\/\/secure.gravatar.com\/avatar\/489371a0ba4655c340b519882c68cf68?s=96&d=mm&r=g","caption":"rafaelrjp"},"url":"https:\/\/www.sinpro-rio.org.br\/principal\/author\/rafaelrjp\/"}]}},"_links":{"self":[{"href":"https:\/\/www.sinpro-rio.org.br\/principal\/wp-json\/wp\/v2\/posts\/19924","targetHints":{"allow":["GET"]}}],"collection":[{"href":"https:\/\/www.sinpro-rio.org.br\/principal\/wp-json\/wp\/v2\/posts"}],"about":[{"href":"https:\/\/www.sinpro-rio.org.br\/principal\/wp-json\/wp\/v2\/types\/post"}],"author":[{"embeddable":true,"href":"https:\/\/www.sinpro-rio.org.br\/principal\/wp-json\/wp\/v2\/users\/1"}],"replies":[{"embeddable":true,"href":"https:\/\/www.sinpro-rio.org.br\/principal\/wp-json\/wp\/v2\/comments?post=19924"}],"version-history":[{"count":0,"href":"https:\/\/www.sinpro-rio.org.br\/principal\/wp-json\/wp\/v2\/posts\/19924\/revisions"}],"wp:attachment":[{"href":"https:\/\/www.sinpro-rio.org.br\/principal\/wp-json\/wp\/v2\/media?parent=19924"}],"wp:term":[{"taxonomy":"category","embeddable":true,"href":"https:\/\/www.sinpro-rio.org.br\/principal\/wp-json\/wp\/v2\/categories?post=19924"},{"taxonomy":"post_tag","embeddable":true,"href":"https:\/\/www.sinpro-rio.org.br\/principal\/wp-json\/wp\/v2\/tags?post=19924"}],"curies":[{"name":"wp","href":"https:\/\/api.w.org\/{rel}","templated":true}]}}