{"id":19516,"date":"2017-12-19T19:01:00","date_gmt":"2017-12-19T19:01:00","guid":{"rendered":""},"modified":"2023-07-07T14:39:25","modified_gmt":"2023-07-07T17:39:25","slug":"atenc-o-professoras-e-professores-da-estacio","status":"publish","type":"post","link":"https:\/\/www.sinpro-rio.org.br\/principal\/atenc-o-professoras-e-professores-da-estacio\/","title":{"rendered":"ATEN\u00c7\u00c3O PROFESSORAS E PROFESSORES DA EST\u00c1CIO"},"content":{"rendered":"<p>O Sinpro-Rio convoca professoras e professores da Universidade Est&aacute;cio para assembleia no dia 21 de dezembro, quinta-feira, &agrave;s 10 hora das manh&atilde;, na sua sede, Rua Pedro Lessa, 35 &ndash; 2&ordm; andar.<\/p>\n<p>As homologa&ccedil;&otilde;es tamb&eacute;m acontecer&atilde;o na sede do Sinpro-Rio, no per&iacute;odo entre 22 e 29 de dezembro, das 9 &agrave;s 17 horas (conforme tabela abaixo).<\/p>\n<p>HOMOLOGA&Ccedil;&Otilde;ES POR ORDEM ALFAB&Eacute;TICA<\/p>\n<p>Dia 22 de dezembro &ndash; Nomes iniciados com as letras A e B<\/p>\n<p>Dia 26 de dezembro &ndash; Nomes iniciados com as letras C a G<\/p>\n<p>Dia 27 de dezembro &ndash; Nomes iniciados com as letras H a L<\/p>\n<p>Dia 28 de dezembro &ndash; Nomes iniciados com as letras M a P<\/p>\n<p>Dia 29 de dezembro &ndash; Nomes iniciados com as letras R a Y<\/p>\n<p>A Est&aacute;cio se comprometeu em enviar comunicado para as professoras e os professores a respeito das homologa&ccedil;&otilde;es.<\/p>\n<p><img fetchpriority=\"high\" decoding=\"async\" alt=\"assembleia2012\" height=\"400\" src=\"\/site\/assets\/uploads\/images\/WhatsApp%20Image%202017-12-20%20at%2010_13_28.jpeg\" width=\"400\" \/><\/p>\n","protected":false},"excerpt":{"rendered":"<p>O Sinpro-Rio convoca professoras e professores da Universidade Est&aacute;cio para assembleia no dia 21 de dezembro, quinta-feira, &agrave;s 10 hora das manh&atilde;, na sua sede, Rua Pedro Lessa, 35 &ndash; 2&ordm; andar. As homologa&ccedil;&otilde;es tamb&eacute;m acontecer&atilde;o na sede do Sinpro-Rio, no per&iacute;odo entre 22 e 29 de dezembro, das 9 &agrave;s 17 horas (conforme tabela [&hellip;]<\/p>\n","protected":false},"author":2,"featured_media":19517,"comment_status":"closed","ping_status":"open","sticky":false,"template":"","format":"standard","meta":{"footnotes":""},"categories":[1],"tags":[495],"class_list":["post-19516","post","type-post","status-publish","format-standard","has-post-thumbnail","hentry","category-noticias","tag-estacio"],"yoast_head":"<!-- This site is optimized with the Yoast SEO plugin v25.7 - https:\/\/yoast.com\/wordpress\/plugins\/seo\/ -->\n<title>ATEN\u00c7\u00c3O PROFESSORAS E PROFESSORES DA EST\u00c1CIO - Sinpro-Rio<\/title>\n<meta name=\"robots\" content=\"index, follow, max-snippet:-1, max-image-preview:large, max-video-preview:-1\" \/>\n<link rel=\"canonical\" href=\"https:\/\/www.sinpro-rio.org.br\/principal\/atenc-o-professoras-e-professores-da-estacio\/\" \/>\n<meta property=\"og:locale\" content=\"pt_BR\" \/>\n<meta property=\"og:type\" content=\"article\" \/>\n<meta property=\"og:title\" content=\"ATEN\u00c7\u00c3O PROFESSORAS E PROFESSORES DA EST\u00c1CIO - Sinpro-Rio\" \/>\n<meta property=\"og:description\" content=\"O Sinpro-Rio convoca professoras e professores da Universidade Est&aacute;cio para assembleia no dia 21 de dezembro, quinta-feira, &agrave;s 10 hora das manh&atilde;, na sua sede, Rua Pedro Lessa, 35 &ndash; 2&ordm; andar. As homologa&ccedil;&otilde;es tamb&eacute;m acontecer&atilde;o na sede do Sinpro-Rio, no per&iacute;odo entre 22 e 29 de dezembro, das 9 &agrave;s 17 horas (conforme tabela [&hellip;]\" \/>\n<meta property=\"og:url\" content=\"https:\/\/www.sinpro-rio.org.br\/principal\/atenc-o-professoras-e-professores-da-estacio\/\" \/>\n<meta property=\"og:site_name\" content=\"Sinpro-Rio\" \/>\n<meta property=\"article:published_time\" content=\"2017-12-19T19:01:00+00:00\" \/>\n<meta property=\"article:modified_time\" content=\"2023-07-07T17:39:25+00:00\" \/>\n<meta name=\"author\" content=\"alessandra\" \/>\n<meta name=\"twitter:card\" content=\"summary_large_image\" \/>\n<meta name=\"twitter:label1\" content=\"Escrito por\" \/>\n\t<meta name=\"twitter:data1\" content=\"alessandra\" \/>\n\t<meta name=\"twitter:label2\" content=\"Est. tempo de leitura\" \/>\n\t<meta name=\"twitter:data2\" content=\"1 minuto\" \/>\n<script type=\"application\/ld+json\" class=\"yoast-schema-graph\">{\"@context\":\"https:\/\/schema.org\",\"@graph\":[{\"@type\":\"WebPage\",\"@id\":\"https:\/\/www.sinpro-rio.org.br\/principal\/atenc-o-professoras-e-professores-da-estacio\/\",\"url\":\"https:\/\/www.sinpro-rio.org.br\/principal\/atenc-o-professoras-e-professores-da-estacio\/\",\"name\":\"ATEN\u00c7\u00c3O PROFESSORAS E PROFESSORES DA EST\u00c1CIO - Sinpro-Rio\",\"isPartOf\":{\"@id\":\"https:\/\/www.sinpro-rio.org.br\/principal\/#website\"},\"primaryImageOfPage\":{\"@id\":\"https:\/\/www.sinpro-rio.org.br\/principal\/atenc-o-professoras-e-professores-da-estacio\/#primaryimage\"},\"image\":{\"@id\":\"https:\/\/www.sinpro-rio.org.br\/principal\/atenc-o-professoras-e-professores-da-estacio\/#primaryimage\"},\"thumbnailUrl\":\"\",\"datePublished\":\"2017-12-19T19:01:00+00:00\",\"dateModified\":\"2023-07-07T17:39:25+00:00\",\"author\":{\"@id\":\"https:\/\/www.sinpro-rio.org.br\/principal\/#\/schema\/person\/ee17219e64d00d037e511ae59ce2227e\"},\"breadcrumb\":{\"@id\":\"https:\/\/www.sinpro-rio.org.br\/principal\/atenc-o-professoras-e-professores-da-estacio\/#breadcrumb\"},\"inLanguage\":\"pt-BR\",\"potentialAction\":[{\"@type\":\"ReadAction\",\"target\":[\"https:\/\/www.sinpro-rio.org.br\/principal\/atenc-o-professoras-e-professores-da-estacio\/\"]}]},{\"@type\":\"ImageObject\",\"inLanguage\":\"pt-BR\",\"@id\":\"https:\/\/www.sinpro-rio.org.br\/principal\/atenc-o-professoras-e-professores-da-estacio\/#primaryimage\",\"url\":\"\",\"contentUrl\":\"\"},{\"@type\":\"BreadcrumbList\",\"@id\":\"https:\/\/www.sinpro-rio.org.br\/principal\/atenc-o-professoras-e-professores-da-estacio\/#breadcrumb\",\"itemListElement\":[{\"@type\":\"ListItem\",\"position\":1,\"name\":\"In\u00edcio\",\"item\":\"https:\/\/www.sinpro-rio.org.br\/principal\/\"},{\"@type\":\"ListItem\",\"position\":2,\"name\":\"ATEN\u00c7\u00c3O PROFESSORAS E PROFESSORES DA EST\u00c1CIO\"}]},{\"@type\":\"WebSite\",\"@id\":\"https:\/\/www.sinpro-rio.org.br\/principal\/#website\",\"url\":\"https:\/\/www.sinpro-rio.org.br\/principal\/\",\"name\":\"Sinpro-Rio\",\"description\":\"Sindicato dos Professores do Munic\u00edpio do Rio de Janeiro e Regi\u00e3o\",\"potentialAction\":[{\"@type\":\"SearchAction\",\"target\":{\"@type\":\"EntryPoint\",\"urlTemplate\":\"https:\/\/www.sinpro-rio.org.br\/principal\/?s={search_term_string}\"},\"query-input\":{\"@type\":\"PropertyValueSpecification\",\"valueRequired\":true,\"valueName\":\"search_term_string\"}}],\"inLanguage\":\"pt-BR\"},{\"@type\":\"Person\",\"@id\":\"https:\/\/www.sinpro-rio.org.br\/principal\/#\/schema\/person\/ee17219e64d00d037e511ae59ce2227e\",\"name\":\"alessandra\",\"image\":{\"@type\":\"ImageObject\",\"inLanguage\":\"pt-BR\",\"@id\":\"https:\/\/www.sinpro-rio.org.br\/principal\/#\/schema\/person\/image\/\",\"url\":\"https:\/\/secure.gravatar.com\/avatar\/2b43fa8c0ad8e33b46a4732549f7fb20?s=96&d=mm&r=g\",\"contentUrl\":\"https:\/\/secure.gravatar.com\/avatar\/2b43fa8c0ad8e33b46a4732549f7fb20?s=96&d=mm&r=g\",\"caption\":\"alessandra\"},\"url\":\"https:\/\/www.sinpro-rio.org.br\/principal\/author\/alessandra\/\"}]}<\/script>\n<!-- \/ Yoast SEO plugin. -->","yoast_head_json":{"title":"ATEN\u00c7\u00c3O PROFESSORAS E PROFESSORES DA EST\u00c1CIO - Sinpro-Rio","robots":{"index":"index","follow":"follow","max-snippet":"max-snippet:-1","max-image-preview":"max-image-preview:large","max-video-preview":"max-video-preview:-1"},"canonical":"https:\/\/www.sinpro-rio.org.br\/principal\/atenc-o-professoras-e-professores-da-estacio\/","og_locale":"pt_BR","og_type":"article","og_title":"ATEN\u00c7\u00c3O PROFESSORAS E PROFESSORES DA EST\u00c1CIO - Sinpro-Rio","og_description":"O Sinpro-Rio convoca professoras e professores da Universidade Est&aacute;cio para assembleia no dia 21 de dezembro, quinta-feira, &agrave;s 10 hora das manh&atilde;, na sua sede, Rua Pedro Lessa, 35 &ndash; 2&ordm; andar. As homologa&ccedil;&otilde;es tamb&eacute;m acontecer&atilde;o na sede do Sinpro-Rio, no per&iacute;odo entre 22 e 29 de dezembro, das 9 &agrave;s 17 horas (conforme tabela [&hellip;]","og_url":"https:\/\/www.sinpro-rio.org.br\/principal\/atenc-o-professoras-e-professores-da-estacio\/","og_site_name":"Sinpro-Rio","article_published_time":"2017-12-19T19:01:00+00:00","article_modified_time":"2023-07-07T17:39:25+00:00","author":"alessandra","twitter_card":"summary_large_image","twitter_misc":{"Escrito por":"alessandra","Est. tempo de leitura":"1 minuto"},"schema":{"@context":"https:\/\/schema.org","@graph":[{"@type":"WebPage","@id":"https:\/\/www.sinpro-rio.org.br\/principal\/atenc-o-professoras-e-professores-da-estacio\/","url":"https:\/\/www.sinpro-rio.org.br\/principal\/atenc-o-professoras-e-professores-da-estacio\/","name":"ATEN\u00c7\u00c3O PROFESSORAS E PROFESSORES DA EST\u00c1CIO - Sinpro-Rio","isPartOf":{"@id":"https:\/\/www.sinpro-rio.org.br\/principal\/#website"},"primaryImageOfPage":{"@id":"https:\/\/www.sinpro-rio.org.br\/principal\/atenc-o-professoras-e-professores-da-estacio\/#primaryimage"},"image":{"@id":"https:\/\/www.sinpro-rio.org.br\/principal\/atenc-o-professoras-e-professores-da-estacio\/#primaryimage"},"thumbnailUrl":"","datePublished":"2017-12-19T19:01:00+00:00","dateModified":"2023-07-07T17:39:25+00:00","author":{"@id":"https:\/\/www.sinpro-rio.org.br\/principal\/#\/schema\/person\/ee17219e64d00d037e511ae59ce2227e"},"breadcrumb":{"@id":"https:\/\/www.sinpro-rio.org.br\/principal\/atenc-o-professoras-e-professores-da-estacio\/#breadcrumb"},"inLanguage":"pt-BR","potentialAction":[{"@type":"ReadAction","target":["https:\/\/www.sinpro-rio.org.br\/principal\/atenc-o-professoras-e-professores-da-estacio\/"]}]},{"@type":"ImageObject","inLanguage":"pt-BR","@id":"https:\/\/www.sinpro-rio.org.br\/principal\/atenc-o-professoras-e-professores-da-estacio\/#primaryimage","url":"","contentUrl":""},{"@type":"BreadcrumbList","@id":"https:\/\/www.sinpro-rio.org.br\/principal\/atenc-o-professoras-e-professores-da-estacio\/#breadcrumb","itemListElement":[{"@type":"ListItem","position":1,"name":"In\u00edcio","item":"https:\/\/www.sinpro-rio.org.br\/principal\/"},{"@type":"ListItem","position":2,"name":"ATEN\u00c7\u00c3O PROFESSORAS E PROFESSORES DA EST\u00c1CIO"}]},{"@type":"WebSite","@id":"https:\/\/www.sinpro-rio.org.br\/principal\/#website","url":"https:\/\/www.sinpro-rio.org.br\/principal\/","name":"Sinpro-Rio","description":"Sindicato dos Professores do Munic\u00edpio do Rio de Janeiro e Regi\u00e3o","potentialAction":[{"@type":"SearchAction","target":{"@type":"EntryPoint","urlTemplate":"https:\/\/www.sinpro-rio.org.br\/principal\/?s={search_term_string}"},"query-input":{"@type":"PropertyValueSpecification","valueRequired":true,"valueName":"search_term_string"}}],"inLanguage":"pt-BR"},{"@type":"Person","@id":"https:\/\/www.sinpro-rio.org.br\/principal\/#\/schema\/person\/ee17219e64d00d037e511ae59ce2227e","name":"alessandra","image":{"@type":"ImageObject","inLanguage":"pt-BR","@id":"https:\/\/www.sinpro-rio.org.br\/principal\/#\/schema\/person\/image\/","url":"https:\/\/secure.gravatar.com\/avatar\/2b43fa8c0ad8e33b46a4732549f7fb20?s=96&d=mm&r=g","contentUrl":"https:\/\/secure.gravatar.com\/avatar\/2b43fa8c0ad8e33b46a4732549f7fb20?s=96&d=mm&r=g","caption":"alessandra"},"url":"https:\/\/www.sinpro-rio.org.br\/principal\/author\/alessandra\/"}]}},"_links":{"self":[{"href":"https:\/\/www.sinpro-rio.org.br\/principal\/wp-json\/wp\/v2\/posts\/19516","targetHints":{"allow":["GET"]}}],"collection":[{"href":"https:\/\/www.sinpro-rio.org.br\/principal\/wp-json\/wp\/v2\/posts"}],"about":[{"href":"https:\/\/www.sinpro-rio.org.br\/principal\/wp-json\/wp\/v2\/types\/post"}],"author":[{"embeddable":true,"href":"https:\/\/www.sinpro-rio.org.br\/principal\/wp-json\/wp\/v2\/users\/2"}],"replies":[{"embeddable":true,"href":"https:\/\/www.sinpro-rio.org.br\/principal\/wp-json\/wp\/v2\/comments?post=19516"}],"version-history":[{"count":1,"href":"https:\/\/www.sinpro-rio.org.br\/principal\/wp-json\/wp\/v2\/posts\/19516\/revisions"}],"predecessor-version":[{"id":36034,"href":"https:\/\/www.sinpro-rio.org.br\/principal\/wp-json\/wp\/v2\/posts\/19516\/revisions\/36034"}],"wp:featuredmedia":[{"embeddable":true,"href":"https:\/\/www.sinpro-rio.org.br\/principal\/wp-json\/wp\/v2\/media\/19517"}],"wp:attachment":[{"href":"https:\/\/www.sinpro-rio.org.br\/principal\/wp-json\/wp\/v2\/media?parent=19516"}],"wp:term":[{"taxonomy":"category","embeddable":true,"href":"https:\/\/www.sinpro-rio.org.br\/principal\/wp-json\/wp\/v2\/categories?post=19516"},{"taxonomy":"post_tag","embeddable":true,"href":"https:\/\/www.sinpro-rio.org.br\/principal\/wp-json\/wp\/v2\/tags?post=19516"}],"curies":[{"name":"wp","href":"https:\/\/api.w.org\/{rel}","templated":true}]}}