{"id":19469,"date":"2017-12-07T06:00:00","date_gmt":"2017-12-07T06:00:00","guid":{"rendered":""},"modified":"2023-07-07T14:39:39","modified_gmt":"2023-07-07T17:39:39","slug":"reuni-o-no-sinpro-rio-professores-da-estacio-demonstram-revolta-com-a-demiss-o-em-massa","status":"publish","type":"post","link":"https:\/\/www.sinpro-rio.org.br\/principal\/reuni-o-no-sinpro-rio-professores-da-estacio-demonstram-revolta-com-a-demiss-o-em-massa\/","title":{"rendered":"REUNI\u00c3O NO SINPRO-RIO: PROFESSORES DA EST\u00c1CIO DEMONSTRAM REVOLTA COM A DEMISS\u00c3O EM MASSA"},"content":{"rendered":"<p>Professoras e professores relataram, em reuni&atilde;o no Sindicato, arbitrariedades cometidas pela Universidade Est&aacute;cio com a demiss&atilde;o de mais de 1000 docentes.<\/p>\n<p>Na reuni&atilde;o, houve relato de que professores foram retirados das salas de aula para serem demitidos e que muitos foram retirar as provas para serem aplicadas e l&aacute; foram comunicados da demiss&atilde;o.<\/p>\n<p>&ldquo;N&atilde;o se sabe como as provas foram aplicadas. Foi tudo muito abrupto. Acordei professora da Est&aacute;cio e a tarde estava demitida&rdquo;, afirmou uma professora.<\/p>\n<p>&ldquo;Repudiamos este ato violento da Est&aacute;cio. Acreditamos nosso trabalho, mas vimos o desrespeito da dire&ccedil;&atilde;o ao demitir arbitrariamente. Que a dire&ccedil;&atilde;o sinta na pele que quando mexe com um professor, mexe com o coletivo. Vamos reagir&rdquo;, afirmou um outro professor.<\/p>\n<p>Na ocasi&atilde;o, o presidente do Sinpro-Rio, Oswaldo Teles, ao lado de outros diretores e do departamento jur&iacute;dico elucidaram d&uacute;vidas dos professores.<\/p>\n<p>&#8212;&#8212;&#8212;&#8212;&#8212;&#8212;&#8212;&#8212;&#8212;&#8212;&#8212;&#8212;&#8212;&#8212;&#8212;&#8212;&#8212;&#8212;&#8212;&#8212;&#8212;&#8212;&#8212;&#8212;&#8212;&#8212;&#8212;&#8212;&#8212;&#8212;&#8212;&#8212;&#8212;&#8212;&#8212;&#8212;&#8212;&#8211;<\/p>\n<p><strong>ESTUDANTES MOBILIZADOS CONTRA A DEMISS&Atilde;O EM MASSA NA EST&Aacute;CIO<\/strong><\/p>\n<p>Estudantes realizar&atilde;o v&aacute;rios atos contra a demiss&atilde;o em massa na Universidade Est&aacute;cio.<\/p>\n<p>Vejam o v&iacute;deo com Luan Spesani, estudante da Est&aacute;cio, dirigente do DCE da universidade e da UEE &#8211; Uni&atilde;o Estadual dos Estudantes:<\/p>\n","protected":false},"excerpt":{"rendered":"<p>Professoras e professores relataram, em reuni&atilde;o no Sindicato, arbitrariedades cometidas pela Universidade Est&aacute;cio com a demiss&atilde;o de mais de 1000 docentes. Na reuni&atilde;o, houve relato de que professores foram retirados das salas de aula para serem demitidos e que muitos foram retirar as provas para serem aplicadas e l&aacute; foram comunicados da demiss&atilde;o. &ldquo;N&atilde;o se [&hellip;]<\/p>\n","protected":false},"author":2,"featured_media":19470,"comment_status":"closed","ping_status":"open","sticky":false,"template":"","format":"standard","meta":{"footnotes":""},"categories":[1],"tags":[495],"class_list":["post-19469","post","type-post","status-publish","format-standard","has-post-thumbnail","hentry","category-noticias","tag-estacio"],"yoast_head":"<!-- This site is optimized with the Yoast SEO plugin v25.7 - https:\/\/yoast.com\/wordpress\/plugins\/seo\/ -->\n<title>REUNI\u00c3O NO SINPRO-RIO: PROFESSORES DA EST\u00c1CIO DEMONSTRAM REVOLTA COM A DEMISS\u00c3O EM MASSA - Sinpro-Rio<\/title>\n<meta name=\"robots\" content=\"index, follow, max-snippet:-1, max-image-preview:large, max-video-preview:-1\" \/>\n<link rel=\"canonical\" href=\"https:\/\/www.sinpro-rio.org.br\/principal\/reuni-o-no-sinpro-rio-professores-da-estacio-demonstram-revolta-com-a-demiss-o-em-massa\/\" \/>\n<meta property=\"og:locale\" content=\"pt_BR\" \/>\n<meta property=\"og:type\" content=\"article\" \/>\n<meta property=\"og:title\" content=\"REUNI\u00c3O NO SINPRO-RIO: PROFESSORES DA EST\u00c1CIO DEMONSTRAM REVOLTA COM A DEMISS\u00c3O EM MASSA - Sinpro-Rio\" \/>\n<meta property=\"og:description\" content=\"Professoras e professores relataram, em reuni&atilde;o no Sindicato, arbitrariedades cometidas pela Universidade Est&aacute;cio com a demiss&atilde;o de mais de 1000 docentes. Na reuni&atilde;o, houve relato de que professores foram retirados das salas de aula para serem demitidos e que muitos foram retirar as provas para serem aplicadas e l&aacute; foram comunicados da demiss&atilde;o. &ldquo;N&atilde;o se [&hellip;]\" \/>\n<meta property=\"og:url\" content=\"https:\/\/www.sinpro-rio.org.br\/principal\/reuni-o-no-sinpro-rio-professores-da-estacio-demonstram-revolta-com-a-demiss-o-em-massa\/\" \/>\n<meta property=\"og:site_name\" content=\"Sinpro-Rio\" \/>\n<meta property=\"article:published_time\" content=\"2017-12-07T06:00:00+00:00\" \/>\n<meta property=\"article:modified_time\" content=\"2023-07-07T17:39:39+00:00\" \/>\n<meta name=\"author\" content=\"alessandra\" \/>\n<meta name=\"twitter:card\" content=\"summary_large_image\" \/>\n<meta name=\"twitter:label1\" content=\"Escrito por\" \/>\n\t<meta name=\"twitter:data1\" content=\"alessandra\" \/>\n\t<meta name=\"twitter:label2\" content=\"Est. tempo de leitura\" \/>\n\t<meta name=\"twitter:data2\" content=\"1 minuto\" \/>\n<script type=\"application\/ld+json\" class=\"yoast-schema-graph\">{\"@context\":\"https:\/\/schema.org\",\"@graph\":[{\"@type\":\"WebPage\",\"@id\":\"https:\/\/www.sinpro-rio.org.br\/principal\/reuni-o-no-sinpro-rio-professores-da-estacio-demonstram-revolta-com-a-demiss-o-em-massa\/\",\"url\":\"https:\/\/www.sinpro-rio.org.br\/principal\/reuni-o-no-sinpro-rio-professores-da-estacio-demonstram-revolta-com-a-demiss-o-em-massa\/\",\"name\":\"REUNI\u00c3O NO SINPRO-RIO: PROFESSORES DA EST\u00c1CIO DEMONSTRAM REVOLTA COM A DEMISS\u00c3O EM MASSA - Sinpro-Rio\",\"isPartOf\":{\"@id\":\"https:\/\/www.sinpro-rio.org.br\/principal\/#website\"},\"primaryImageOfPage\":{\"@id\":\"https:\/\/www.sinpro-rio.org.br\/principal\/reuni-o-no-sinpro-rio-professores-da-estacio-demonstram-revolta-com-a-demiss-o-em-massa\/#primaryimage\"},\"image\":{\"@id\":\"https:\/\/www.sinpro-rio.org.br\/principal\/reuni-o-no-sinpro-rio-professores-da-estacio-demonstram-revolta-com-a-demiss-o-em-massa\/#primaryimage\"},\"thumbnailUrl\":\"\",\"datePublished\":\"2017-12-07T06:00:00+00:00\",\"dateModified\":\"2023-07-07T17:39:39+00:00\",\"author\":{\"@id\":\"https:\/\/www.sinpro-rio.org.br\/principal\/#\/schema\/person\/ee17219e64d00d037e511ae59ce2227e\"},\"breadcrumb\":{\"@id\":\"https:\/\/www.sinpro-rio.org.br\/principal\/reuni-o-no-sinpro-rio-professores-da-estacio-demonstram-revolta-com-a-demiss-o-em-massa\/#breadcrumb\"},\"inLanguage\":\"pt-BR\",\"potentialAction\":[{\"@type\":\"ReadAction\",\"target\":[\"https:\/\/www.sinpro-rio.org.br\/principal\/reuni-o-no-sinpro-rio-professores-da-estacio-demonstram-revolta-com-a-demiss-o-em-massa\/\"]}]},{\"@type\":\"ImageObject\",\"inLanguage\":\"pt-BR\",\"@id\":\"https:\/\/www.sinpro-rio.org.br\/principal\/reuni-o-no-sinpro-rio-professores-da-estacio-demonstram-revolta-com-a-demiss-o-em-massa\/#primaryimage\",\"url\":\"\",\"contentUrl\":\"\"},{\"@type\":\"BreadcrumbList\",\"@id\":\"https:\/\/www.sinpro-rio.org.br\/principal\/reuni-o-no-sinpro-rio-professores-da-estacio-demonstram-revolta-com-a-demiss-o-em-massa\/#breadcrumb\",\"itemListElement\":[{\"@type\":\"ListItem\",\"position\":1,\"name\":\"In\u00edcio\",\"item\":\"https:\/\/www.sinpro-rio.org.br\/principal\/\"},{\"@type\":\"ListItem\",\"position\":2,\"name\":\"REUNI\u00c3O NO SINPRO-RIO: PROFESSORES DA EST\u00c1CIO DEMONSTRAM REVOLTA COM A DEMISS\u00c3O EM MASSA\"}]},{\"@type\":\"WebSite\",\"@id\":\"https:\/\/www.sinpro-rio.org.br\/principal\/#website\",\"url\":\"https:\/\/www.sinpro-rio.org.br\/principal\/\",\"name\":\"Sinpro-Rio\",\"description\":\"Sindicato dos Professores do Munic\u00edpio do Rio de Janeiro e Regi\u00e3o\",\"potentialAction\":[{\"@type\":\"SearchAction\",\"target\":{\"@type\":\"EntryPoint\",\"urlTemplate\":\"https:\/\/www.sinpro-rio.org.br\/principal\/?s={search_term_string}\"},\"query-input\":{\"@type\":\"PropertyValueSpecification\",\"valueRequired\":true,\"valueName\":\"search_term_string\"}}],\"inLanguage\":\"pt-BR\"},{\"@type\":\"Person\",\"@id\":\"https:\/\/www.sinpro-rio.org.br\/principal\/#\/schema\/person\/ee17219e64d00d037e511ae59ce2227e\",\"name\":\"alessandra\",\"image\":{\"@type\":\"ImageObject\",\"inLanguage\":\"pt-BR\",\"@id\":\"https:\/\/www.sinpro-rio.org.br\/principal\/#\/schema\/person\/image\/\",\"url\":\"https:\/\/secure.gravatar.com\/avatar\/2b43fa8c0ad8e33b46a4732549f7fb20?s=96&d=mm&r=g\",\"contentUrl\":\"https:\/\/secure.gravatar.com\/avatar\/2b43fa8c0ad8e33b46a4732549f7fb20?s=96&d=mm&r=g\",\"caption\":\"alessandra\"},\"url\":\"https:\/\/www.sinpro-rio.org.br\/principal\/author\/alessandra\/\"}]}<\/script>\n<!-- \/ Yoast SEO plugin. -->","yoast_head_json":{"title":"REUNI\u00c3O NO SINPRO-RIO: PROFESSORES DA EST\u00c1CIO DEMONSTRAM REVOLTA COM A DEMISS\u00c3O EM MASSA - Sinpro-Rio","robots":{"index":"index","follow":"follow","max-snippet":"max-snippet:-1","max-image-preview":"max-image-preview:large","max-video-preview":"max-video-preview:-1"},"canonical":"https:\/\/www.sinpro-rio.org.br\/principal\/reuni-o-no-sinpro-rio-professores-da-estacio-demonstram-revolta-com-a-demiss-o-em-massa\/","og_locale":"pt_BR","og_type":"article","og_title":"REUNI\u00c3O NO SINPRO-RIO: PROFESSORES DA EST\u00c1CIO DEMONSTRAM REVOLTA COM A DEMISS\u00c3O EM MASSA - Sinpro-Rio","og_description":"Professoras e professores relataram, em reuni&atilde;o no Sindicato, arbitrariedades cometidas pela Universidade Est&aacute;cio com a demiss&atilde;o de mais de 1000 docentes. Na reuni&atilde;o, houve relato de que professores foram retirados das salas de aula para serem demitidos e que muitos foram retirar as provas para serem aplicadas e l&aacute; foram comunicados da demiss&atilde;o. &ldquo;N&atilde;o se [&hellip;]","og_url":"https:\/\/www.sinpro-rio.org.br\/principal\/reuni-o-no-sinpro-rio-professores-da-estacio-demonstram-revolta-com-a-demiss-o-em-massa\/","og_site_name":"Sinpro-Rio","article_published_time":"2017-12-07T06:00:00+00:00","article_modified_time":"2023-07-07T17:39:39+00:00","author":"alessandra","twitter_card":"summary_large_image","twitter_misc":{"Escrito por":"alessandra","Est. tempo de leitura":"1 minuto"},"schema":{"@context":"https:\/\/schema.org","@graph":[{"@type":"WebPage","@id":"https:\/\/www.sinpro-rio.org.br\/principal\/reuni-o-no-sinpro-rio-professores-da-estacio-demonstram-revolta-com-a-demiss-o-em-massa\/","url":"https:\/\/www.sinpro-rio.org.br\/principal\/reuni-o-no-sinpro-rio-professores-da-estacio-demonstram-revolta-com-a-demiss-o-em-massa\/","name":"REUNI\u00c3O NO SINPRO-RIO: PROFESSORES DA EST\u00c1CIO DEMONSTRAM REVOLTA COM A DEMISS\u00c3O EM MASSA - Sinpro-Rio","isPartOf":{"@id":"https:\/\/www.sinpro-rio.org.br\/principal\/#website"},"primaryImageOfPage":{"@id":"https:\/\/www.sinpro-rio.org.br\/principal\/reuni-o-no-sinpro-rio-professores-da-estacio-demonstram-revolta-com-a-demiss-o-em-massa\/#primaryimage"},"image":{"@id":"https:\/\/www.sinpro-rio.org.br\/principal\/reuni-o-no-sinpro-rio-professores-da-estacio-demonstram-revolta-com-a-demiss-o-em-massa\/#primaryimage"},"thumbnailUrl":"","datePublished":"2017-12-07T06:00:00+00:00","dateModified":"2023-07-07T17:39:39+00:00","author":{"@id":"https:\/\/www.sinpro-rio.org.br\/principal\/#\/schema\/person\/ee17219e64d00d037e511ae59ce2227e"},"breadcrumb":{"@id":"https:\/\/www.sinpro-rio.org.br\/principal\/reuni-o-no-sinpro-rio-professores-da-estacio-demonstram-revolta-com-a-demiss-o-em-massa\/#breadcrumb"},"inLanguage":"pt-BR","potentialAction":[{"@type":"ReadAction","target":["https:\/\/www.sinpro-rio.org.br\/principal\/reuni-o-no-sinpro-rio-professores-da-estacio-demonstram-revolta-com-a-demiss-o-em-massa\/"]}]},{"@type":"ImageObject","inLanguage":"pt-BR","@id":"https:\/\/www.sinpro-rio.org.br\/principal\/reuni-o-no-sinpro-rio-professores-da-estacio-demonstram-revolta-com-a-demiss-o-em-massa\/#primaryimage","url":"","contentUrl":""},{"@type":"BreadcrumbList","@id":"https:\/\/www.sinpro-rio.org.br\/principal\/reuni-o-no-sinpro-rio-professores-da-estacio-demonstram-revolta-com-a-demiss-o-em-massa\/#breadcrumb","itemListElement":[{"@type":"ListItem","position":1,"name":"In\u00edcio","item":"https:\/\/www.sinpro-rio.org.br\/principal\/"},{"@type":"ListItem","position":2,"name":"REUNI\u00c3O NO SINPRO-RIO: PROFESSORES DA EST\u00c1CIO DEMONSTRAM REVOLTA COM A DEMISS\u00c3O EM MASSA"}]},{"@type":"WebSite","@id":"https:\/\/www.sinpro-rio.org.br\/principal\/#website","url":"https:\/\/www.sinpro-rio.org.br\/principal\/","name":"Sinpro-Rio","description":"Sindicato dos Professores do Munic\u00edpio do Rio de Janeiro e Regi\u00e3o","potentialAction":[{"@type":"SearchAction","target":{"@type":"EntryPoint","urlTemplate":"https:\/\/www.sinpro-rio.org.br\/principal\/?s={search_term_string}"},"query-input":{"@type":"PropertyValueSpecification","valueRequired":true,"valueName":"search_term_string"}}],"inLanguage":"pt-BR"},{"@type":"Person","@id":"https:\/\/www.sinpro-rio.org.br\/principal\/#\/schema\/person\/ee17219e64d00d037e511ae59ce2227e","name":"alessandra","image":{"@type":"ImageObject","inLanguage":"pt-BR","@id":"https:\/\/www.sinpro-rio.org.br\/principal\/#\/schema\/person\/image\/","url":"https:\/\/secure.gravatar.com\/avatar\/2b43fa8c0ad8e33b46a4732549f7fb20?s=96&d=mm&r=g","contentUrl":"https:\/\/secure.gravatar.com\/avatar\/2b43fa8c0ad8e33b46a4732549f7fb20?s=96&d=mm&r=g","caption":"alessandra"},"url":"https:\/\/www.sinpro-rio.org.br\/principal\/author\/alessandra\/"}]}},"_links":{"self":[{"href":"https:\/\/www.sinpro-rio.org.br\/principal\/wp-json\/wp\/v2\/posts\/19469","targetHints":{"allow":["GET"]}}],"collection":[{"href":"https:\/\/www.sinpro-rio.org.br\/principal\/wp-json\/wp\/v2\/posts"}],"about":[{"href":"https:\/\/www.sinpro-rio.org.br\/principal\/wp-json\/wp\/v2\/types\/post"}],"author":[{"embeddable":true,"href":"https:\/\/www.sinpro-rio.org.br\/principal\/wp-json\/wp\/v2\/users\/2"}],"replies":[{"embeddable":true,"href":"https:\/\/www.sinpro-rio.org.br\/principal\/wp-json\/wp\/v2\/comments?post=19469"}],"version-history":[{"count":1,"href":"https:\/\/www.sinpro-rio.org.br\/principal\/wp-json\/wp\/v2\/posts\/19469\/revisions"}],"predecessor-version":[{"id":36051,"href":"https:\/\/www.sinpro-rio.org.br\/principal\/wp-json\/wp\/v2\/posts\/19469\/revisions\/36051"}],"wp:featuredmedia":[{"embeddable":true,"href":"https:\/\/www.sinpro-rio.org.br\/principal\/wp-json\/wp\/v2\/media\/19470"}],"wp:attachment":[{"href":"https:\/\/www.sinpro-rio.org.br\/principal\/wp-json\/wp\/v2\/media?parent=19469"}],"wp:term":[{"taxonomy":"category","embeddable":true,"href":"https:\/\/www.sinpro-rio.org.br\/principal\/wp-json\/wp\/v2\/categories?post=19469"},{"taxonomy":"post_tag","embeddable":true,"href":"https:\/\/www.sinpro-rio.org.br\/principal\/wp-json\/wp\/v2\/tags?post=19469"}],"curies":[{"name":"wp","href":"https:\/\/api.w.org\/{rel}","templated":true}]}}