{"id":19366,"date":"2017-11-07T12:00:00","date_gmt":"2017-11-07T12:00:00","guid":{"rendered":""},"modified":"-0001-11-30T00:00:00","modified_gmt":"-0001-11-30T03:00:00","slug":"sinpro-rio-esclarece-e-orienta-sobre-aspectos-da-reforma-trabalhista","status":"publish","type":"post","link":"https:\/\/www.sinpro-rio.org.br\/principal\/sinpro-rio-esclarece-e-orienta-sobre-aspectos-da-reforma-trabalhista\/","title":{"rendered":"Sinpro-Rio esclarece e orienta sobre aspectos da Reforma Trabalhista"},"content":{"rendered":"<p>Professor e Professora,<\/p>\n<p>Nos \u00faltimos dois anos, enquanto classe trabalhadora, estamos sendo bombardeados por decis\u00f5es que nos afetam diretamente, e retirada de direitos e conquistas hist\u00f3ricas dos trabalhadores, que est\u00e3o sendo aprovadas por um Congresso Nacional reacion\u00e1rio e conservador, sem qualquer debate com a sociedade brasileira. Foi assim com a reforma do ensino m\u00e9dio e sobretudo, com a lei que congela investimentos p\u00fablicos para os pr\u00f3ximos 20 anos \u2013 que reduz investimento em setores estrat\u00e9gicos como sa\u00fade e educa\u00e7\u00e3o. Tudo isto, sem se considerar que, al\u00e9m da reforma trabalhista j\u00e1 aprovada, ainda est\u00e1 pautada no Congresso a amea\u00e7a da reforma da previd\u00eancia.<\/p>\n<p>No que diz respeito a essa perversa reforma trabalhista \u2013 a mais nociva a classe trabalhadora, o Sinpro-Rio vem atuando diuturnamente, tanto no que diz respeito ao conhecimento sobre o aprovado, quanto ao processo de orienta\u00e7\u00e3o \u00e0 sua base de representa\u00e7\u00e3o. Estamos fazendo o debate em todos os locais que temos assento, al\u00e9m de nossa participa\u00e7\u00e3o nas entidades em que o sindicato \u00e9 filiado. Al\u00e9m disso, nossa assessoria jur\u00eddica tem nos dado todo respaldo quanto \u00e0s a\u00e7\u00f5es em curso, e estrat\u00e9gias para um futuro de inevit\u00e1vel embate com o patronato.<\/p>\n<p>No entanto, preocupa-nos informa\u00e7\u00f5es que v\u00eam sendo divulgadas \u00e0 categoria por determinados setores, ainda que com as melhores das boas inten\u00e7\u00f5es, por induzir a erros de interpreta\u00e7\u00f5es da lei. Consideramos que o af\u00e3 de tais procedimentos apenas causa confus\u00e3o entre os professores e em nada avan\u00e7a.<\/p>\n<p>De nossa parte, enquanto dire\u00e7\u00e3o do sindicato, cumpre-nos informar que estamos produzindo um conjunto de informa\u00e7\u00f5es sobre o tema \u2013 materializadas agora atrav\u00e9s do Jornal do Professor, edi\u00e7\u00e3o de novembro\/2017 e que, para seu maior conforto, est\u00e1 postado no nosso Portal Eletr\u00f4nico.<\/p>\n<p>A Diretoria.<\/p>\n<p>Confira a nova edi\u00e7\u00e3o do Jornal do Professor.<\/p>\n","protected":false},"excerpt":{"rendered":"<p>Professor e Professora, Nos \u00faltimos dois anos, enquanto classe trabalhadora, estamos sendo bombardeados por decis\u00f5es que nos afetam diretamente, e retirada de direitos e conquistas hist\u00f3ricas dos trabalhadores, que est\u00e3o sendo aprovadas por um Congresso Nacional reacion\u00e1rio e conservador, sem qualquer debate com a sociedade brasileira. Foi assim com a reforma do ensino m\u00e9dio e [&hellip;]<\/p>\n","protected":false},"author":2,"featured_media":0,"comment_status":"closed","ping_status":"open","sticky":false,"template":"","format":"standard","meta":{"footnotes":""},"categories":[1],"tags":[],"class_list":["post-19366","post","type-post","status-publish","format-standard","hentry","category-noticias"],"yoast_head":"<!-- This site is optimized with the Yoast SEO plugin v25.7 - https:\/\/yoast.com\/wordpress\/plugins\/seo\/ -->\n<title>Sinpro-Rio esclarece e orienta sobre aspectos da Reforma Trabalhista - Sinpro-Rio<\/title>\n<meta name=\"robots\" content=\"index, follow, max-snippet:-1, max-image-preview:large, max-video-preview:-1\" \/>\n<link rel=\"canonical\" href=\"https:\/\/www.sinpro-rio.org.br\/principal\/sinpro-rio-esclarece-e-orienta-sobre-aspectos-da-reforma-trabalhista\/\" \/>\n<meta property=\"og:locale\" content=\"pt_BR\" \/>\n<meta property=\"og:type\" content=\"article\" \/>\n<meta property=\"og:title\" content=\"Sinpro-Rio esclarece e orienta sobre aspectos da Reforma Trabalhista - Sinpro-Rio\" \/>\n<meta property=\"og:description\" content=\"Professor e Professora, Nos \u00faltimos dois anos, enquanto classe trabalhadora, estamos sendo bombardeados por decis\u00f5es que nos afetam diretamente, e retirada de direitos e conquistas hist\u00f3ricas dos trabalhadores, que est\u00e3o sendo aprovadas por um Congresso Nacional reacion\u00e1rio e conservador, sem qualquer debate com a sociedade brasileira. Foi assim com a reforma do ensino m\u00e9dio e [&hellip;]\" \/>\n<meta property=\"og:url\" content=\"https:\/\/www.sinpro-rio.org.br\/principal\/sinpro-rio-esclarece-e-orienta-sobre-aspectos-da-reforma-trabalhista\/\" \/>\n<meta property=\"og:site_name\" content=\"Sinpro-Rio\" \/>\n<meta property=\"article:published_time\" content=\"2017-11-07T12:00:00+00:00\" \/>\n<meta name=\"author\" content=\"alessandra\" \/>\n<meta name=\"twitter:card\" content=\"summary_large_image\" \/>\n<meta name=\"twitter:label1\" content=\"Escrito por\" \/>\n\t<meta name=\"twitter:data1\" content=\"alessandra\" \/>\n\t<meta name=\"twitter:label2\" content=\"Est. tempo de leitura\" \/>\n\t<meta name=\"twitter:data2\" content=\"2 minutos\" \/>\n<script type=\"application\/ld+json\" class=\"yoast-schema-graph\">{\"@context\":\"https:\/\/schema.org\",\"@graph\":[{\"@type\":\"WebPage\",\"@id\":\"https:\/\/www.sinpro-rio.org.br\/principal\/sinpro-rio-esclarece-e-orienta-sobre-aspectos-da-reforma-trabalhista\/\",\"url\":\"https:\/\/www.sinpro-rio.org.br\/principal\/sinpro-rio-esclarece-e-orienta-sobre-aspectos-da-reforma-trabalhista\/\",\"name\":\"Sinpro-Rio esclarece e orienta sobre aspectos da Reforma Trabalhista - Sinpro-Rio\",\"isPartOf\":{\"@id\":\"https:\/\/www.sinpro-rio.org.br\/principal\/#website\"},\"datePublished\":\"2017-11-07T12:00:00+00:00\",\"author\":{\"@id\":\"https:\/\/www.sinpro-rio.org.br\/principal\/#\/schema\/person\/ee17219e64d00d037e511ae59ce2227e\"},\"breadcrumb\":{\"@id\":\"https:\/\/www.sinpro-rio.org.br\/principal\/sinpro-rio-esclarece-e-orienta-sobre-aspectos-da-reforma-trabalhista\/#breadcrumb\"},\"inLanguage\":\"pt-BR\",\"potentialAction\":[{\"@type\":\"ReadAction\",\"target\":[\"https:\/\/www.sinpro-rio.org.br\/principal\/sinpro-rio-esclarece-e-orienta-sobre-aspectos-da-reforma-trabalhista\/\"]}]},{\"@type\":\"BreadcrumbList\",\"@id\":\"https:\/\/www.sinpro-rio.org.br\/principal\/sinpro-rio-esclarece-e-orienta-sobre-aspectos-da-reforma-trabalhista\/#breadcrumb\",\"itemListElement\":[{\"@type\":\"ListItem\",\"position\":1,\"name\":\"In\u00edcio\",\"item\":\"https:\/\/www.sinpro-rio.org.br\/principal\/\"},{\"@type\":\"ListItem\",\"position\":2,\"name\":\"Sinpro-Rio esclarece e orienta sobre aspectos da Reforma Trabalhista\"}]},{\"@type\":\"WebSite\",\"@id\":\"https:\/\/www.sinpro-rio.org.br\/principal\/#website\",\"url\":\"https:\/\/www.sinpro-rio.org.br\/principal\/\",\"name\":\"Sinpro-Rio\",\"description\":\"Sindicato dos Professores do Munic\u00edpio do Rio de Janeiro e Regi\u00e3o\",\"potentialAction\":[{\"@type\":\"SearchAction\",\"target\":{\"@type\":\"EntryPoint\",\"urlTemplate\":\"https:\/\/www.sinpro-rio.org.br\/principal\/?s={search_term_string}\"},\"query-input\":{\"@type\":\"PropertyValueSpecification\",\"valueRequired\":true,\"valueName\":\"search_term_string\"}}],\"inLanguage\":\"pt-BR\"},{\"@type\":\"Person\",\"@id\":\"https:\/\/www.sinpro-rio.org.br\/principal\/#\/schema\/person\/ee17219e64d00d037e511ae59ce2227e\",\"name\":\"alessandra\",\"image\":{\"@type\":\"ImageObject\",\"inLanguage\":\"pt-BR\",\"@id\":\"https:\/\/www.sinpro-rio.org.br\/principal\/#\/schema\/person\/image\/\",\"url\":\"https:\/\/secure.gravatar.com\/avatar\/2b43fa8c0ad8e33b46a4732549f7fb20?s=96&d=mm&r=g\",\"contentUrl\":\"https:\/\/secure.gravatar.com\/avatar\/2b43fa8c0ad8e33b46a4732549f7fb20?s=96&d=mm&r=g\",\"caption\":\"alessandra\"},\"url\":\"https:\/\/www.sinpro-rio.org.br\/principal\/author\/alessandra\/\"}]}<\/script>\n<!-- \/ Yoast SEO plugin. -->","yoast_head_json":{"title":"Sinpro-Rio esclarece e orienta sobre aspectos da Reforma Trabalhista - Sinpro-Rio","robots":{"index":"index","follow":"follow","max-snippet":"max-snippet:-1","max-image-preview":"max-image-preview:large","max-video-preview":"max-video-preview:-1"},"canonical":"https:\/\/www.sinpro-rio.org.br\/principal\/sinpro-rio-esclarece-e-orienta-sobre-aspectos-da-reforma-trabalhista\/","og_locale":"pt_BR","og_type":"article","og_title":"Sinpro-Rio esclarece e orienta sobre aspectos da Reforma Trabalhista - Sinpro-Rio","og_description":"Professor e Professora, Nos \u00faltimos dois anos, enquanto classe trabalhadora, estamos sendo bombardeados por decis\u00f5es que nos afetam diretamente, e retirada de direitos e conquistas hist\u00f3ricas dos trabalhadores, que est\u00e3o sendo aprovadas por um Congresso Nacional reacion\u00e1rio e conservador, sem qualquer debate com a sociedade brasileira. Foi assim com a reforma do ensino m\u00e9dio e [&hellip;]","og_url":"https:\/\/www.sinpro-rio.org.br\/principal\/sinpro-rio-esclarece-e-orienta-sobre-aspectos-da-reforma-trabalhista\/","og_site_name":"Sinpro-Rio","article_published_time":"2017-11-07T12:00:00+00:00","author":"alessandra","twitter_card":"summary_large_image","twitter_misc":{"Escrito por":"alessandra","Est. tempo de leitura":"2 minutos"},"schema":{"@context":"https:\/\/schema.org","@graph":[{"@type":"WebPage","@id":"https:\/\/www.sinpro-rio.org.br\/principal\/sinpro-rio-esclarece-e-orienta-sobre-aspectos-da-reforma-trabalhista\/","url":"https:\/\/www.sinpro-rio.org.br\/principal\/sinpro-rio-esclarece-e-orienta-sobre-aspectos-da-reforma-trabalhista\/","name":"Sinpro-Rio esclarece e orienta sobre aspectos da Reforma Trabalhista - Sinpro-Rio","isPartOf":{"@id":"https:\/\/www.sinpro-rio.org.br\/principal\/#website"},"datePublished":"2017-11-07T12:00:00+00:00","author":{"@id":"https:\/\/www.sinpro-rio.org.br\/principal\/#\/schema\/person\/ee17219e64d00d037e511ae59ce2227e"},"breadcrumb":{"@id":"https:\/\/www.sinpro-rio.org.br\/principal\/sinpro-rio-esclarece-e-orienta-sobre-aspectos-da-reforma-trabalhista\/#breadcrumb"},"inLanguage":"pt-BR","potentialAction":[{"@type":"ReadAction","target":["https:\/\/www.sinpro-rio.org.br\/principal\/sinpro-rio-esclarece-e-orienta-sobre-aspectos-da-reforma-trabalhista\/"]}]},{"@type":"BreadcrumbList","@id":"https:\/\/www.sinpro-rio.org.br\/principal\/sinpro-rio-esclarece-e-orienta-sobre-aspectos-da-reforma-trabalhista\/#breadcrumb","itemListElement":[{"@type":"ListItem","position":1,"name":"In\u00edcio","item":"https:\/\/www.sinpro-rio.org.br\/principal\/"},{"@type":"ListItem","position":2,"name":"Sinpro-Rio esclarece e orienta sobre aspectos da Reforma Trabalhista"}]},{"@type":"WebSite","@id":"https:\/\/www.sinpro-rio.org.br\/principal\/#website","url":"https:\/\/www.sinpro-rio.org.br\/principal\/","name":"Sinpro-Rio","description":"Sindicato dos Professores do Munic\u00edpio do Rio de Janeiro e Regi\u00e3o","potentialAction":[{"@type":"SearchAction","target":{"@type":"EntryPoint","urlTemplate":"https:\/\/www.sinpro-rio.org.br\/principal\/?s={search_term_string}"},"query-input":{"@type":"PropertyValueSpecification","valueRequired":true,"valueName":"search_term_string"}}],"inLanguage":"pt-BR"},{"@type":"Person","@id":"https:\/\/www.sinpro-rio.org.br\/principal\/#\/schema\/person\/ee17219e64d00d037e511ae59ce2227e","name":"alessandra","image":{"@type":"ImageObject","inLanguage":"pt-BR","@id":"https:\/\/www.sinpro-rio.org.br\/principal\/#\/schema\/person\/image\/","url":"https:\/\/secure.gravatar.com\/avatar\/2b43fa8c0ad8e33b46a4732549f7fb20?s=96&d=mm&r=g","contentUrl":"https:\/\/secure.gravatar.com\/avatar\/2b43fa8c0ad8e33b46a4732549f7fb20?s=96&d=mm&r=g","caption":"alessandra"},"url":"https:\/\/www.sinpro-rio.org.br\/principal\/author\/alessandra\/"}]}},"_links":{"self":[{"href":"https:\/\/www.sinpro-rio.org.br\/principal\/wp-json\/wp\/v2\/posts\/19366","targetHints":{"allow":["GET"]}}],"collection":[{"href":"https:\/\/www.sinpro-rio.org.br\/principal\/wp-json\/wp\/v2\/posts"}],"about":[{"href":"https:\/\/www.sinpro-rio.org.br\/principal\/wp-json\/wp\/v2\/types\/post"}],"author":[{"embeddable":true,"href":"https:\/\/www.sinpro-rio.org.br\/principal\/wp-json\/wp\/v2\/users\/2"}],"replies":[{"embeddable":true,"href":"https:\/\/www.sinpro-rio.org.br\/principal\/wp-json\/wp\/v2\/comments?post=19366"}],"version-history":[{"count":0,"href":"https:\/\/www.sinpro-rio.org.br\/principal\/wp-json\/wp\/v2\/posts\/19366\/revisions"}],"wp:attachment":[{"href":"https:\/\/www.sinpro-rio.org.br\/principal\/wp-json\/wp\/v2\/media?parent=19366"}],"wp:term":[{"taxonomy":"category","embeddable":true,"href":"https:\/\/www.sinpro-rio.org.br\/principal\/wp-json\/wp\/v2\/categories?post=19366"},{"taxonomy":"post_tag","embeddable":true,"href":"https:\/\/www.sinpro-rio.org.br\/principal\/wp-json\/wp\/v2\/tags?post=19366"}],"curies":[{"name":"wp","href":"https:\/\/api.w.org\/{rel}","templated":true}]}}