{"id":19108,"date":"2017-03-09T16:00:00","date_gmt":"2017-03-09T16:00:00","guid":{"rendered":""},"modified":"-0001-11-30T00:00:00","modified_gmt":"-0001-11-30T03:00:00","slug":"paralisac-o-de-15-de-marco-assembleia-no-sinpro-rio-aprova-iniciativas","status":"publish","type":"post","link":"https:\/\/www.sinpro-rio.org.br\/principal\/paralisac-o-de-15-de-marco-assembleia-no-sinpro-rio-aprova-iniciativas\/","title":{"rendered":"Paralisa\u00e7\u00e3o de 15 de mar\u00e7o: assembleia no Sinpro-Rio aprova iniciativas"},"content":{"rendered":"<p>O Sinpro-Rio realizou ontem uma concorrida e entusiasmada assembleia voltada para a paralisa&ccedil;&atilde;o do dia 15 de mar&ccedil;o. Cerca de 100 pessoas compareceram &agrave; sede do sindicato para debater a mobiliza&ccedil;&atilde;o e a&ccedil;&otilde;es com a finalidade de se realizar uma paralisa&ccedil;&atilde;o que mostre ao governo ileg&iacute;timo que a categoria dos professores lutar&aacute; contra o golpe na previd&ecirc;ncia e nos direitos trabalhistas.<\/p>\n<p>Assembleia permanente, mobiliza&ccedil;&atilde;o dos professores com entidades estudantis e a&ccedil;&otilde;es de comunica&ccedil;&atilde;o foram aprovadas por unanimidade.<\/p>\n<p>Todas e todos &agrave; luta &#8211; concentra&ccedil;&atilde;o &agrave;s 16 horas, na Candel&aacute;ria! Nenhum direito a menos!<\/p>\n<p>Veja fotos do ato&nbsp;<a href=\"https:\/\/www.facebook.com\/pg\/sinprorio1931\/photos\/?tab=album&amp;album_id=1558906680804793\">aqui<\/a>.<\/p>\n","protected":false},"excerpt":{"rendered":"<p>O Sinpro-Rio realizou ontem uma concorrida e entusiasmada assembleia voltada para a paralisa&ccedil;&atilde;o do dia 15 de mar&ccedil;o. Cerca de 100 pessoas compareceram &agrave; sede do sindicato para debater a mobiliza&ccedil;&atilde;o e a&ccedil;&otilde;es com a finalidade de se realizar uma paralisa&ccedil;&atilde;o que mostre ao governo ileg&iacute;timo que a categoria dos professores lutar&aacute; contra o golpe [&hellip;]<\/p>\n","protected":false},"author":2,"featured_media":19109,"comment_status":"closed","ping_status":"open","sticky":false,"template":"","format":"standard","meta":{"footnotes":""},"categories":[1],"tags":[],"class_list":["post-19108","post","type-post","status-publish","format-standard","has-post-thumbnail","hentry","category-noticias"],"yoast_head":"<!-- This site is optimized with the Yoast SEO plugin v25.7 - https:\/\/yoast.com\/wordpress\/plugins\/seo\/ -->\n<title>Paralisa\u00e7\u00e3o de 15 de mar\u00e7o: assembleia no Sinpro-Rio aprova iniciativas - Sinpro-Rio<\/title>\n<meta name=\"robots\" content=\"index, follow, max-snippet:-1, max-image-preview:large, max-video-preview:-1\" \/>\n<link rel=\"canonical\" href=\"https:\/\/www.sinpro-rio.org.br\/principal\/paralisac-o-de-15-de-marco-assembleia-no-sinpro-rio-aprova-iniciativas\/\" \/>\n<meta property=\"og:locale\" content=\"pt_BR\" \/>\n<meta property=\"og:type\" content=\"article\" \/>\n<meta property=\"og:title\" content=\"Paralisa\u00e7\u00e3o de 15 de mar\u00e7o: assembleia no Sinpro-Rio aprova iniciativas - Sinpro-Rio\" \/>\n<meta property=\"og:description\" content=\"O Sinpro-Rio realizou ontem uma concorrida e entusiasmada assembleia voltada para a paralisa&ccedil;&atilde;o do dia 15 de mar&ccedil;o. Cerca de 100 pessoas compareceram &agrave; sede do sindicato para debater a mobiliza&ccedil;&atilde;o e a&ccedil;&otilde;es com a finalidade de se realizar uma paralisa&ccedil;&atilde;o que mostre ao governo ileg&iacute;timo que a categoria dos professores lutar&aacute; contra o golpe [&hellip;]\" \/>\n<meta property=\"og:url\" content=\"https:\/\/www.sinpro-rio.org.br\/principal\/paralisac-o-de-15-de-marco-assembleia-no-sinpro-rio-aprova-iniciativas\/\" \/>\n<meta property=\"og:site_name\" content=\"Sinpro-Rio\" \/>\n<meta property=\"article:published_time\" content=\"2017-03-09T16:00:00+00:00\" \/>\n<meta name=\"author\" content=\"alessandra\" \/>\n<meta name=\"twitter:card\" content=\"summary_large_image\" \/>\n<meta name=\"twitter:label1\" content=\"Escrito por\" \/>\n\t<meta name=\"twitter:data1\" content=\"alessandra\" \/>\n\t<meta name=\"twitter:label2\" content=\"Est. tempo de leitura\" \/>\n\t<meta name=\"twitter:data2\" content=\"1 minuto\" \/>\n<script type=\"application\/ld+json\" class=\"yoast-schema-graph\">{\"@context\":\"https:\/\/schema.org\",\"@graph\":[{\"@type\":\"WebPage\",\"@id\":\"https:\/\/www.sinpro-rio.org.br\/principal\/paralisac-o-de-15-de-marco-assembleia-no-sinpro-rio-aprova-iniciativas\/\",\"url\":\"https:\/\/www.sinpro-rio.org.br\/principal\/paralisac-o-de-15-de-marco-assembleia-no-sinpro-rio-aprova-iniciativas\/\",\"name\":\"Paralisa\u00e7\u00e3o de 15 de mar\u00e7o: assembleia no Sinpro-Rio aprova iniciativas - Sinpro-Rio\",\"isPartOf\":{\"@id\":\"https:\/\/www.sinpro-rio.org.br\/principal\/#website\"},\"primaryImageOfPage\":{\"@id\":\"https:\/\/www.sinpro-rio.org.br\/principal\/paralisac-o-de-15-de-marco-assembleia-no-sinpro-rio-aprova-iniciativas\/#primaryimage\"},\"image\":{\"@id\":\"https:\/\/www.sinpro-rio.org.br\/principal\/paralisac-o-de-15-de-marco-assembleia-no-sinpro-rio-aprova-iniciativas\/#primaryimage\"},\"thumbnailUrl\":\"\",\"datePublished\":\"2017-03-09T16:00:00+00:00\",\"author\":{\"@id\":\"https:\/\/www.sinpro-rio.org.br\/principal\/#\/schema\/person\/ee17219e64d00d037e511ae59ce2227e\"},\"breadcrumb\":{\"@id\":\"https:\/\/www.sinpro-rio.org.br\/principal\/paralisac-o-de-15-de-marco-assembleia-no-sinpro-rio-aprova-iniciativas\/#breadcrumb\"},\"inLanguage\":\"pt-BR\",\"potentialAction\":[{\"@type\":\"ReadAction\",\"target\":[\"https:\/\/www.sinpro-rio.org.br\/principal\/paralisac-o-de-15-de-marco-assembleia-no-sinpro-rio-aprova-iniciativas\/\"]}]},{\"@type\":\"ImageObject\",\"inLanguage\":\"pt-BR\",\"@id\":\"https:\/\/www.sinpro-rio.org.br\/principal\/paralisac-o-de-15-de-marco-assembleia-no-sinpro-rio-aprova-iniciativas\/#primaryimage\",\"url\":\"\",\"contentUrl\":\"\"},{\"@type\":\"BreadcrumbList\",\"@id\":\"https:\/\/www.sinpro-rio.org.br\/principal\/paralisac-o-de-15-de-marco-assembleia-no-sinpro-rio-aprova-iniciativas\/#breadcrumb\",\"itemListElement\":[{\"@type\":\"ListItem\",\"position\":1,\"name\":\"In\u00edcio\",\"item\":\"https:\/\/www.sinpro-rio.org.br\/principal\/\"},{\"@type\":\"ListItem\",\"position\":2,\"name\":\"Paralisa\u00e7\u00e3o de 15 de mar\u00e7o: assembleia no Sinpro-Rio aprova iniciativas\"}]},{\"@type\":\"WebSite\",\"@id\":\"https:\/\/www.sinpro-rio.org.br\/principal\/#website\",\"url\":\"https:\/\/www.sinpro-rio.org.br\/principal\/\",\"name\":\"Sinpro-Rio\",\"description\":\"Sindicato dos Professores do Munic\u00edpio do Rio de Janeiro e Regi\u00e3o\",\"potentialAction\":[{\"@type\":\"SearchAction\",\"target\":{\"@type\":\"EntryPoint\",\"urlTemplate\":\"https:\/\/www.sinpro-rio.org.br\/principal\/?s={search_term_string}\"},\"query-input\":{\"@type\":\"PropertyValueSpecification\",\"valueRequired\":true,\"valueName\":\"search_term_string\"}}],\"inLanguage\":\"pt-BR\"},{\"@type\":\"Person\",\"@id\":\"https:\/\/www.sinpro-rio.org.br\/principal\/#\/schema\/person\/ee17219e64d00d037e511ae59ce2227e\",\"name\":\"alessandra\",\"image\":{\"@type\":\"ImageObject\",\"inLanguage\":\"pt-BR\",\"@id\":\"https:\/\/www.sinpro-rio.org.br\/principal\/#\/schema\/person\/image\/\",\"url\":\"https:\/\/secure.gravatar.com\/avatar\/2b43fa8c0ad8e33b46a4732549f7fb20?s=96&d=mm&r=g\",\"contentUrl\":\"https:\/\/secure.gravatar.com\/avatar\/2b43fa8c0ad8e33b46a4732549f7fb20?s=96&d=mm&r=g\",\"caption\":\"alessandra\"},\"url\":\"https:\/\/www.sinpro-rio.org.br\/principal\/author\/alessandra\/\"}]}<\/script>\n<!-- \/ Yoast SEO plugin. -->","yoast_head_json":{"title":"Paralisa\u00e7\u00e3o de 15 de mar\u00e7o: assembleia no Sinpro-Rio aprova iniciativas - Sinpro-Rio","robots":{"index":"index","follow":"follow","max-snippet":"max-snippet:-1","max-image-preview":"max-image-preview:large","max-video-preview":"max-video-preview:-1"},"canonical":"https:\/\/www.sinpro-rio.org.br\/principal\/paralisac-o-de-15-de-marco-assembleia-no-sinpro-rio-aprova-iniciativas\/","og_locale":"pt_BR","og_type":"article","og_title":"Paralisa\u00e7\u00e3o de 15 de mar\u00e7o: assembleia no Sinpro-Rio aprova iniciativas - Sinpro-Rio","og_description":"O Sinpro-Rio realizou ontem uma concorrida e entusiasmada assembleia voltada para a paralisa&ccedil;&atilde;o do dia 15 de mar&ccedil;o. Cerca de 100 pessoas compareceram &agrave; sede do sindicato para debater a mobiliza&ccedil;&atilde;o e a&ccedil;&otilde;es com a finalidade de se realizar uma paralisa&ccedil;&atilde;o que mostre ao governo ileg&iacute;timo que a categoria dos professores lutar&aacute; contra o golpe [&hellip;]","og_url":"https:\/\/www.sinpro-rio.org.br\/principal\/paralisac-o-de-15-de-marco-assembleia-no-sinpro-rio-aprova-iniciativas\/","og_site_name":"Sinpro-Rio","article_published_time":"2017-03-09T16:00:00+00:00","author":"alessandra","twitter_card":"summary_large_image","twitter_misc":{"Escrito por":"alessandra","Est. tempo de leitura":"1 minuto"},"schema":{"@context":"https:\/\/schema.org","@graph":[{"@type":"WebPage","@id":"https:\/\/www.sinpro-rio.org.br\/principal\/paralisac-o-de-15-de-marco-assembleia-no-sinpro-rio-aprova-iniciativas\/","url":"https:\/\/www.sinpro-rio.org.br\/principal\/paralisac-o-de-15-de-marco-assembleia-no-sinpro-rio-aprova-iniciativas\/","name":"Paralisa\u00e7\u00e3o de 15 de mar\u00e7o: assembleia no Sinpro-Rio aprova iniciativas - Sinpro-Rio","isPartOf":{"@id":"https:\/\/www.sinpro-rio.org.br\/principal\/#website"},"primaryImageOfPage":{"@id":"https:\/\/www.sinpro-rio.org.br\/principal\/paralisac-o-de-15-de-marco-assembleia-no-sinpro-rio-aprova-iniciativas\/#primaryimage"},"image":{"@id":"https:\/\/www.sinpro-rio.org.br\/principal\/paralisac-o-de-15-de-marco-assembleia-no-sinpro-rio-aprova-iniciativas\/#primaryimage"},"thumbnailUrl":"","datePublished":"2017-03-09T16:00:00+00:00","author":{"@id":"https:\/\/www.sinpro-rio.org.br\/principal\/#\/schema\/person\/ee17219e64d00d037e511ae59ce2227e"},"breadcrumb":{"@id":"https:\/\/www.sinpro-rio.org.br\/principal\/paralisac-o-de-15-de-marco-assembleia-no-sinpro-rio-aprova-iniciativas\/#breadcrumb"},"inLanguage":"pt-BR","potentialAction":[{"@type":"ReadAction","target":["https:\/\/www.sinpro-rio.org.br\/principal\/paralisac-o-de-15-de-marco-assembleia-no-sinpro-rio-aprova-iniciativas\/"]}]},{"@type":"ImageObject","inLanguage":"pt-BR","@id":"https:\/\/www.sinpro-rio.org.br\/principal\/paralisac-o-de-15-de-marco-assembleia-no-sinpro-rio-aprova-iniciativas\/#primaryimage","url":"","contentUrl":""},{"@type":"BreadcrumbList","@id":"https:\/\/www.sinpro-rio.org.br\/principal\/paralisac-o-de-15-de-marco-assembleia-no-sinpro-rio-aprova-iniciativas\/#breadcrumb","itemListElement":[{"@type":"ListItem","position":1,"name":"In\u00edcio","item":"https:\/\/www.sinpro-rio.org.br\/principal\/"},{"@type":"ListItem","position":2,"name":"Paralisa\u00e7\u00e3o de 15 de mar\u00e7o: assembleia no Sinpro-Rio aprova iniciativas"}]},{"@type":"WebSite","@id":"https:\/\/www.sinpro-rio.org.br\/principal\/#website","url":"https:\/\/www.sinpro-rio.org.br\/principal\/","name":"Sinpro-Rio","description":"Sindicato dos Professores do Munic\u00edpio do Rio de Janeiro e Regi\u00e3o","potentialAction":[{"@type":"SearchAction","target":{"@type":"EntryPoint","urlTemplate":"https:\/\/www.sinpro-rio.org.br\/principal\/?s={search_term_string}"},"query-input":{"@type":"PropertyValueSpecification","valueRequired":true,"valueName":"search_term_string"}}],"inLanguage":"pt-BR"},{"@type":"Person","@id":"https:\/\/www.sinpro-rio.org.br\/principal\/#\/schema\/person\/ee17219e64d00d037e511ae59ce2227e","name":"alessandra","image":{"@type":"ImageObject","inLanguage":"pt-BR","@id":"https:\/\/www.sinpro-rio.org.br\/principal\/#\/schema\/person\/image\/","url":"https:\/\/secure.gravatar.com\/avatar\/2b43fa8c0ad8e33b46a4732549f7fb20?s=96&d=mm&r=g","contentUrl":"https:\/\/secure.gravatar.com\/avatar\/2b43fa8c0ad8e33b46a4732549f7fb20?s=96&d=mm&r=g","caption":"alessandra"},"url":"https:\/\/www.sinpro-rio.org.br\/principal\/author\/alessandra\/"}]}},"_links":{"self":[{"href":"https:\/\/www.sinpro-rio.org.br\/principal\/wp-json\/wp\/v2\/posts\/19108","targetHints":{"allow":["GET"]}}],"collection":[{"href":"https:\/\/www.sinpro-rio.org.br\/principal\/wp-json\/wp\/v2\/posts"}],"about":[{"href":"https:\/\/www.sinpro-rio.org.br\/principal\/wp-json\/wp\/v2\/types\/post"}],"author":[{"embeddable":true,"href":"https:\/\/www.sinpro-rio.org.br\/principal\/wp-json\/wp\/v2\/users\/2"}],"replies":[{"embeddable":true,"href":"https:\/\/www.sinpro-rio.org.br\/principal\/wp-json\/wp\/v2\/comments?post=19108"}],"version-history":[{"count":0,"href":"https:\/\/www.sinpro-rio.org.br\/principal\/wp-json\/wp\/v2\/posts\/19108\/revisions"}],"wp:featuredmedia":[{"embeddable":true,"href":"https:\/\/www.sinpro-rio.org.br\/principal\/wp-json\/wp\/v2\/media\/19109"}],"wp:attachment":[{"href":"https:\/\/www.sinpro-rio.org.br\/principal\/wp-json\/wp\/v2\/media?parent=19108"}],"wp:term":[{"taxonomy":"category","embeddable":true,"href":"https:\/\/www.sinpro-rio.org.br\/principal\/wp-json\/wp\/v2\/categories?post=19108"},{"taxonomy":"post_tag","embeddable":true,"href":"https:\/\/www.sinpro-rio.org.br\/principal\/wp-json\/wp\/v2\/tags?post=19108"}],"curies":[{"name":"wp","href":"https:\/\/api.w.org\/{rel}","templated":true}]}}