{"id":18893,"date":"2017-04-27T05:00:00","date_gmt":"2017-04-27T05:00:00","guid":{"rendered":""},"modified":"-0001-11-30T00:00:00","modified_gmt":"-0001-11-30T03:00:00","slug":"nota-oficial-mais-de-15-mil-professores-ja-sinalizaram-ades-o-a-greve-geral-de-amanh-28-de-abril","status":"publish","type":"post","link":"https:\/\/www.sinpro-rio.org.br\/principal\/nota-oficial-mais-de-15-mil-professores-ja-sinalizaram-ades-o-a-greve-geral-de-amanh-28-de-abril\/","title":{"rendered":"Nota Oficial: Mais de 15 mil professores j\u00e1 sinalizaram ades\u00e3o \u00e0 greve geral de amanh\u00e3, 28 de abril"},"content":{"rendered":"<p>Mais de 15 mil professores j&aacute; sinalizaram ades&atilde;o &agrave; greve geral de amanh&atilde;, 28 de abril.<\/p>\n<p>O Sinpro-Rio, que estar&aacute; participando da greve geral do dia 28 de abril, de acordo com decis&atilde;o em assembleia, informa: levantamento realizado em 26 de abril aponta que mais de 15 mil professoras e professores j&aacute; tomaram a decis&atilde;o de paralisar nos munic&iacute;pios do Rio de Janeiro, Paracambi, Serop&eacute;dica e Itagua&iacute;, cidades em que o sindicato &eacute; estabelecido.<\/p>\n<p>A previs&atilde;o &eacute; de que o n&uacute;mero de professores ultrapasse os 20 mil, tendo em vista que na paralisa&ccedil;&atilde;o de 15 de abril &uacute;ltimo, mais de 15 mil professoras e professores aderiram ao movimento.<\/p>\n<p>De acordo com o presidente do Sinpro-Rio, Oswaldo Teles, a forte ades&atilde;o de professoras e professores demonstra a preocupa&ccedil;&atilde;o com o desmonte da Previd&ecirc;ncia e das leis trabalhistas:<\/p>\n<p>&ldquo;Querem acabar com a aposentadoria p&uacute;blica de toda a classe trabalhadora, sendo que professoras e professores est&atilde;o entre as categorias mais prejudicadas. E, quanto ao desmonte das leis trabalhistas, o desastre &eacute; id&ecirc;ntico, com o desequil&iacute;brio total da rela&ccedil;&atilde;o patr&atilde;o\/trabalhador causando preju&iacute;zo total para os empregados. Querem transformar a CLT &ndash; Consolida&ccedil;&atilde;o das Leis Trabalhistas &#8211; em &ldquo;CLE &ndash; Consolida&ccedil;&atilde;o das Leis do Empregador&rdquo;.&nbsp;<br \/>\n&nbsp;<\/p>\n<p><strong>Diretoria do Sinpro-Rio<\/strong><\/p>\n","protected":false},"excerpt":{"rendered":"<p>Mais de 15 mil professores j&aacute; sinalizaram ades&atilde;o &agrave; greve geral de amanh&atilde;, 28 de abril. O Sinpro-Rio, que estar&aacute; participando da greve geral do dia 28 de abril, de acordo com decis&atilde;o em assembleia, informa: levantamento realizado em 26 de abril aponta que mais de 15 mil professoras e professores j&aacute; tomaram a decis&atilde;o [&hellip;]<\/p>\n","protected":false},"author":2,"featured_media":0,"comment_status":"closed","ping_status":"open","sticky":false,"template":"","format":"standard","meta":{"footnotes":""},"categories":[1],"tags":[],"class_list":["post-18893","post","type-post","status-publish","format-standard","hentry","category-noticias"],"yoast_head":"<!-- This site is optimized with the Yoast SEO plugin v25.7 - https:\/\/yoast.com\/wordpress\/plugins\/seo\/ -->\n<title>Nota Oficial: Mais de 15 mil professores j\u00e1 sinalizaram ades\u00e3o \u00e0 greve geral de amanh\u00e3, 28 de abril - Sinpro-Rio<\/title>\n<meta name=\"robots\" content=\"index, follow, max-snippet:-1, max-image-preview:large, max-video-preview:-1\" \/>\n<link rel=\"canonical\" href=\"https:\/\/www.sinpro-rio.org.br\/principal\/nota-oficial-mais-de-15-mil-professores-ja-sinalizaram-ades-o-a-greve-geral-de-amanh-28-de-abril\/\" \/>\n<meta property=\"og:locale\" content=\"pt_BR\" \/>\n<meta property=\"og:type\" content=\"article\" \/>\n<meta property=\"og:title\" content=\"Nota Oficial: Mais de 15 mil professores j\u00e1 sinalizaram ades\u00e3o \u00e0 greve geral de amanh\u00e3, 28 de abril - Sinpro-Rio\" \/>\n<meta property=\"og:description\" content=\"Mais de 15 mil professores j&aacute; sinalizaram ades&atilde;o &agrave; greve geral de amanh&atilde;, 28 de abril. O Sinpro-Rio, que estar&aacute; participando da greve geral do dia 28 de abril, de acordo com decis&atilde;o em assembleia, informa: levantamento realizado em 26 de abril aponta que mais de 15 mil professoras e professores j&aacute; tomaram a decis&atilde;o [&hellip;]\" \/>\n<meta property=\"og:url\" content=\"https:\/\/www.sinpro-rio.org.br\/principal\/nota-oficial-mais-de-15-mil-professores-ja-sinalizaram-ades-o-a-greve-geral-de-amanh-28-de-abril\/\" \/>\n<meta property=\"og:site_name\" content=\"Sinpro-Rio\" \/>\n<meta property=\"article:published_time\" content=\"2017-04-27T05:00:00+00:00\" \/>\n<meta name=\"author\" content=\"alessandra\" \/>\n<meta name=\"twitter:card\" content=\"summary_large_image\" \/>\n<meta name=\"twitter:label1\" content=\"Escrito por\" \/>\n\t<meta name=\"twitter:data1\" content=\"alessandra\" \/>\n\t<meta name=\"twitter:label2\" content=\"Est. tempo de leitura\" \/>\n\t<meta name=\"twitter:data2\" content=\"1 minuto\" \/>\n<script type=\"application\/ld+json\" class=\"yoast-schema-graph\">{\"@context\":\"https:\/\/schema.org\",\"@graph\":[{\"@type\":\"WebPage\",\"@id\":\"https:\/\/www.sinpro-rio.org.br\/principal\/nota-oficial-mais-de-15-mil-professores-ja-sinalizaram-ades-o-a-greve-geral-de-amanh-28-de-abril\/\",\"url\":\"https:\/\/www.sinpro-rio.org.br\/principal\/nota-oficial-mais-de-15-mil-professores-ja-sinalizaram-ades-o-a-greve-geral-de-amanh-28-de-abril\/\",\"name\":\"Nota Oficial: Mais de 15 mil professores j\u00e1 sinalizaram ades\u00e3o \u00e0 greve geral de amanh\u00e3, 28 de abril - Sinpro-Rio\",\"isPartOf\":{\"@id\":\"https:\/\/www.sinpro-rio.org.br\/principal\/#website\"},\"datePublished\":\"2017-04-27T05:00:00+00:00\",\"author\":{\"@id\":\"https:\/\/www.sinpro-rio.org.br\/principal\/#\/schema\/person\/ee17219e64d00d037e511ae59ce2227e\"},\"breadcrumb\":{\"@id\":\"https:\/\/www.sinpro-rio.org.br\/principal\/nota-oficial-mais-de-15-mil-professores-ja-sinalizaram-ades-o-a-greve-geral-de-amanh-28-de-abril\/#breadcrumb\"},\"inLanguage\":\"pt-BR\",\"potentialAction\":[{\"@type\":\"ReadAction\",\"target\":[\"https:\/\/www.sinpro-rio.org.br\/principal\/nota-oficial-mais-de-15-mil-professores-ja-sinalizaram-ades-o-a-greve-geral-de-amanh-28-de-abril\/\"]}]},{\"@type\":\"BreadcrumbList\",\"@id\":\"https:\/\/www.sinpro-rio.org.br\/principal\/nota-oficial-mais-de-15-mil-professores-ja-sinalizaram-ades-o-a-greve-geral-de-amanh-28-de-abril\/#breadcrumb\",\"itemListElement\":[{\"@type\":\"ListItem\",\"position\":1,\"name\":\"In\u00edcio\",\"item\":\"https:\/\/www.sinpro-rio.org.br\/principal\/\"},{\"@type\":\"ListItem\",\"position\":2,\"name\":\"Nota Oficial: Mais de 15 mil professores j\u00e1 sinalizaram ades\u00e3o \u00e0 greve geral de amanh\u00e3, 28 de abril\"}]},{\"@type\":\"WebSite\",\"@id\":\"https:\/\/www.sinpro-rio.org.br\/principal\/#website\",\"url\":\"https:\/\/www.sinpro-rio.org.br\/principal\/\",\"name\":\"Sinpro-Rio\",\"description\":\"Sindicato dos Professores do Munic\u00edpio do Rio de Janeiro e Regi\u00e3o\",\"potentialAction\":[{\"@type\":\"SearchAction\",\"target\":{\"@type\":\"EntryPoint\",\"urlTemplate\":\"https:\/\/www.sinpro-rio.org.br\/principal\/?s={search_term_string}\"},\"query-input\":{\"@type\":\"PropertyValueSpecification\",\"valueRequired\":true,\"valueName\":\"search_term_string\"}}],\"inLanguage\":\"pt-BR\"},{\"@type\":\"Person\",\"@id\":\"https:\/\/www.sinpro-rio.org.br\/principal\/#\/schema\/person\/ee17219e64d00d037e511ae59ce2227e\",\"name\":\"alessandra\",\"image\":{\"@type\":\"ImageObject\",\"inLanguage\":\"pt-BR\",\"@id\":\"https:\/\/www.sinpro-rio.org.br\/principal\/#\/schema\/person\/image\/\",\"url\":\"https:\/\/secure.gravatar.com\/avatar\/2b43fa8c0ad8e33b46a4732549f7fb20?s=96&d=mm&r=g\",\"contentUrl\":\"https:\/\/secure.gravatar.com\/avatar\/2b43fa8c0ad8e33b46a4732549f7fb20?s=96&d=mm&r=g\",\"caption\":\"alessandra\"},\"url\":\"https:\/\/www.sinpro-rio.org.br\/principal\/author\/alessandra\/\"}]}<\/script>\n<!-- \/ Yoast SEO plugin. -->","yoast_head_json":{"title":"Nota Oficial: Mais de 15 mil professores j\u00e1 sinalizaram ades\u00e3o \u00e0 greve geral de amanh\u00e3, 28 de abril - Sinpro-Rio","robots":{"index":"index","follow":"follow","max-snippet":"max-snippet:-1","max-image-preview":"max-image-preview:large","max-video-preview":"max-video-preview:-1"},"canonical":"https:\/\/www.sinpro-rio.org.br\/principal\/nota-oficial-mais-de-15-mil-professores-ja-sinalizaram-ades-o-a-greve-geral-de-amanh-28-de-abril\/","og_locale":"pt_BR","og_type":"article","og_title":"Nota Oficial: Mais de 15 mil professores j\u00e1 sinalizaram ades\u00e3o \u00e0 greve geral de amanh\u00e3, 28 de abril - Sinpro-Rio","og_description":"Mais de 15 mil professores j&aacute; sinalizaram ades&atilde;o &agrave; greve geral de amanh&atilde;, 28 de abril. O Sinpro-Rio, que estar&aacute; participando da greve geral do dia 28 de abril, de acordo com decis&atilde;o em assembleia, informa: levantamento realizado em 26 de abril aponta que mais de 15 mil professoras e professores j&aacute; tomaram a decis&atilde;o [&hellip;]","og_url":"https:\/\/www.sinpro-rio.org.br\/principal\/nota-oficial-mais-de-15-mil-professores-ja-sinalizaram-ades-o-a-greve-geral-de-amanh-28-de-abril\/","og_site_name":"Sinpro-Rio","article_published_time":"2017-04-27T05:00:00+00:00","author":"alessandra","twitter_card":"summary_large_image","twitter_misc":{"Escrito por":"alessandra","Est. tempo de leitura":"1 minuto"},"schema":{"@context":"https:\/\/schema.org","@graph":[{"@type":"WebPage","@id":"https:\/\/www.sinpro-rio.org.br\/principal\/nota-oficial-mais-de-15-mil-professores-ja-sinalizaram-ades-o-a-greve-geral-de-amanh-28-de-abril\/","url":"https:\/\/www.sinpro-rio.org.br\/principal\/nota-oficial-mais-de-15-mil-professores-ja-sinalizaram-ades-o-a-greve-geral-de-amanh-28-de-abril\/","name":"Nota Oficial: Mais de 15 mil professores j\u00e1 sinalizaram ades\u00e3o \u00e0 greve geral de amanh\u00e3, 28 de abril - Sinpro-Rio","isPartOf":{"@id":"https:\/\/www.sinpro-rio.org.br\/principal\/#website"},"datePublished":"2017-04-27T05:00:00+00:00","author":{"@id":"https:\/\/www.sinpro-rio.org.br\/principal\/#\/schema\/person\/ee17219e64d00d037e511ae59ce2227e"},"breadcrumb":{"@id":"https:\/\/www.sinpro-rio.org.br\/principal\/nota-oficial-mais-de-15-mil-professores-ja-sinalizaram-ades-o-a-greve-geral-de-amanh-28-de-abril\/#breadcrumb"},"inLanguage":"pt-BR","potentialAction":[{"@type":"ReadAction","target":["https:\/\/www.sinpro-rio.org.br\/principal\/nota-oficial-mais-de-15-mil-professores-ja-sinalizaram-ades-o-a-greve-geral-de-amanh-28-de-abril\/"]}]},{"@type":"BreadcrumbList","@id":"https:\/\/www.sinpro-rio.org.br\/principal\/nota-oficial-mais-de-15-mil-professores-ja-sinalizaram-ades-o-a-greve-geral-de-amanh-28-de-abril\/#breadcrumb","itemListElement":[{"@type":"ListItem","position":1,"name":"In\u00edcio","item":"https:\/\/www.sinpro-rio.org.br\/principal\/"},{"@type":"ListItem","position":2,"name":"Nota Oficial: Mais de 15 mil professores j\u00e1 sinalizaram ades\u00e3o \u00e0 greve geral de amanh\u00e3, 28 de abril"}]},{"@type":"WebSite","@id":"https:\/\/www.sinpro-rio.org.br\/principal\/#website","url":"https:\/\/www.sinpro-rio.org.br\/principal\/","name":"Sinpro-Rio","description":"Sindicato dos Professores do Munic\u00edpio do Rio de Janeiro e Regi\u00e3o","potentialAction":[{"@type":"SearchAction","target":{"@type":"EntryPoint","urlTemplate":"https:\/\/www.sinpro-rio.org.br\/principal\/?s={search_term_string}"},"query-input":{"@type":"PropertyValueSpecification","valueRequired":true,"valueName":"search_term_string"}}],"inLanguage":"pt-BR"},{"@type":"Person","@id":"https:\/\/www.sinpro-rio.org.br\/principal\/#\/schema\/person\/ee17219e64d00d037e511ae59ce2227e","name":"alessandra","image":{"@type":"ImageObject","inLanguage":"pt-BR","@id":"https:\/\/www.sinpro-rio.org.br\/principal\/#\/schema\/person\/image\/","url":"https:\/\/secure.gravatar.com\/avatar\/2b43fa8c0ad8e33b46a4732549f7fb20?s=96&d=mm&r=g","contentUrl":"https:\/\/secure.gravatar.com\/avatar\/2b43fa8c0ad8e33b46a4732549f7fb20?s=96&d=mm&r=g","caption":"alessandra"},"url":"https:\/\/www.sinpro-rio.org.br\/principal\/author\/alessandra\/"}]}},"_links":{"self":[{"href":"https:\/\/www.sinpro-rio.org.br\/principal\/wp-json\/wp\/v2\/posts\/18893","targetHints":{"allow":["GET"]}}],"collection":[{"href":"https:\/\/www.sinpro-rio.org.br\/principal\/wp-json\/wp\/v2\/posts"}],"about":[{"href":"https:\/\/www.sinpro-rio.org.br\/principal\/wp-json\/wp\/v2\/types\/post"}],"author":[{"embeddable":true,"href":"https:\/\/www.sinpro-rio.org.br\/principal\/wp-json\/wp\/v2\/users\/2"}],"replies":[{"embeddable":true,"href":"https:\/\/www.sinpro-rio.org.br\/principal\/wp-json\/wp\/v2\/comments?post=18893"}],"version-history":[{"count":0,"href":"https:\/\/www.sinpro-rio.org.br\/principal\/wp-json\/wp\/v2\/posts\/18893\/revisions"}],"wp:attachment":[{"href":"https:\/\/www.sinpro-rio.org.br\/principal\/wp-json\/wp\/v2\/media?parent=18893"}],"wp:term":[{"taxonomy":"category","embeddable":true,"href":"https:\/\/www.sinpro-rio.org.br\/principal\/wp-json\/wp\/v2\/categories?post=18893"},{"taxonomy":"post_tag","embeddable":true,"href":"https:\/\/www.sinpro-rio.org.br\/principal\/wp-json\/wp\/v2\/tags?post=18893"}],"curies":[{"name":"wp","href":"https:\/\/api.w.org\/{rel}","templated":true}]}}