{"id":18873,"date":"2016-03-30T10:00:00","date_gmt":"2016-03-30T10:00:00","guid":{"rendered":""},"modified":"-0001-11-30T00:00:00","modified_gmt":"-0001-11-30T03:00:00","slug":"nota-publica-adcp2-em-defesa-da-legalidade-e-das-instituic-es-democraticas-no-brasil","status":"publish","type":"post","link":"https:\/\/www.sinpro-rio.org.br\/principal\/nota-publica-adcp2-em-defesa-da-legalidade-e-das-instituic-es-democraticas-no-brasil\/","title":{"rendered":"Nota p\u00fablica ADCP2: &#8220;Em defesa da legalidade e das institui\u00e7\u00f5es democr\u00e1ticas no Brasil&#8221;"},"content":{"rendered":"<p><strong>NOTA P&Uacute;BLICA&nbsp;<br \/>\nPROFESSORES E T&Eacute;CNICOS DO COL&Eacute;GIO PEDRO II&nbsp;<br \/>\nEM DEFESA DA LEGALIDADE E DAS INSTITUI&Ccedil;&Otilde;ES DEMOCR&Aacute;TICAS NO BRASIL<\/strong><\/p>\n<p>N&oacute;s, professores e t&eacute;cnicos do Col&eacute;gio Pedro II (IFE) abaixo-assinados, dirigimo-nos ao p&uacute;blico para nos posicionar contra o impeachment da Presidente Dilma Roussef, eleita democraticamente com 54 milh&otilde;es de votos. Entendemos que esse processo deflagrado nos &uacute;ltimos dias pelo Congresso Nacional n&atilde;o se justifica, pois est&aacute; baseado em acusa&ccedil;&otilde;es improcedentes que n&atilde;o se sustentam juridicamente. N&atilde;o reconhecemos legitimidade em uma situa&ccedil;&atilde;o na qual a autoridade m&aacute;xima do pa&iacute;s, contra quem n&atilde;o pesa qualquer den&uacute;ncia, pode ser condenada por uma comiss&atilde;o constitu&iacute;da em grande parte por parlamentares investigados pela Lava Jato e conduzida pelo deputado Eduardo Cunha, presidente da C&acirc;mara dos Deputados, acusado de corrup&ccedil;&atilde;o com abund&acirc;ncia de provas e investigado pelo Conselho de &Eacute;tica dessa mesma casa. Repudiamos veementemente a forma como setores da m&iacute;dia v&ecirc;m tratando a crise pol&iacute;tica em nosso pa&iacute;s, utilizando a concess&atilde;o dada pelo Estado Brasileiro para fazer uma cobertura agressiva e espetaculosa, distorcendo e tratando os fatos com parcialidade inaceit&aacute;vel, contribuindo assim para uma instabilidade social de consequ&ecirc;ncias imprevis&iacute;veis.<\/p>\n<p>Apoiamos o combate &agrave; corrup&ccedil;&atilde;o no Brasil, mas repudiamos a forma como a Opera&ccedil;&atilde;o Lava Jato vem sendo conduzida, com uso constante e injustificado de medidas que a legisla&ccedil;&atilde;o brasileira estabelece como excepcionais, tais como a pris&atilde;o preventiva de acusados e a condu&ccedil;&atilde;o coercitiva de testemunhas. As pris&otilde;es arbitr&aacute;rias t&ecirc;m sido aberta e absurdamente justificadas como forma de pressionar os acusados e deles obter dela&ccedil;&otilde;es contra supostos c&uacute;mplices. Al&eacute;m disso, h&aacute; vazamentos permanentes e seletivos de informa&ccedil;&otilde;es dos processos para os meios de comunica&ccedil;&atilde;o. Entendemos que tal condu&ccedil;&atilde;o fere o Estado Democr&aacute;tico de Direito, tornando-se assim um grave perigo para as institui&ccedil;&otilde;es garantidas em nossa Constitui&ccedil;&atilde;o.<\/p>\n<p>N&atilde;o ao impeachment!&nbsp;<br \/>\nPelo Estado democr&aacute;tico de Direito!&nbsp;<br \/>\nContra a corrup&ccedil;&atilde;o e pela puni&ccedil;&atilde;o de todos os envolvidos!<\/p>\n<p><em>Est&aacute; &eacute; uma Nota P&uacute;blica escrita por alguns professores e t&eacute;cnicos de diversos campi do Col&eacute;gio Pedro II que ser&aacute; tornada p&uacute;blica brevemente. Gostar&iacute;amos de convid&aacute;-lo para subscrev&ecirc;-la e divulg&aacute;-la para outros professores e t&eacute;cnicos do Col&eacute;gio Pedro II. Para subscrever, escreva para&nbsp;<a href=\"mailto:cp2pelademocracia@gmail.com\">cp2pelademocracia@gmail.com<\/a>&nbsp;fornecendo: nome, departamento e campus.<\/em><\/p>\n","protected":false},"excerpt":{"rendered":"<p>NOTA P&Uacute;BLICA&nbsp; PROFESSORES E T&Eacute;CNICOS DO COL&Eacute;GIO PEDRO II&nbsp; EM DEFESA DA LEGALIDADE E DAS INSTITUI&Ccedil;&Otilde;ES DEMOCR&Aacute;TICAS NO BRASIL N&oacute;s, professores e t&eacute;cnicos do Col&eacute;gio Pedro II (IFE) abaixo-assinados, dirigimo-nos ao p&uacute;blico para nos posicionar contra o impeachment da Presidente Dilma Roussef, eleita democraticamente com 54 milh&otilde;es de votos. Entendemos que esse processo deflagrado nos [&hellip;]<\/p>\n","protected":false},"author":2,"featured_media":0,"comment_status":"closed","ping_status":"open","sticky":false,"template":"","format":"standard","meta":{"footnotes":""},"categories":[1],"tags":[],"class_list":["post-18873","post","type-post","status-publish","format-standard","hentry","category-noticias"],"yoast_head":"<!-- This site is optimized with the Yoast SEO plugin v25.7 - https:\/\/yoast.com\/wordpress\/plugins\/seo\/ -->\n<title>Nota p\u00fablica ADCP2: &quot;Em defesa da legalidade e das institui\u00e7\u00f5es democr\u00e1ticas no Brasil&quot; - Sinpro-Rio<\/title>\n<meta name=\"robots\" content=\"index, follow, max-snippet:-1, max-image-preview:large, max-video-preview:-1\" \/>\n<link rel=\"canonical\" href=\"https:\/\/www.sinpro-rio.org.br\/principal\/nota-publica-adcp2-em-defesa-da-legalidade-e-das-instituic-es-democraticas-no-brasil\/\" \/>\n<meta property=\"og:locale\" content=\"pt_BR\" \/>\n<meta property=\"og:type\" content=\"article\" \/>\n<meta property=\"og:title\" content=\"Nota p\u00fablica ADCP2: &quot;Em defesa da legalidade e das institui\u00e7\u00f5es democr\u00e1ticas no Brasil&quot; - Sinpro-Rio\" \/>\n<meta property=\"og:description\" content=\"NOTA P&Uacute;BLICA&nbsp; PROFESSORES E T&Eacute;CNICOS DO COL&Eacute;GIO PEDRO II&nbsp; EM DEFESA DA LEGALIDADE E DAS INSTITUI&Ccedil;&Otilde;ES DEMOCR&Aacute;TICAS NO BRASIL N&oacute;s, professores e t&eacute;cnicos do Col&eacute;gio Pedro II (IFE) abaixo-assinados, dirigimo-nos ao p&uacute;blico para nos posicionar contra o impeachment da Presidente Dilma Roussef, eleita democraticamente com 54 milh&otilde;es de votos. Entendemos que esse processo deflagrado nos [&hellip;]\" \/>\n<meta property=\"og:url\" content=\"https:\/\/www.sinpro-rio.org.br\/principal\/nota-publica-adcp2-em-defesa-da-legalidade-e-das-instituic-es-democraticas-no-brasil\/\" \/>\n<meta property=\"og:site_name\" content=\"Sinpro-Rio\" \/>\n<meta property=\"article:published_time\" content=\"2016-03-30T10:00:00+00:00\" \/>\n<meta name=\"author\" content=\"alessandra\" \/>\n<meta name=\"twitter:card\" content=\"summary_large_image\" \/>\n<meta name=\"twitter:label1\" content=\"Escrito por\" \/>\n\t<meta name=\"twitter:data1\" content=\"alessandra\" \/>\n\t<meta name=\"twitter:label2\" content=\"Est. tempo de leitura\" \/>\n\t<meta name=\"twitter:data2\" content=\"3 minutos\" \/>\n<script type=\"application\/ld+json\" class=\"yoast-schema-graph\">{\"@context\":\"https:\/\/schema.org\",\"@graph\":[{\"@type\":\"WebPage\",\"@id\":\"https:\/\/www.sinpro-rio.org.br\/principal\/nota-publica-adcp2-em-defesa-da-legalidade-e-das-instituic-es-democraticas-no-brasil\/\",\"url\":\"https:\/\/www.sinpro-rio.org.br\/principal\/nota-publica-adcp2-em-defesa-da-legalidade-e-das-instituic-es-democraticas-no-brasil\/\",\"name\":\"Nota p\u00fablica ADCP2: \\\"Em defesa da legalidade e das institui\u00e7\u00f5es democr\u00e1ticas no Brasil\\\" - Sinpro-Rio\",\"isPartOf\":{\"@id\":\"https:\/\/www.sinpro-rio.org.br\/principal\/#website\"},\"datePublished\":\"2016-03-30T10:00:00+00:00\",\"author\":{\"@id\":\"https:\/\/www.sinpro-rio.org.br\/principal\/#\/schema\/person\/ee17219e64d00d037e511ae59ce2227e\"},\"breadcrumb\":{\"@id\":\"https:\/\/www.sinpro-rio.org.br\/principal\/nota-publica-adcp2-em-defesa-da-legalidade-e-das-instituic-es-democraticas-no-brasil\/#breadcrumb\"},\"inLanguage\":\"pt-BR\",\"potentialAction\":[{\"@type\":\"ReadAction\",\"target\":[\"https:\/\/www.sinpro-rio.org.br\/principal\/nota-publica-adcp2-em-defesa-da-legalidade-e-das-instituic-es-democraticas-no-brasil\/\"]}]},{\"@type\":\"BreadcrumbList\",\"@id\":\"https:\/\/www.sinpro-rio.org.br\/principal\/nota-publica-adcp2-em-defesa-da-legalidade-e-das-instituic-es-democraticas-no-brasil\/#breadcrumb\",\"itemListElement\":[{\"@type\":\"ListItem\",\"position\":1,\"name\":\"In\u00edcio\",\"item\":\"https:\/\/www.sinpro-rio.org.br\/principal\/\"},{\"@type\":\"ListItem\",\"position\":2,\"name\":\"Nota p\u00fablica ADCP2: &#8220;Em defesa da legalidade e das institui\u00e7\u00f5es democr\u00e1ticas no Brasil&#8221;\"}]},{\"@type\":\"WebSite\",\"@id\":\"https:\/\/www.sinpro-rio.org.br\/principal\/#website\",\"url\":\"https:\/\/www.sinpro-rio.org.br\/principal\/\",\"name\":\"Sinpro-Rio\",\"description\":\"Sindicato dos Professores do Munic\u00edpio do Rio de Janeiro e Regi\u00e3o\",\"potentialAction\":[{\"@type\":\"SearchAction\",\"target\":{\"@type\":\"EntryPoint\",\"urlTemplate\":\"https:\/\/www.sinpro-rio.org.br\/principal\/?s={search_term_string}\"},\"query-input\":{\"@type\":\"PropertyValueSpecification\",\"valueRequired\":true,\"valueName\":\"search_term_string\"}}],\"inLanguage\":\"pt-BR\"},{\"@type\":\"Person\",\"@id\":\"https:\/\/www.sinpro-rio.org.br\/principal\/#\/schema\/person\/ee17219e64d00d037e511ae59ce2227e\",\"name\":\"alessandra\",\"image\":{\"@type\":\"ImageObject\",\"inLanguage\":\"pt-BR\",\"@id\":\"https:\/\/www.sinpro-rio.org.br\/principal\/#\/schema\/person\/image\/\",\"url\":\"https:\/\/secure.gravatar.com\/avatar\/2b43fa8c0ad8e33b46a4732549f7fb20?s=96&d=mm&r=g\",\"contentUrl\":\"https:\/\/secure.gravatar.com\/avatar\/2b43fa8c0ad8e33b46a4732549f7fb20?s=96&d=mm&r=g\",\"caption\":\"alessandra\"},\"url\":\"https:\/\/www.sinpro-rio.org.br\/principal\/author\/alessandra\/\"}]}<\/script>\n<!-- \/ Yoast SEO plugin. -->","yoast_head_json":{"title":"Nota p\u00fablica ADCP2: \"Em defesa da legalidade e das institui\u00e7\u00f5es democr\u00e1ticas no Brasil\" - Sinpro-Rio","robots":{"index":"index","follow":"follow","max-snippet":"max-snippet:-1","max-image-preview":"max-image-preview:large","max-video-preview":"max-video-preview:-1"},"canonical":"https:\/\/www.sinpro-rio.org.br\/principal\/nota-publica-adcp2-em-defesa-da-legalidade-e-das-instituic-es-democraticas-no-brasil\/","og_locale":"pt_BR","og_type":"article","og_title":"Nota p\u00fablica ADCP2: \"Em defesa da legalidade e das institui\u00e7\u00f5es democr\u00e1ticas no Brasil\" - Sinpro-Rio","og_description":"NOTA P&Uacute;BLICA&nbsp; PROFESSORES E T&Eacute;CNICOS DO COL&Eacute;GIO PEDRO II&nbsp; EM DEFESA DA LEGALIDADE E DAS INSTITUI&Ccedil;&Otilde;ES DEMOCR&Aacute;TICAS NO BRASIL N&oacute;s, professores e t&eacute;cnicos do Col&eacute;gio Pedro II (IFE) abaixo-assinados, dirigimo-nos ao p&uacute;blico para nos posicionar contra o impeachment da Presidente Dilma Roussef, eleita democraticamente com 54 milh&otilde;es de votos. Entendemos que esse processo deflagrado nos [&hellip;]","og_url":"https:\/\/www.sinpro-rio.org.br\/principal\/nota-publica-adcp2-em-defesa-da-legalidade-e-das-instituic-es-democraticas-no-brasil\/","og_site_name":"Sinpro-Rio","article_published_time":"2016-03-30T10:00:00+00:00","author":"alessandra","twitter_card":"summary_large_image","twitter_misc":{"Escrito por":"alessandra","Est. tempo de leitura":"3 minutos"},"schema":{"@context":"https:\/\/schema.org","@graph":[{"@type":"WebPage","@id":"https:\/\/www.sinpro-rio.org.br\/principal\/nota-publica-adcp2-em-defesa-da-legalidade-e-das-instituic-es-democraticas-no-brasil\/","url":"https:\/\/www.sinpro-rio.org.br\/principal\/nota-publica-adcp2-em-defesa-da-legalidade-e-das-instituic-es-democraticas-no-brasil\/","name":"Nota p\u00fablica ADCP2: \"Em defesa da legalidade e das institui\u00e7\u00f5es democr\u00e1ticas no Brasil\" - Sinpro-Rio","isPartOf":{"@id":"https:\/\/www.sinpro-rio.org.br\/principal\/#website"},"datePublished":"2016-03-30T10:00:00+00:00","author":{"@id":"https:\/\/www.sinpro-rio.org.br\/principal\/#\/schema\/person\/ee17219e64d00d037e511ae59ce2227e"},"breadcrumb":{"@id":"https:\/\/www.sinpro-rio.org.br\/principal\/nota-publica-adcp2-em-defesa-da-legalidade-e-das-instituic-es-democraticas-no-brasil\/#breadcrumb"},"inLanguage":"pt-BR","potentialAction":[{"@type":"ReadAction","target":["https:\/\/www.sinpro-rio.org.br\/principal\/nota-publica-adcp2-em-defesa-da-legalidade-e-das-instituic-es-democraticas-no-brasil\/"]}]},{"@type":"BreadcrumbList","@id":"https:\/\/www.sinpro-rio.org.br\/principal\/nota-publica-adcp2-em-defesa-da-legalidade-e-das-instituic-es-democraticas-no-brasil\/#breadcrumb","itemListElement":[{"@type":"ListItem","position":1,"name":"In\u00edcio","item":"https:\/\/www.sinpro-rio.org.br\/principal\/"},{"@type":"ListItem","position":2,"name":"Nota p\u00fablica ADCP2: &#8220;Em defesa da legalidade e das institui\u00e7\u00f5es democr\u00e1ticas no Brasil&#8221;"}]},{"@type":"WebSite","@id":"https:\/\/www.sinpro-rio.org.br\/principal\/#website","url":"https:\/\/www.sinpro-rio.org.br\/principal\/","name":"Sinpro-Rio","description":"Sindicato dos Professores do Munic\u00edpio do Rio de Janeiro e Regi\u00e3o","potentialAction":[{"@type":"SearchAction","target":{"@type":"EntryPoint","urlTemplate":"https:\/\/www.sinpro-rio.org.br\/principal\/?s={search_term_string}"},"query-input":{"@type":"PropertyValueSpecification","valueRequired":true,"valueName":"search_term_string"}}],"inLanguage":"pt-BR"},{"@type":"Person","@id":"https:\/\/www.sinpro-rio.org.br\/principal\/#\/schema\/person\/ee17219e64d00d037e511ae59ce2227e","name":"alessandra","image":{"@type":"ImageObject","inLanguage":"pt-BR","@id":"https:\/\/www.sinpro-rio.org.br\/principal\/#\/schema\/person\/image\/","url":"https:\/\/secure.gravatar.com\/avatar\/2b43fa8c0ad8e33b46a4732549f7fb20?s=96&d=mm&r=g","contentUrl":"https:\/\/secure.gravatar.com\/avatar\/2b43fa8c0ad8e33b46a4732549f7fb20?s=96&d=mm&r=g","caption":"alessandra"},"url":"https:\/\/www.sinpro-rio.org.br\/principal\/author\/alessandra\/"}]}},"_links":{"self":[{"href":"https:\/\/www.sinpro-rio.org.br\/principal\/wp-json\/wp\/v2\/posts\/18873","targetHints":{"allow":["GET"]}}],"collection":[{"href":"https:\/\/www.sinpro-rio.org.br\/principal\/wp-json\/wp\/v2\/posts"}],"about":[{"href":"https:\/\/www.sinpro-rio.org.br\/principal\/wp-json\/wp\/v2\/types\/post"}],"author":[{"embeddable":true,"href":"https:\/\/www.sinpro-rio.org.br\/principal\/wp-json\/wp\/v2\/users\/2"}],"replies":[{"embeddable":true,"href":"https:\/\/www.sinpro-rio.org.br\/principal\/wp-json\/wp\/v2\/comments?post=18873"}],"version-history":[{"count":0,"href":"https:\/\/www.sinpro-rio.org.br\/principal\/wp-json\/wp\/v2\/posts\/18873\/revisions"}],"wp:attachment":[{"href":"https:\/\/www.sinpro-rio.org.br\/principal\/wp-json\/wp\/v2\/media?parent=18873"}],"wp:term":[{"taxonomy":"category","embeddable":true,"href":"https:\/\/www.sinpro-rio.org.br\/principal\/wp-json\/wp\/v2\/categories?post=18873"},{"taxonomy":"post_tag","embeddable":true,"href":"https:\/\/www.sinpro-rio.org.br\/principal\/wp-json\/wp\/v2\/tags?post=18873"}],"curies":[{"name":"wp","href":"https:\/\/api.w.org\/{rel}","templated":true}]}}