{"id":18849,"date":"2016-03-12T08:00:00","date_gmt":"2016-03-12T08:00:00","guid":{"rendered":""},"modified":"2023-07-07T14:49:37","modified_gmt":"2023-07-07T17:49:37","slug":"educac-o-basica-docentes-reivindicam-13-de-reajuste-salarial","status":"publish","type":"post","link":"https:\/\/www.sinpro-rio.org.br\/principal\/educac-o-basica-docentes-reivindicam-13-de-reajuste-salarial\/","title":{"rendered":"Educa\u00e7\u00e3o B\u00e1sica: docentes reivindicam 13% de reajuste salarial!"},"content":{"rendered":"<p>unidos em assembleia dia 12 de mar&ccedil;o, no Sinpro-Rio, os professores da Educa&ccedil;&atilde;o B&aacute;sica aprovaram por unanimidade uma densa pauta de reivindica&ccedil;&otilde;es, entre elas, o reajuste salarial de 13% para a categoria, sobre o sal&aacute;rio de mar&ccedil;o de 2016, com reajuste diferenciado para os docentes da Educa&ccedil;&atilde;o Infantil ao 5&ordm; ano do Ensino Fundamental.<\/p>\n<p>Tamb&eacute;m ser&atilde;o bandeiras de luta da Campanha Salarial 2016 para a Educa&ccedil;&atilde;o B&aacute;sica, entre outros itens:<\/p>\n<p><strong>MANUTEN&Ccedil;&Atilde;O DAS CL&Aacute;USULAS DA ATUAL CCT, EXCETO PARA AS CL&Aacute;USULAS 01, 06, 19, 27 E 29<\/strong><\/p>\n<p>&#8211; Proposta para a Cl&aacute;usula 01 &ndash; inclus&atilde;o dos supervisores, orientadores e coordenadores na abrang&ecirc;ncia da CCT;<\/p>\n<p>&#8211; Proposta para a Cl&aacute;usula 06 &ndash; supress&atilde;o da diferencia&ccedil;&atilde;o de piso em fun&ccedil;&atilde;o do n&uacute;mero de alunos, mantendo um piso &uacute;nico (maior hoje existente), com limita&ccedil;&atilde;o do n&uacute;mero de alunos por turma de acordo com cada segmento;<\/p>\n<p>&#8211; Proposta para a Cl&aacute;usula 19 &#8211; abono de 20 dias aos professores em licen&ccedil;a-paternidade, conforme estabelecido na lei 13.257\/2016;<\/p>\n<p>&#8211; Proposta para a cl&aacute;usula 27 &ndash; amplia&ccedil;&atilde;o do Abono Falta. (acompanhamento de filhos menores e pais idosos);<\/p>\n<p>&#8211; Proposta para a cl&aacute;usula 29 &ndash; cria&ccedil;&atilde;o de uma Comiss&atilde;o Parit&aacute;ria para constru&ccedil;&atilde;o de Calend&aacute;rio Unificado.<\/p>\n<p><strong>CL&Aacute;SULAS NOVAS:<\/strong><\/p>\n<p>&#8211; Adicional remunerat&oacute;rio a t&iacute;tulo de planejamento;<\/p>\n<p>&#8211; Implanta&ccedil;&atilde;o de Plano de Carreira pelos Estabelecimentos de Ensino com a concess&atilde;o de aprimoramento acad&ecirc;mico;<\/p>\n<p>&#8211; Concess&atilde;o das f&eacute;rias trabalhistas dos professores no per&iacute;odo de 02.01 a 31.01;<\/p>\n<p>&#8211; Prorroga&ccedil;&atilde;o por 60 dias da licen&ccedil;a-maternidade das professoras, conforme estabelecido na Lei 11770\/2008;<\/p>\n<p>&#8211; Concess&atilde;o de aux&iacute;lio odontol&oacute;gico para os professores;<\/p>\n<p>&#8211; Parit&aacute;ria espec&iacute;fica para discuss&atilde;o do tema &ldquo;inclus&atilde;o escolar&rdquo;;<\/p>\n<p>&#8211; Pagamento do hor&aacute;rio de recreio (intervalo).<\/p>\n<p>Uma pr&oacute;xima assembleia est&aacute; marcada para o dia 09 de abril, 10 horas, em local ainda a definir.<\/p>\n<p><a href=\"http:\/\/www.sinpro-rio.org.br\/download\/boletim\/2016\/boletim_67.pdf\">Confira o novo Boletim Especial da Educa&ccedil;&atilde;o B&aacute;sica<\/a><\/p>\n<p>Veja as fotos da assembleia&nbsp;<a href=\"https:\/\/www.facebook.com\/media\/set\/?set=a.1213278558700942.1073741879.298247816870692&amp;type=3\">aqui<\/a>.<\/p>\n","protected":false},"excerpt":{"rendered":"<p>unidos em assembleia dia 12 de mar&ccedil;o, no Sinpro-Rio, os professores da Educa&ccedil;&atilde;o B&aacute;sica aprovaram por unanimidade uma densa pauta de reivindica&ccedil;&otilde;es, entre elas, o reajuste salarial de 13% para a categoria, sobre o sal&aacute;rio de mar&ccedil;o de 2016, com reajuste diferenciado para os docentes da Educa&ccedil;&atilde;o Infantil ao 5&ordm; ano do Ensino Fundamental. Tamb&eacute;m [&hellip;]<\/p>\n","protected":false},"author":2,"featured_media":18850,"comment_status":"closed","ping_status":"open","sticky":false,"template":"","format":"standard","meta":{"footnotes":""},"categories":[1],"tags":[619],"class_list":["post-18849","post","type-post","status-publish","format-standard","has-post-thumbnail","hentry","category-noticias","tag-convencao-coletiva"],"yoast_head":"<!-- This site is optimized with the Yoast SEO plugin v25.7 - https:\/\/yoast.com\/wordpress\/plugins\/seo\/ -->\n<title>Educa\u00e7\u00e3o B\u00e1sica: docentes reivindicam 13% de reajuste salarial! - Sinpro-Rio<\/title>\n<meta name=\"robots\" content=\"index, follow, max-snippet:-1, max-image-preview:large, max-video-preview:-1\" \/>\n<link rel=\"canonical\" href=\"https:\/\/www.sinpro-rio.org.br\/principal\/educac-o-basica-docentes-reivindicam-13-de-reajuste-salarial\/\" \/>\n<meta property=\"og:locale\" content=\"pt_BR\" \/>\n<meta property=\"og:type\" content=\"article\" \/>\n<meta property=\"og:title\" content=\"Educa\u00e7\u00e3o B\u00e1sica: docentes reivindicam 13% de reajuste salarial! - Sinpro-Rio\" \/>\n<meta property=\"og:description\" content=\"unidos em assembleia dia 12 de mar&ccedil;o, no Sinpro-Rio, os professores da Educa&ccedil;&atilde;o B&aacute;sica aprovaram por unanimidade uma densa pauta de reivindica&ccedil;&otilde;es, entre elas, o reajuste salarial de 13% para a categoria, sobre o sal&aacute;rio de mar&ccedil;o de 2016, com reajuste diferenciado para os docentes da Educa&ccedil;&atilde;o Infantil ao 5&ordm; ano do Ensino Fundamental. Tamb&eacute;m [&hellip;]\" \/>\n<meta property=\"og:url\" content=\"https:\/\/www.sinpro-rio.org.br\/principal\/educac-o-basica-docentes-reivindicam-13-de-reajuste-salarial\/\" \/>\n<meta property=\"og:site_name\" content=\"Sinpro-Rio\" \/>\n<meta property=\"article:published_time\" content=\"2016-03-12T08:00:00+00:00\" \/>\n<meta property=\"article:modified_time\" content=\"2023-07-07T17:49:37+00:00\" \/>\n<meta name=\"author\" content=\"alessandra\" \/>\n<meta name=\"twitter:card\" content=\"summary_large_image\" \/>\n<meta name=\"twitter:label1\" content=\"Escrito por\" \/>\n\t<meta name=\"twitter:data1\" content=\"alessandra\" \/>\n\t<meta name=\"twitter:label2\" content=\"Est. tempo de leitura\" \/>\n\t<meta name=\"twitter:data2\" content=\"2 minutos\" \/>\n<script type=\"application\/ld+json\" class=\"yoast-schema-graph\">{\"@context\":\"https:\/\/schema.org\",\"@graph\":[{\"@type\":\"WebPage\",\"@id\":\"https:\/\/www.sinpro-rio.org.br\/principal\/educac-o-basica-docentes-reivindicam-13-de-reajuste-salarial\/\",\"url\":\"https:\/\/www.sinpro-rio.org.br\/principal\/educac-o-basica-docentes-reivindicam-13-de-reajuste-salarial\/\",\"name\":\"Educa\u00e7\u00e3o B\u00e1sica: docentes reivindicam 13% de reajuste salarial! - Sinpro-Rio\",\"isPartOf\":{\"@id\":\"https:\/\/www.sinpro-rio.org.br\/principal\/#website\"},\"primaryImageOfPage\":{\"@id\":\"https:\/\/www.sinpro-rio.org.br\/principal\/educac-o-basica-docentes-reivindicam-13-de-reajuste-salarial\/#primaryimage\"},\"image\":{\"@id\":\"https:\/\/www.sinpro-rio.org.br\/principal\/educac-o-basica-docentes-reivindicam-13-de-reajuste-salarial\/#primaryimage\"},\"thumbnailUrl\":\"\",\"datePublished\":\"2016-03-12T08:00:00+00:00\",\"dateModified\":\"2023-07-07T17:49:37+00:00\",\"author\":{\"@id\":\"https:\/\/www.sinpro-rio.org.br\/principal\/#\/schema\/person\/ee17219e64d00d037e511ae59ce2227e\"},\"breadcrumb\":{\"@id\":\"https:\/\/www.sinpro-rio.org.br\/principal\/educac-o-basica-docentes-reivindicam-13-de-reajuste-salarial\/#breadcrumb\"},\"inLanguage\":\"pt-BR\",\"potentialAction\":[{\"@type\":\"ReadAction\",\"target\":[\"https:\/\/www.sinpro-rio.org.br\/principal\/educac-o-basica-docentes-reivindicam-13-de-reajuste-salarial\/\"]}]},{\"@type\":\"ImageObject\",\"inLanguage\":\"pt-BR\",\"@id\":\"https:\/\/www.sinpro-rio.org.br\/principal\/educac-o-basica-docentes-reivindicam-13-de-reajuste-salarial\/#primaryimage\",\"url\":\"\",\"contentUrl\":\"\"},{\"@type\":\"BreadcrumbList\",\"@id\":\"https:\/\/www.sinpro-rio.org.br\/principal\/educac-o-basica-docentes-reivindicam-13-de-reajuste-salarial\/#breadcrumb\",\"itemListElement\":[{\"@type\":\"ListItem\",\"position\":1,\"name\":\"In\u00edcio\",\"item\":\"https:\/\/www.sinpro-rio.org.br\/principal\/\"},{\"@type\":\"ListItem\",\"position\":2,\"name\":\"Educa\u00e7\u00e3o B\u00e1sica: docentes reivindicam 13% de reajuste salarial!\"}]},{\"@type\":\"WebSite\",\"@id\":\"https:\/\/www.sinpro-rio.org.br\/principal\/#website\",\"url\":\"https:\/\/www.sinpro-rio.org.br\/principal\/\",\"name\":\"Sinpro-Rio\",\"description\":\"Sindicato dos Professores do Munic\u00edpio do Rio de Janeiro e Regi\u00e3o\",\"potentialAction\":[{\"@type\":\"SearchAction\",\"target\":{\"@type\":\"EntryPoint\",\"urlTemplate\":\"https:\/\/www.sinpro-rio.org.br\/principal\/?s={search_term_string}\"},\"query-input\":{\"@type\":\"PropertyValueSpecification\",\"valueRequired\":true,\"valueName\":\"search_term_string\"}}],\"inLanguage\":\"pt-BR\"},{\"@type\":\"Person\",\"@id\":\"https:\/\/www.sinpro-rio.org.br\/principal\/#\/schema\/person\/ee17219e64d00d037e511ae59ce2227e\",\"name\":\"alessandra\",\"image\":{\"@type\":\"ImageObject\",\"inLanguage\":\"pt-BR\",\"@id\":\"https:\/\/www.sinpro-rio.org.br\/principal\/#\/schema\/person\/image\/\",\"url\":\"https:\/\/secure.gravatar.com\/avatar\/2b43fa8c0ad8e33b46a4732549f7fb20?s=96&d=mm&r=g\",\"contentUrl\":\"https:\/\/secure.gravatar.com\/avatar\/2b43fa8c0ad8e33b46a4732549f7fb20?s=96&d=mm&r=g\",\"caption\":\"alessandra\"},\"url\":\"https:\/\/www.sinpro-rio.org.br\/principal\/author\/alessandra\/\"}]}<\/script>\n<!-- \/ Yoast SEO plugin. -->","yoast_head_json":{"title":"Educa\u00e7\u00e3o B\u00e1sica: docentes reivindicam 13% de reajuste salarial! - Sinpro-Rio","robots":{"index":"index","follow":"follow","max-snippet":"max-snippet:-1","max-image-preview":"max-image-preview:large","max-video-preview":"max-video-preview:-1"},"canonical":"https:\/\/www.sinpro-rio.org.br\/principal\/educac-o-basica-docentes-reivindicam-13-de-reajuste-salarial\/","og_locale":"pt_BR","og_type":"article","og_title":"Educa\u00e7\u00e3o B\u00e1sica: docentes reivindicam 13% de reajuste salarial! - Sinpro-Rio","og_description":"unidos em assembleia dia 12 de mar&ccedil;o, no Sinpro-Rio, os professores da Educa&ccedil;&atilde;o B&aacute;sica aprovaram por unanimidade uma densa pauta de reivindica&ccedil;&otilde;es, entre elas, o reajuste salarial de 13% para a categoria, sobre o sal&aacute;rio de mar&ccedil;o de 2016, com reajuste diferenciado para os docentes da Educa&ccedil;&atilde;o Infantil ao 5&ordm; ano do Ensino Fundamental. Tamb&eacute;m [&hellip;]","og_url":"https:\/\/www.sinpro-rio.org.br\/principal\/educac-o-basica-docentes-reivindicam-13-de-reajuste-salarial\/","og_site_name":"Sinpro-Rio","article_published_time":"2016-03-12T08:00:00+00:00","article_modified_time":"2023-07-07T17:49:37+00:00","author":"alessandra","twitter_card":"summary_large_image","twitter_misc":{"Escrito por":"alessandra","Est. tempo de leitura":"2 minutos"},"schema":{"@context":"https:\/\/schema.org","@graph":[{"@type":"WebPage","@id":"https:\/\/www.sinpro-rio.org.br\/principal\/educac-o-basica-docentes-reivindicam-13-de-reajuste-salarial\/","url":"https:\/\/www.sinpro-rio.org.br\/principal\/educac-o-basica-docentes-reivindicam-13-de-reajuste-salarial\/","name":"Educa\u00e7\u00e3o B\u00e1sica: docentes reivindicam 13% de reajuste salarial! - Sinpro-Rio","isPartOf":{"@id":"https:\/\/www.sinpro-rio.org.br\/principal\/#website"},"primaryImageOfPage":{"@id":"https:\/\/www.sinpro-rio.org.br\/principal\/educac-o-basica-docentes-reivindicam-13-de-reajuste-salarial\/#primaryimage"},"image":{"@id":"https:\/\/www.sinpro-rio.org.br\/principal\/educac-o-basica-docentes-reivindicam-13-de-reajuste-salarial\/#primaryimage"},"thumbnailUrl":"","datePublished":"2016-03-12T08:00:00+00:00","dateModified":"2023-07-07T17:49:37+00:00","author":{"@id":"https:\/\/www.sinpro-rio.org.br\/principal\/#\/schema\/person\/ee17219e64d00d037e511ae59ce2227e"},"breadcrumb":{"@id":"https:\/\/www.sinpro-rio.org.br\/principal\/educac-o-basica-docentes-reivindicam-13-de-reajuste-salarial\/#breadcrumb"},"inLanguage":"pt-BR","potentialAction":[{"@type":"ReadAction","target":["https:\/\/www.sinpro-rio.org.br\/principal\/educac-o-basica-docentes-reivindicam-13-de-reajuste-salarial\/"]}]},{"@type":"ImageObject","inLanguage":"pt-BR","@id":"https:\/\/www.sinpro-rio.org.br\/principal\/educac-o-basica-docentes-reivindicam-13-de-reajuste-salarial\/#primaryimage","url":"","contentUrl":""},{"@type":"BreadcrumbList","@id":"https:\/\/www.sinpro-rio.org.br\/principal\/educac-o-basica-docentes-reivindicam-13-de-reajuste-salarial\/#breadcrumb","itemListElement":[{"@type":"ListItem","position":1,"name":"In\u00edcio","item":"https:\/\/www.sinpro-rio.org.br\/principal\/"},{"@type":"ListItem","position":2,"name":"Educa\u00e7\u00e3o B\u00e1sica: docentes reivindicam 13% de reajuste salarial!"}]},{"@type":"WebSite","@id":"https:\/\/www.sinpro-rio.org.br\/principal\/#website","url":"https:\/\/www.sinpro-rio.org.br\/principal\/","name":"Sinpro-Rio","description":"Sindicato dos Professores do Munic\u00edpio do Rio de Janeiro e Regi\u00e3o","potentialAction":[{"@type":"SearchAction","target":{"@type":"EntryPoint","urlTemplate":"https:\/\/www.sinpro-rio.org.br\/principal\/?s={search_term_string}"},"query-input":{"@type":"PropertyValueSpecification","valueRequired":true,"valueName":"search_term_string"}}],"inLanguage":"pt-BR"},{"@type":"Person","@id":"https:\/\/www.sinpro-rio.org.br\/principal\/#\/schema\/person\/ee17219e64d00d037e511ae59ce2227e","name":"alessandra","image":{"@type":"ImageObject","inLanguage":"pt-BR","@id":"https:\/\/www.sinpro-rio.org.br\/principal\/#\/schema\/person\/image\/","url":"https:\/\/secure.gravatar.com\/avatar\/2b43fa8c0ad8e33b46a4732549f7fb20?s=96&d=mm&r=g","contentUrl":"https:\/\/secure.gravatar.com\/avatar\/2b43fa8c0ad8e33b46a4732549f7fb20?s=96&d=mm&r=g","caption":"alessandra"},"url":"https:\/\/www.sinpro-rio.org.br\/principal\/author\/alessandra\/"}]}},"_links":{"self":[{"href":"https:\/\/www.sinpro-rio.org.br\/principal\/wp-json\/wp\/v2\/posts\/18849","targetHints":{"allow":["GET"]}}],"collection":[{"href":"https:\/\/www.sinpro-rio.org.br\/principal\/wp-json\/wp\/v2\/posts"}],"about":[{"href":"https:\/\/www.sinpro-rio.org.br\/principal\/wp-json\/wp\/v2\/types\/post"}],"author":[{"embeddable":true,"href":"https:\/\/www.sinpro-rio.org.br\/principal\/wp-json\/wp\/v2\/users\/2"}],"replies":[{"embeddable":true,"href":"https:\/\/www.sinpro-rio.org.br\/principal\/wp-json\/wp\/v2\/comments?post=18849"}],"version-history":[{"count":1,"href":"https:\/\/www.sinpro-rio.org.br\/principal\/wp-json\/wp\/v2\/posts\/18849\/revisions"}],"predecessor-version":[{"id":36153,"href":"https:\/\/www.sinpro-rio.org.br\/principal\/wp-json\/wp\/v2\/posts\/18849\/revisions\/36153"}],"wp:featuredmedia":[{"embeddable":true,"href":"https:\/\/www.sinpro-rio.org.br\/principal\/wp-json\/wp\/v2\/media\/18850"}],"wp:attachment":[{"href":"https:\/\/www.sinpro-rio.org.br\/principal\/wp-json\/wp\/v2\/media?parent=18849"}],"wp:term":[{"taxonomy":"category","embeddable":true,"href":"https:\/\/www.sinpro-rio.org.br\/principal\/wp-json\/wp\/v2\/categories?post=18849"},{"taxonomy":"post_tag","embeddable":true,"href":"https:\/\/www.sinpro-rio.org.br\/principal\/wp-json\/wp\/v2\/tags?post=18849"}],"curies":[{"name":"wp","href":"https:\/\/api.w.org\/{rel}","templated":true}]}}