{"id":18841,"date":"2016-03-08T00:00:00","date_gmt":"2016-03-08T00:00:00","guid":{"rendered":""},"modified":"-0001-11-30T00:00:00","modified_gmt":"-0001-11-30T03:00:00","slug":"superintendente-do-trabalho-diz-a-feteerj-que-a-homologac-o-com-ressalva-n-o-e-mais-empecilho-para-t","status":"publish","type":"post","link":"https:\/\/www.sinpro-rio.org.br\/principal\/superintendente-do-trabalho-diz-a-feteerj-que-a-homologac-o-com-ressalva-n-o-e-mais-empecilho-para-t\/","title":{"rendered":"Superintendente do Trabalho diz \u00e0 FETEERJ que a homologa\u00e7\u00e3o com ressalva n\u00e3o \u00e9 mais empecilho para t"},"content":{"rendered":"<p><strong>SUPERINTENDENTE DO TRABALHO DIZ &Agrave; FETEERJ QUE A HOMOLOGA&Ccedil;&Atilde;O COM RESSALVA N&Atilde;O &Eacute; MAIS EMPECILHO PARA TIRAR O SEGURO DESEMPREGO<\/strong><\/p>\n<p>NO DIA 1&ordm; DE MAR&Ccedil;O, A DIRE&Ccedil;&Atilde;O COLEGIADA DA FEDERA&Ccedil;&Atilde;O DOS TRABALHADORES EM ESTABELECIMENTOS DE ENSINO DO RIO DE JANEIRO (FETEERJ) E DIRETORES DE SETE SINDICATOS DE PROFESSORES DAS ESCOLAS E UNIVERSIDADES PRIVADAS FORAM RECEBIDOS EM AUDI&Ecirc;NCIA PELO SUPERINTENDENTE REGIONAL DO TRABALHO, ROBSON LEITE, NA SEDE DA SUPERINTEND&Ecirc;NCIA, NO RIO. NA PAUTA, A QUEST&Atilde;O DAS HOMOLOGA&Ccedil;&Otilde;ES DE RESCIS&Otilde;ES NOS SINDICATOS, A FISCALIZA&Ccedil;&Atilde;O DO MINIST&Eacute;RIO DO TRABALHO E PREVID&Ecirc;NCIA SOCIAL (MTPS), O RETORNO DAS MESAS DE MEDIA&Ccedil;&Atilde;O E A INTEGRA&Ccedil;&Atilde;O DE A&Ccedil;&Otilde;ES DOS SINDICATOS COM O MTPS.<\/p>\n<p>J&Aacute; NO PRIMEIRO PONTO DE PAUTA, AO SABER DE UMA SITUA&Ccedil;&Atilde;O CITADA PELOS DIRETORES DO SINDICATO DOS PROFESSORES DE NOVA FRIBURGO, UDERSON MENEGUITE RIBEIRO E FRANCISCO PEREZ LEVY, SOBRE O PROBLEMA COM AS HOMOLOGA&Ccedil;&Otilde;ES COM RESSALVAS QUE IMPEDEM O TRABALHADOR DE RECEBER O SEU SEGURO DESEMPREGO OU SACAR O FGTS, ROBSON LEITE INFORMOU EM PRIMEIRA M&Atilde;O QUE A NOTA T&Eacute;CNICA N&ordm; 16 DO MINIST&Eacute;RIO, PUBLICADA POUCOS DIAS ANTES (26\/02), RESOLVERIA A QUEST&Atilde;O: &ldquo;A NOVA NOTA RESSALTA A POSSIBILIDADE DE HOMOLOGA&Ccedil;&Atilde;O MESMO SEM A QUITA&Ccedil;&Atilde;O DE VERBAS RESCIS&Oacute;RIAS, POSSIBILITANDO A ENTRADA IMEDIATA NO PEDIDO DE SEGURO DESEMPREGO E DE SACAR OS DEP&Oacute;SITOS DO FGTS&rdquo; &ndash; AFIRMOU ROBSON AOS SINDICALISTAS.<\/p>\n<p>SEGUNDO ROBSON, A AN&Aacute;LISE PARA A ELABORA&Ccedil;&Atilde;O DA NOTA T&Eacute;CNICA 16 FOI REALIZADA PELA SECRETARIA DE RELA&Ccedil;&Otilde;ES DO TRABALHO A PEDIDO DA SUPERINTEND&Ecirc;NCIA REGIONAL DO TRABALHO E EMPREGO DO RIO (SRT-RJ), DIANTE DA DEMISS&Atilde;O EM MASSA, SEM JUSTA CAUSA E SEM O PAGAMENTO DAS VERBAS RESCIS&Oacute;RIAS, DE TRABALHADORES DO ESTALEIRO EISA ILHA S.A, EM 2015.<\/p>\n<p>O CASO DO ESTALEIRO EISA PODE SER CONSIDERADO REFERENCIAL, J&Aacute; QUE ESSE PROBLEMA ATINGE DIVERSAS CATEGORIAS, INCLUINDO OS PROFESSORES, CUJOS SINDICATOS CONVIVEM, DIARIAMENTE, COM DEMISS&Otilde;ES IRREGULARES, O QUE OS OBRIGA, COMO MANDA A LEI, A FAZEREM AS HOMOLOGA&Ccedil;&Otilde;ES COM RESSALVAS. COM A NOTA T&Eacute;CNICA 16, OS TRABALHADORES PODER&Atilde;O DAR ENTRADA NO SEGURO DESEMPREGO E SACAR O SEU FUNDO.<\/p>\n<p><strong>FETEERJ PEDE &Agrave; SRT-RJ QUE ORIENTE AS DELEGACIAS A N&Atilde;O HOMOLOGAREM AS RESCIS&Otilde;ES<\/strong><\/p>\n<p>O SECRET&Aacute;RIO DE ADMINISTRA&Ccedil;&Atilde;O DA FEDERA&Ccedil;&Atilde;O E TAMB&Eacute;M PRESIDENTE DO SINPRO NORTE E NOROESTE FLUMINENSE, ROBSON TERRA, PEDIU AO SUPERINTENDENTE QUE ORIENTASSE AS DELEGACIAS DA SRT-RJ PARA N&Atilde;O HOMOLOGAREM AS RESCIS&Otilde;ES CONTRATUAIS DOS PROFESSORES. TERRA PEDIU, TAMB&Eacute;M, QUE O SUPERINTENDENTE ORIENTE OS SERVIDORES DAS DELEGACIAS A INDICAREM OS SINDICATOS PARA FAZEREM AS HOMOLOGA&Ccedil;&Otilde;ES. SEGUNDO TERRA, MUITOS PROFESSORES, MAL ORIENTADOS PELOS DONOS DE ESCOLAS, V&Atilde;O DIRETO &Agrave;S AG&Ecirc;NCIAS DO MINIST&Eacute;RIO PARA HOMOLOGAR ACORDOS COM V&Aacute;RIAS IRREGULARIDADES. PARA ROBSON TERRA, &ldquo;ESTE TIPO DE HOMOLOGA&Ccedil;&Atilde;O &Eacute; A ORIGEM DE MUITOS ERROS NO PROCESSO E ACABA PREJUDICANDO O PROFESSOR&rdquo;.<\/p>\n<p>O PRESIDENTE DA CUT-RJ, MARCELO RODRIGUES, QUE ACOMPANHOU A AUDI&Ecirc;NCIA, CONFIRMOU QUE ESSE PROBLEMA OCORRE EM V&Aacute;RIAS CATEGORIAS E &Eacute; RECORRENTE NO INTERIOR DO ESTADO. ROBSON LEITE ESCLARECEU QUE PREFERE QUE AS HOMOLOGA&Ccedil;&Otilde;ES SEJAM FEITAS NAS ENTIDADES SINDICAIS: &ldquo;PRIMEIRO PORQUE FORTALECE AS ENTIDADES E SEGUNDO PORQUE RETIRA UMA PRESS&Atilde;O SOBRE OS SERVIDORES DO MINIST&Eacute;RIO, J&Aacute; MUITO ASSOBERBADOS. SER&Aacute; PRIORIDADE NOSSA O FORTALECIMENTO DAS HOMOLOGA&Ccedil;&Otilde;ES VIA SINDICATOS&rdquo;.<\/p>\n<p><strong>FISCALIZA&Ccedil;&Atilde;O MAIS C&Eacute;LERE DA SRT-RJ<\/strong><\/p>\n<p>EM SEGUIDA, OS DIRETORES DA FETEERJ PEDIRAM MAIS RIGOR E CELERIDADE DA FISCALIZA&Ccedil;&Atilde;O DO MINIST&Eacute;RIO EM RELA&Ccedil;&Atilde;O &Agrave;S DEN&Uacute;NCIAS DE IRREGULARIDADES COMETIDAS PELOS DONOS DE INSTITUI&Ccedil;&Otilde;ES DE ENSINO. TODOS OS DIRETORES DA FEDERA&Ccedil;&Atilde;O CONFIRMARAM QUE A FISCALIZA&Ccedil;&Atilde;O LENTA OU AT&Eacute; INEXISTENTE POR PARTE DO MTPS &Eacute; A PRINCIPAL FONTE DE IRREGULARIDADES NO ENSINO PRIVADO.<\/p>\n<p>ANTONIO RODRIGUES, SECRET&Aacute;RIO DE COMUNICA&Ccedil;&Atilde;O DA FEDERA&Ccedil;&Atilde;O E TESOUREIRO DO SINPRO-RIO, PEDIU UMA &ldquo;SINTONIA FINA&rdquo; ENTRE OS SINDICATOS DE PROFESSORES E O MINIST&Eacute;RIO, NO CASO DA FISCALIZA&Ccedil;&Atilde;O &ndash; ELE DEU EXEMPLOS DE DEMISS&Otilde;ES EM MASSA EM ESCOLAS CUJOS DONOS PROPUNHAM COMO ACORDO O RECEBIMENTO DOS DIREITOS EM PARCELAS &ldquo;A PERDER DE VISTA&rdquo;.<\/p>\n<p>NESSE PONTO, ROBSON LEITE AFIRMOU QUE A RELA&Ccedil;&Atilde;O ENTRE OS SINDICATOS E A SRT-RJ MUDOU E PEDIU UMA PARCERIA ENTRE A SUPERINTEND&Ecirc;NCIA E AS ENTIDADES PARA COMBATER AS FRAUDES: &ldquo;QUERO QUE AS DEN&Uacute;NCIAS FEITAS PELOS SINDICATOS DE PROFESSORES SEJAM RAPIDAMENTE FISCALIZADAS PELOS SERVIDORES DO MINIST&Eacute;RIO. PARA ISSO, VOC&Ecirc;S TER&Atilde;O ACESSO DIRETO AO MEU GABINETE PARA QUE OS PROBLEMAS SEJAM RESOLVIDOS&rdquo;.<\/p>\n<p>LEITE TAMB&Eacute;M PONDEROU QUE N&Atilde;O QUER QUE A SRT-RJ FISCALIZE AS INSTITUI&Ccedil;&Otilde;ES APENAS NO INTUITO DE ARRECADAR COM MULTAS DIVERSAS: &ldquo;N&Oacute;S QUEREMOS, COM O AUMENTO DO RIGOR COM A FISCALIZA&Ccedil;&Atilde;O, COIBIR E PREVENIR OS DONOS DE ESCOLAS A N&Atilde;O DESCUMPRIREM A LEI&rdquo;.<\/p>\n<p><strong>MESAS DE NEGOCIA&Ccedil;&Atilde;O<\/strong><\/p>\n<p>ROBSON TERRA PEDIU O RETORNO DE MESAS DE NEGOCIA&Ccedil;&Atilde;O, COM A INTERMEDIA&Ccedil;&Atilde;O DA SRT-RJ. ELE AFIRMOU QUE MUITAS NEGOCIA&Ccedil;&Otilde;ES COM OS PATR&Otilde;ES DO ENSINO SERIAM MENOS DURAS, CASO O MINIST&Eacute;RIO ESTIVESSE PRESENTE. ROBSON LEITE TAMB&Eacute;M SE PRONTIFICOU A ATUAR NESSE PONTO DE PAUTA. ELE FALOU QUE EM SUA GEST&Atilde;O ISSO J&Aacute; ESTAVA OCORRENDO E CITOU O EXEMPLO DE UMA MEDIA&Ccedil;&Atilde;O QUE OCORRERIA EM SEGUIDA &Agrave; AUDI&Ecirc;NCIA COM A FETEERJ, ENTRE O SINDICATO DOS ENFERMEIROS E PATR&Otilde;ES, COM A PRESEN&Ccedil;A DO PR&Oacute;PRIO SUPERINTENDENTE.<\/p>\n<p>AL&Eacute;M DOS DIRETORES DA FETEERJ E DO PRESIDENTE DA CUT-RJ J&Aacute; CITADOS, PARTICIPARAM DA AUDI&Ecirc;NCIA OS SEGUINTES SINDICALISTAS: ROSALDO PEIXOTO DO SINPRO-MACA&Eacute;; LU&Iacute;S ALBERTO GROSSI, SINPRO-PETR&Oacute;POLIS E RICARDO GOMES DE CARVALHO DO SINPRO-LAGOS.<\/p>\n<p>A Contee recebeu nesta sexta-feira (4) nota da Feteerj que certamente ter&aacute; repercuss&atilde;o para as demais entidades de professores. Leia a nota na &iacute;ntegra:<center><img fetchpriority=\"high\" decoding=\"async\" alt=\"Imagem 01\" height=\"768\" src=\"\/siteprof\/assets\/uploads\/images\/audiencia-robson-feteerj_jpg-2-1024x768.jpg\" width=\"1024\" \/><\/p>\n<p><\/center><\/p>\n","protected":false},"excerpt":{"rendered":"<p>SUPERINTENDENTE DO TRABALHO DIZ &Agrave; FETEERJ QUE A HOMOLOGA&Ccedil;&Atilde;O COM RESSALVA N&Atilde;O &Eacute; MAIS EMPECILHO PARA TIRAR O SEGURO DESEMPREGO NO DIA 1&ordm; DE MAR&Ccedil;O, A DIRE&Ccedil;&Atilde;O COLEGIADA DA FEDERA&Ccedil;&Atilde;O DOS TRABALHADORES EM ESTABELECIMENTOS DE ENSINO DO RIO DE JANEIRO (FETEERJ) E DIRETORES DE SETE SINDICATOS DE PROFESSORES DAS ESCOLAS E UNIVERSIDADES PRIVADAS FORAM RECEBIDOS [&hellip;]<\/p>\n","protected":false},"author":2,"featured_media":0,"comment_status":"closed","ping_status":"open","sticky":false,"template":"","format":"standard","meta":{"footnotes":""},"categories":[1],"tags":[],"class_list":["post-18841","post","type-post","status-publish","format-standard","hentry","category-noticias"],"yoast_head":"<!-- This site is optimized with the Yoast SEO plugin v25.7 - https:\/\/yoast.com\/wordpress\/plugins\/seo\/ -->\n<title>Superintendente do Trabalho diz \u00e0 FETEERJ que a homologa\u00e7\u00e3o com ressalva n\u00e3o \u00e9 mais empecilho para t - Sinpro-Rio<\/title>\n<meta name=\"robots\" content=\"index, follow, max-snippet:-1, max-image-preview:large, max-video-preview:-1\" \/>\n<link rel=\"canonical\" href=\"https:\/\/www.sinpro-rio.org.br\/principal\/superintendente-do-trabalho-diz-a-feteerj-que-a-homologac-o-com-ressalva-n-o-e-mais-empecilho-para-t\/\" \/>\n<meta property=\"og:locale\" content=\"pt_BR\" \/>\n<meta property=\"og:type\" content=\"article\" \/>\n<meta property=\"og:title\" content=\"Superintendente do Trabalho diz \u00e0 FETEERJ que a homologa\u00e7\u00e3o com ressalva n\u00e3o \u00e9 mais empecilho para t - Sinpro-Rio\" \/>\n<meta property=\"og:description\" content=\"SUPERINTENDENTE DO TRABALHO DIZ &Agrave; FETEERJ QUE A HOMOLOGA&Ccedil;&Atilde;O COM RESSALVA N&Atilde;O &Eacute; MAIS EMPECILHO PARA TIRAR O SEGURO DESEMPREGO NO DIA 1&ordm; DE MAR&Ccedil;O, A DIRE&Ccedil;&Atilde;O COLEGIADA DA FEDERA&Ccedil;&Atilde;O DOS TRABALHADORES EM ESTABELECIMENTOS DE ENSINO DO RIO DE JANEIRO (FETEERJ) E DIRETORES DE SETE SINDICATOS DE PROFESSORES DAS ESCOLAS E UNIVERSIDADES PRIVADAS FORAM RECEBIDOS [&hellip;]\" \/>\n<meta property=\"og:url\" content=\"https:\/\/www.sinpro-rio.org.br\/principal\/superintendente-do-trabalho-diz-a-feteerj-que-a-homologac-o-com-ressalva-n-o-e-mais-empecilho-para-t\/\" \/>\n<meta property=\"og:site_name\" content=\"Sinpro-Rio\" \/>\n<meta property=\"article:published_time\" content=\"2016-03-08T00:00:00+00:00\" \/>\n<meta name=\"author\" content=\"alessandra\" \/>\n<meta name=\"twitter:card\" content=\"summary_large_image\" \/>\n<meta name=\"twitter:label1\" content=\"Escrito por\" \/>\n\t<meta name=\"twitter:data1\" content=\"alessandra\" \/>\n\t<meta name=\"twitter:label2\" content=\"Est. tempo de leitura\" \/>\n\t<meta name=\"twitter:data2\" content=\"6 minutos\" \/>\n<script type=\"application\/ld+json\" class=\"yoast-schema-graph\">{\"@context\":\"https:\/\/schema.org\",\"@graph\":[{\"@type\":\"WebPage\",\"@id\":\"https:\/\/www.sinpro-rio.org.br\/principal\/superintendente-do-trabalho-diz-a-feteerj-que-a-homologac-o-com-ressalva-n-o-e-mais-empecilho-para-t\/\",\"url\":\"https:\/\/www.sinpro-rio.org.br\/principal\/superintendente-do-trabalho-diz-a-feteerj-que-a-homologac-o-com-ressalva-n-o-e-mais-empecilho-para-t\/\",\"name\":\"Superintendente do Trabalho diz \u00e0 FETEERJ que a homologa\u00e7\u00e3o com ressalva n\u00e3o \u00e9 mais empecilho para t - Sinpro-Rio\",\"isPartOf\":{\"@id\":\"https:\/\/www.sinpro-rio.org.br\/principal\/#website\"},\"datePublished\":\"2016-03-08T00:00:00+00:00\",\"author\":{\"@id\":\"https:\/\/www.sinpro-rio.org.br\/principal\/#\/schema\/person\/ee17219e64d00d037e511ae59ce2227e\"},\"breadcrumb\":{\"@id\":\"https:\/\/www.sinpro-rio.org.br\/principal\/superintendente-do-trabalho-diz-a-feteerj-que-a-homologac-o-com-ressalva-n-o-e-mais-empecilho-para-t\/#breadcrumb\"},\"inLanguage\":\"pt-BR\",\"potentialAction\":[{\"@type\":\"ReadAction\",\"target\":[\"https:\/\/www.sinpro-rio.org.br\/principal\/superintendente-do-trabalho-diz-a-feteerj-que-a-homologac-o-com-ressalva-n-o-e-mais-empecilho-para-t\/\"]}]},{\"@type\":\"BreadcrumbList\",\"@id\":\"https:\/\/www.sinpro-rio.org.br\/principal\/superintendente-do-trabalho-diz-a-feteerj-que-a-homologac-o-com-ressalva-n-o-e-mais-empecilho-para-t\/#breadcrumb\",\"itemListElement\":[{\"@type\":\"ListItem\",\"position\":1,\"name\":\"In\u00edcio\",\"item\":\"https:\/\/www.sinpro-rio.org.br\/principal\/\"},{\"@type\":\"ListItem\",\"position\":2,\"name\":\"Superintendente do Trabalho diz \u00e0 FETEERJ que a homologa\u00e7\u00e3o com ressalva n\u00e3o \u00e9 mais empecilho para t\"}]},{\"@type\":\"WebSite\",\"@id\":\"https:\/\/www.sinpro-rio.org.br\/principal\/#website\",\"url\":\"https:\/\/www.sinpro-rio.org.br\/principal\/\",\"name\":\"Sinpro-Rio\",\"description\":\"Sindicato dos Professores do Munic\u00edpio do Rio de Janeiro e Regi\u00e3o\",\"potentialAction\":[{\"@type\":\"SearchAction\",\"target\":{\"@type\":\"EntryPoint\",\"urlTemplate\":\"https:\/\/www.sinpro-rio.org.br\/principal\/?s={search_term_string}\"},\"query-input\":{\"@type\":\"PropertyValueSpecification\",\"valueRequired\":true,\"valueName\":\"search_term_string\"}}],\"inLanguage\":\"pt-BR\"},{\"@type\":\"Person\",\"@id\":\"https:\/\/www.sinpro-rio.org.br\/principal\/#\/schema\/person\/ee17219e64d00d037e511ae59ce2227e\",\"name\":\"alessandra\",\"image\":{\"@type\":\"ImageObject\",\"inLanguage\":\"pt-BR\",\"@id\":\"https:\/\/www.sinpro-rio.org.br\/principal\/#\/schema\/person\/image\/\",\"url\":\"https:\/\/secure.gravatar.com\/avatar\/2b43fa8c0ad8e33b46a4732549f7fb20?s=96&d=mm&r=g\",\"contentUrl\":\"https:\/\/secure.gravatar.com\/avatar\/2b43fa8c0ad8e33b46a4732549f7fb20?s=96&d=mm&r=g\",\"caption\":\"alessandra\"},\"url\":\"https:\/\/www.sinpro-rio.org.br\/principal\/author\/alessandra\/\"}]}<\/script>\n<!-- \/ Yoast SEO plugin. -->","yoast_head_json":{"title":"Superintendente do Trabalho diz \u00e0 FETEERJ que a homologa\u00e7\u00e3o com ressalva n\u00e3o \u00e9 mais empecilho para t - Sinpro-Rio","robots":{"index":"index","follow":"follow","max-snippet":"max-snippet:-1","max-image-preview":"max-image-preview:large","max-video-preview":"max-video-preview:-1"},"canonical":"https:\/\/www.sinpro-rio.org.br\/principal\/superintendente-do-trabalho-diz-a-feteerj-que-a-homologac-o-com-ressalva-n-o-e-mais-empecilho-para-t\/","og_locale":"pt_BR","og_type":"article","og_title":"Superintendente do Trabalho diz \u00e0 FETEERJ que a homologa\u00e7\u00e3o com ressalva n\u00e3o \u00e9 mais empecilho para t - Sinpro-Rio","og_description":"SUPERINTENDENTE DO TRABALHO DIZ &Agrave; FETEERJ QUE A HOMOLOGA&Ccedil;&Atilde;O COM RESSALVA N&Atilde;O &Eacute; MAIS EMPECILHO PARA TIRAR O SEGURO DESEMPREGO NO DIA 1&ordm; DE MAR&Ccedil;O, A DIRE&Ccedil;&Atilde;O COLEGIADA DA FEDERA&Ccedil;&Atilde;O DOS TRABALHADORES EM ESTABELECIMENTOS DE ENSINO DO RIO DE JANEIRO (FETEERJ) E DIRETORES DE SETE SINDICATOS DE PROFESSORES DAS ESCOLAS E UNIVERSIDADES PRIVADAS FORAM RECEBIDOS [&hellip;]","og_url":"https:\/\/www.sinpro-rio.org.br\/principal\/superintendente-do-trabalho-diz-a-feteerj-que-a-homologac-o-com-ressalva-n-o-e-mais-empecilho-para-t\/","og_site_name":"Sinpro-Rio","article_published_time":"2016-03-08T00:00:00+00:00","author":"alessandra","twitter_card":"summary_large_image","twitter_misc":{"Escrito por":"alessandra","Est. tempo de leitura":"6 minutos"},"schema":{"@context":"https:\/\/schema.org","@graph":[{"@type":"WebPage","@id":"https:\/\/www.sinpro-rio.org.br\/principal\/superintendente-do-trabalho-diz-a-feteerj-que-a-homologac-o-com-ressalva-n-o-e-mais-empecilho-para-t\/","url":"https:\/\/www.sinpro-rio.org.br\/principal\/superintendente-do-trabalho-diz-a-feteerj-que-a-homologac-o-com-ressalva-n-o-e-mais-empecilho-para-t\/","name":"Superintendente do Trabalho diz \u00e0 FETEERJ que a homologa\u00e7\u00e3o com ressalva n\u00e3o \u00e9 mais empecilho para t - Sinpro-Rio","isPartOf":{"@id":"https:\/\/www.sinpro-rio.org.br\/principal\/#website"},"datePublished":"2016-03-08T00:00:00+00:00","author":{"@id":"https:\/\/www.sinpro-rio.org.br\/principal\/#\/schema\/person\/ee17219e64d00d037e511ae59ce2227e"},"breadcrumb":{"@id":"https:\/\/www.sinpro-rio.org.br\/principal\/superintendente-do-trabalho-diz-a-feteerj-que-a-homologac-o-com-ressalva-n-o-e-mais-empecilho-para-t\/#breadcrumb"},"inLanguage":"pt-BR","potentialAction":[{"@type":"ReadAction","target":["https:\/\/www.sinpro-rio.org.br\/principal\/superintendente-do-trabalho-diz-a-feteerj-que-a-homologac-o-com-ressalva-n-o-e-mais-empecilho-para-t\/"]}]},{"@type":"BreadcrumbList","@id":"https:\/\/www.sinpro-rio.org.br\/principal\/superintendente-do-trabalho-diz-a-feteerj-que-a-homologac-o-com-ressalva-n-o-e-mais-empecilho-para-t\/#breadcrumb","itemListElement":[{"@type":"ListItem","position":1,"name":"In\u00edcio","item":"https:\/\/www.sinpro-rio.org.br\/principal\/"},{"@type":"ListItem","position":2,"name":"Superintendente do Trabalho diz \u00e0 FETEERJ que a homologa\u00e7\u00e3o com ressalva n\u00e3o \u00e9 mais empecilho para t"}]},{"@type":"WebSite","@id":"https:\/\/www.sinpro-rio.org.br\/principal\/#website","url":"https:\/\/www.sinpro-rio.org.br\/principal\/","name":"Sinpro-Rio","description":"Sindicato dos Professores do Munic\u00edpio do Rio de Janeiro e Regi\u00e3o","potentialAction":[{"@type":"SearchAction","target":{"@type":"EntryPoint","urlTemplate":"https:\/\/www.sinpro-rio.org.br\/principal\/?s={search_term_string}"},"query-input":{"@type":"PropertyValueSpecification","valueRequired":true,"valueName":"search_term_string"}}],"inLanguage":"pt-BR"},{"@type":"Person","@id":"https:\/\/www.sinpro-rio.org.br\/principal\/#\/schema\/person\/ee17219e64d00d037e511ae59ce2227e","name":"alessandra","image":{"@type":"ImageObject","inLanguage":"pt-BR","@id":"https:\/\/www.sinpro-rio.org.br\/principal\/#\/schema\/person\/image\/","url":"https:\/\/secure.gravatar.com\/avatar\/2b43fa8c0ad8e33b46a4732549f7fb20?s=96&d=mm&r=g","contentUrl":"https:\/\/secure.gravatar.com\/avatar\/2b43fa8c0ad8e33b46a4732549f7fb20?s=96&d=mm&r=g","caption":"alessandra"},"url":"https:\/\/www.sinpro-rio.org.br\/principal\/author\/alessandra\/"}]}},"_links":{"self":[{"href":"https:\/\/www.sinpro-rio.org.br\/principal\/wp-json\/wp\/v2\/posts\/18841","targetHints":{"allow":["GET"]}}],"collection":[{"href":"https:\/\/www.sinpro-rio.org.br\/principal\/wp-json\/wp\/v2\/posts"}],"about":[{"href":"https:\/\/www.sinpro-rio.org.br\/principal\/wp-json\/wp\/v2\/types\/post"}],"author":[{"embeddable":true,"href":"https:\/\/www.sinpro-rio.org.br\/principal\/wp-json\/wp\/v2\/users\/2"}],"replies":[{"embeddable":true,"href":"https:\/\/www.sinpro-rio.org.br\/principal\/wp-json\/wp\/v2\/comments?post=18841"}],"version-history":[{"count":0,"href":"https:\/\/www.sinpro-rio.org.br\/principal\/wp-json\/wp\/v2\/posts\/18841\/revisions"}],"wp:attachment":[{"href":"https:\/\/www.sinpro-rio.org.br\/principal\/wp-json\/wp\/v2\/media?parent=18841"}],"wp:term":[{"taxonomy":"category","embeddable":true,"href":"https:\/\/www.sinpro-rio.org.br\/principal\/wp-json\/wp\/v2\/categories?post=18841"},{"taxonomy":"post_tag","embeddable":true,"href":"https:\/\/www.sinpro-rio.org.br\/principal\/wp-json\/wp\/v2\/tags?post=18841"}],"curies":[{"name":"wp","href":"https:\/\/api.w.org\/{rel}","templated":true}]}}