{"id":18837,"date":"2016-03-04T00:00:00","date_gmt":"2016-03-04T00:00:00","guid":{"rendered":""},"modified":"-0001-11-30T00:00:00","modified_gmt":"-0001-11-30T03:00:00","slug":"lancamento-do-livro-guerra-dos-lugares-a-colonizac-o-da-terra-e-da-moradia-na-era-das-financas","status":"publish","type":"post","link":"https:\/\/www.sinpro-rio.org.br\/principal\/lancamento-do-livro-guerra-dos-lugares-a-colonizac-o-da-terra-e-da-moradia-na-era-das-financas\/","title":{"rendered":"Lan\u00e7amento do livro \u201cGuerra dos lugares: a coloniza\u00e7\u00e3o da terra e da moradia na era das finan\u00e7as\u201d"},"content":{"rendered":"<p>A urbanista Raquel Rolnik, convidada pelo Comit&ecirc; Popular da Copa e Olimp&iacute;adas do Rio de Janeiro, promove o lan&ccedil;amento, no Rio de Janeiro, do livro &ldquo;Guerra dos lugares: a coloniza&ccedil;&atilde;o da terra e da moradia na era das finan&ccedil;as&rdquo;.<\/p>\n<p>Lan&ccedil;amento Guerra dos Lugares&nbsp;<br \/>\nDia 05 de mar&ccedil;o &ndash; Vila Aut&oacute;dromo&nbsp;<br \/>\nHor&aacute;rio: 14h 30&nbsp;<br \/>\nLink do evento:&nbsp;<a href=\"https:\/\/www.facebook.com\/events\/200344443657504\/\">https:\/\/www.facebook.com\/events\/200344443657504\/<\/a>&nbsp;<br \/>\nNo dia 7 a Editora Boitempo e o IPPUR convidam para palestra de Raquel Rolnik seguida de sess&atilde;o de aut&oacute;grafos, no Museu da Rep&uacute;blica, &agrave;s 18h 30.<\/p>\n<p><strong>Guerra dos lugares: A coloniza&ccedil;&atilde;o da terra e da moradia na era das finan&ccedil;as<\/strong>&nbsp;<br \/>\nRaquel Rolnik<\/p>\n<p>Fruto das reflex&otilde;es que a urbanista Raquel Rolnik elaborou durante e imediatamente ap&oacute;s o t&eacute;rmino de seu mandato como relatora para o Direito &agrave; Moradia Adequada da ONU, Guerra dos lugares aborda o processo global de financeiriza&ccedil;&atilde;o das cidades e seu impacto sobre os direitos &agrave; terra e &agrave; moradia dos mais pobres e vulner&aacute;veis.<\/p>\n<p>Nas duas primeiras partes, Rolnik descreve e analisa as transforma&ccedil;&otilde;es recentes nas pol&iacute;ticas habitacionais e fundi&aacute;rias em v&aacute;rios pa&iacute;ses do mundo, no marco da expans&atilde;o de uma economia neoliberal globalizada, controlada pelo sistema financeiro, que provocaram um processo global de inseguran&ccedil;a da posse. Na terceira, a urbanista explora a mesma quest&atilde;o, com foco no Brasil.<\/p>\n<p>A originalidade da obra reside no enfoque global do fen&ocirc;meno, investigado a partir da viv&ecirc;ncia direta de uma autora brasileira olhando as condi&ccedil;&otilde;es de moradia no mundo. A leitura da evolu&ccedil;&atilde;o recente das pol&iacute;ticas habitacionais e urbanas no Brasil &ndash; inclusive na era Lula &ndash; &agrave; luz desses processos globais ajuda a pensar as especificidades e as diferen&ccedil;as da crise urbana no pa&iacute;s.<\/p>\n<p>Tamb&eacute;m &eacute; original o entrela&ccedil;amento entre as pol&iacute;ticas habitacionais e a pol&iacute;tica urbana, articuladas pela autora atrav&eacute;s da constru&ccedil;&atilde;o da hegemonia da propriedade individual e da transmuta&ccedil;&atilde;o dos im&oacute;veis em ativos.<\/p>\n<p><center><\/p>\n<p><img fetchpriority=\"high\" decoding=\"async\" alt=\"Imagem 01\" height=\"523\" src=\"\/siteprof\/assets\/uploads\/images\/livro0403.jpg\" width=\"355\" \/><\/p>\n<p><\/center><\/p>\n","protected":false},"excerpt":{"rendered":"<p>A urbanista Raquel Rolnik, convidada pelo Comit&ecirc; Popular da Copa e Olimp&iacute;adas do Rio de Janeiro, promove o lan&ccedil;amento, no Rio de Janeiro, do livro &ldquo;Guerra dos lugares: a coloniza&ccedil;&atilde;o da terra e da moradia na era das finan&ccedil;as&rdquo;. Lan&ccedil;amento Guerra dos Lugares&nbsp; Dia 05 de mar&ccedil;o &ndash; Vila Aut&oacute;dromo&nbsp; Hor&aacute;rio: 14h 30&nbsp; Link do [&hellip;]<\/p>\n","protected":false},"author":2,"featured_media":0,"comment_status":"closed","ping_status":"open","sticky":false,"template":"","format":"standard","meta":{"footnotes":""},"categories":[1],"tags":[],"class_list":["post-18837","post","type-post","status-publish","format-standard","hentry","category-noticias"],"yoast_head":"<!-- This site is optimized with the Yoast SEO plugin v25.7 - https:\/\/yoast.com\/wordpress\/plugins\/seo\/ -->\n<title>Lan\u00e7amento do livro \u201cGuerra dos lugares: a coloniza\u00e7\u00e3o da terra e da moradia na era das finan\u00e7as\u201d - Sinpro-Rio<\/title>\n<meta name=\"robots\" content=\"index, follow, max-snippet:-1, max-image-preview:large, max-video-preview:-1\" \/>\n<link rel=\"canonical\" href=\"https:\/\/www.sinpro-rio.org.br\/principal\/lancamento-do-livro-guerra-dos-lugares-a-colonizac-o-da-terra-e-da-moradia-na-era-das-financas\/\" \/>\n<meta property=\"og:locale\" content=\"pt_BR\" \/>\n<meta property=\"og:type\" content=\"article\" \/>\n<meta property=\"og:title\" content=\"Lan\u00e7amento do livro \u201cGuerra dos lugares: a coloniza\u00e7\u00e3o da terra e da moradia na era das finan\u00e7as\u201d - Sinpro-Rio\" \/>\n<meta property=\"og:description\" content=\"A urbanista Raquel Rolnik, convidada pelo Comit&ecirc; Popular da Copa e Olimp&iacute;adas do Rio de Janeiro, promove o lan&ccedil;amento, no Rio de Janeiro, do livro &ldquo;Guerra dos lugares: a coloniza&ccedil;&atilde;o da terra e da moradia na era das finan&ccedil;as&rdquo;. Lan&ccedil;amento Guerra dos Lugares&nbsp; Dia 05 de mar&ccedil;o &ndash; Vila Aut&oacute;dromo&nbsp; Hor&aacute;rio: 14h 30&nbsp; Link do [&hellip;]\" \/>\n<meta property=\"og:url\" content=\"https:\/\/www.sinpro-rio.org.br\/principal\/lancamento-do-livro-guerra-dos-lugares-a-colonizac-o-da-terra-e-da-moradia-na-era-das-financas\/\" \/>\n<meta property=\"og:site_name\" content=\"Sinpro-Rio\" \/>\n<meta property=\"article:published_time\" content=\"2016-03-04T00:00:00+00:00\" \/>\n<meta name=\"author\" content=\"alessandra\" \/>\n<meta name=\"twitter:card\" content=\"summary_large_image\" \/>\n<meta name=\"twitter:label1\" content=\"Escrito por\" \/>\n\t<meta name=\"twitter:data1\" content=\"alessandra\" \/>\n\t<meta name=\"twitter:label2\" content=\"Est. tempo de leitura\" \/>\n\t<meta name=\"twitter:data2\" content=\"2 minutos\" \/>\n<script type=\"application\/ld+json\" class=\"yoast-schema-graph\">{\"@context\":\"https:\/\/schema.org\",\"@graph\":[{\"@type\":\"WebPage\",\"@id\":\"https:\/\/www.sinpro-rio.org.br\/principal\/lancamento-do-livro-guerra-dos-lugares-a-colonizac-o-da-terra-e-da-moradia-na-era-das-financas\/\",\"url\":\"https:\/\/www.sinpro-rio.org.br\/principal\/lancamento-do-livro-guerra-dos-lugares-a-colonizac-o-da-terra-e-da-moradia-na-era-das-financas\/\",\"name\":\"Lan\u00e7amento do livro \u201cGuerra dos lugares: a coloniza\u00e7\u00e3o da terra e da moradia na era das finan\u00e7as\u201d - Sinpro-Rio\",\"isPartOf\":{\"@id\":\"https:\/\/www.sinpro-rio.org.br\/principal\/#website\"},\"datePublished\":\"2016-03-04T00:00:00+00:00\",\"author\":{\"@id\":\"https:\/\/www.sinpro-rio.org.br\/principal\/#\/schema\/person\/ee17219e64d00d037e511ae59ce2227e\"},\"breadcrumb\":{\"@id\":\"https:\/\/www.sinpro-rio.org.br\/principal\/lancamento-do-livro-guerra-dos-lugares-a-colonizac-o-da-terra-e-da-moradia-na-era-das-financas\/#breadcrumb\"},\"inLanguage\":\"pt-BR\",\"potentialAction\":[{\"@type\":\"ReadAction\",\"target\":[\"https:\/\/www.sinpro-rio.org.br\/principal\/lancamento-do-livro-guerra-dos-lugares-a-colonizac-o-da-terra-e-da-moradia-na-era-das-financas\/\"]}]},{\"@type\":\"BreadcrumbList\",\"@id\":\"https:\/\/www.sinpro-rio.org.br\/principal\/lancamento-do-livro-guerra-dos-lugares-a-colonizac-o-da-terra-e-da-moradia-na-era-das-financas\/#breadcrumb\",\"itemListElement\":[{\"@type\":\"ListItem\",\"position\":1,\"name\":\"In\u00edcio\",\"item\":\"https:\/\/www.sinpro-rio.org.br\/principal\/\"},{\"@type\":\"ListItem\",\"position\":2,\"name\":\"Lan\u00e7amento do livro \u201cGuerra dos lugares: a coloniza\u00e7\u00e3o da terra e da moradia na era das finan\u00e7as\u201d\"}]},{\"@type\":\"WebSite\",\"@id\":\"https:\/\/www.sinpro-rio.org.br\/principal\/#website\",\"url\":\"https:\/\/www.sinpro-rio.org.br\/principal\/\",\"name\":\"Sinpro-Rio\",\"description\":\"Sindicato dos Professores do Munic\u00edpio do Rio de Janeiro e Regi\u00e3o\",\"potentialAction\":[{\"@type\":\"SearchAction\",\"target\":{\"@type\":\"EntryPoint\",\"urlTemplate\":\"https:\/\/www.sinpro-rio.org.br\/principal\/?s={search_term_string}\"},\"query-input\":{\"@type\":\"PropertyValueSpecification\",\"valueRequired\":true,\"valueName\":\"search_term_string\"}}],\"inLanguage\":\"pt-BR\"},{\"@type\":\"Person\",\"@id\":\"https:\/\/www.sinpro-rio.org.br\/principal\/#\/schema\/person\/ee17219e64d00d037e511ae59ce2227e\",\"name\":\"alessandra\",\"image\":{\"@type\":\"ImageObject\",\"inLanguage\":\"pt-BR\",\"@id\":\"https:\/\/www.sinpro-rio.org.br\/principal\/#\/schema\/person\/image\/\",\"url\":\"https:\/\/secure.gravatar.com\/avatar\/2b43fa8c0ad8e33b46a4732549f7fb20?s=96&d=mm&r=g\",\"contentUrl\":\"https:\/\/secure.gravatar.com\/avatar\/2b43fa8c0ad8e33b46a4732549f7fb20?s=96&d=mm&r=g\",\"caption\":\"alessandra\"},\"url\":\"https:\/\/www.sinpro-rio.org.br\/principal\/author\/alessandra\/\"}]}<\/script>\n<!-- \/ Yoast SEO plugin. -->","yoast_head_json":{"title":"Lan\u00e7amento do livro \u201cGuerra dos lugares: a coloniza\u00e7\u00e3o da terra e da moradia na era das finan\u00e7as\u201d - Sinpro-Rio","robots":{"index":"index","follow":"follow","max-snippet":"max-snippet:-1","max-image-preview":"max-image-preview:large","max-video-preview":"max-video-preview:-1"},"canonical":"https:\/\/www.sinpro-rio.org.br\/principal\/lancamento-do-livro-guerra-dos-lugares-a-colonizac-o-da-terra-e-da-moradia-na-era-das-financas\/","og_locale":"pt_BR","og_type":"article","og_title":"Lan\u00e7amento do livro \u201cGuerra dos lugares: a coloniza\u00e7\u00e3o da terra e da moradia na era das finan\u00e7as\u201d - Sinpro-Rio","og_description":"A urbanista Raquel Rolnik, convidada pelo Comit&ecirc; Popular da Copa e Olimp&iacute;adas do Rio de Janeiro, promove o lan&ccedil;amento, no Rio de Janeiro, do livro &ldquo;Guerra dos lugares: a coloniza&ccedil;&atilde;o da terra e da moradia na era das finan&ccedil;as&rdquo;. Lan&ccedil;amento Guerra dos Lugares&nbsp; Dia 05 de mar&ccedil;o &ndash; Vila Aut&oacute;dromo&nbsp; Hor&aacute;rio: 14h 30&nbsp; Link do [&hellip;]","og_url":"https:\/\/www.sinpro-rio.org.br\/principal\/lancamento-do-livro-guerra-dos-lugares-a-colonizac-o-da-terra-e-da-moradia-na-era-das-financas\/","og_site_name":"Sinpro-Rio","article_published_time":"2016-03-04T00:00:00+00:00","author":"alessandra","twitter_card":"summary_large_image","twitter_misc":{"Escrito por":"alessandra","Est. tempo de leitura":"2 minutos"},"schema":{"@context":"https:\/\/schema.org","@graph":[{"@type":"WebPage","@id":"https:\/\/www.sinpro-rio.org.br\/principal\/lancamento-do-livro-guerra-dos-lugares-a-colonizac-o-da-terra-e-da-moradia-na-era-das-financas\/","url":"https:\/\/www.sinpro-rio.org.br\/principal\/lancamento-do-livro-guerra-dos-lugares-a-colonizac-o-da-terra-e-da-moradia-na-era-das-financas\/","name":"Lan\u00e7amento do livro \u201cGuerra dos lugares: a coloniza\u00e7\u00e3o da terra e da moradia na era das finan\u00e7as\u201d - Sinpro-Rio","isPartOf":{"@id":"https:\/\/www.sinpro-rio.org.br\/principal\/#website"},"datePublished":"2016-03-04T00:00:00+00:00","author":{"@id":"https:\/\/www.sinpro-rio.org.br\/principal\/#\/schema\/person\/ee17219e64d00d037e511ae59ce2227e"},"breadcrumb":{"@id":"https:\/\/www.sinpro-rio.org.br\/principal\/lancamento-do-livro-guerra-dos-lugares-a-colonizac-o-da-terra-e-da-moradia-na-era-das-financas\/#breadcrumb"},"inLanguage":"pt-BR","potentialAction":[{"@type":"ReadAction","target":["https:\/\/www.sinpro-rio.org.br\/principal\/lancamento-do-livro-guerra-dos-lugares-a-colonizac-o-da-terra-e-da-moradia-na-era-das-financas\/"]}]},{"@type":"BreadcrumbList","@id":"https:\/\/www.sinpro-rio.org.br\/principal\/lancamento-do-livro-guerra-dos-lugares-a-colonizac-o-da-terra-e-da-moradia-na-era-das-financas\/#breadcrumb","itemListElement":[{"@type":"ListItem","position":1,"name":"In\u00edcio","item":"https:\/\/www.sinpro-rio.org.br\/principal\/"},{"@type":"ListItem","position":2,"name":"Lan\u00e7amento do livro \u201cGuerra dos lugares: a coloniza\u00e7\u00e3o da terra e da moradia na era das finan\u00e7as\u201d"}]},{"@type":"WebSite","@id":"https:\/\/www.sinpro-rio.org.br\/principal\/#website","url":"https:\/\/www.sinpro-rio.org.br\/principal\/","name":"Sinpro-Rio","description":"Sindicato dos Professores do Munic\u00edpio do Rio de Janeiro e Regi\u00e3o","potentialAction":[{"@type":"SearchAction","target":{"@type":"EntryPoint","urlTemplate":"https:\/\/www.sinpro-rio.org.br\/principal\/?s={search_term_string}"},"query-input":{"@type":"PropertyValueSpecification","valueRequired":true,"valueName":"search_term_string"}}],"inLanguage":"pt-BR"},{"@type":"Person","@id":"https:\/\/www.sinpro-rio.org.br\/principal\/#\/schema\/person\/ee17219e64d00d037e511ae59ce2227e","name":"alessandra","image":{"@type":"ImageObject","inLanguage":"pt-BR","@id":"https:\/\/www.sinpro-rio.org.br\/principal\/#\/schema\/person\/image\/","url":"https:\/\/secure.gravatar.com\/avatar\/2b43fa8c0ad8e33b46a4732549f7fb20?s=96&d=mm&r=g","contentUrl":"https:\/\/secure.gravatar.com\/avatar\/2b43fa8c0ad8e33b46a4732549f7fb20?s=96&d=mm&r=g","caption":"alessandra"},"url":"https:\/\/www.sinpro-rio.org.br\/principal\/author\/alessandra\/"}]}},"_links":{"self":[{"href":"https:\/\/www.sinpro-rio.org.br\/principal\/wp-json\/wp\/v2\/posts\/18837","targetHints":{"allow":["GET"]}}],"collection":[{"href":"https:\/\/www.sinpro-rio.org.br\/principal\/wp-json\/wp\/v2\/posts"}],"about":[{"href":"https:\/\/www.sinpro-rio.org.br\/principal\/wp-json\/wp\/v2\/types\/post"}],"author":[{"embeddable":true,"href":"https:\/\/www.sinpro-rio.org.br\/principal\/wp-json\/wp\/v2\/users\/2"}],"replies":[{"embeddable":true,"href":"https:\/\/www.sinpro-rio.org.br\/principal\/wp-json\/wp\/v2\/comments?post=18837"}],"version-history":[{"count":0,"href":"https:\/\/www.sinpro-rio.org.br\/principal\/wp-json\/wp\/v2\/posts\/18837\/revisions"}],"wp:attachment":[{"href":"https:\/\/www.sinpro-rio.org.br\/principal\/wp-json\/wp\/v2\/media?parent=18837"}],"wp:term":[{"taxonomy":"category","embeddable":true,"href":"https:\/\/www.sinpro-rio.org.br\/principal\/wp-json\/wp\/v2\/categories?post=18837"},{"taxonomy":"post_tag","embeddable":true,"href":"https:\/\/www.sinpro-rio.org.br\/principal\/wp-json\/wp\/v2\/tags?post=18837"}],"curies":[{"name":"wp","href":"https:\/\/api.w.org\/{rel}","templated":true}]}}