{"id":18811,"date":"2017-05-09T05:00:00","date_gmt":"2017-05-09T05:00:00","guid":{"rendered":""},"modified":"-0001-11-30T00:00:00","modified_gmt":"-0001-11-30T03:00:00","slug":"sinpro-rio-participa-de-eleic-o-no-conselho-estadual-de-alimentac-o-escolar","status":"publish","type":"post","link":"https:\/\/www.sinpro-rio.org.br\/principal\/sinpro-rio-participa-de-eleic-o-no-conselho-estadual-de-alimentac-o-escolar\/","title":{"rendered":"Sinpro-Rio participa de elei\u00e7\u00e3o no Conselho Estadual de alimenta\u00e7\u00e3o Escolar"},"content":{"rendered":"<p>O Sinpro-Rio participou em 09 de maio de elei&ccedil;&atilde;o no Conselho Estadual de Alimenta&ccedil;&atilde;o Escolar do Rio de Janeiro. O nosso sindicato tem assento entre os representantes do CAE, com Deyse Coutinho (titular), que votou na ocasi&atilde;o, e Jayran Uch&ocirc;a (suplente).<\/p>\n<p>Com 11 representantes eleitos, o Conselho realizou elei&ccedil;&atilde;o para a escolha de duas novas entidades, tendo sido escolhidos a Acelbra &ndash; Associa&ccedil;&atilde;o dos Cel&iacute;acos do Brasil e o CRC &ndash; Conselho Regional dos Contadores. Na elei&ccedil;&atilde;o, ganhou assento na entidade o Col&eacute;gio Estadual Hil&aacute;rio Ribeiro, pois o Col&eacute;gio Estadual Sarah Kubitschek estava at&eacute; ent&atilde;o ocupando duas vagas.<\/p>\n<p>O CAE-RJ defende e fiscaliza os recursos p&uacute;blicos destinados ao PNAE &ndash; Programa Nacional de Alimenta&ccedil;&atilde;o Escolar pela alimenta&ccedil;&atilde;o adequada e saud&aacute;vel aos escolares. O Conselho contribui ainda para o fortalecimento estrat&eacute;gico do desenvolvimento dos Agricultores Familiares no pa&iacute;s.<\/p>\n<p>Vejam&nbsp;<a href=\"https:\/\/www.facebook.com\/sinprorio1931\/posts\/1631815403513920\">aqui<\/a>&nbsp;fotos e entrevista para o Sinpro-Rio da presidenta do Conselho Estadual de alimenta&ccedil;&atilde;o do Rio de Janeiro, Ana Cristina Ferreira Mirrha:<\/p>\n<p>&nbsp;<\/p>\n<p><center><iframe src=\"https:\/\/www.facebook.com\/plugins\/video.php?href=https%3A%2F%2Fwww.facebook.com%2Fsinprorio1931%2Fvideos%2F1631815896847204%2F&#038;show_text=0&#038;width=560\" width=\"560\" height=\"308\" style=\"border:none;overflow:hidden\" scrolling=\"no\" frameborder=\"0\" allowTransparency=\"true\" allowFullScreen=\"true\"><\/iframe><\/center><\/p>\n","protected":false},"excerpt":{"rendered":"<p>O Sinpro-Rio participou em 09 de maio de elei&ccedil;&atilde;o no Conselho Estadual de Alimenta&ccedil;&atilde;o Escolar do Rio de Janeiro. O nosso sindicato tem assento entre os representantes do CAE, com Deyse Coutinho (titular), que votou na ocasi&atilde;o, e Jayran Uch&ocirc;a (suplente). Com 11 representantes eleitos, o Conselho realizou elei&ccedil;&atilde;o para a escolha de duas novas [&hellip;]<\/p>\n","protected":false},"author":2,"featured_media":18812,"comment_status":"closed","ping_status":"open","sticky":false,"template":"","format":"standard","meta":{"footnotes":""},"categories":[1],"tags":[],"class_list":["post-18811","post","type-post","status-publish","format-standard","has-post-thumbnail","hentry","category-noticias"],"yoast_head":"<!-- This site is optimized with the Yoast SEO plugin v25.7 - https:\/\/yoast.com\/wordpress\/plugins\/seo\/ -->\n<title>Sinpro-Rio participa de elei\u00e7\u00e3o no Conselho Estadual de alimenta\u00e7\u00e3o Escolar - Sinpro-Rio<\/title>\n<meta name=\"robots\" content=\"index, follow, max-snippet:-1, max-image-preview:large, max-video-preview:-1\" \/>\n<link rel=\"canonical\" href=\"https:\/\/www.sinpro-rio.org.br\/principal\/sinpro-rio-participa-de-eleic-o-no-conselho-estadual-de-alimentac-o-escolar\/\" \/>\n<meta property=\"og:locale\" content=\"pt_BR\" \/>\n<meta property=\"og:type\" content=\"article\" \/>\n<meta property=\"og:title\" content=\"Sinpro-Rio participa de elei\u00e7\u00e3o no Conselho Estadual de alimenta\u00e7\u00e3o Escolar - Sinpro-Rio\" \/>\n<meta property=\"og:description\" content=\"O Sinpro-Rio participou em 09 de maio de elei&ccedil;&atilde;o no Conselho Estadual de Alimenta&ccedil;&atilde;o Escolar do Rio de Janeiro. O nosso sindicato tem assento entre os representantes do CAE, com Deyse Coutinho (titular), que votou na ocasi&atilde;o, e Jayran Uch&ocirc;a (suplente). Com 11 representantes eleitos, o Conselho realizou elei&ccedil;&atilde;o para a escolha de duas novas [&hellip;]\" \/>\n<meta property=\"og:url\" content=\"https:\/\/www.sinpro-rio.org.br\/principal\/sinpro-rio-participa-de-eleic-o-no-conselho-estadual-de-alimentac-o-escolar\/\" \/>\n<meta property=\"og:site_name\" content=\"Sinpro-Rio\" \/>\n<meta property=\"article:published_time\" content=\"2017-05-09T05:00:00+00:00\" \/>\n<meta name=\"author\" content=\"alessandra\" \/>\n<meta name=\"twitter:card\" content=\"summary_large_image\" \/>\n<meta name=\"twitter:label1\" content=\"Escrito por\" \/>\n\t<meta name=\"twitter:data1\" content=\"alessandra\" \/>\n\t<meta name=\"twitter:label2\" content=\"Est. tempo de leitura\" \/>\n\t<meta name=\"twitter:data2\" content=\"1 minuto\" \/>\n<script type=\"application\/ld+json\" class=\"yoast-schema-graph\">{\"@context\":\"https:\/\/schema.org\",\"@graph\":[{\"@type\":\"WebPage\",\"@id\":\"https:\/\/www.sinpro-rio.org.br\/principal\/sinpro-rio-participa-de-eleic-o-no-conselho-estadual-de-alimentac-o-escolar\/\",\"url\":\"https:\/\/www.sinpro-rio.org.br\/principal\/sinpro-rio-participa-de-eleic-o-no-conselho-estadual-de-alimentac-o-escolar\/\",\"name\":\"Sinpro-Rio participa de elei\u00e7\u00e3o no Conselho Estadual de alimenta\u00e7\u00e3o Escolar - Sinpro-Rio\",\"isPartOf\":{\"@id\":\"https:\/\/www.sinpro-rio.org.br\/principal\/#website\"},\"primaryImageOfPage\":{\"@id\":\"https:\/\/www.sinpro-rio.org.br\/principal\/sinpro-rio-participa-de-eleic-o-no-conselho-estadual-de-alimentac-o-escolar\/#primaryimage\"},\"image\":{\"@id\":\"https:\/\/www.sinpro-rio.org.br\/principal\/sinpro-rio-participa-de-eleic-o-no-conselho-estadual-de-alimentac-o-escolar\/#primaryimage\"},\"thumbnailUrl\":\"\",\"datePublished\":\"2017-05-09T05:00:00+00:00\",\"author\":{\"@id\":\"https:\/\/www.sinpro-rio.org.br\/principal\/#\/schema\/person\/ee17219e64d00d037e511ae59ce2227e\"},\"breadcrumb\":{\"@id\":\"https:\/\/www.sinpro-rio.org.br\/principal\/sinpro-rio-participa-de-eleic-o-no-conselho-estadual-de-alimentac-o-escolar\/#breadcrumb\"},\"inLanguage\":\"pt-BR\",\"potentialAction\":[{\"@type\":\"ReadAction\",\"target\":[\"https:\/\/www.sinpro-rio.org.br\/principal\/sinpro-rio-participa-de-eleic-o-no-conselho-estadual-de-alimentac-o-escolar\/\"]}]},{\"@type\":\"ImageObject\",\"inLanguage\":\"pt-BR\",\"@id\":\"https:\/\/www.sinpro-rio.org.br\/principal\/sinpro-rio-participa-de-eleic-o-no-conselho-estadual-de-alimentac-o-escolar\/#primaryimage\",\"url\":\"\",\"contentUrl\":\"\"},{\"@type\":\"BreadcrumbList\",\"@id\":\"https:\/\/www.sinpro-rio.org.br\/principal\/sinpro-rio-participa-de-eleic-o-no-conselho-estadual-de-alimentac-o-escolar\/#breadcrumb\",\"itemListElement\":[{\"@type\":\"ListItem\",\"position\":1,\"name\":\"In\u00edcio\",\"item\":\"https:\/\/www.sinpro-rio.org.br\/principal\/\"},{\"@type\":\"ListItem\",\"position\":2,\"name\":\"Sinpro-Rio participa de elei\u00e7\u00e3o no Conselho Estadual de alimenta\u00e7\u00e3o Escolar\"}]},{\"@type\":\"WebSite\",\"@id\":\"https:\/\/www.sinpro-rio.org.br\/principal\/#website\",\"url\":\"https:\/\/www.sinpro-rio.org.br\/principal\/\",\"name\":\"Sinpro-Rio\",\"description\":\"Sindicato dos Professores do Munic\u00edpio do Rio de Janeiro e Regi\u00e3o\",\"potentialAction\":[{\"@type\":\"SearchAction\",\"target\":{\"@type\":\"EntryPoint\",\"urlTemplate\":\"https:\/\/www.sinpro-rio.org.br\/principal\/?s={search_term_string}\"},\"query-input\":{\"@type\":\"PropertyValueSpecification\",\"valueRequired\":true,\"valueName\":\"search_term_string\"}}],\"inLanguage\":\"pt-BR\"},{\"@type\":\"Person\",\"@id\":\"https:\/\/www.sinpro-rio.org.br\/principal\/#\/schema\/person\/ee17219e64d00d037e511ae59ce2227e\",\"name\":\"alessandra\",\"image\":{\"@type\":\"ImageObject\",\"inLanguage\":\"pt-BR\",\"@id\":\"https:\/\/www.sinpro-rio.org.br\/principal\/#\/schema\/person\/image\/\",\"url\":\"https:\/\/secure.gravatar.com\/avatar\/2b43fa8c0ad8e33b46a4732549f7fb20?s=96&d=mm&r=g\",\"contentUrl\":\"https:\/\/secure.gravatar.com\/avatar\/2b43fa8c0ad8e33b46a4732549f7fb20?s=96&d=mm&r=g\",\"caption\":\"alessandra\"},\"url\":\"https:\/\/www.sinpro-rio.org.br\/principal\/author\/alessandra\/\"}]}<\/script>\n<!-- \/ Yoast SEO plugin. -->","yoast_head_json":{"title":"Sinpro-Rio participa de elei\u00e7\u00e3o no Conselho Estadual de alimenta\u00e7\u00e3o Escolar - Sinpro-Rio","robots":{"index":"index","follow":"follow","max-snippet":"max-snippet:-1","max-image-preview":"max-image-preview:large","max-video-preview":"max-video-preview:-1"},"canonical":"https:\/\/www.sinpro-rio.org.br\/principal\/sinpro-rio-participa-de-eleic-o-no-conselho-estadual-de-alimentac-o-escolar\/","og_locale":"pt_BR","og_type":"article","og_title":"Sinpro-Rio participa de elei\u00e7\u00e3o no Conselho Estadual de alimenta\u00e7\u00e3o Escolar - Sinpro-Rio","og_description":"O Sinpro-Rio participou em 09 de maio de elei&ccedil;&atilde;o no Conselho Estadual de Alimenta&ccedil;&atilde;o Escolar do Rio de Janeiro. O nosso sindicato tem assento entre os representantes do CAE, com Deyse Coutinho (titular), que votou na ocasi&atilde;o, e Jayran Uch&ocirc;a (suplente). Com 11 representantes eleitos, o Conselho realizou elei&ccedil;&atilde;o para a escolha de duas novas [&hellip;]","og_url":"https:\/\/www.sinpro-rio.org.br\/principal\/sinpro-rio-participa-de-eleic-o-no-conselho-estadual-de-alimentac-o-escolar\/","og_site_name":"Sinpro-Rio","article_published_time":"2017-05-09T05:00:00+00:00","author":"alessandra","twitter_card":"summary_large_image","twitter_misc":{"Escrito por":"alessandra","Est. tempo de leitura":"1 minuto"},"schema":{"@context":"https:\/\/schema.org","@graph":[{"@type":"WebPage","@id":"https:\/\/www.sinpro-rio.org.br\/principal\/sinpro-rio-participa-de-eleic-o-no-conselho-estadual-de-alimentac-o-escolar\/","url":"https:\/\/www.sinpro-rio.org.br\/principal\/sinpro-rio-participa-de-eleic-o-no-conselho-estadual-de-alimentac-o-escolar\/","name":"Sinpro-Rio participa de elei\u00e7\u00e3o no Conselho Estadual de alimenta\u00e7\u00e3o Escolar - Sinpro-Rio","isPartOf":{"@id":"https:\/\/www.sinpro-rio.org.br\/principal\/#website"},"primaryImageOfPage":{"@id":"https:\/\/www.sinpro-rio.org.br\/principal\/sinpro-rio-participa-de-eleic-o-no-conselho-estadual-de-alimentac-o-escolar\/#primaryimage"},"image":{"@id":"https:\/\/www.sinpro-rio.org.br\/principal\/sinpro-rio-participa-de-eleic-o-no-conselho-estadual-de-alimentac-o-escolar\/#primaryimage"},"thumbnailUrl":"","datePublished":"2017-05-09T05:00:00+00:00","author":{"@id":"https:\/\/www.sinpro-rio.org.br\/principal\/#\/schema\/person\/ee17219e64d00d037e511ae59ce2227e"},"breadcrumb":{"@id":"https:\/\/www.sinpro-rio.org.br\/principal\/sinpro-rio-participa-de-eleic-o-no-conselho-estadual-de-alimentac-o-escolar\/#breadcrumb"},"inLanguage":"pt-BR","potentialAction":[{"@type":"ReadAction","target":["https:\/\/www.sinpro-rio.org.br\/principal\/sinpro-rio-participa-de-eleic-o-no-conselho-estadual-de-alimentac-o-escolar\/"]}]},{"@type":"ImageObject","inLanguage":"pt-BR","@id":"https:\/\/www.sinpro-rio.org.br\/principal\/sinpro-rio-participa-de-eleic-o-no-conselho-estadual-de-alimentac-o-escolar\/#primaryimage","url":"","contentUrl":""},{"@type":"BreadcrumbList","@id":"https:\/\/www.sinpro-rio.org.br\/principal\/sinpro-rio-participa-de-eleic-o-no-conselho-estadual-de-alimentac-o-escolar\/#breadcrumb","itemListElement":[{"@type":"ListItem","position":1,"name":"In\u00edcio","item":"https:\/\/www.sinpro-rio.org.br\/principal\/"},{"@type":"ListItem","position":2,"name":"Sinpro-Rio participa de elei\u00e7\u00e3o no Conselho Estadual de alimenta\u00e7\u00e3o Escolar"}]},{"@type":"WebSite","@id":"https:\/\/www.sinpro-rio.org.br\/principal\/#website","url":"https:\/\/www.sinpro-rio.org.br\/principal\/","name":"Sinpro-Rio","description":"Sindicato dos Professores do Munic\u00edpio do Rio de Janeiro e Regi\u00e3o","potentialAction":[{"@type":"SearchAction","target":{"@type":"EntryPoint","urlTemplate":"https:\/\/www.sinpro-rio.org.br\/principal\/?s={search_term_string}"},"query-input":{"@type":"PropertyValueSpecification","valueRequired":true,"valueName":"search_term_string"}}],"inLanguage":"pt-BR"},{"@type":"Person","@id":"https:\/\/www.sinpro-rio.org.br\/principal\/#\/schema\/person\/ee17219e64d00d037e511ae59ce2227e","name":"alessandra","image":{"@type":"ImageObject","inLanguage":"pt-BR","@id":"https:\/\/www.sinpro-rio.org.br\/principal\/#\/schema\/person\/image\/","url":"https:\/\/secure.gravatar.com\/avatar\/2b43fa8c0ad8e33b46a4732549f7fb20?s=96&d=mm&r=g","contentUrl":"https:\/\/secure.gravatar.com\/avatar\/2b43fa8c0ad8e33b46a4732549f7fb20?s=96&d=mm&r=g","caption":"alessandra"},"url":"https:\/\/www.sinpro-rio.org.br\/principal\/author\/alessandra\/"}]}},"_links":{"self":[{"href":"https:\/\/www.sinpro-rio.org.br\/principal\/wp-json\/wp\/v2\/posts\/18811","targetHints":{"allow":["GET"]}}],"collection":[{"href":"https:\/\/www.sinpro-rio.org.br\/principal\/wp-json\/wp\/v2\/posts"}],"about":[{"href":"https:\/\/www.sinpro-rio.org.br\/principal\/wp-json\/wp\/v2\/types\/post"}],"author":[{"embeddable":true,"href":"https:\/\/www.sinpro-rio.org.br\/principal\/wp-json\/wp\/v2\/users\/2"}],"replies":[{"embeddable":true,"href":"https:\/\/www.sinpro-rio.org.br\/principal\/wp-json\/wp\/v2\/comments?post=18811"}],"version-history":[{"count":0,"href":"https:\/\/www.sinpro-rio.org.br\/principal\/wp-json\/wp\/v2\/posts\/18811\/revisions"}],"wp:featuredmedia":[{"embeddable":true,"href":"https:\/\/www.sinpro-rio.org.br\/principal\/wp-json\/wp\/v2\/media\/18812"}],"wp:attachment":[{"href":"https:\/\/www.sinpro-rio.org.br\/principal\/wp-json\/wp\/v2\/media?parent=18811"}],"wp:term":[{"taxonomy":"category","embeddable":true,"href":"https:\/\/www.sinpro-rio.org.br\/principal\/wp-json\/wp\/v2\/categories?post=18811"},{"taxonomy":"post_tag","embeddable":true,"href":"https:\/\/www.sinpro-rio.org.br\/principal\/wp-json\/wp\/v2\/tags?post=18811"}],"curies":[{"name":"wp","href":"https:\/\/api.w.org\/{rel}","templated":true}]}}