{"id":18801,"date":"2016-02-15T09:00:00","date_gmt":"2016-02-15T09:00:00","guid":{"rendered":""},"modified":"-0001-11-30T00:00:00","modified_gmt":"-0001-11-30T03:00:00","slug":"curriculo-comum-para-educac-o-basica-recebera-contribuic-es-ate-15-de-marco","status":"publish","type":"post","link":"https:\/\/www.sinpro-rio.org.br\/principal\/curriculo-comum-para-educac-o-basica-recebera-contribuic-es-ate-15-de-marco\/","title":{"rendered":"Curr\u00edculo comum para educa\u00e7\u00e3o b\u00e1sica receber\u00e1 contribui\u00e7\u00f5es at\u00e9 15 de mar\u00e7o"},"content":{"rendered":"<p>&nbsp;Minist&eacute;rio da Educa&ccedil;&atilde;o (MEC) receber&aacute;, at&eacute; 15 de mar&ccedil;o, as colabora&ccedil;&otilde;es, pela internet, de quem quiser contribuir com sugest&otilde;es para o projeto inicial da Base Nacional Comum Curricular. A base vai definir o que as crian&ccedil;as e os jovens devem aprender em cada etapa do ensino b&aacute;sico, que vai da educa&ccedil;&atilde;o infantil ao ensino m&eacute;dio.<\/p>\n<p>No segundo semestre do ano passado, o MEC disponibilizou uma primeira vers&atilde;o do documento. Desde ent&atilde;o, educadores e escolas podem enviar sugest&otilde;es para aprimorar os curr&iacute;culos. O MEC diz que recebeu at&eacute; o momento mais de 9,4 milh&otilde;es de contribui&ccedil;&otilde;es. As sugest&otilde;es podem ser enviadas pelo portal da base (<a href=\"http:\/\/basenacionalcomum.mec.gov.br\/#\/site\/conheca\">http:\/\/basenacionalcomum.mec.gov.br\/#\/site\/conheca<\/a>).<\/p>\n<p>Desde que o doFonte: Agencia Brasil cumento preliminar foi divulgado, recebeu uma s&eacute;rie de cr&iacute;ticas, por excesso ou falta de conte&uacute;do. Uma das &aacute;reas mais criticadas foi a de hist&oacute;ria. Segundo o ministro da Educa&ccedil;&atilde;o, Aloizio Mercadante, o conte&uacute;do ser&aacute; revisto.<\/p>\n<p>&quot;No caso espec&iacute;fico de hist&oacute;ria, que eu acho que era o caso consensual de que [o curr&iacute;culo] era insuficiente, a Associa&ccedil;&atilde;o Brasileira de Pesquisadores de Hist&oacute;ria, que re&uacute;ne mais de 5 mil universit&aacute;rios, est&aacute; participando da elabora&ccedil;&atilde;o diretamente&quot;, disse o ministro, em coletiva de imprensa. Segundo ele, o MEC convidou analistas &quot;altamente especializados&quot; para fazer uma leitura cr&iacute;tica de cada uma das &aacute;reas da Base.<\/p>\n<p>A Base Nacional Comum Curricular ser&aacute; debatida em semin&aacute;rios nos 26 estados e no Distrito Federal, antes de ser finalizada. Posteriormente, o documento ter&aacute; que ser aprovado pelo Conselho Nacional de Educa&ccedil;&atilde;o (CNE) e, por fim, homologado pelo MEC.<\/p>\n<p>A inten&ccedil;&atilde;o &eacute; que os conte&uacute;dos definidos na Base Curricular ocupem 60% da carga hor&aacute;ria dos estudantes. No restante do tempo, as pr&oacute;prias redes de ensino poder&atilde;o definir o que ofertar &ndash; desde conte&uacute;dos regionais, atividades extras e a forma&ccedil;&atilde;o t&eacute;cnica, por exemplo.<\/p>\n<p>&quot;Todas as cr&iacute;ticas s&atilde;o muito bem-vindas, queremos exatamente essa discuss&atilde;o&quot;, disse Mercadante, e acrescentou: &quot;O curr&iacute;culo &eacute; uma coisa muito importante para o Brasil, para formar professores, garantir a qualidade do ensino e garantir o direito de qualquer estudante em qualquer parte do Brasil de ter o mesmo conte&uacute;do b&aacute;sico&quot;.<\/p>\n<p>Fonte: Sinpro-RS&nbsp;<br \/>\nLink:&nbsp;<a href=\"http:\/\/www.sinprors.org.br\/\">www.sinprors.org.br<\/a><\/p>\n","protected":false},"excerpt":{"rendered":"<p>&nbsp;Minist&eacute;rio da Educa&ccedil;&atilde;o (MEC) receber&aacute;, at&eacute; 15 de mar&ccedil;o, as colabora&ccedil;&otilde;es, pela internet, de quem quiser contribuir com sugest&otilde;es para o projeto inicial da Base Nacional Comum Curricular. A base vai definir o que as crian&ccedil;as e os jovens devem aprender em cada etapa do ensino b&aacute;sico, que vai da educa&ccedil;&atilde;o infantil ao ensino m&eacute;dio. [&hellip;]<\/p>\n","protected":false},"author":2,"featured_media":0,"comment_status":"closed","ping_status":"open","sticky":false,"template":"","format":"standard","meta":{"footnotes":""},"categories":[1],"tags":[],"class_list":["post-18801","post","type-post","status-publish","format-standard","hentry","category-noticias"],"yoast_head":"<!-- This site is optimized with the Yoast SEO plugin v25.7 - https:\/\/yoast.com\/wordpress\/plugins\/seo\/ -->\n<title>Curr\u00edculo comum para educa\u00e7\u00e3o b\u00e1sica receber\u00e1 contribui\u00e7\u00f5es at\u00e9 15 de mar\u00e7o - Sinpro-Rio<\/title>\n<meta name=\"robots\" content=\"index, follow, max-snippet:-1, max-image-preview:large, max-video-preview:-1\" \/>\n<link rel=\"canonical\" href=\"https:\/\/www.sinpro-rio.org.br\/principal\/curriculo-comum-para-educac-o-basica-recebera-contribuic-es-ate-15-de-marco\/\" \/>\n<meta property=\"og:locale\" content=\"pt_BR\" \/>\n<meta property=\"og:type\" content=\"article\" \/>\n<meta property=\"og:title\" content=\"Curr\u00edculo comum para educa\u00e7\u00e3o b\u00e1sica receber\u00e1 contribui\u00e7\u00f5es at\u00e9 15 de mar\u00e7o - Sinpro-Rio\" \/>\n<meta property=\"og:description\" content=\"&nbsp;Minist&eacute;rio da Educa&ccedil;&atilde;o (MEC) receber&aacute;, at&eacute; 15 de mar&ccedil;o, as colabora&ccedil;&otilde;es, pela internet, de quem quiser contribuir com sugest&otilde;es para o projeto inicial da Base Nacional Comum Curricular. A base vai definir o que as crian&ccedil;as e os jovens devem aprender em cada etapa do ensino b&aacute;sico, que vai da educa&ccedil;&atilde;o infantil ao ensino m&eacute;dio. [&hellip;]\" \/>\n<meta property=\"og:url\" content=\"https:\/\/www.sinpro-rio.org.br\/principal\/curriculo-comum-para-educac-o-basica-recebera-contribuic-es-ate-15-de-marco\/\" \/>\n<meta property=\"og:site_name\" content=\"Sinpro-Rio\" \/>\n<meta property=\"article:published_time\" content=\"2016-02-15T09:00:00+00:00\" \/>\n<meta name=\"author\" content=\"alessandra\" \/>\n<meta name=\"twitter:card\" content=\"summary_large_image\" \/>\n<meta name=\"twitter:label1\" content=\"Escrito por\" \/>\n\t<meta name=\"twitter:data1\" content=\"alessandra\" \/>\n\t<meta name=\"twitter:label2\" content=\"Est. tempo de leitura\" \/>\n\t<meta name=\"twitter:data2\" content=\"2 minutos\" \/>\n<script type=\"application\/ld+json\" class=\"yoast-schema-graph\">{\"@context\":\"https:\/\/schema.org\",\"@graph\":[{\"@type\":\"WebPage\",\"@id\":\"https:\/\/www.sinpro-rio.org.br\/principal\/curriculo-comum-para-educac-o-basica-recebera-contribuic-es-ate-15-de-marco\/\",\"url\":\"https:\/\/www.sinpro-rio.org.br\/principal\/curriculo-comum-para-educac-o-basica-recebera-contribuic-es-ate-15-de-marco\/\",\"name\":\"Curr\u00edculo comum para educa\u00e7\u00e3o b\u00e1sica receber\u00e1 contribui\u00e7\u00f5es at\u00e9 15 de mar\u00e7o - Sinpro-Rio\",\"isPartOf\":{\"@id\":\"https:\/\/www.sinpro-rio.org.br\/principal\/#website\"},\"datePublished\":\"2016-02-15T09:00:00+00:00\",\"author\":{\"@id\":\"https:\/\/www.sinpro-rio.org.br\/principal\/#\/schema\/person\/ee17219e64d00d037e511ae59ce2227e\"},\"breadcrumb\":{\"@id\":\"https:\/\/www.sinpro-rio.org.br\/principal\/curriculo-comum-para-educac-o-basica-recebera-contribuic-es-ate-15-de-marco\/#breadcrumb\"},\"inLanguage\":\"pt-BR\",\"potentialAction\":[{\"@type\":\"ReadAction\",\"target\":[\"https:\/\/www.sinpro-rio.org.br\/principal\/curriculo-comum-para-educac-o-basica-recebera-contribuic-es-ate-15-de-marco\/\"]}]},{\"@type\":\"BreadcrumbList\",\"@id\":\"https:\/\/www.sinpro-rio.org.br\/principal\/curriculo-comum-para-educac-o-basica-recebera-contribuic-es-ate-15-de-marco\/#breadcrumb\",\"itemListElement\":[{\"@type\":\"ListItem\",\"position\":1,\"name\":\"In\u00edcio\",\"item\":\"https:\/\/www.sinpro-rio.org.br\/principal\/\"},{\"@type\":\"ListItem\",\"position\":2,\"name\":\"Curr\u00edculo comum para educa\u00e7\u00e3o b\u00e1sica receber\u00e1 contribui\u00e7\u00f5es at\u00e9 15 de mar\u00e7o\"}]},{\"@type\":\"WebSite\",\"@id\":\"https:\/\/www.sinpro-rio.org.br\/principal\/#website\",\"url\":\"https:\/\/www.sinpro-rio.org.br\/principal\/\",\"name\":\"Sinpro-Rio\",\"description\":\"Sindicato dos Professores do Munic\u00edpio do Rio de Janeiro e Regi\u00e3o\",\"potentialAction\":[{\"@type\":\"SearchAction\",\"target\":{\"@type\":\"EntryPoint\",\"urlTemplate\":\"https:\/\/www.sinpro-rio.org.br\/principal\/?s={search_term_string}\"},\"query-input\":{\"@type\":\"PropertyValueSpecification\",\"valueRequired\":true,\"valueName\":\"search_term_string\"}}],\"inLanguage\":\"pt-BR\"},{\"@type\":\"Person\",\"@id\":\"https:\/\/www.sinpro-rio.org.br\/principal\/#\/schema\/person\/ee17219e64d00d037e511ae59ce2227e\",\"name\":\"alessandra\",\"image\":{\"@type\":\"ImageObject\",\"inLanguage\":\"pt-BR\",\"@id\":\"https:\/\/www.sinpro-rio.org.br\/principal\/#\/schema\/person\/image\/\",\"url\":\"https:\/\/secure.gravatar.com\/avatar\/2b43fa8c0ad8e33b46a4732549f7fb20?s=96&d=mm&r=g\",\"contentUrl\":\"https:\/\/secure.gravatar.com\/avatar\/2b43fa8c0ad8e33b46a4732549f7fb20?s=96&d=mm&r=g\",\"caption\":\"alessandra\"},\"url\":\"https:\/\/www.sinpro-rio.org.br\/principal\/author\/alessandra\/\"}]}<\/script>\n<!-- \/ Yoast SEO plugin. -->","yoast_head_json":{"title":"Curr\u00edculo comum para educa\u00e7\u00e3o b\u00e1sica receber\u00e1 contribui\u00e7\u00f5es at\u00e9 15 de mar\u00e7o - Sinpro-Rio","robots":{"index":"index","follow":"follow","max-snippet":"max-snippet:-1","max-image-preview":"max-image-preview:large","max-video-preview":"max-video-preview:-1"},"canonical":"https:\/\/www.sinpro-rio.org.br\/principal\/curriculo-comum-para-educac-o-basica-recebera-contribuic-es-ate-15-de-marco\/","og_locale":"pt_BR","og_type":"article","og_title":"Curr\u00edculo comum para educa\u00e7\u00e3o b\u00e1sica receber\u00e1 contribui\u00e7\u00f5es at\u00e9 15 de mar\u00e7o - Sinpro-Rio","og_description":"&nbsp;Minist&eacute;rio da Educa&ccedil;&atilde;o (MEC) receber&aacute;, at&eacute; 15 de mar&ccedil;o, as colabora&ccedil;&otilde;es, pela internet, de quem quiser contribuir com sugest&otilde;es para o projeto inicial da Base Nacional Comum Curricular. A base vai definir o que as crian&ccedil;as e os jovens devem aprender em cada etapa do ensino b&aacute;sico, que vai da educa&ccedil;&atilde;o infantil ao ensino m&eacute;dio. [&hellip;]","og_url":"https:\/\/www.sinpro-rio.org.br\/principal\/curriculo-comum-para-educac-o-basica-recebera-contribuic-es-ate-15-de-marco\/","og_site_name":"Sinpro-Rio","article_published_time":"2016-02-15T09:00:00+00:00","author":"alessandra","twitter_card":"summary_large_image","twitter_misc":{"Escrito por":"alessandra","Est. tempo de leitura":"2 minutos"},"schema":{"@context":"https:\/\/schema.org","@graph":[{"@type":"WebPage","@id":"https:\/\/www.sinpro-rio.org.br\/principal\/curriculo-comum-para-educac-o-basica-recebera-contribuic-es-ate-15-de-marco\/","url":"https:\/\/www.sinpro-rio.org.br\/principal\/curriculo-comum-para-educac-o-basica-recebera-contribuic-es-ate-15-de-marco\/","name":"Curr\u00edculo comum para educa\u00e7\u00e3o b\u00e1sica receber\u00e1 contribui\u00e7\u00f5es at\u00e9 15 de mar\u00e7o - Sinpro-Rio","isPartOf":{"@id":"https:\/\/www.sinpro-rio.org.br\/principal\/#website"},"datePublished":"2016-02-15T09:00:00+00:00","author":{"@id":"https:\/\/www.sinpro-rio.org.br\/principal\/#\/schema\/person\/ee17219e64d00d037e511ae59ce2227e"},"breadcrumb":{"@id":"https:\/\/www.sinpro-rio.org.br\/principal\/curriculo-comum-para-educac-o-basica-recebera-contribuic-es-ate-15-de-marco\/#breadcrumb"},"inLanguage":"pt-BR","potentialAction":[{"@type":"ReadAction","target":["https:\/\/www.sinpro-rio.org.br\/principal\/curriculo-comum-para-educac-o-basica-recebera-contribuic-es-ate-15-de-marco\/"]}]},{"@type":"BreadcrumbList","@id":"https:\/\/www.sinpro-rio.org.br\/principal\/curriculo-comum-para-educac-o-basica-recebera-contribuic-es-ate-15-de-marco\/#breadcrumb","itemListElement":[{"@type":"ListItem","position":1,"name":"In\u00edcio","item":"https:\/\/www.sinpro-rio.org.br\/principal\/"},{"@type":"ListItem","position":2,"name":"Curr\u00edculo comum para educa\u00e7\u00e3o b\u00e1sica receber\u00e1 contribui\u00e7\u00f5es at\u00e9 15 de mar\u00e7o"}]},{"@type":"WebSite","@id":"https:\/\/www.sinpro-rio.org.br\/principal\/#website","url":"https:\/\/www.sinpro-rio.org.br\/principal\/","name":"Sinpro-Rio","description":"Sindicato dos Professores do Munic\u00edpio do Rio de Janeiro e Regi\u00e3o","potentialAction":[{"@type":"SearchAction","target":{"@type":"EntryPoint","urlTemplate":"https:\/\/www.sinpro-rio.org.br\/principal\/?s={search_term_string}"},"query-input":{"@type":"PropertyValueSpecification","valueRequired":true,"valueName":"search_term_string"}}],"inLanguage":"pt-BR"},{"@type":"Person","@id":"https:\/\/www.sinpro-rio.org.br\/principal\/#\/schema\/person\/ee17219e64d00d037e511ae59ce2227e","name":"alessandra","image":{"@type":"ImageObject","inLanguage":"pt-BR","@id":"https:\/\/www.sinpro-rio.org.br\/principal\/#\/schema\/person\/image\/","url":"https:\/\/secure.gravatar.com\/avatar\/2b43fa8c0ad8e33b46a4732549f7fb20?s=96&d=mm&r=g","contentUrl":"https:\/\/secure.gravatar.com\/avatar\/2b43fa8c0ad8e33b46a4732549f7fb20?s=96&d=mm&r=g","caption":"alessandra"},"url":"https:\/\/www.sinpro-rio.org.br\/principal\/author\/alessandra\/"}]}},"_links":{"self":[{"href":"https:\/\/www.sinpro-rio.org.br\/principal\/wp-json\/wp\/v2\/posts\/18801","targetHints":{"allow":["GET"]}}],"collection":[{"href":"https:\/\/www.sinpro-rio.org.br\/principal\/wp-json\/wp\/v2\/posts"}],"about":[{"href":"https:\/\/www.sinpro-rio.org.br\/principal\/wp-json\/wp\/v2\/types\/post"}],"author":[{"embeddable":true,"href":"https:\/\/www.sinpro-rio.org.br\/principal\/wp-json\/wp\/v2\/users\/2"}],"replies":[{"embeddable":true,"href":"https:\/\/www.sinpro-rio.org.br\/principal\/wp-json\/wp\/v2\/comments?post=18801"}],"version-history":[{"count":0,"href":"https:\/\/www.sinpro-rio.org.br\/principal\/wp-json\/wp\/v2\/posts\/18801\/revisions"}],"wp:attachment":[{"href":"https:\/\/www.sinpro-rio.org.br\/principal\/wp-json\/wp\/v2\/media?parent=18801"}],"wp:term":[{"taxonomy":"category","embeddable":true,"href":"https:\/\/www.sinpro-rio.org.br\/principal\/wp-json\/wp\/v2\/categories?post=18801"},{"taxonomy":"post_tag","embeddable":true,"href":"https:\/\/www.sinpro-rio.org.br\/principal\/wp-json\/wp\/v2\/tags?post=18801"}],"curies":[{"name":"wp","href":"https:\/\/api.w.org\/{rel}","templated":true}]}}