{"id":18795,"date":"2016-01-27T00:00:00","date_gmt":"2016-01-27T00:00:00","guid":{"rendered":""},"modified":"-0001-11-30T00:00:00","modified_gmt":"-0001-11-30T03:00:00","slug":"ieic-professores-as-ir-o-a-justica","status":"publish","type":"post","link":"https:\/\/www.sinpro-rio.org.br\/principal\/ieic-professores-as-ir-o-a-justica\/","title":{"rendered":"Ieic: professores(as) ir\u00e3o \u00e0 Justi\u00e7a"},"content":{"rendered":"<p>Ap&oacute;s a decis&atilde;o anunciada e ainda n&atilde;o efetivada da ju&iacute;za de fechar, definitivamente, o Instituto Educacional Imaculada Concei&ccedil;&atilde;o (Ieic), diversos professores(as) optaram por entrar com a&ccedil;&otilde;es individuais contra o col&eacute;gio, atrav&eacute;s do Sinpro-Rio.<\/p>\n<p>Os professores que pretendem ingressar com a&ccedil;&atilde;o, dever&atilde;o agendar o atendimento no Departamento Jur&iacute;dico do Sindicato, pelo telefone (21) 3262-3400 e, no dia do atendimento, trazer a seguinte documenta&ccedil;&atilde;o:<\/p>\n<p>&#8211; CTPS (foto, qualifica&ccedil;&atilde;o e contrato).<\/p>\n<p>&#8211; Identidade.<\/p>\n<p>&#8211; CPF.<\/p>\n<p>&#8211; PIS.<\/p>\n<p>&#8211; Extrato do FGTS (CEF).<\/p>\n<p>&#8211; Decis&atilde;o de Fechamento (11\/12\/2015).<\/p>\n<p>&#8211; Cinco contracheques (por ano).<\/p>\n<p>&#8211; Contas atrasadas.<\/p>\n<p>Veja fotos da assembleia&nbsp;<a href=\"https:\/\/www.facebook.com\/media\/set\/?set=a.1184593458236119.1073741876.298247816870692&amp;type=3\">aqui<\/a>.<\/p>\n","protected":false},"excerpt":{"rendered":"<p>Ap&oacute;s a decis&atilde;o anunciada e ainda n&atilde;o efetivada da ju&iacute;za de fechar, definitivamente, o Instituto Educacional Imaculada Concei&ccedil;&atilde;o (Ieic), diversos professores(as) optaram por entrar com a&ccedil;&otilde;es individuais contra o col&eacute;gio, atrav&eacute;s do Sinpro-Rio. Os professores que pretendem ingressar com a&ccedil;&atilde;o, dever&atilde;o agendar o atendimento no Departamento Jur&iacute;dico do Sindicato, pelo telefone (21) 3262-3400 e, no [&hellip;]<\/p>\n","protected":false},"author":2,"featured_media":0,"comment_status":"closed","ping_status":"open","sticky":false,"template":"","format":"standard","meta":{"footnotes":""},"categories":[1],"tags":[],"class_list":["post-18795","post","type-post","status-publish","format-standard","hentry","category-noticias"],"yoast_head":"<!-- This site is optimized with the Yoast SEO plugin v25.7 - https:\/\/yoast.com\/wordpress\/plugins\/seo\/ -->\n<title>Ieic: professores(as) ir\u00e3o \u00e0 Justi\u00e7a - Sinpro-Rio<\/title>\n<meta name=\"robots\" content=\"index, follow, max-snippet:-1, max-image-preview:large, max-video-preview:-1\" \/>\n<link rel=\"canonical\" href=\"https:\/\/www.sinpro-rio.org.br\/principal\/ieic-professores-as-ir-o-a-justica\/\" \/>\n<meta property=\"og:locale\" content=\"pt_BR\" \/>\n<meta property=\"og:type\" content=\"article\" \/>\n<meta property=\"og:title\" content=\"Ieic: professores(as) ir\u00e3o \u00e0 Justi\u00e7a - Sinpro-Rio\" \/>\n<meta property=\"og:description\" content=\"Ap&oacute;s a decis&atilde;o anunciada e ainda n&atilde;o efetivada da ju&iacute;za de fechar, definitivamente, o Instituto Educacional Imaculada Concei&ccedil;&atilde;o (Ieic), diversos professores(as) optaram por entrar com a&ccedil;&otilde;es individuais contra o col&eacute;gio, atrav&eacute;s do Sinpro-Rio. Os professores que pretendem ingressar com a&ccedil;&atilde;o, dever&atilde;o agendar o atendimento no Departamento Jur&iacute;dico do Sindicato, pelo telefone (21) 3262-3400 e, no [&hellip;]\" \/>\n<meta property=\"og:url\" content=\"https:\/\/www.sinpro-rio.org.br\/principal\/ieic-professores-as-ir-o-a-justica\/\" \/>\n<meta property=\"og:site_name\" content=\"Sinpro-Rio\" \/>\n<meta property=\"article:published_time\" content=\"2016-01-27T00:00:00+00:00\" \/>\n<meta name=\"author\" content=\"alessandra\" \/>\n<meta name=\"twitter:card\" content=\"summary_large_image\" \/>\n<meta name=\"twitter:label1\" content=\"Escrito por\" \/>\n\t<meta name=\"twitter:data1\" content=\"alessandra\" \/>\n\t<meta name=\"twitter:label2\" content=\"Est. tempo de leitura\" \/>\n\t<meta name=\"twitter:data2\" content=\"1 minuto\" \/>\n<script type=\"application\/ld+json\" class=\"yoast-schema-graph\">{\"@context\":\"https:\/\/schema.org\",\"@graph\":[{\"@type\":\"WebPage\",\"@id\":\"https:\/\/www.sinpro-rio.org.br\/principal\/ieic-professores-as-ir-o-a-justica\/\",\"url\":\"https:\/\/www.sinpro-rio.org.br\/principal\/ieic-professores-as-ir-o-a-justica\/\",\"name\":\"Ieic: professores(as) ir\u00e3o \u00e0 Justi\u00e7a - Sinpro-Rio\",\"isPartOf\":{\"@id\":\"https:\/\/www.sinpro-rio.org.br\/principal\/#website\"},\"datePublished\":\"2016-01-27T00:00:00+00:00\",\"author\":{\"@id\":\"https:\/\/www.sinpro-rio.org.br\/principal\/#\/schema\/person\/ee17219e64d00d037e511ae59ce2227e\"},\"breadcrumb\":{\"@id\":\"https:\/\/www.sinpro-rio.org.br\/principal\/ieic-professores-as-ir-o-a-justica\/#breadcrumb\"},\"inLanguage\":\"pt-BR\",\"potentialAction\":[{\"@type\":\"ReadAction\",\"target\":[\"https:\/\/www.sinpro-rio.org.br\/principal\/ieic-professores-as-ir-o-a-justica\/\"]}]},{\"@type\":\"BreadcrumbList\",\"@id\":\"https:\/\/www.sinpro-rio.org.br\/principal\/ieic-professores-as-ir-o-a-justica\/#breadcrumb\",\"itemListElement\":[{\"@type\":\"ListItem\",\"position\":1,\"name\":\"In\u00edcio\",\"item\":\"https:\/\/www.sinpro-rio.org.br\/principal\/\"},{\"@type\":\"ListItem\",\"position\":2,\"name\":\"Ieic: professores(as) ir\u00e3o \u00e0 Justi\u00e7a\"}]},{\"@type\":\"WebSite\",\"@id\":\"https:\/\/www.sinpro-rio.org.br\/principal\/#website\",\"url\":\"https:\/\/www.sinpro-rio.org.br\/principal\/\",\"name\":\"Sinpro-Rio\",\"description\":\"Sindicato dos Professores do Munic\u00edpio do Rio de Janeiro e Regi\u00e3o\",\"potentialAction\":[{\"@type\":\"SearchAction\",\"target\":{\"@type\":\"EntryPoint\",\"urlTemplate\":\"https:\/\/www.sinpro-rio.org.br\/principal\/?s={search_term_string}\"},\"query-input\":{\"@type\":\"PropertyValueSpecification\",\"valueRequired\":true,\"valueName\":\"search_term_string\"}}],\"inLanguage\":\"pt-BR\"},{\"@type\":\"Person\",\"@id\":\"https:\/\/www.sinpro-rio.org.br\/principal\/#\/schema\/person\/ee17219e64d00d037e511ae59ce2227e\",\"name\":\"alessandra\",\"image\":{\"@type\":\"ImageObject\",\"inLanguage\":\"pt-BR\",\"@id\":\"https:\/\/www.sinpro-rio.org.br\/principal\/#\/schema\/person\/image\/\",\"url\":\"https:\/\/secure.gravatar.com\/avatar\/2b43fa8c0ad8e33b46a4732549f7fb20?s=96&d=mm&r=g\",\"contentUrl\":\"https:\/\/secure.gravatar.com\/avatar\/2b43fa8c0ad8e33b46a4732549f7fb20?s=96&d=mm&r=g\",\"caption\":\"alessandra\"},\"url\":\"https:\/\/www.sinpro-rio.org.br\/principal\/author\/alessandra\/\"}]}<\/script>\n<!-- \/ Yoast SEO plugin. -->","yoast_head_json":{"title":"Ieic: professores(as) ir\u00e3o \u00e0 Justi\u00e7a - Sinpro-Rio","robots":{"index":"index","follow":"follow","max-snippet":"max-snippet:-1","max-image-preview":"max-image-preview:large","max-video-preview":"max-video-preview:-1"},"canonical":"https:\/\/www.sinpro-rio.org.br\/principal\/ieic-professores-as-ir-o-a-justica\/","og_locale":"pt_BR","og_type":"article","og_title":"Ieic: professores(as) ir\u00e3o \u00e0 Justi\u00e7a - Sinpro-Rio","og_description":"Ap&oacute;s a decis&atilde;o anunciada e ainda n&atilde;o efetivada da ju&iacute;za de fechar, definitivamente, o Instituto Educacional Imaculada Concei&ccedil;&atilde;o (Ieic), diversos professores(as) optaram por entrar com a&ccedil;&otilde;es individuais contra o col&eacute;gio, atrav&eacute;s do Sinpro-Rio. Os professores que pretendem ingressar com a&ccedil;&atilde;o, dever&atilde;o agendar o atendimento no Departamento Jur&iacute;dico do Sindicato, pelo telefone (21) 3262-3400 e, no [&hellip;]","og_url":"https:\/\/www.sinpro-rio.org.br\/principal\/ieic-professores-as-ir-o-a-justica\/","og_site_name":"Sinpro-Rio","article_published_time":"2016-01-27T00:00:00+00:00","author":"alessandra","twitter_card":"summary_large_image","twitter_misc":{"Escrito por":"alessandra","Est. tempo de leitura":"1 minuto"},"schema":{"@context":"https:\/\/schema.org","@graph":[{"@type":"WebPage","@id":"https:\/\/www.sinpro-rio.org.br\/principal\/ieic-professores-as-ir-o-a-justica\/","url":"https:\/\/www.sinpro-rio.org.br\/principal\/ieic-professores-as-ir-o-a-justica\/","name":"Ieic: professores(as) ir\u00e3o \u00e0 Justi\u00e7a - Sinpro-Rio","isPartOf":{"@id":"https:\/\/www.sinpro-rio.org.br\/principal\/#website"},"datePublished":"2016-01-27T00:00:00+00:00","author":{"@id":"https:\/\/www.sinpro-rio.org.br\/principal\/#\/schema\/person\/ee17219e64d00d037e511ae59ce2227e"},"breadcrumb":{"@id":"https:\/\/www.sinpro-rio.org.br\/principal\/ieic-professores-as-ir-o-a-justica\/#breadcrumb"},"inLanguage":"pt-BR","potentialAction":[{"@type":"ReadAction","target":["https:\/\/www.sinpro-rio.org.br\/principal\/ieic-professores-as-ir-o-a-justica\/"]}]},{"@type":"BreadcrumbList","@id":"https:\/\/www.sinpro-rio.org.br\/principal\/ieic-professores-as-ir-o-a-justica\/#breadcrumb","itemListElement":[{"@type":"ListItem","position":1,"name":"In\u00edcio","item":"https:\/\/www.sinpro-rio.org.br\/principal\/"},{"@type":"ListItem","position":2,"name":"Ieic: professores(as) ir\u00e3o \u00e0 Justi\u00e7a"}]},{"@type":"WebSite","@id":"https:\/\/www.sinpro-rio.org.br\/principal\/#website","url":"https:\/\/www.sinpro-rio.org.br\/principal\/","name":"Sinpro-Rio","description":"Sindicato dos Professores do Munic\u00edpio do Rio de Janeiro e Regi\u00e3o","potentialAction":[{"@type":"SearchAction","target":{"@type":"EntryPoint","urlTemplate":"https:\/\/www.sinpro-rio.org.br\/principal\/?s={search_term_string}"},"query-input":{"@type":"PropertyValueSpecification","valueRequired":true,"valueName":"search_term_string"}}],"inLanguage":"pt-BR"},{"@type":"Person","@id":"https:\/\/www.sinpro-rio.org.br\/principal\/#\/schema\/person\/ee17219e64d00d037e511ae59ce2227e","name":"alessandra","image":{"@type":"ImageObject","inLanguage":"pt-BR","@id":"https:\/\/www.sinpro-rio.org.br\/principal\/#\/schema\/person\/image\/","url":"https:\/\/secure.gravatar.com\/avatar\/2b43fa8c0ad8e33b46a4732549f7fb20?s=96&d=mm&r=g","contentUrl":"https:\/\/secure.gravatar.com\/avatar\/2b43fa8c0ad8e33b46a4732549f7fb20?s=96&d=mm&r=g","caption":"alessandra"},"url":"https:\/\/www.sinpro-rio.org.br\/principal\/author\/alessandra\/"}]}},"_links":{"self":[{"href":"https:\/\/www.sinpro-rio.org.br\/principal\/wp-json\/wp\/v2\/posts\/18795","targetHints":{"allow":["GET"]}}],"collection":[{"href":"https:\/\/www.sinpro-rio.org.br\/principal\/wp-json\/wp\/v2\/posts"}],"about":[{"href":"https:\/\/www.sinpro-rio.org.br\/principal\/wp-json\/wp\/v2\/types\/post"}],"author":[{"embeddable":true,"href":"https:\/\/www.sinpro-rio.org.br\/principal\/wp-json\/wp\/v2\/users\/2"}],"replies":[{"embeddable":true,"href":"https:\/\/www.sinpro-rio.org.br\/principal\/wp-json\/wp\/v2\/comments?post=18795"}],"version-history":[{"count":0,"href":"https:\/\/www.sinpro-rio.org.br\/principal\/wp-json\/wp\/v2\/posts\/18795\/revisions"}],"wp:attachment":[{"href":"https:\/\/www.sinpro-rio.org.br\/principal\/wp-json\/wp\/v2\/media?parent=18795"}],"wp:term":[{"taxonomy":"category","embeddable":true,"href":"https:\/\/www.sinpro-rio.org.br\/principal\/wp-json\/wp\/v2\/categories?post=18795"},{"taxonomy":"post_tag","embeddable":true,"href":"https:\/\/www.sinpro-rio.org.br\/principal\/wp-json\/wp\/v2\/tags?post=18795"}],"curies":[{"name":"wp","href":"https:\/\/api.w.org\/{rel}","templated":true}]}}