{"id":18771,"date":"2017-05-18T09:00:00","date_gmt":"2017-05-18T09:00:00","guid":{"rendered":""},"modified":"-0001-11-30T00:00:00","modified_gmt":"-0001-11-30T03:00:00","slug":"bennett-veja-a-lista-dos-beneficiados-apos-ac-o-do-sinpro-rio","status":"publish","type":"post","link":"https:\/\/www.sinpro-rio.org.br\/principal\/bennett-veja-a-lista-dos-beneficiados-apos-ac-o-do-sinpro-rio\/","title":{"rendered":"Bennett: veja a lista dos beneficiados ap\u00f3s a\u00e7\u00e3o do Sinpro-Rio"},"content":{"rendered":"<p>O juiz da 72&ordf; Vara do Trabalho homologou o acordo para quita&ccedil;&atilde;o das diferen&ccedil;as salariais decorrentes da inaplica&ccedil;&atilde;o, na &eacute;poca pr&oacute;pria, do &iacute;ndice de reajuste estipulado na conven&ccedil;&atilde;o coletiva dos professores do Bennett, celebrada para a data-base de 01 de abril de 2004.<\/p>\n<p>Sendo assim, o cr&eacute;dito devido aos 200 professores participantes do processo ser&aacute; quitado em 12 parcelas mensais e sucessivas. O Sinpro-Rio convoca os professores listados em anexo para comparecerem a sede do Sindicato &ndash; Rua Pedro Lessa, 35, 5&ordm; andar, a partir do dia 23\/05, ter&ccedil;a-feira, trazendo c&oacute;pia de identidade e CPF.<\/p>\n<p>O professor benefici&aacute;rio dever&aacute; procurar o funcion&aacute;rio Almir ou a funcion&aacute;ria Ana L&uacute;cia, que proceder&aacute; a inclus&atilde;o do seu nome na tabela de pagamento, que tem como &uacute;nico crit&eacute;rio a ordem cronol&oacute;gica de comparecimento ao sindicato.<\/p>\n<p>Por se tratar de um pagamento em 12 parcelas mensais, pode o professor, dependendo da disponibilidade do cr&eacute;dito ou da ordem de comparecimento, n&atilde;o receber de forma imediata o seu valor, sendo convocado nos meses seguintes.<\/p>\n<p>Veja a listagem dos beneficiados:<\/p>\n<p>Adilson de Almeida&nbsp;<br \/>\nAcecio Alves da Costa&nbsp;<br \/>\nAlceu Eschholz C Barbosa&nbsp;<br \/>\nAldo Victorio Filho&nbsp;<br \/>\nAlejandro Bugallo Alvarez&nbsp;<br \/>\nAlejandro Mateescu Franco&nbsp;<br \/>\nAlexandre Werner&nbsp;<br \/>\nAna Maria Florentino&nbsp;<br \/>\nAndre Luiz Pereira Rodrigues&nbsp;<br \/>\nAngelice Marins de Farias&nbsp;<br \/>\nAngelo de Proen&ccedil;a Rosa&nbsp;<br \/>\nAntonio Celso Alves Pereira&nbsp;<br \/>\nAntonio da Silva Gon&ccedil;alves&nbsp;<br \/>\nAntonio Jose da Silveira&nbsp;<br \/>\nAntonio Marcos da Silva Catharino&nbsp;<br \/>\nAntonio Patrocinio Locoselli&nbsp;<br \/>\nAntonio Pires Pinheiro&nbsp;<br \/>\nAriane Molinario Vaz de Souza&nbsp;<br \/>\nArmanci dos Santos Souza&nbsp;<br \/>\nArmando Ubirajara Oliveira Sabaa Srur&nbsp;<br \/>\nArthur Andre do Valle Freitas&nbsp;<br \/>\nAugusto Ivan Freitas Pinheiro&nbsp;<br \/>\nAurelio Wander C Bastos&nbsp;<br \/>\nAyrton Accioly Nobrega&nbsp;<br \/>\nBeatriz Bento de Souza&nbsp;<br \/>\nBeatriz dos Santos Machado&nbsp;<br \/>\nCarla Amor Divino Moreira Delgado&nbsp;<br \/>\nCarlos Alberto rocha do Amaral&nbsp;<br \/>\nCarlos Augusto Caldas de Moraes&nbsp;<br \/>\nCarlos Jose Nascimento de Lima&nbsp;<br \/>\nCarlos Leonardo Carvalho Pessoa&nbsp;<br \/>\nCarlos Magno de Marce Rodrigues Barros&nbsp;<br \/>\nCarmelindo Maliska&nbsp;<br \/>\nChristianne Bernardo da Silva&nbsp;<br \/>\nChristianne Pereira Giesbrecht&nbsp;<br \/>\nClaudia de Araujo Coelho Falcao&nbsp;<br \/>\nClaudia de Mello Meirelles&nbsp;<br \/>\nClaudia Regina Vianna Marques&nbsp;<br \/>\nClaudia Valeria Cardim da Silva&nbsp;<br \/>\nClaudio Gustavo Noro da Costa&nbsp;<br \/>\nCristina Lucia Maia Coelho&nbsp;<br \/>\nCynara de Lourdes da Nobrega Cunha&nbsp;<br \/>\nDalton Almeida Raphael&nbsp;<br \/>\nDionisio Augusto Americano de Neves e Souza D<br \/>\nolly M Teixeira Soares&nbsp;<br \/>\nEdson Fernando de Almeida&nbsp;<br \/>\nEduardo Henrique Raymundo Von Adamovich&nbsp;<br \/>\nElio Takeshi Tachizawa&nbsp;<br \/>\nElisabete Queiroz Caldeiras Neves&nbsp;<br \/>\nEloisa Carvalho de Araujo&nbsp;<br \/>\nEmilio Gon&ccedil;alves Filho&nbsp;<br \/>\nEnrico Carrano&nbsp;<br \/>\nEvandro Pereira Arsenio&nbsp;<br \/>\nEvelyn Furquim Werneck Lima&nbsp;<br \/>\nFernanda da Motta Afonso&nbsp;<br \/>\nFernando Augusto de Hollanda Cunha&nbsp;<br \/>\nFernando Barros da Silva&nbsp;<br \/>\nFernando Silva Lozano&nbsp;<br \/>\nFilipe Pereira de Mesquita&nbsp;<br \/>\nFrancisco Jose Barbosa Nobre&nbsp;<br \/>\nFrancisco Salvador Verissimo&nbsp;<br \/>\nFrancisco Sergio de S. Bittencourt&nbsp;<br \/>\nFrederico Augusto Tavares Junior&nbsp;<br \/>\nGabriela Bastos Soares&nbsp;<br \/>\nGabrielle Guimar&atilde;es da Silva&nbsp;<br \/>\nGilberto Hauer Vieira&nbsp;<br \/>\nGlaucia Augusto Fonseca&nbsp;<br \/>\nGlece Ramos Rodrigues&nbsp;<br \/>\nGustavo Jacques Meduna Hajdu&nbsp;<br \/>\nHelcio Tavares Silva&nbsp;<br \/>\nHelenise Monteiro Guimar&atilde;es&nbsp;<br \/>\nHelio Marcio Dias Ferreira&nbsp;<br \/>\nHenry David Grazinoli&nbsp;<br \/>\nHeraldo Batista da Costa&nbsp;<br \/>\nIone Moezia de Lima&nbsp;<br \/>\nIsabel Fernandes de Souza&nbsp;<br \/>\nIsmar Emanuel D Oliveira Bastos&nbsp;<br \/>\nIvone da Silva Diniz Brauns&nbsp;<br \/>\nIza Ramos Pacheco&nbsp;<br \/>\nJeferson Correia Dantas&nbsp;<br \/>\nJo&atilde;o Carlos de Oliveira Tortora&nbsp;<br \/>\nJorge de Abreu Soares&nbsp;<br \/>\nJorge Alberto Moura&nbsp;<br \/>\nJorge Ferreira Lambert&nbsp;<br \/>\nJorge Lucio de Campos&nbsp;<br \/>\nJose Antonio Marinho Antunes&nbsp;<br \/>\nJose Carlos da Silva&nbsp;<br \/>\nJose Carlos Ribeiro&nbsp;<br \/>\nJose da Rocha Pereira&nbsp;<br \/>\nJose F Pinto A Oliveira&nbsp;<br \/>\nJose Joao Cavalcante Mansure&nbsp;<br \/>\nJose Luiz Trinta&nbsp;<br \/>\nJose Magalhaes Furtado&nbsp;<br \/>\nJose Mauricio Fernandes Farina&nbsp;<br \/>\nJose Otavio da Silva&nbsp;<br \/>\nJose Ricardo Dantaas Lucariny&nbsp;<br \/>\nJose Roberto Maia Futscher&nbsp;<br \/>\nJose Silveira da Costa&nbsp;<br \/>\nJuarez Alves M dos Santos&nbsp;<br \/>\nKeila dos Santos Cople Lima&nbsp;<br \/>\nLeandro Miranda de Azeredo&nbsp;<br \/>\nLeonardo Grandmasson Ferreira Chaves&nbsp;<br \/>\nLeonardo Greco&nbsp;<br \/>\nLevy da Costa Bastos&nbsp;<br \/>\nLicius de Sa Freire&nbsp;<br \/>\nLindomar da Silva Araujo&nbsp;<br \/>\nLivingstone dos Santos Silva&nbsp;<br \/>\nLuis Eduardo Barros Galvao&nbsp;<br \/>\nLuiz Antonio Ferreira das Neves&nbsp;<br \/>\nLuiz Cammarotta&nbsp;<br \/>\nLuiz Longuini Neto&nbsp;<br \/>\nLuiz Roberto Rumbelsperger Querido&nbsp;<br \/>\nLydio I Bandeira de Mello&nbsp;<br \/>\nManoel Messias Peixinho&nbsp;<br \/>\nManuela Dolinsky&nbsp;<br \/>\nMarcelo Torres Gon&ccedil;alves&nbsp;<br \/>\nMarcelo Vitor Gurgel Barbosa&nbsp;<br \/>\nMarcia Maria Botino Guimar&atilde;es&nbsp;<br \/>\nMarcia Nahu da Rocha&nbsp;<br \/>\nMarcio Francisco Campos&nbsp;<br \/>\nMarcio Riski&nbsp;<br \/>\nMarcius da Costa Ferreira&nbsp;<br \/>\nMarco Antonio G de Oliveira&nbsp;<br \/>\nMarco Aurelio Mente Fernandes&nbsp;<br \/>\nMarco Aurelio Stanziola Leal&nbsp;<br \/>\nMarcos Antonio Gomes Amaral&nbsp;<br \/>\nMarcos Gomes Torres&nbsp;<br \/>\nMaria D Ajuda Goes Almeida&nbsp;<br \/>\nMaria da Gra&ccedil;a Costa Pinto&nbsp;<br \/>\nMaria Denise de Souza&nbsp;<br \/>\nMaria Lucia Garcia&nbsp;<br \/>\nMaria Lucia Jannuzzi Machado&nbsp;<br \/>\nMaria Luisa de Barros Correia&nbsp;<br \/>\nMaria Nubia Gama Oliveira&nbsp;<br \/>\nMaria Teresa Avance de Oliveira&nbsp;<br \/>\nMarilena Campos de Lima&nbsp;<br \/>\nMarina Alberti&nbsp;<br \/>\nMarlene Robi Campante&nbsp;<br \/>\nMauro Takao Ikenami&nbsp;<br \/>\nMichelle Mendon&ccedil;a&nbsp;<br \/>\nMonique de Moraes Bitteti Pedruzzi&nbsp;<br \/>\nNadja Lima Pinheiro&nbsp;<br \/>\nNelson de Souza Motta Marriel&nbsp;<br \/>\nNelson Magalh&atilde;es Furtado&nbsp;<br \/>\nNelson Marques Ribeiro Junior&nbsp;<br \/>\nNelson Soares de Rezende&nbsp;<br \/>\nNelzir Trindade Reis&nbsp;<br \/>\nNilda Maria de Clodoaldo Pinto&nbsp;<br \/>\nNina Maria de C Elias Rabha&nbsp;<br \/>\nNoga Brondi Rezende&nbsp;<br \/>\nOcy Medeiros Nascimento&nbsp;<br \/>\nOrlando Nunes Cosenza&nbsp;<br \/>\nPatricia Leal Azevedo Correa&nbsp;<br \/>\nPaulo Cesar Ferreira de Andrade&nbsp;<br \/>\nPaulo Henrique Rodrigues Brum&nbsp;<br \/>\nPaulo Ovidio Gomes dos Santos&nbsp;<br \/>\nPaulo Tarsode Oliveira Lockmann&nbsp;<br \/>\nPedro Paulo Voto Akil&nbsp;<br \/>\nRachel Marchtein&nbsp;<br \/>\nRaphael David dos Santos Filho&nbsp;<br \/>\nRegina Celia Pereira de Moraes&nbsp;<br \/>\nRegina Coeli Freitas dos Santos&nbsp;<br \/>\nRegina Lucia Firmento de Noronha&nbsp;<br \/>\nReinaldo Silva Pereira&nbsp;<br \/>\nRenato Rabe&nbsp;<br \/>\nRicardo Fontes Cintra&nbsp;<br \/>\nRicardo Guanabara&nbsp;<br \/>\nRicardo Lengruber Lobosco&nbsp;<br \/>\nRoberto Martins&nbsp;<br \/>\nRogerio Nogueira&nbsp;<br \/>\nRomulo do Couto Alves&nbsp;<br \/>\nRosa Maria Marcos Mendes&nbsp;<br \/>\nRosalina Maragon Lima Medeiros&nbsp;<br \/>\nRui Otavio Bernardes de Andrade&nbsp;<br \/>\nRuy Eduardo Campello&nbsp;<br \/>\nRuy Guimaraes Piva&nbsp;<br \/>\nSalustiano Lemos Carballido&nbsp;<br \/>\nSebastiao David dos Santos Filho&nbsp;<br \/>\nSebastiao Vieira da Silva&nbsp;<br \/>\nSergio Simoes Menezes&nbsp;<br \/>\nSilvia Angela Gulcemin&nbsp;<br \/>\nSilvia dos Santos Correia&nbsp;<br \/>\nSilvia Vaisburd&nbsp;<br \/>\nSolange Gerardin P Leobons&nbsp;<br \/>\nSueli Moura&nbsp;<br \/>\nSuylvio Brock&nbsp;<br \/>\nThadeu Andrade da Cunha&nbsp;<br \/>\nThales do Couto Filho&nbsp;<br \/>\nThomas Ferdinand Heye&nbsp;<br \/>\nUriel Teixeira&nbsp;<br \/>\nValeria Tostes Salles Cardoso&nbsp;<br \/>\nVania Maria Felix Dias&nbsp;<br \/>\nVicente de Paulo Carvalho Madeira&nbsp;<br \/>\nVictor Hugo do Vale Bastos&nbsp;<br \/>\nVirginia Ferreira de Vasconcelos&nbsp;<br \/>\nWagner Nizzo&nbsp;<br \/>\nWaldemar Augusto de B Neto&nbsp;<br \/>\nWlliam Jose Batista&nbsp;<br \/>\nWilma Costa Souza&nbsp;<br \/>\nWilson Rangel Guerrieiro&nbsp;<br \/>\nWinston Ramos de Almeida<\/p>\n","protected":false},"excerpt":{"rendered":"<p>O juiz da 72&ordf; Vara do Trabalho homologou o acordo para quita&ccedil;&atilde;o das diferen&ccedil;as salariais decorrentes da inaplica&ccedil;&atilde;o, na &eacute;poca pr&oacute;pria, do &iacute;ndice de reajuste estipulado na conven&ccedil;&atilde;o coletiva dos professores do Bennett, celebrada para a data-base de 01 de abril de 2004. Sendo assim, o cr&eacute;dito devido aos 200 professores participantes do processo ser&aacute; [&hellip;]<\/p>\n","protected":false},"author":2,"featured_media":18772,"comment_status":"closed","ping_status":"open","sticky":false,"template":"","format":"standard","meta":{"footnotes":""},"categories":[1],"tags":[],"class_list":["post-18771","post","type-post","status-publish","format-standard","has-post-thumbnail","hentry","category-noticias"],"yoast_head":"<!-- This site is optimized with the Yoast SEO plugin v25.7 - https:\/\/yoast.com\/wordpress\/plugins\/seo\/ -->\n<title>Bennett: veja a lista dos beneficiados ap\u00f3s a\u00e7\u00e3o do Sinpro-Rio - Sinpro-Rio<\/title>\n<meta name=\"robots\" content=\"index, follow, max-snippet:-1, max-image-preview:large, max-video-preview:-1\" \/>\n<link rel=\"canonical\" href=\"https:\/\/www.sinpro-rio.org.br\/principal\/bennett-veja-a-lista-dos-beneficiados-apos-ac-o-do-sinpro-rio\/\" \/>\n<meta property=\"og:locale\" content=\"pt_BR\" \/>\n<meta property=\"og:type\" content=\"article\" \/>\n<meta property=\"og:title\" content=\"Bennett: veja a lista dos beneficiados ap\u00f3s a\u00e7\u00e3o do Sinpro-Rio - Sinpro-Rio\" \/>\n<meta property=\"og:description\" content=\"O juiz da 72&ordf; Vara do Trabalho homologou o acordo para quita&ccedil;&atilde;o das diferen&ccedil;as salariais decorrentes da inaplica&ccedil;&atilde;o, na &eacute;poca pr&oacute;pria, do &iacute;ndice de reajuste estipulado na conven&ccedil;&atilde;o coletiva dos professores do Bennett, celebrada para a data-base de 01 de abril de 2004. Sendo assim, o cr&eacute;dito devido aos 200 professores participantes do processo ser&aacute; [&hellip;]\" \/>\n<meta property=\"og:url\" content=\"https:\/\/www.sinpro-rio.org.br\/principal\/bennett-veja-a-lista-dos-beneficiados-apos-ac-o-do-sinpro-rio\/\" \/>\n<meta property=\"og:site_name\" content=\"Sinpro-Rio\" \/>\n<meta property=\"article:published_time\" content=\"2017-05-18T09:00:00+00:00\" \/>\n<meta name=\"author\" content=\"alessandra\" \/>\n<meta name=\"twitter:card\" content=\"summary_large_image\" \/>\n<meta name=\"twitter:label1\" content=\"Escrito por\" \/>\n\t<meta name=\"twitter:data1\" content=\"alessandra\" \/>\n\t<meta name=\"twitter:label2\" content=\"Est. tempo de leitura\" \/>\n\t<meta name=\"twitter:data2\" content=\"6 minutos\" \/>\n<script type=\"application\/ld+json\" class=\"yoast-schema-graph\">{\"@context\":\"https:\/\/schema.org\",\"@graph\":[{\"@type\":\"WebPage\",\"@id\":\"https:\/\/www.sinpro-rio.org.br\/principal\/bennett-veja-a-lista-dos-beneficiados-apos-ac-o-do-sinpro-rio\/\",\"url\":\"https:\/\/www.sinpro-rio.org.br\/principal\/bennett-veja-a-lista-dos-beneficiados-apos-ac-o-do-sinpro-rio\/\",\"name\":\"Bennett: veja a lista dos beneficiados ap\u00f3s a\u00e7\u00e3o do Sinpro-Rio - Sinpro-Rio\",\"isPartOf\":{\"@id\":\"https:\/\/www.sinpro-rio.org.br\/principal\/#website\"},\"primaryImageOfPage\":{\"@id\":\"https:\/\/www.sinpro-rio.org.br\/principal\/bennett-veja-a-lista-dos-beneficiados-apos-ac-o-do-sinpro-rio\/#primaryimage\"},\"image\":{\"@id\":\"https:\/\/www.sinpro-rio.org.br\/principal\/bennett-veja-a-lista-dos-beneficiados-apos-ac-o-do-sinpro-rio\/#primaryimage\"},\"thumbnailUrl\":\"\",\"datePublished\":\"2017-05-18T09:00:00+00:00\",\"author\":{\"@id\":\"https:\/\/www.sinpro-rio.org.br\/principal\/#\/schema\/person\/ee17219e64d00d037e511ae59ce2227e\"},\"breadcrumb\":{\"@id\":\"https:\/\/www.sinpro-rio.org.br\/principal\/bennett-veja-a-lista-dos-beneficiados-apos-ac-o-do-sinpro-rio\/#breadcrumb\"},\"inLanguage\":\"pt-BR\",\"potentialAction\":[{\"@type\":\"ReadAction\",\"target\":[\"https:\/\/www.sinpro-rio.org.br\/principal\/bennett-veja-a-lista-dos-beneficiados-apos-ac-o-do-sinpro-rio\/\"]}]},{\"@type\":\"ImageObject\",\"inLanguage\":\"pt-BR\",\"@id\":\"https:\/\/www.sinpro-rio.org.br\/principal\/bennett-veja-a-lista-dos-beneficiados-apos-ac-o-do-sinpro-rio\/#primaryimage\",\"url\":\"\",\"contentUrl\":\"\"},{\"@type\":\"BreadcrumbList\",\"@id\":\"https:\/\/www.sinpro-rio.org.br\/principal\/bennett-veja-a-lista-dos-beneficiados-apos-ac-o-do-sinpro-rio\/#breadcrumb\",\"itemListElement\":[{\"@type\":\"ListItem\",\"position\":1,\"name\":\"In\u00edcio\",\"item\":\"https:\/\/www.sinpro-rio.org.br\/principal\/\"},{\"@type\":\"ListItem\",\"position\":2,\"name\":\"Bennett: veja a lista dos beneficiados ap\u00f3s a\u00e7\u00e3o do Sinpro-Rio\"}]},{\"@type\":\"WebSite\",\"@id\":\"https:\/\/www.sinpro-rio.org.br\/principal\/#website\",\"url\":\"https:\/\/www.sinpro-rio.org.br\/principal\/\",\"name\":\"Sinpro-Rio\",\"description\":\"Sindicato dos Professores do Munic\u00edpio do Rio de Janeiro e Regi\u00e3o\",\"potentialAction\":[{\"@type\":\"SearchAction\",\"target\":{\"@type\":\"EntryPoint\",\"urlTemplate\":\"https:\/\/www.sinpro-rio.org.br\/principal\/?s={search_term_string}\"},\"query-input\":{\"@type\":\"PropertyValueSpecification\",\"valueRequired\":true,\"valueName\":\"search_term_string\"}}],\"inLanguage\":\"pt-BR\"},{\"@type\":\"Person\",\"@id\":\"https:\/\/www.sinpro-rio.org.br\/principal\/#\/schema\/person\/ee17219e64d00d037e511ae59ce2227e\",\"name\":\"alessandra\",\"image\":{\"@type\":\"ImageObject\",\"inLanguage\":\"pt-BR\",\"@id\":\"https:\/\/www.sinpro-rio.org.br\/principal\/#\/schema\/person\/image\/\",\"url\":\"https:\/\/secure.gravatar.com\/avatar\/2b43fa8c0ad8e33b46a4732549f7fb20?s=96&d=mm&r=g\",\"contentUrl\":\"https:\/\/secure.gravatar.com\/avatar\/2b43fa8c0ad8e33b46a4732549f7fb20?s=96&d=mm&r=g\",\"caption\":\"alessandra\"},\"url\":\"https:\/\/www.sinpro-rio.org.br\/principal\/author\/alessandra\/\"}]}<\/script>\n<!-- \/ Yoast SEO plugin. -->","yoast_head_json":{"title":"Bennett: veja a lista dos beneficiados ap\u00f3s a\u00e7\u00e3o do Sinpro-Rio - Sinpro-Rio","robots":{"index":"index","follow":"follow","max-snippet":"max-snippet:-1","max-image-preview":"max-image-preview:large","max-video-preview":"max-video-preview:-1"},"canonical":"https:\/\/www.sinpro-rio.org.br\/principal\/bennett-veja-a-lista-dos-beneficiados-apos-ac-o-do-sinpro-rio\/","og_locale":"pt_BR","og_type":"article","og_title":"Bennett: veja a lista dos beneficiados ap\u00f3s a\u00e7\u00e3o do Sinpro-Rio - Sinpro-Rio","og_description":"O juiz da 72&ordf; Vara do Trabalho homologou o acordo para quita&ccedil;&atilde;o das diferen&ccedil;as salariais decorrentes da inaplica&ccedil;&atilde;o, na &eacute;poca pr&oacute;pria, do &iacute;ndice de reajuste estipulado na conven&ccedil;&atilde;o coletiva dos professores do Bennett, celebrada para a data-base de 01 de abril de 2004. Sendo assim, o cr&eacute;dito devido aos 200 professores participantes do processo ser&aacute; [&hellip;]","og_url":"https:\/\/www.sinpro-rio.org.br\/principal\/bennett-veja-a-lista-dos-beneficiados-apos-ac-o-do-sinpro-rio\/","og_site_name":"Sinpro-Rio","article_published_time":"2017-05-18T09:00:00+00:00","author":"alessandra","twitter_card":"summary_large_image","twitter_misc":{"Escrito por":"alessandra","Est. tempo de leitura":"6 minutos"},"schema":{"@context":"https:\/\/schema.org","@graph":[{"@type":"WebPage","@id":"https:\/\/www.sinpro-rio.org.br\/principal\/bennett-veja-a-lista-dos-beneficiados-apos-ac-o-do-sinpro-rio\/","url":"https:\/\/www.sinpro-rio.org.br\/principal\/bennett-veja-a-lista-dos-beneficiados-apos-ac-o-do-sinpro-rio\/","name":"Bennett: veja a lista dos beneficiados ap\u00f3s a\u00e7\u00e3o do Sinpro-Rio - Sinpro-Rio","isPartOf":{"@id":"https:\/\/www.sinpro-rio.org.br\/principal\/#website"},"primaryImageOfPage":{"@id":"https:\/\/www.sinpro-rio.org.br\/principal\/bennett-veja-a-lista-dos-beneficiados-apos-ac-o-do-sinpro-rio\/#primaryimage"},"image":{"@id":"https:\/\/www.sinpro-rio.org.br\/principal\/bennett-veja-a-lista-dos-beneficiados-apos-ac-o-do-sinpro-rio\/#primaryimage"},"thumbnailUrl":"","datePublished":"2017-05-18T09:00:00+00:00","author":{"@id":"https:\/\/www.sinpro-rio.org.br\/principal\/#\/schema\/person\/ee17219e64d00d037e511ae59ce2227e"},"breadcrumb":{"@id":"https:\/\/www.sinpro-rio.org.br\/principal\/bennett-veja-a-lista-dos-beneficiados-apos-ac-o-do-sinpro-rio\/#breadcrumb"},"inLanguage":"pt-BR","potentialAction":[{"@type":"ReadAction","target":["https:\/\/www.sinpro-rio.org.br\/principal\/bennett-veja-a-lista-dos-beneficiados-apos-ac-o-do-sinpro-rio\/"]}]},{"@type":"ImageObject","inLanguage":"pt-BR","@id":"https:\/\/www.sinpro-rio.org.br\/principal\/bennett-veja-a-lista-dos-beneficiados-apos-ac-o-do-sinpro-rio\/#primaryimage","url":"","contentUrl":""},{"@type":"BreadcrumbList","@id":"https:\/\/www.sinpro-rio.org.br\/principal\/bennett-veja-a-lista-dos-beneficiados-apos-ac-o-do-sinpro-rio\/#breadcrumb","itemListElement":[{"@type":"ListItem","position":1,"name":"In\u00edcio","item":"https:\/\/www.sinpro-rio.org.br\/principal\/"},{"@type":"ListItem","position":2,"name":"Bennett: veja a lista dos beneficiados ap\u00f3s a\u00e7\u00e3o do Sinpro-Rio"}]},{"@type":"WebSite","@id":"https:\/\/www.sinpro-rio.org.br\/principal\/#website","url":"https:\/\/www.sinpro-rio.org.br\/principal\/","name":"Sinpro-Rio","description":"Sindicato dos Professores do Munic\u00edpio do Rio de Janeiro e Regi\u00e3o","potentialAction":[{"@type":"SearchAction","target":{"@type":"EntryPoint","urlTemplate":"https:\/\/www.sinpro-rio.org.br\/principal\/?s={search_term_string}"},"query-input":{"@type":"PropertyValueSpecification","valueRequired":true,"valueName":"search_term_string"}}],"inLanguage":"pt-BR"},{"@type":"Person","@id":"https:\/\/www.sinpro-rio.org.br\/principal\/#\/schema\/person\/ee17219e64d00d037e511ae59ce2227e","name":"alessandra","image":{"@type":"ImageObject","inLanguage":"pt-BR","@id":"https:\/\/www.sinpro-rio.org.br\/principal\/#\/schema\/person\/image\/","url":"https:\/\/secure.gravatar.com\/avatar\/2b43fa8c0ad8e33b46a4732549f7fb20?s=96&d=mm&r=g","contentUrl":"https:\/\/secure.gravatar.com\/avatar\/2b43fa8c0ad8e33b46a4732549f7fb20?s=96&d=mm&r=g","caption":"alessandra"},"url":"https:\/\/www.sinpro-rio.org.br\/principal\/author\/alessandra\/"}]}},"_links":{"self":[{"href":"https:\/\/www.sinpro-rio.org.br\/principal\/wp-json\/wp\/v2\/posts\/18771","targetHints":{"allow":["GET"]}}],"collection":[{"href":"https:\/\/www.sinpro-rio.org.br\/principal\/wp-json\/wp\/v2\/posts"}],"about":[{"href":"https:\/\/www.sinpro-rio.org.br\/principal\/wp-json\/wp\/v2\/types\/post"}],"author":[{"embeddable":true,"href":"https:\/\/www.sinpro-rio.org.br\/principal\/wp-json\/wp\/v2\/users\/2"}],"replies":[{"embeddable":true,"href":"https:\/\/www.sinpro-rio.org.br\/principal\/wp-json\/wp\/v2\/comments?post=18771"}],"version-history":[{"count":0,"href":"https:\/\/www.sinpro-rio.org.br\/principal\/wp-json\/wp\/v2\/posts\/18771\/revisions"}],"wp:featuredmedia":[{"embeddable":true,"href":"https:\/\/www.sinpro-rio.org.br\/principal\/wp-json\/wp\/v2\/media\/18772"}],"wp:attachment":[{"href":"https:\/\/www.sinpro-rio.org.br\/principal\/wp-json\/wp\/v2\/media?parent=18771"}],"wp:term":[{"taxonomy":"category","embeddable":true,"href":"https:\/\/www.sinpro-rio.org.br\/principal\/wp-json\/wp\/v2\/categories?post=18771"},{"taxonomy":"post_tag","embeddable":true,"href":"https:\/\/www.sinpro-rio.org.br\/principal\/wp-json\/wp\/v2\/tags?post=18771"}],"curies":[{"name":"wp","href":"https:\/\/api.w.org\/{rel}","templated":true}]}}