{"id":18717,"date":"2017-06-05T03:00:00","date_gmt":"2017-06-05T03:00:00","guid":{"rendered":""},"modified":"-0001-11-30T00:00:00","modified_gmt":"-0001-11-30T03:00:00","slug":"assembleia-da-educac-o-basica-aprova-acordo-da-campanha-salarial-2017","status":"publish","type":"post","link":"https:\/\/www.sinpro-rio.org.br\/principal\/assembleia-da-educac-o-basica-aprova-acordo-da-campanha-salarial-2017\/","title":{"rendered":"Assembleia da Educa\u00e7\u00e3o B\u00e1sica aprova acordo da Campanha Salarial 2017"},"content":{"rendered":"<p>Em assembleia, professoras e professores da Educa&ccedil;&atilde;o B&aacute;sica aprovaram, por ampla maioria, a Conven&ccedil;&atilde;o Coletiva da Educa&ccedil;&atilde;o B&aacute;sica de 2017.<\/p>\n<p>Foi aprovado: reajuste de 4,69% nos sal&aacute;rios de abril, maio e junho, e mais 0,31% em julho, totalizando 5%.<\/p>\n<p>Houve ainda a amplia&ccedil;&atilde;o da idade dos filhos, para serem acompanhados em exames m&eacute;dicos, de 06 para 12 anos. As demais cl&aacute;usulas sociais foram mantidas.<\/p>\n<p>No in&iacute;cio da Assembleia, o presidente do Sinpro-Rio, Oswaldo Teles, ressaltou que houve uma extensa consulta &agrave; base, em fun&ccedil;&atilde;o das visitas a mais de 200 escolas, para conversar com professoras e professores, feitas pela Diretoria. Depois da parit&aacute;ria da &uacute;ltima quinta-feira, que reuniu representantes do Sindicato e dos patr&otilde;es, foram feitos v&aacute;rios contatos com a base, sendo que a grande maioria j&aacute; defendia a aprova&ccedil;&atilde;o do acordo, tendo em vista um reajuste acima da infla&ccedil;&atilde;o acumulada, no per&iacute;odo, e a manuten&ccedil;&atilde;o das cl&aacute;usulas sociais, em um contexto de violento ataque aos direitos trabalhistas.<\/p>\n<p>A aprova&ccedil;&atilde;o do Estado de Greve, na assembleia anterior, e a mobiliza&ccedil;&atilde;o da Categoria possibilitaram a reabertura das negocia&ccedil;&otilde;es com o patronato, que estavam fechadas pelos patr&otilde;es, e a celebra&ccedil;&atilde;o da renova&ccedil;&atilde;o da Conven&ccedil;&atilde;o Coletiva de Trabalho para o ano de 2017.<\/p>\n<p>No final, antes da vota&ccedil;&atilde;o, Oswaldo afirmou que o sindicato tem uma tradi&ccedil;&atilde;o de unidade e luta e que disputas devem ficar restritas &agrave;s campanhas eleitorais.<\/p>\n<p>&#8212;&#8212;&#8212;&#8212;&#8212;&#8212;&#8212;&#8212;&#8212;&#8212;&#8212;&#8212;&#8212;&#8212;&#8212;&#8212;&#8212;&#8212;&#8212;&#8212;&#8212;&#8212;&#8212;&#8212;&#8212;&#8212;&#8212;&#8212;&#8212;&#8212;&#8212;&#8212;-<\/p>\n<p>A Conven&ccedil;&atilde;o Coletiva foi assinada em 27 de junho. Confira&nbsp;<a href=\"http:\/\/professores.aeservices.com.br\/siteprof\/assets\/uploads\/files\/13a4f-basica2017.pdf\">aqui.<\/a><\/p>\n","protected":false},"excerpt":{"rendered":"<p>Em assembleia, professoras e professores da Educa&ccedil;&atilde;o B&aacute;sica aprovaram, por ampla maioria, a Conven&ccedil;&atilde;o Coletiva da Educa&ccedil;&atilde;o B&aacute;sica de 2017. Foi aprovado: reajuste de 4,69% nos sal&aacute;rios de abril, maio e junho, e mais 0,31% em julho, totalizando 5%. Houve ainda a amplia&ccedil;&atilde;o da idade dos filhos, para serem acompanhados em exames m&eacute;dicos, de 06 [&hellip;]<\/p>\n","protected":false},"author":2,"featured_media":18718,"comment_status":"closed","ping_status":"open","sticky":false,"template":"","format":"standard","meta":{"footnotes":""},"categories":[1],"tags":[],"class_list":["post-18717","post","type-post","status-publish","format-standard","has-post-thumbnail","hentry","category-noticias"],"yoast_head":"<!-- This site is optimized with the Yoast SEO plugin v25.7 - https:\/\/yoast.com\/wordpress\/plugins\/seo\/ -->\n<title>Assembleia da Educa\u00e7\u00e3o B\u00e1sica aprova acordo da Campanha Salarial 2017 - Sinpro-Rio<\/title>\n<meta name=\"robots\" content=\"index, follow, max-snippet:-1, max-image-preview:large, max-video-preview:-1\" \/>\n<link rel=\"canonical\" href=\"https:\/\/www.sinpro-rio.org.br\/principal\/assembleia-da-educac-o-basica-aprova-acordo-da-campanha-salarial-2017\/\" \/>\n<meta property=\"og:locale\" content=\"pt_BR\" \/>\n<meta property=\"og:type\" content=\"article\" \/>\n<meta property=\"og:title\" content=\"Assembleia da Educa\u00e7\u00e3o B\u00e1sica aprova acordo da Campanha Salarial 2017 - Sinpro-Rio\" \/>\n<meta property=\"og:description\" content=\"Em assembleia, professoras e professores da Educa&ccedil;&atilde;o B&aacute;sica aprovaram, por ampla maioria, a Conven&ccedil;&atilde;o Coletiva da Educa&ccedil;&atilde;o B&aacute;sica de 2017. Foi aprovado: reajuste de 4,69% nos sal&aacute;rios de abril, maio e junho, e mais 0,31% em julho, totalizando 5%. Houve ainda a amplia&ccedil;&atilde;o da idade dos filhos, para serem acompanhados em exames m&eacute;dicos, de 06 [&hellip;]\" \/>\n<meta property=\"og:url\" content=\"https:\/\/www.sinpro-rio.org.br\/principal\/assembleia-da-educac-o-basica-aprova-acordo-da-campanha-salarial-2017\/\" \/>\n<meta property=\"og:site_name\" content=\"Sinpro-Rio\" \/>\n<meta property=\"article:published_time\" content=\"2017-06-05T03:00:00+00:00\" \/>\n<meta name=\"author\" content=\"alessandra\" \/>\n<meta name=\"twitter:card\" content=\"summary_large_image\" \/>\n<meta name=\"twitter:label1\" content=\"Escrito por\" \/>\n\t<meta name=\"twitter:data1\" content=\"alessandra\" \/>\n\t<meta name=\"twitter:label2\" content=\"Est. tempo de leitura\" \/>\n\t<meta name=\"twitter:data2\" content=\"2 minutos\" \/>\n<script type=\"application\/ld+json\" class=\"yoast-schema-graph\">{\"@context\":\"https:\/\/schema.org\",\"@graph\":[{\"@type\":\"WebPage\",\"@id\":\"https:\/\/www.sinpro-rio.org.br\/principal\/assembleia-da-educac-o-basica-aprova-acordo-da-campanha-salarial-2017\/\",\"url\":\"https:\/\/www.sinpro-rio.org.br\/principal\/assembleia-da-educac-o-basica-aprova-acordo-da-campanha-salarial-2017\/\",\"name\":\"Assembleia da Educa\u00e7\u00e3o B\u00e1sica aprova acordo da Campanha Salarial 2017 - Sinpro-Rio\",\"isPartOf\":{\"@id\":\"https:\/\/www.sinpro-rio.org.br\/principal\/#website\"},\"primaryImageOfPage\":{\"@id\":\"https:\/\/www.sinpro-rio.org.br\/principal\/assembleia-da-educac-o-basica-aprova-acordo-da-campanha-salarial-2017\/#primaryimage\"},\"image\":{\"@id\":\"https:\/\/www.sinpro-rio.org.br\/principal\/assembleia-da-educac-o-basica-aprova-acordo-da-campanha-salarial-2017\/#primaryimage\"},\"thumbnailUrl\":\"\",\"datePublished\":\"2017-06-05T03:00:00+00:00\",\"author\":{\"@id\":\"https:\/\/www.sinpro-rio.org.br\/principal\/#\/schema\/person\/ee17219e64d00d037e511ae59ce2227e\"},\"breadcrumb\":{\"@id\":\"https:\/\/www.sinpro-rio.org.br\/principal\/assembleia-da-educac-o-basica-aprova-acordo-da-campanha-salarial-2017\/#breadcrumb\"},\"inLanguage\":\"pt-BR\",\"potentialAction\":[{\"@type\":\"ReadAction\",\"target\":[\"https:\/\/www.sinpro-rio.org.br\/principal\/assembleia-da-educac-o-basica-aprova-acordo-da-campanha-salarial-2017\/\"]}]},{\"@type\":\"ImageObject\",\"inLanguage\":\"pt-BR\",\"@id\":\"https:\/\/www.sinpro-rio.org.br\/principal\/assembleia-da-educac-o-basica-aprova-acordo-da-campanha-salarial-2017\/#primaryimage\",\"url\":\"\",\"contentUrl\":\"\"},{\"@type\":\"BreadcrumbList\",\"@id\":\"https:\/\/www.sinpro-rio.org.br\/principal\/assembleia-da-educac-o-basica-aprova-acordo-da-campanha-salarial-2017\/#breadcrumb\",\"itemListElement\":[{\"@type\":\"ListItem\",\"position\":1,\"name\":\"In\u00edcio\",\"item\":\"https:\/\/www.sinpro-rio.org.br\/principal\/\"},{\"@type\":\"ListItem\",\"position\":2,\"name\":\"Assembleia da Educa\u00e7\u00e3o B\u00e1sica aprova acordo da Campanha Salarial 2017\"}]},{\"@type\":\"WebSite\",\"@id\":\"https:\/\/www.sinpro-rio.org.br\/principal\/#website\",\"url\":\"https:\/\/www.sinpro-rio.org.br\/principal\/\",\"name\":\"Sinpro-Rio\",\"description\":\"Sindicato dos Professores do Munic\u00edpio do Rio de Janeiro e Regi\u00e3o\",\"potentialAction\":[{\"@type\":\"SearchAction\",\"target\":{\"@type\":\"EntryPoint\",\"urlTemplate\":\"https:\/\/www.sinpro-rio.org.br\/principal\/?s={search_term_string}\"},\"query-input\":{\"@type\":\"PropertyValueSpecification\",\"valueRequired\":true,\"valueName\":\"search_term_string\"}}],\"inLanguage\":\"pt-BR\"},{\"@type\":\"Person\",\"@id\":\"https:\/\/www.sinpro-rio.org.br\/principal\/#\/schema\/person\/ee17219e64d00d037e511ae59ce2227e\",\"name\":\"alessandra\",\"image\":{\"@type\":\"ImageObject\",\"inLanguage\":\"pt-BR\",\"@id\":\"https:\/\/www.sinpro-rio.org.br\/principal\/#\/schema\/person\/image\/\",\"url\":\"https:\/\/secure.gravatar.com\/avatar\/2b43fa8c0ad8e33b46a4732549f7fb20?s=96&d=mm&r=g\",\"contentUrl\":\"https:\/\/secure.gravatar.com\/avatar\/2b43fa8c0ad8e33b46a4732549f7fb20?s=96&d=mm&r=g\",\"caption\":\"alessandra\"},\"url\":\"https:\/\/www.sinpro-rio.org.br\/principal\/author\/alessandra\/\"}]}<\/script>\n<!-- \/ Yoast SEO plugin. -->","yoast_head_json":{"title":"Assembleia da Educa\u00e7\u00e3o B\u00e1sica aprova acordo da Campanha Salarial 2017 - Sinpro-Rio","robots":{"index":"index","follow":"follow","max-snippet":"max-snippet:-1","max-image-preview":"max-image-preview:large","max-video-preview":"max-video-preview:-1"},"canonical":"https:\/\/www.sinpro-rio.org.br\/principal\/assembleia-da-educac-o-basica-aprova-acordo-da-campanha-salarial-2017\/","og_locale":"pt_BR","og_type":"article","og_title":"Assembleia da Educa\u00e7\u00e3o B\u00e1sica aprova acordo da Campanha Salarial 2017 - Sinpro-Rio","og_description":"Em assembleia, professoras e professores da Educa&ccedil;&atilde;o B&aacute;sica aprovaram, por ampla maioria, a Conven&ccedil;&atilde;o Coletiva da Educa&ccedil;&atilde;o B&aacute;sica de 2017. Foi aprovado: reajuste de 4,69% nos sal&aacute;rios de abril, maio e junho, e mais 0,31% em julho, totalizando 5%. Houve ainda a amplia&ccedil;&atilde;o da idade dos filhos, para serem acompanhados em exames m&eacute;dicos, de 06 [&hellip;]","og_url":"https:\/\/www.sinpro-rio.org.br\/principal\/assembleia-da-educac-o-basica-aprova-acordo-da-campanha-salarial-2017\/","og_site_name":"Sinpro-Rio","article_published_time":"2017-06-05T03:00:00+00:00","author":"alessandra","twitter_card":"summary_large_image","twitter_misc":{"Escrito por":"alessandra","Est. tempo de leitura":"2 minutos"},"schema":{"@context":"https:\/\/schema.org","@graph":[{"@type":"WebPage","@id":"https:\/\/www.sinpro-rio.org.br\/principal\/assembleia-da-educac-o-basica-aprova-acordo-da-campanha-salarial-2017\/","url":"https:\/\/www.sinpro-rio.org.br\/principal\/assembleia-da-educac-o-basica-aprova-acordo-da-campanha-salarial-2017\/","name":"Assembleia da Educa\u00e7\u00e3o B\u00e1sica aprova acordo da Campanha Salarial 2017 - Sinpro-Rio","isPartOf":{"@id":"https:\/\/www.sinpro-rio.org.br\/principal\/#website"},"primaryImageOfPage":{"@id":"https:\/\/www.sinpro-rio.org.br\/principal\/assembleia-da-educac-o-basica-aprova-acordo-da-campanha-salarial-2017\/#primaryimage"},"image":{"@id":"https:\/\/www.sinpro-rio.org.br\/principal\/assembleia-da-educac-o-basica-aprova-acordo-da-campanha-salarial-2017\/#primaryimage"},"thumbnailUrl":"","datePublished":"2017-06-05T03:00:00+00:00","author":{"@id":"https:\/\/www.sinpro-rio.org.br\/principal\/#\/schema\/person\/ee17219e64d00d037e511ae59ce2227e"},"breadcrumb":{"@id":"https:\/\/www.sinpro-rio.org.br\/principal\/assembleia-da-educac-o-basica-aprova-acordo-da-campanha-salarial-2017\/#breadcrumb"},"inLanguage":"pt-BR","potentialAction":[{"@type":"ReadAction","target":["https:\/\/www.sinpro-rio.org.br\/principal\/assembleia-da-educac-o-basica-aprova-acordo-da-campanha-salarial-2017\/"]}]},{"@type":"ImageObject","inLanguage":"pt-BR","@id":"https:\/\/www.sinpro-rio.org.br\/principal\/assembleia-da-educac-o-basica-aprova-acordo-da-campanha-salarial-2017\/#primaryimage","url":"","contentUrl":""},{"@type":"BreadcrumbList","@id":"https:\/\/www.sinpro-rio.org.br\/principal\/assembleia-da-educac-o-basica-aprova-acordo-da-campanha-salarial-2017\/#breadcrumb","itemListElement":[{"@type":"ListItem","position":1,"name":"In\u00edcio","item":"https:\/\/www.sinpro-rio.org.br\/principal\/"},{"@type":"ListItem","position":2,"name":"Assembleia da Educa\u00e7\u00e3o B\u00e1sica aprova acordo da Campanha Salarial 2017"}]},{"@type":"WebSite","@id":"https:\/\/www.sinpro-rio.org.br\/principal\/#website","url":"https:\/\/www.sinpro-rio.org.br\/principal\/","name":"Sinpro-Rio","description":"Sindicato dos Professores do Munic\u00edpio do Rio de Janeiro e Regi\u00e3o","potentialAction":[{"@type":"SearchAction","target":{"@type":"EntryPoint","urlTemplate":"https:\/\/www.sinpro-rio.org.br\/principal\/?s={search_term_string}"},"query-input":{"@type":"PropertyValueSpecification","valueRequired":true,"valueName":"search_term_string"}}],"inLanguage":"pt-BR"},{"@type":"Person","@id":"https:\/\/www.sinpro-rio.org.br\/principal\/#\/schema\/person\/ee17219e64d00d037e511ae59ce2227e","name":"alessandra","image":{"@type":"ImageObject","inLanguage":"pt-BR","@id":"https:\/\/www.sinpro-rio.org.br\/principal\/#\/schema\/person\/image\/","url":"https:\/\/secure.gravatar.com\/avatar\/2b43fa8c0ad8e33b46a4732549f7fb20?s=96&d=mm&r=g","contentUrl":"https:\/\/secure.gravatar.com\/avatar\/2b43fa8c0ad8e33b46a4732549f7fb20?s=96&d=mm&r=g","caption":"alessandra"},"url":"https:\/\/www.sinpro-rio.org.br\/principal\/author\/alessandra\/"}]}},"_links":{"self":[{"href":"https:\/\/www.sinpro-rio.org.br\/principal\/wp-json\/wp\/v2\/posts\/18717","targetHints":{"allow":["GET"]}}],"collection":[{"href":"https:\/\/www.sinpro-rio.org.br\/principal\/wp-json\/wp\/v2\/posts"}],"about":[{"href":"https:\/\/www.sinpro-rio.org.br\/principal\/wp-json\/wp\/v2\/types\/post"}],"author":[{"embeddable":true,"href":"https:\/\/www.sinpro-rio.org.br\/principal\/wp-json\/wp\/v2\/users\/2"}],"replies":[{"embeddable":true,"href":"https:\/\/www.sinpro-rio.org.br\/principal\/wp-json\/wp\/v2\/comments?post=18717"}],"version-history":[{"count":0,"href":"https:\/\/www.sinpro-rio.org.br\/principal\/wp-json\/wp\/v2\/posts\/18717\/revisions"}],"wp:featuredmedia":[{"embeddable":true,"href":"https:\/\/www.sinpro-rio.org.br\/principal\/wp-json\/wp\/v2\/media\/18718"}],"wp:attachment":[{"href":"https:\/\/www.sinpro-rio.org.br\/principal\/wp-json\/wp\/v2\/media?parent=18717"}],"wp:term":[{"taxonomy":"category","embeddable":true,"href":"https:\/\/www.sinpro-rio.org.br\/principal\/wp-json\/wp\/v2\/categories?post=18717"},{"taxonomy":"post_tag","embeddable":true,"href":"https:\/\/www.sinpro-rio.org.br\/principal\/wp-json\/wp\/v2\/tags?post=18717"}],"curies":[{"name":"wp","href":"https:\/\/api.w.org\/{rel}","templated":true}]}}