{"id":18674,"date":"2017-07-03T06:00:00","date_gmt":"2017-07-03T06:00:00","guid":{"rendered":""},"modified":"-0001-11-30T00:00:00","modified_gmt":"-0001-11-30T03:00:00","slug":"1-encontro-latino-americano-de-comunicac-o-comunitaria","status":"publish","type":"post","link":"https:\/\/www.sinpro-rio.org.br\/principal\/1-encontro-latino-americano-de-comunicac-o-comunitaria\/","title":{"rendered":"1\u00ba Encontro Latino-Americano de Comunica\u00e7\u00e3o Comunit\u00e1ria"},"content":{"rendered":"<p><a href=\"https:\/\/www.facebook.com\/notes\/encontro-latino-americano-de-comunica%C3%A7%C3%A3o-comunit%C3%A1ria\/programa%C3%A7%C3%A3o-i-elacc\/1831154353866279\/\" target=\"_blank\">1&ordm; Encontro Latino-Americano de Comunica&ccedil;&atilde;o Comunit&aacute;ria<\/a><br \/>\nMini-Manifesto:<\/p>\n<p>O I Encontro Latino-Americano de Comunica&ccedil;&atilde;o Comunit&aacute;ria-ELACC pretende ser um marco na luta por direitos do povo pobre de nosso continente. Onde enxergam escassez, encontramos abund&acirc;ncia. Nos chamam carentes, mas somos potentes. Somos Comunicadores Comunit&aacute;rios, formados na luta, na resist&ecirc;ncia das favelas, dos povos origin&aacute;rios, comunidades tradicionais, mulheres, negros, jovens, LGBTs e todos aqueles que afirmam sua express&atilde;o e conquistaram o direito de constru&iacute;rem suas pr&oacute;prias narrativas e pontos de vista. Somos nosotros por nosotros. Nosso olhar n&atilde;o cabe no padr&atilde;o, outrora hegem&ocirc;nico, da m&iacute;dia corporativa. A grande imprensa hoje &eacute; decadente, e vive a ru&iacute;na do que j&aacute; foi um imp&eacute;rio. Enquanto isso, as experi&ecirc;ncias de Comunica&ccedil;&atilde;o Popular e Cultura Viva Comunit&aacute;ria s&atilde;o milhares, milh&otilde;es, espalhadas por todo o continente, re-existindo e se reinventando sempre. O mundo que queremos j&aacute; est&aacute; sendo constru&iacute;do e narrado de baixo para cima, em uma polifonia de vozes insurgentes que est&atilde;o contando e (re)escrevendo a hist&oacute;ria da &quot;p&aacute;tria grande &quot; Am&eacute;rica Latina. Ousar lutar, ousar vencer!<\/p>\n<p>Ag&ecirc;ncia de Not&iacute;cias das Favelas-ANF<\/p>\n<p>Rede de Agentes Comunit&aacute;rios de Comunica&ccedil;&atilde;o-RACC<\/p>\n<p>Laborat&oacute;rio de Pol&iacute;ticas Culturais<\/p>\n<p>&nbsp;<\/p>\n<p>Convidados internacionais:<\/p>\n<p>Emiliano Fuentes Firmani (Argentina) &#8211; Professor e pesquisador da Universidad Nacional Tres de Febrero (UNTREF) e Secret&aacute;rio Executivo da Unidade T&eacute;cnica do Programa IberCultura Viva.<\/p>\n<p>Jairo Afonso Castrill&oacute;n (Col&ocirc;mbia) &#8211; Mediador cultural, especialista em Pol&iacute;ticas Culturais de Universidade de Barcelona, e doutorando na Universidad Nacional de la Plata (Argentina).<\/p>\n<p>Eduardo Balan (Argentina) &#8211; Coordenador do coletivo &quot;El Culebr&oacute;n Timbal&quot;, de Buenos Aires. Articulador do movimento &quot;Pueblo Hace Cultura&quot; e da Plataforma Puente Cultura Viva Comunit&aacute;ria na Am&eacute;rica Latina.<\/p>\n<p>Javier Marav&iacute; (Peru) &#8211; Criador do Centro Cultural Waytay, ator e diretor teatral, impulsionador da Lei de Cultura Viva Comunit&aacute;ria de Lima e da Rede Nacional de Pontos de Cultura do Peru.<\/p>\n<p>Nelson Ullauri (Equador) &#8211; Gestor e ativista cultural, Coordenador- Geral do III Congresso Latino-Americano de Cultura Viva Comunit&aacute;ria &#8211; Quito 2017.<\/p>\n<p>Isaac Penaherrera (Equador) &#8211; Rapper, ativista e militante cultural, Coordenador de Comunica&ccedil;&atilde;o III Congresso Latino-Americano de Cultura Viva Comunit&aacute;ria &#8211; Quito 2017.<\/p>\n<p>Milagros Lorier (Uruguai) &#8211; Comunicadora social, ativista e gestora cultural, articuladora da Rede Nacional de Cultura Viva Comunit&aacute;ria do Uruguai.<\/p>\n<p>Rafael Paredes (M&eacute;xico) &#8211; Gestor e produtor cultural, membro do Coletivo Abarrotera Mexicana e articulador da Plataforma Puente Cultura Viva Comunit&aacute;ria do M&eacute;xico.<\/p>\n<p>&nbsp;<\/p>\n<h2>Programa&ccedil;&atilde;o<\/h2>\n<p>&nbsp;<\/p>\n<p>6\/7 &#8211; Quinta-feira<\/p>\n<ul>\n<li>13h &#8211; Credenciamento e recep&ccedil;&atilde;o dos participantes<\/li>\n<\/ul>\n<p>Local: Cine Arte UFF<\/p>\n<ul>\n<li>14h &agrave;s 14h30 &#8211; Exibi&ccedil;&atilde;o de document&aacute;rio: Eu s&oacute; quero &eacute; ser feliz &#8211; uma breve hist&oacute;ria do Funk Carioca (2016\/26 min)<\/li>\n<\/ul>\n<p>Diretor: Andr&eacute; Fernandes (ANF &#8211; Ag&ecirc;ncia Not&iacute;cias das Favelas)<\/p>\n<p>Local: Cine Arte UFF<\/p>\n<ul>\n<li>14h30 &agrave;s 15h &#8211; Mesa de abertura do I Encontro Latino-Americano de Comunica&ccedil;&atilde;o Comunit&aacute;ria-ELACC<\/li>\n<\/ul>\n<p>Media&ccedil;&atilde;o: Alexandre Santini, Laborat&oacute;rio de Pol&iacute;ticas Culturais<\/p>\n<p>Convidados:<\/p>\n<p>&#8211; Marcos Gomes, Secret&aacute;rio de Cultura de NIter&oacute;i<\/p>\n<p>&#8211; Andr&eacute; Diniz, Presidente da Funda&ccedil;&atilde;o de Artes de Niter&oacute;i-FAN<\/p>\n<p>&#8211; Chico D&rsquo; Angelo, Deputado Federal PT do RJ<\/p>\n<p>&#8211; Leonardo Giordano, Vereador e Presidente da Comiss&atilde;o de Cultura da C&acirc;mara do Vereadores de Niter&oacute;i<\/p>\n<p>&#8211; Fernando Stern, Coordena&ccedil;&atilde;o Geral de Comunica&ccedil;&atilde;o da Prefeitura de Niter&oacute;i<\/p>\n<p>&#8211; Guilherme Ornellas, Diretor do N&uacute;cleo de Produ&ccedil;&atilde;o Digital-NPD &#8211; Niter&oacute;i<\/p>\n<p>&#8211; Leonardo Guelman, Diretor do Centro de Artes da Universidade Federal Fluminense-UFF<\/p>\n<p>&#8211; Emiliano Fuentes Firmani, Secret&aacute;rio Executivo da Unidade T&eacute;cnica do Programa IberCultura Viva (Argentina)<\/p>\n<p>&#8211; Andr&eacute; Fernandes, Ag&ecirc;ncia de Not&iacute;cias das Favelas-ANF<\/p>\n<p>Local: Cine Arte UFF<\/p>\n<ul>\n<li>15h &agrave;s 18h &#8211; Painel Tema: Experi&ecirc;ncias de comunica&ccedil;&atilde;o comunit&aacute;ria na Am&eacute;rica Latina<\/li>\n<\/ul>\n<p>Media&ccedil;&atilde;o: Luiz Augusto Rodrigues, Professor do Instituto de Arte e Comunica&ccedil;&atilde;o Social da Universidade Federal Fluminense-IACS\/UFF e Coordenador do Laborat&oacute;rio de A&ccedil;&otilde;es Culturais-LABAC<\/p>\n<p>Convidados:<\/p>\n<p>&#8211; Jairo Afonso Castrill&oacute;n, Corporaci&oacute;n Semi&oacute;sfera (Col&ocirc;mbia)<\/p>\n<p>&#8211; Eduardo Balan, El Culebr&oacute;n Timbal (Argentina)<\/p>\n<p>&#8211; Renata Machado, R&aacute;dio Yand&ecirc; (Brasil)<\/p>\n<p>&#8211; Isaac Penaherrera, Red CVC (Equador)<\/p>\n<p>&#8211; Milagros Lorier, &Aacute;rbol TV\/Red CVC (Uruguai)<\/p>\n<p>&#8211; Andr&eacute; Fernandes, Ag&ecirc;ncia de Not&iacute;cias das Favelas (Brasil)<\/p>\n<p>Local: Cine Arte UFF<\/p>\n<ul>\n<li>18h30 &#8211; Exibi&ccedil;&atilde;o de document&aacute;rio : Fantasma Vestido de Palha&ccedil;o<\/li>\n<\/ul>\n<p>Diretora: Alessandra Stropp (2013\/22 min)<\/p>\n<p>Local: Sala 5 do cinema Reserva Cultural Niter&oacute;i<\/p>\n<ul>\n<li>19h &#8211; Lan&ccedil;amento de livro: Cultura Viva Comunit&aacute;ria &#8211; Pol&iacute;ticas Culturais no Brasil e na Am&eacute;rica Latina<\/li>\n<\/ul>\n<p>Autor: Alexandre Santini<\/p>\n<p>Local: Livraria Blooks &#8211; Reserva Cultural Niter&oacute;i<\/p>\n<ul>\n<li>20h &#8211; Show : Mango Mambo (M&uacute;sica Latina)<\/li>\n<\/ul>\n<p>Local: Pilotis do Reserva Cultural Niter&oacute;i<\/p>\n<ul>\n<li>21h &#8211; Coruj&atilde;o da Poesia Universo da Leitura Especial: &quot;Soy Loco Por Ti, America&quot;<\/li>\n<\/ul>\n<p>Local: Bar Biz&uacute; Biz&uacute; do Reserva Cultural Niter&oacute;i<\/p>\n<p>&nbsp;<\/p>\n<p>7\/7 &#8211; Sexta-feira<\/p>\n<ul>\n<li>9h &agrave;s 12h &#8211; Rodas de conversa simult&acirc;neas:<\/li>\n<li>Tema: G&ecirc;nero, diversidade e comunidades: comunica&ccedil;&atilde;o para o empoderamento e combate ao preconceito e &agrave; opress&atilde;o<\/li>\n<\/ul>\n<p>Media&ccedil;&atilde;o: Julianne Gouveia, Ag&ecirc;ncia de Not&iacute;cias das Favelas-ANF<\/p>\n<p>Convidados:<\/p>\n<p>&#8211; Felipe Carvalho, Grupo de Diversidade de Niter&oacute;i<\/p>\n<p>&#8211; Milagros Lorier, &Aacute;rbol TV-Red Uruguay<\/p>\n<p>&#8211; Gabrielle Roza, Coletivo Nuvem Negra RJ<\/p>\n<p>&#8211; Maria Gabriela Saldanha, escritora<\/p>\n<p>&#8211; Daniela Lima, editora Boitempo<\/p>\n<p>&#8211; Dr&iacute;ade Aguiar, Fora do Eixo \/ M&iacute;dia Ninja<\/p>\n<p>&#8211; Let&iacute;cia Brito, Cultmidia RJ<\/p>\n<p>&#8211; Victor de Wolf, Secret&aacute;rio Geral da Associa&ccedil;&atilde;o Brasileira de L&eacute;sbicas, Gays, Bissexuais, Travestis e Transexuais-ABGLT<\/p>\n<p>&#8211; Rafael Paredes, Maricas Cuestion&aacute;ndose (Mexicano)<\/p>\n<p>Local: Piso t&eacute;rreo do Museu de Arte Popular Janete Costa<\/p>\n<ul>\n<li>Tema: Democracia em jogo: futebol, mulher e m&iacute;dia na Am&eacute;rica Latina<\/li>\n<\/ul>\n<p>Media&ccedil;&atilde;o: Carla Santos, Cultmidia RJ<\/p>\n<p>Convidados:<\/p>\n<p>&#8211; Eduardo Balan, El Culebr&oacute;n Timbal (Argentina)<\/p>\n<p>&#8211; Kleber Moreyra, Ponto de Cultura do Am&eacute;rica (Brasil)<\/p>\n<p>&#8211; Pen&eacute;lope de Toledo, Mulheres de Arquibancada RJ (Brasil)<\/p>\n<p>&#8211; Mariana Vantine, Coletivo Futebol, M&iacute;dia e Democracia RJ (Brasil)<\/p>\n<p>&#8211; Sergio Pugliese, Approach Comunica&ccedil;&atilde;o RJ (Brasil)<\/p>\n<p>Local: Sala Solar do Jambeiro<\/p>\n<ul>\n<li>Tema: Comunica&ccedil;&atilde;o dos povos origin&aacute;rios e comunidades tradicionais<\/li>\n<\/ul>\n<p>Media&ccedil;&atilde;o: Alexandre Santini, Laborat&oacute;rio de Pol&iacute;ticas Culturais<\/p>\n<p>Convidados:<\/p>\n<p>&#8211; Javier Maravi (Peru)<\/p>\n<p>&#8211; Gilmar Hughes, Coordenadoria de Defesa dos Direitos Difusos e Enfrentamento &agrave; Intoler&acirc;ncia Religiosa-CODIR\/Niter&oacute;i<\/p>\n<p>&#8211; Renata Machado, R&aacute;dio Yand&ecirc;<\/p>\n<p>&#8211; Aderbal Ashogun, Rede Afro Ambiental e Ile Omi Ojuaro<\/p>\n<p>&#8211; Reinaldo Santana, Ponto de Cultura Escola POP<\/p>\n<p>&#8211; Anapuaka Tupinamb&aacute;, R&aacute;dio Yand&ecirc;<\/p>\n<p>&#8211; J&uacute;lio Cesar Fernandes-If&aacute; Talabi, Ile As&eacute; If&aacute; Oseotura<\/p>\n<p>Local: Jardim do Solar do Jambeiro<\/p>\n<ul>\n<li>14h &agrave;s 17h &#8211; Rodas de conversa simult&acirc;neas:<\/li>\n<li>Tema: Direito &agrave; comunica&ccedil;&atilde;o no Brasil e na Am&eacute;rica Latina &#8211; Pol&iacute;ticas p&uacute;blicas e democratiza&ccedil;&atilde;o da M&iacute;dia<\/li>\n<\/ul>\n<p>Media&ccedil;&atilde;o: Luana Bonone, Centro de Estudos da M&iacute;dia Alternativa Bar&atilde;o de Itarar&eacute;<\/p>\n<p>Convidados:<\/p>\n<p>&#8211; Eduardo Balan, El Culebr&oacute;n Timbal (Argentina)<\/p>\n<p>&#8211; Ivana Bentes, Professora da Escola de Comunica&ccedil;&atilde;o da Universidade Federal do Rio de Janeiro-ECO\/UFRJ<\/p>\n<p>&#8211; Andr&eacute; Fernandes, Ag&ecirc;ncia de Not&iacute;cias das Favelas-ANF<\/p>\n<p>&#8211; Beth Costa, F&oacute;rum Nacional pela Democratiza&ccedil;&atilde;o da Comunica&ccedil;&atilde;o-FNDC<\/p>\n<p>&#8211; Luisa Santiago, N&uacute;cleo Piratininga de Comunica&ccedil;&atilde;o<\/p>\n<p>&#8211; Miguel do Ros&aacute;rio, Blog O Cafezinho<\/p>\n<p>&#8211; Fernando Stern, Coordena&ccedil;&atilde;o Geral de Comunica&ccedil;&atilde;o da Prefeitura de Niter&oacute;i<\/p>\n<p>&#8211; Theo Rodrigues, Professor do Departamento de Ci&ecirc;ncia Pol&iacute;tica da Universidade Federal do Rio de Janeiro-UFRJ<\/p>\n<p>&#8211; Leonardo Giordano, Vereador e Presidente da Comiss&atilde;o de Cultura da C&acirc;mara do Vereadores de Niter&oacute;i<\/p>\n<p>Local: Sala Solar do Jambeiro<\/p>\n<ul>\n<li>Tema: Mem&oacute;ria hist&oacute;rica, direito &agrave; verdade e comunica&ccedil;&atilde;o popular na Am&eacute;rica Latina<\/li>\n<\/ul>\n<p>Media&ccedil;&atilde;o: Nat&aacute;lia Cindra, Ex-assessora da Comiss&atilde;o da Verdade do Estado do Rio de Janeiro<\/p>\n<p>Convidados:<\/p>\n<p>&#8211; Emiliano Fuentes Firmani, Secret&aacute;rio Executivo da Unidade T&eacute;cnica do Programa IberCultura Viva (Argentina)<\/p>\n<p>&#8211; Daniel Ramalho, jornalista e fotodocumentarista<\/p>\n<p>&#8211; Renato Almada, Presidente do Conselho Municipal de Cultura de Niter&oacute;i<\/p>\n<p>&#8211; Patrick Granja, Jornal A Nova Democracia<\/p>\n<p>-Renzo Gostoli, fot&oacute;grafo, no ELACC est&aacute; realizando tamb&eacute;m a exposi&ccedil;&atilde;o &ldquo;Am&eacute;rica Latina, t&atilde;o violentamente doce&rdquo; (Argentina)<\/p>\n<p>Local: Piso t&eacute;rreo do Museu de Arte Popular Janete Costa<\/p>\n<ul>\n<li>18h &agrave;s 0h &#8211; Festival Cultura Viva Comunit&aacute;ria<\/li>\n<\/ul>\n<p>18h &#8211; Cinema: Batalha do Passinho &#8211; Dire&ccedil;&atilde;o Em&iacute;lio Domingos (2013 \/ 77min)<\/p>\n<p>19h30 &#8211; Slam das Minas &#8211; M&uacute;sica e Poesia como afirma&ccedil;&atilde;o da pot&ecirc;ncia art&iacute;stica feminina<\/p>\n<p>20h30 &#8211; Batalha das Musas &#8211; Encontro de hip hop para celebrar a voz feminina no rap<\/p>\n<p>21h30 &#8211; Jo&atilde;o Donato convida Fl&aacute;vio Renegado e Doralyce<\/p>\n<p>23h &#8211; Baile do CUCA apresenta: Funk das Antigas!<\/p>\n<p>Convidados:<\/p>\n<p>MC Galo<\/p>\n<p>MCs Junior e Leonardo<\/p>\n<p>DJ William<\/p>\n<p>Local: Teatro Popular Oscar Niemeyer<\/p>\n<p>8\/7 &#8211; S&aacute;bado<\/p>\n<ul>\n<li>9h &agrave;s 12h &#8211; Roda de conversa: Comunica&ccedil;&atilde;o, cultura e direitos humanos: a voz das favelas, comunidades e periferias da Am&eacute;rica Latina<\/li>\n<\/ul>\n<p>Media&ccedil;&atilde;o: Andr&eacute; Fernandes, Ag&ecirc;ncia de Not&iacute;cias das Favelas-ANF<\/p>\n<p>Convidados:<\/p>\n<p>&#8211; Marcus Gali&ntilde;a, Ocupa Escola (RJ)<\/p>\n<p>&#8211; Vivi Salles, Poesia de Esquina CDD (RJ)<\/p>\n<p>&#8211; Jairo Castrill&oacute;n (Col&ocirc;mbia)<\/p>\n<p>&#8211; Luiz Felipe, L&aacute; da Favelinha (MG)<\/p>\n<p>&#8211; Aline Pereira, Roda Cultural do Engenho do Mato (Niter&oacute;i\/RJ)<\/p>\n<p>&#8211; Isaac Pe&ntilde;aHerrera, Nina Shunku (Equador)<\/p>\n<p>&#8211; Raul Santiago, Coletivo Papo Reto (RJ)<\/p>\n<p>Local: Sala Solar do Jambeiro<\/p>\n<ul>\n<li>14h &agrave;s 17h &#8211; Roda de conversa: Rumo &agrave; Quito &#8211; III Congresso Latino-Americano de Cultura Viva Comunit&aacute;ria<\/li>\n<\/ul>\n<p>Media&ccedil;&atilde;o: Alexandre Santini, Laborat&oacute;rio de Pol&iacute;ticas Culturais<\/p>\n<p>Convidados:<\/p>\n<p>&#8211; Nelson Ullauri, Coordenador- Geral do III Congresso Latino-Americano de Cultura Viva Comunit&aacute;ria &#8211; Quito 2017 (Equador)<\/p>\n<p>&#8211; Eduardo Balan, Plataforma Puente Cultura Viva Comunit&aacute;ria na Am&eacute;rica Latina (Argentina)<\/p>\n<p>&#8211; Milagros Lorier, Rede Nacional de Cultura Viva Comunit&aacute;ria (Uruguai)<\/p>\n<p>&#8211; Javier Marav&iacute;, Rede Nacional de Pontos de Cultura (Peru)<\/p>\n<p>&#8211; Rafael Paredes, Plataforma Puente Cultura Viva Comunit&aacute;ria (Mexico)<\/p>\n<p>&#8211; Jairo Afonso Castrillon, Ativista e especialista em pol&iacute;ticas p&uacute;blicas de cultura (Col&ocirc;mbia)<\/p>\n<p>&#8211; Isaac Pe&ntilde;a Herrera, Coordenador de Comunica&ccedil;&atilde;o III Congresso Latino-Americano de Cultura Viva Comunit&aacute;ria &#8211; Quito 2017 (Ecuador)<\/p>\n<p>&#8211; Carla Santos, Cultmidia RJ (Brasil)<\/p>\n<p>&#8211; Marjorie Botelho, Ponto de Cultura Rural (Brasil)<\/p>\n<p>&#8211; Marcelo das Hist&oacute;rias, N&uacute;cleo Interdisciplinar de Narradores e Agentes Culturais-NINA (Brasil)<\/p>\n<p>Local: Jardim do Solar do Jambeiro<\/p>\n<ul>\n<li>17h &agrave;s 18h &#8211; Resolu&ccedil;&otilde;es Finais do I Encontro Latino Americano de Comunica&ccedil;&atilde;o Comunit&aacute;ria-ELACC<\/li>\n<\/ul>\n<p>Local: MACquinho &#8211; Plataforma Digital do MAC<\/p>\n<ul>\n<li>19h &#8211; Exibi&ccedil;&atilde;o de document&aacute;rio : Deixa na R&eacute;gua (2016\/73 min)<\/li>\n<\/ul>\n<p>Diretor: Emilio Domingos<\/p>\n<p>Local: MACquinho &#8211; Plataforma Digital do MAC<\/p>\n<ul>\n<li>20h &#8211; Sarau Multicultural Latino-americano + MACquinho ON<\/li>\n<\/ul>\n<p>Convidado: Vassoureiro com Elias Rosa e banda<\/p>\n<p>Local: MACquinho &#8211; Plataforma Digital do MAC<\/p>\n<ul>\n<li>21h &agrave;s 0h &#8211; MACquinho On &#8211; Projeto de discotecagem com os djs Marc&atilde;o, Mabru, Willian e Jef<\/li>\n<\/ul>\n<p>Local: MACquinho &#8211; Plataforma Digital do MAC<\/p>\n<p>&nbsp;<\/p>\n<p>09\/07 &#8211; Domingo<\/p>\n<ul>\n<li>10h &#8211; Reuni&atilde;o do F&oacute;rum Estadual dos Pontos de Cultura do Rio de Janeiro<\/li>\n<\/ul>\n<p>Local: Centro Cultural Paschoal Carlos Magno<\/p>\n<ul>\n<li>12h &agrave;s 16h &#8211; Encontro de Arte Urbana<\/li>\n<\/ul>\n<p>Local: Centro Cultural Paschoal Carlos Magno<\/p>\n<ul>\n<li>13h &agrave;s 15h &#8211; Mostra Pendrive-se! Tel&atilde;o aberto<\/li>\n<\/ul>\n<p>Local: Centro Cultural Paschoal Carlos Magno &#8211; Sala de v&iacute;deo<\/p>\n<p>&nbsp;<\/p>\n<p>&nbsp;<\/p>\n<p>Linhas de programa&ccedil;&atilde;o<\/p>\n<p>Mostra audiovisual: Cinema e comunidade<\/p>\n<p>Um panorama de produ&ccedil;&otilde;es audiovisuais brasileiras relacionadas a processos culturais, art&iacute;sticos e pol&iacute;ticos e produzidas a partir de experi&ecirc;ncias de cultura e comunica&ccedil;&atilde;o comunit&aacute;ria. A curadoria da mostra foi constru&iacute;da em parceria com o N&uacute;cleo de Produ&ccedil;&atilde;o Digital (NPD) de Niter&oacute;i.<\/p>\n<p>Filmes selecionados:<\/p>\n<p>Eu s&oacute; quero &eacute; ser feliz &#8211; uma breve hist&oacute;ria do funk carioca, de Andr&eacute; Fernandes (2016\/26 min)<\/p>\n<p>Um document&aacute;rio que pretende apresentar de forma r&aacute;pida, por&eacute;m com profundidade, o movimento funk, do final da d&eacute;cada de oitenta e in&iacute;cio da d&eacute;cada de noventa. Um per&iacute;odo onde a favela come&ccedil;ou a protagonizar atrav&eacute;s das duplas de MCs. Uma realiza&ccedil;&atilde;o da Ag&ecirc;ncia de Not&iacute;cias das Favelas, produzido pela ANF Produ&ccedil;&otilde;es e Approach, com patroc&iacute;nio da Secretaria de Cultura do Estado do Rio de Janeiro.<\/p>\n<p>Fantasma Vestido de Palha&ccedil;o, de Alessandra Stropp (2013\/22 min)<\/p>\n<p>Um recorte sobre os Pontos e Puntos de Cultura, entre Brasil e Am&eacute;rica Latina, passando por conceitos, narrativas, afeto e a alegria das artes que nascem de baixo para cima. Nesta viagem do Fantasma Vestido de Palha&ccedil;o, as paisagens e a colorida arquitetura dos povos e na&ccedil;&otilde;es que reinventam o continente a partir de a&ccedil;&otilde;es em rede, formando um mosaico colaborativo de processos e experi&ecirc;ncias da cultura viva comunit&aacute;ria.<\/p>\n<p>A Batalha do Passinho, de Em&iacute;lio Domingos (2013\/77 min)<\/p>\n<p>O estilo de dan&ccedil;a que cresceu nas favelas do Rio de Janeiro, o passinho tornou-se uma nova forma de dan&ccedil;ar o funk carioca. Quando o v&iacute;deo de Bei&ccedil;ola e seus amigos, &ldquo;Passinho Foda&rdquo; atingiu o n&uacute;mero de 4 milh&otilde;es de acessos no Youtube, os passinhos de Bei&ccedil;ola come&ccedil;aram a serem reproduzidos nos bailes das comunidades. O document&aacute;rio mostra a vida dos dan&ccedil;arinos e as propor&ccedil;&otilde;es que o fen&ocirc;meno atingiu, que se expande para al&eacute;m dos bailes, favelas e DJs.<\/p>\n<p>Deixa na R&eacute;gua, de Em&iacute;lio Domingos (2016\/73 min)<\/p>\n<p>Os sal&otilde;es de barbeiro das favelas e dos sub&uacute;rbios s&atilde;o os lugares onde a nova est&eacute;tica da periferia nasce e se expande. Ponto de encontro dos jovens, os &ldquo;barbeiros&rdquo; se tornaram espa&ccedil;os de troca dessa juventude. Este document&aacute;rio entra nesse universo e, entre cortes, giletes e tesouradas, mostra o que se passa na cabe&ccedil;a dos barbeiros e de seus clientes.?<\/p>\n<p>Marcelo Yuka, Caminho das Setas, de Daniela Broitman (2012\/95 min)<\/p>\n<p>Ao 34 anos, no auge da carreira, o compositor Marcelo Yuka leva nove tiros em uma tentativa de assalto no Rio de Janeiro. V&iacute;tima da viol&ecirc;ncia urbana, ele v&ecirc; sua vida mudar, o que aumenta seu ativismo e o alcance social de suas cr&iacute;ticas<\/p>\n<p>Pendrive-se!<\/p>\n<p>Para al&eacute;m dos filmes que est&atilde;o compondo a mostra, haver&aacute; espa&ccedil;o, tempo e equipamentos para exibi&ccedil;&atilde;o de filmes produzidos pelos participantes. Saque seu Pendrive, bote seu HD pra jogo e exiba os seus filmes no I ELACC!<\/p>\n<p>Cobertura Colaborativa<\/p>\n<p>O I Encontro Latino-Americano de Comunica&ccedil;&atilde;o Comunit&aacute;ria-ELACC ser&aacute; narrado atrav&eacute;s da cobertura colaborativa (CC). A CC ser&aacute; realizada atrav&eacute;s da participa&ccedil;&atilde;o de diversos agentes m&iacute;diativistas e das m&iacute;dias independentes inscritos via chamada p&uacute;blica. O I ELACC ser&aacute; um laborat&oacute;rio de constru&ccedil;&atilde;o de narrativas alternativas que deem visibilidade &agrave;s express&otilde;es dos agentes comunit&aacute;rios de comunica&ccedil;&atilde;o da Am&eacute;rica Latina. Participe!<\/p>\n<p>Freeinstale-se: oficinas e atividades autogestion&aacute;rias<\/p>\n<p>O ELACC recebeu dezenas de propostas de debates, oficinas, minicursos, interven&ccedil;&otilde;es e performances. O espa&ccedil;o para a realiza&ccedil;&atilde;o destas atividades ser&aacute; o MACquinho Plataforma Urbana Digital, localizado no Morro do Pal&aacute;cio. O MACquinho &eacute; um espa&ccedil;o educativo e cultural, com arquitetura moderna e futurista de Oscar Niemeyer, que conta com diversos recursos tecnol&oacute;gicos como Telecentro, Est&uacute;dio de Som , Est&uacute;dio de TV, Midiateca, equipamento multim&iacute;dia e espa&ccedil;os para o desenvolvimento de atividades art&iacute;sticas.<\/p>\n<p>Exposi&ccedil;&atilde;o Fotogr&aacute;fica<\/p>\n<p>&quot;Am&eacute;rica Latina, violentamente doce&quot;<\/p>\n<p>Poucos fot&oacute;grafos conhecem t&atilde;o bem a Am&eacute;rica Latina como o argentino-brasileiro Renzo Gostoli. Nos &uacute;ltimos 40 anos, Renzo esteve fotografando grandes momentos hist&oacute;ricos e transforma&ccedil;&otilde;es sociais do continente. Anarquista (gra&ccedil;as a Deus!), foi colaborador independente de ag&ecirc;ncias internacionais. Passou por Guatemala, Argentina, Col&ocirc;mbia, M&eacute;xico, Paraguai, Uruguai e, h&aacute; algumas d&eacute;cadas, se radicou no Brasil. Extraindo do&ccedil;ura da viol&ecirc;ncia que nos assola, as imagens de Renzo mostram que somos capazes de buscar a esperan&ccedil;a nas cinzas das adversidades<\/p>\n<p>Local: MACquinho<\/p>\n<p>&nbsp;<\/p>\n<p>&nbsp;<\/p>\n<p>Espa&ccedil;os\/Endere&ccedil;os<\/p>\n<p>Centro de Artes da UFF<\/p>\n<p>Rua Miguel de Frias, 9 &#8211; Icara&iacute;, Niter&oacute;i &#8211; RJ, 24220-900<\/p>\n<p>Reserva Cultural Niter&oacute;i<\/p>\n<p>Avenida Visconde do Rio Branco, 880 &#8211; S&atilde;o Domingos, Niter&oacute;i &#8211; RJ, 24020-007<\/p>\n<p>Solar do Jambeiro<\/p>\n<p>Rua Pres. Domiciano, 195 &#8211; Ing&aacute;, Niter&oacute;i &#8211; RJ, 24210-271<\/p>\n<p>Museu de Arte Popular Janete Costa<\/p>\n<p>Rua Pres. Domiciano, 178 &#8211; Ing&aacute;, Niter&oacute;i &#8211; RJ, 24210-271<\/p>\n<p>Teatro Popular Oscar Niemeyer<\/p>\n<p>Rua Jornalista Rog&eacute;rio Coelho Neto, s\/n &#8211; Centro, Niter&oacute;i &#8211; RJ, 24020-011 (Caminho Niemeyer)<\/p>\n<p>Centro Cultural Pascoal Carlos Magno<\/p>\n<p>Rua Lopes Trov&atilde;o, s\/n&ordm;, Icara&iacute;, Niter&oacute;i &#8211; RJ, 24220-000 (Campo de S&atilde;o Bento)<\/p>\n<p>Museu de Arte Contempor&acirc;nea<\/p>\n<p>Mirante da Boa Viagem, s\/n&ordm; &#8211; Boa Viagem, Niter&oacute;i &#8211; RJ, 24210-390<\/p>\n<p>MACquinho<\/p>\n<p>Rua Nair Margem Peraira, 1 &#8211; Ing&aacute;, Niter&oacute;i &#8211; RJ, 24210-400<\/p>\n","protected":false},"excerpt":{"rendered":"<p>1&ordm; Encontro Latino-Americano de Comunica&ccedil;&atilde;o Comunit&aacute;ria Mini-Manifesto: O I Encontro Latino-Americano de Comunica&ccedil;&atilde;o Comunit&aacute;ria-ELACC pretende ser um marco na luta por direitos do povo pobre de nosso continente. Onde enxergam escassez, encontramos abund&acirc;ncia. Nos chamam carentes, mas somos potentes. Somos Comunicadores Comunit&aacute;rios, formados na luta, na resist&ecirc;ncia das favelas, dos povos origin&aacute;rios, comunidades tradicionais, mulheres, [&hellip;]<\/p>\n","protected":false},"author":2,"featured_media":18675,"comment_status":"closed","ping_status":"open","sticky":false,"template":"","format":"standard","meta":{"footnotes":""},"categories":[1],"tags":[],"class_list":["post-18674","post","type-post","status-publish","format-standard","has-post-thumbnail","hentry","category-noticias"],"yoast_head":"<!-- This site is optimized with the Yoast SEO plugin v25.7 - https:\/\/yoast.com\/wordpress\/plugins\/seo\/ -->\n<title>1\u00ba Encontro Latino-Americano de Comunica\u00e7\u00e3o Comunit\u00e1ria - Sinpro-Rio<\/title>\n<meta name=\"robots\" content=\"index, follow, max-snippet:-1, max-image-preview:large, max-video-preview:-1\" \/>\n<link rel=\"canonical\" href=\"https:\/\/www.sinpro-rio.org.br\/principal\/1-encontro-latino-americano-de-comunicac-o-comunitaria\/\" \/>\n<meta property=\"og:locale\" content=\"pt_BR\" \/>\n<meta property=\"og:type\" content=\"article\" \/>\n<meta property=\"og:title\" content=\"1\u00ba Encontro Latino-Americano de Comunica\u00e7\u00e3o Comunit\u00e1ria - Sinpro-Rio\" \/>\n<meta property=\"og:description\" content=\"1&ordm; Encontro Latino-Americano de Comunica&ccedil;&atilde;o Comunit&aacute;ria Mini-Manifesto: O I Encontro Latino-Americano de Comunica&ccedil;&atilde;o Comunit&aacute;ria-ELACC pretende ser um marco na luta por direitos do povo pobre de nosso continente. Onde enxergam escassez, encontramos abund&acirc;ncia. Nos chamam carentes, mas somos potentes. Somos Comunicadores Comunit&aacute;rios, formados na luta, na resist&ecirc;ncia das favelas, dos povos origin&aacute;rios, comunidades tradicionais, mulheres, [&hellip;]\" \/>\n<meta property=\"og:url\" content=\"https:\/\/www.sinpro-rio.org.br\/principal\/1-encontro-latino-americano-de-comunicac-o-comunitaria\/\" \/>\n<meta property=\"og:site_name\" content=\"Sinpro-Rio\" \/>\n<meta property=\"article:published_time\" content=\"2017-07-03T06:00:00+00:00\" \/>\n<meta name=\"author\" content=\"alessandra\" \/>\n<meta name=\"twitter:card\" content=\"summary_large_image\" \/>\n<meta name=\"twitter:label1\" content=\"Escrito por\" \/>\n\t<meta name=\"twitter:data1\" content=\"alessandra\" \/>\n\t<meta name=\"twitter:label2\" content=\"Est. tempo de leitura\" \/>\n\t<meta name=\"twitter:data2\" content=\"17 minutos\" \/>\n<script type=\"application\/ld+json\" class=\"yoast-schema-graph\">{\"@context\":\"https:\/\/schema.org\",\"@graph\":[{\"@type\":\"WebPage\",\"@id\":\"https:\/\/www.sinpro-rio.org.br\/principal\/1-encontro-latino-americano-de-comunicac-o-comunitaria\/\",\"url\":\"https:\/\/www.sinpro-rio.org.br\/principal\/1-encontro-latino-americano-de-comunicac-o-comunitaria\/\",\"name\":\"1\u00ba Encontro Latino-Americano de Comunica\u00e7\u00e3o Comunit\u00e1ria - Sinpro-Rio\",\"isPartOf\":{\"@id\":\"https:\/\/www.sinpro-rio.org.br\/principal\/#website\"},\"primaryImageOfPage\":{\"@id\":\"https:\/\/www.sinpro-rio.org.br\/principal\/1-encontro-latino-americano-de-comunicac-o-comunitaria\/#primaryimage\"},\"image\":{\"@id\":\"https:\/\/www.sinpro-rio.org.br\/principal\/1-encontro-latino-americano-de-comunicac-o-comunitaria\/#primaryimage\"},\"thumbnailUrl\":\"\",\"datePublished\":\"2017-07-03T06:00:00+00:00\",\"author\":{\"@id\":\"https:\/\/www.sinpro-rio.org.br\/principal\/#\/schema\/person\/ee17219e64d00d037e511ae59ce2227e\"},\"breadcrumb\":{\"@id\":\"https:\/\/www.sinpro-rio.org.br\/principal\/1-encontro-latino-americano-de-comunicac-o-comunitaria\/#breadcrumb\"},\"inLanguage\":\"pt-BR\",\"potentialAction\":[{\"@type\":\"ReadAction\",\"target\":[\"https:\/\/www.sinpro-rio.org.br\/principal\/1-encontro-latino-americano-de-comunicac-o-comunitaria\/\"]}]},{\"@type\":\"ImageObject\",\"inLanguage\":\"pt-BR\",\"@id\":\"https:\/\/www.sinpro-rio.org.br\/principal\/1-encontro-latino-americano-de-comunicac-o-comunitaria\/#primaryimage\",\"url\":\"\",\"contentUrl\":\"\"},{\"@type\":\"BreadcrumbList\",\"@id\":\"https:\/\/www.sinpro-rio.org.br\/principal\/1-encontro-latino-americano-de-comunicac-o-comunitaria\/#breadcrumb\",\"itemListElement\":[{\"@type\":\"ListItem\",\"position\":1,\"name\":\"In\u00edcio\",\"item\":\"https:\/\/www.sinpro-rio.org.br\/principal\/\"},{\"@type\":\"ListItem\",\"position\":2,\"name\":\"1\u00ba Encontro Latino-Americano de Comunica\u00e7\u00e3o Comunit\u00e1ria\"}]},{\"@type\":\"WebSite\",\"@id\":\"https:\/\/www.sinpro-rio.org.br\/principal\/#website\",\"url\":\"https:\/\/www.sinpro-rio.org.br\/principal\/\",\"name\":\"Sinpro-Rio\",\"description\":\"Sindicato dos Professores do Munic\u00edpio do Rio de Janeiro e Regi\u00e3o\",\"potentialAction\":[{\"@type\":\"SearchAction\",\"target\":{\"@type\":\"EntryPoint\",\"urlTemplate\":\"https:\/\/www.sinpro-rio.org.br\/principal\/?s={search_term_string}\"},\"query-input\":{\"@type\":\"PropertyValueSpecification\",\"valueRequired\":true,\"valueName\":\"search_term_string\"}}],\"inLanguage\":\"pt-BR\"},{\"@type\":\"Person\",\"@id\":\"https:\/\/www.sinpro-rio.org.br\/principal\/#\/schema\/person\/ee17219e64d00d037e511ae59ce2227e\",\"name\":\"alessandra\",\"image\":{\"@type\":\"ImageObject\",\"inLanguage\":\"pt-BR\",\"@id\":\"https:\/\/www.sinpro-rio.org.br\/principal\/#\/schema\/person\/image\/\",\"url\":\"https:\/\/secure.gravatar.com\/avatar\/2b43fa8c0ad8e33b46a4732549f7fb20?s=96&d=mm&r=g\",\"contentUrl\":\"https:\/\/secure.gravatar.com\/avatar\/2b43fa8c0ad8e33b46a4732549f7fb20?s=96&d=mm&r=g\",\"caption\":\"alessandra\"},\"url\":\"https:\/\/www.sinpro-rio.org.br\/principal\/author\/alessandra\/\"}]}<\/script>\n<!-- \/ Yoast SEO plugin. -->","yoast_head_json":{"title":"1\u00ba Encontro Latino-Americano de Comunica\u00e7\u00e3o Comunit\u00e1ria - Sinpro-Rio","robots":{"index":"index","follow":"follow","max-snippet":"max-snippet:-1","max-image-preview":"max-image-preview:large","max-video-preview":"max-video-preview:-1"},"canonical":"https:\/\/www.sinpro-rio.org.br\/principal\/1-encontro-latino-americano-de-comunicac-o-comunitaria\/","og_locale":"pt_BR","og_type":"article","og_title":"1\u00ba Encontro Latino-Americano de Comunica\u00e7\u00e3o Comunit\u00e1ria - Sinpro-Rio","og_description":"1&ordm; Encontro Latino-Americano de Comunica&ccedil;&atilde;o Comunit&aacute;ria Mini-Manifesto: O I Encontro Latino-Americano de Comunica&ccedil;&atilde;o Comunit&aacute;ria-ELACC pretende ser um marco na luta por direitos do povo pobre de nosso continente. Onde enxergam escassez, encontramos abund&acirc;ncia. Nos chamam carentes, mas somos potentes. Somos Comunicadores Comunit&aacute;rios, formados na luta, na resist&ecirc;ncia das favelas, dos povos origin&aacute;rios, comunidades tradicionais, mulheres, [&hellip;]","og_url":"https:\/\/www.sinpro-rio.org.br\/principal\/1-encontro-latino-americano-de-comunicac-o-comunitaria\/","og_site_name":"Sinpro-Rio","article_published_time":"2017-07-03T06:00:00+00:00","author":"alessandra","twitter_card":"summary_large_image","twitter_misc":{"Escrito por":"alessandra","Est. tempo de leitura":"17 minutos"},"schema":{"@context":"https:\/\/schema.org","@graph":[{"@type":"WebPage","@id":"https:\/\/www.sinpro-rio.org.br\/principal\/1-encontro-latino-americano-de-comunicac-o-comunitaria\/","url":"https:\/\/www.sinpro-rio.org.br\/principal\/1-encontro-latino-americano-de-comunicac-o-comunitaria\/","name":"1\u00ba Encontro Latino-Americano de Comunica\u00e7\u00e3o Comunit\u00e1ria - Sinpro-Rio","isPartOf":{"@id":"https:\/\/www.sinpro-rio.org.br\/principal\/#website"},"primaryImageOfPage":{"@id":"https:\/\/www.sinpro-rio.org.br\/principal\/1-encontro-latino-americano-de-comunicac-o-comunitaria\/#primaryimage"},"image":{"@id":"https:\/\/www.sinpro-rio.org.br\/principal\/1-encontro-latino-americano-de-comunicac-o-comunitaria\/#primaryimage"},"thumbnailUrl":"","datePublished":"2017-07-03T06:00:00+00:00","author":{"@id":"https:\/\/www.sinpro-rio.org.br\/principal\/#\/schema\/person\/ee17219e64d00d037e511ae59ce2227e"},"breadcrumb":{"@id":"https:\/\/www.sinpro-rio.org.br\/principal\/1-encontro-latino-americano-de-comunicac-o-comunitaria\/#breadcrumb"},"inLanguage":"pt-BR","potentialAction":[{"@type":"ReadAction","target":["https:\/\/www.sinpro-rio.org.br\/principal\/1-encontro-latino-americano-de-comunicac-o-comunitaria\/"]}]},{"@type":"ImageObject","inLanguage":"pt-BR","@id":"https:\/\/www.sinpro-rio.org.br\/principal\/1-encontro-latino-americano-de-comunicac-o-comunitaria\/#primaryimage","url":"","contentUrl":""},{"@type":"BreadcrumbList","@id":"https:\/\/www.sinpro-rio.org.br\/principal\/1-encontro-latino-americano-de-comunicac-o-comunitaria\/#breadcrumb","itemListElement":[{"@type":"ListItem","position":1,"name":"In\u00edcio","item":"https:\/\/www.sinpro-rio.org.br\/principal\/"},{"@type":"ListItem","position":2,"name":"1\u00ba Encontro Latino-Americano de Comunica\u00e7\u00e3o Comunit\u00e1ria"}]},{"@type":"WebSite","@id":"https:\/\/www.sinpro-rio.org.br\/principal\/#website","url":"https:\/\/www.sinpro-rio.org.br\/principal\/","name":"Sinpro-Rio","description":"Sindicato dos Professores do Munic\u00edpio do Rio de Janeiro e Regi\u00e3o","potentialAction":[{"@type":"SearchAction","target":{"@type":"EntryPoint","urlTemplate":"https:\/\/www.sinpro-rio.org.br\/principal\/?s={search_term_string}"},"query-input":{"@type":"PropertyValueSpecification","valueRequired":true,"valueName":"search_term_string"}}],"inLanguage":"pt-BR"},{"@type":"Person","@id":"https:\/\/www.sinpro-rio.org.br\/principal\/#\/schema\/person\/ee17219e64d00d037e511ae59ce2227e","name":"alessandra","image":{"@type":"ImageObject","inLanguage":"pt-BR","@id":"https:\/\/www.sinpro-rio.org.br\/principal\/#\/schema\/person\/image\/","url":"https:\/\/secure.gravatar.com\/avatar\/2b43fa8c0ad8e33b46a4732549f7fb20?s=96&d=mm&r=g","contentUrl":"https:\/\/secure.gravatar.com\/avatar\/2b43fa8c0ad8e33b46a4732549f7fb20?s=96&d=mm&r=g","caption":"alessandra"},"url":"https:\/\/www.sinpro-rio.org.br\/principal\/author\/alessandra\/"}]}},"_links":{"self":[{"href":"https:\/\/www.sinpro-rio.org.br\/principal\/wp-json\/wp\/v2\/posts\/18674","targetHints":{"allow":["GET"]}}],"collection":[{"href":"https:\/\/www.sinpro-rio.org.br\/principal\/wp-json\/wp\/v2\/posts"}],"about":[{"href":"https:\/\/www.sinpro-rio.org.br\/principal\/wp-json\/wp\/v2\/types\/post"}],"author":[{"embeddable":true,"href":"https:\/\/www.sinpro-rio.org.br\/principal\/wp-json\/wp\/v2\/users\/2"}],"replies":[{"embeddable":true,"href":"https:\/\/www.sinpro-rio.org.br\/principal\/wp-json\/wp\/v2\/comments?post=18674"}],"version-history":[{"count":0,"href":"https:\/\/www.sinpro-rio.org.br\/principal\/wp-json\/wp\/v2\/posts\/18674\/revisions"}],"wp:featuredmedia":[{"embeddable":true,"href":"https:\/\/www.sinpro-rio.org.br\/principal\/wp-json\/wp\/v2\/media\/18675"}],"wp:attachment":[{"href":"https:\/\/www.sinpro-rio.org.br\/principal\/wp-json\/wp\/v2\/media?parent=18674"}],"wp:term":[{"taxonomy":"category","embeddable":true,"href":"https:\/\/www.sinpro-rio.org.br\/principal\/wp-json\/wp\/v2\/categories?post=18674"},{"taxonomy":"post_tag","embeddable":true,"href":"https:\/\/www.sinpro-rio.org.br\/principal\/wp-json\/wp\/v2\/tags?post=18674"}],"curies":[{"name":"wp","href":"https:\/\/api.w.org\/{rel}","templated":true}]}}