{"id":18668,"date":"2017-07-11T03:00:00","date_gmt":"2017-07-11T03:00:00","guid":{"rendered":""},"modified":"-0001-11-30T00:00:00","modified_gmt":"-0001-11-30T03:00:00","slug":"esclarecimentos-sobre-a-convenc-o-da-educac-o-basica-e-contribuic-o-assistencial","status":"publish","type":"post","link":"https:\/\/www.sinpro-rio.org.br\/principal\/esclarecimentos-sobre-a-convenc-o-da-educac-o-basica-e-contribuic-o-assistencial\/","title":{"rendered":"Esclarecimentos sobre a Conven\u00e7\u00e3o da Educa\u00e7\u00e3o B\u00e1sica e Contribui\u00e7\u00e3o Assistencial"},"content":{"rendered":"<p>A Conven&ccedil;&atilde;o Coletiva da Educa&ccedil;&atilde;o B&aacute;sica 2017 foi assinada no dia 27 de junho. No que diz respeito &agrave;s cl&aacute;usulas sociais, a mesma foi preservada em sua integralidade, mantendo todas as conquistas hist&oacute;ricas da categoria. No que diz respeito &agrave; quest&atilde;o salarial, foi aprovado reajuste de 4,69% no sal&aacute;rio de abril e mais 0,31% em julho, totalizando 5%. Houve ainda a amplia&ccedil;&atilde;o da idade dos filhos, para serem acompanhados em exames m&eacute;dicos, de 06 para 12 anos.<\/p>\n<p>Tais conquistas s&oacute; podem ser mantidas e ampliadas com um sindicato forte, combativo e que atue de forma intransigente na defesa dos interesses da categoria. O que, em nossa opini&atilde;o e de parcela significativa da categoria, estamos fazendo de forma satisfat&oacute;ria. Seja nos atos na rua e portas das escolas, seja nos tribunais, nas negocia&ccedil;&otilde;es e, principalmente, com a presen&ccedil;a constante dos diretores nas escolas.<\/p>\n<p>No entanto, um sindicato forte s&oacute; se d&aacute; estruturado siteistrativa e financeiramente. E nesse aspecto, a contribui&ccedil;&atilde;o assistencial tem papel importante. Professor(a), no sal&aacute;rio de agosto as institui&ccedil;&otilde;es descontar&atilde;o 2% dos sal&aacute;rios de TODOS(AS) professores(as), a t&iacute;tulo de contribui&ccedil;&atilde;o assistencial.&nbsp;<strong>Desde 2016, por determina&ccedil;&atilde;o do Minist&eacute;rio P&uacute;blico do Trabalho (MPT), no processo 004418.2011.01.000\/7&ndash;30<\/strong>, a oposi&ccedil;&atilde;o &agrave; contribui&ccedil;&atilde;o assistencial ocorrer&aacute; somente ap&oacute;s o desconto no contracheque.<\/p>\n<p><strong>COMO E QUANDO ME OPOR A CONTRIBUI&Ccedil;&Atilde;O<\/strong><\/p>\n<p>Ap&oacute;s o desconto, que vir&aacute; no contracheque de agosto e pagamento at&eacute; o 5&ordm; dia &uacute;til de setembro, o(a) professor(a) dever&aacute; comparecer pessoalmente a uma das sedes,&nbsp;<strong><u>no prazo de 20 dias, com c&oacute;pia do contracheque comprovando e informando o valor do desconto e preencher a solicita&ccedil;&atilde;o de devolu&ccedil;&atilde;o da contribui&ccedil;&atilde;o assistencial 2017<\/u><\/strong>.<\/p>\n<p>Ap&oacute;s a confirma&ccedil;&atilde;o do pagamento realizado pelas escolas, o sindicato far&aacute; a devolu&ccedil;&atilde;o dos valores descontados ao professor(a). O mesmo ser&aacute; feito prioritariamente atrav&eacute;s de dep&oacute;sito banc&aacute;rio em conta de titularidade do(a) professor(a), informada por ele(a), ou ainda em esp&eacute;cie, exclusivamente na sede Centro, ap&oacute;s agendamento feito pelo sindicato e comunicado &agrave; categoria. Os professores e professoras que tiverem conta no Banco Bradesco dever&atilde;o agendar retorno para retirada do valor.<\/p>\n<p>Assim,&nbsp;<strong><u>S&Oacute; receberemos carta de oposi&ccedil;&atilde;o em setembro<\/u><\/strong>, uma vez que o professor(a) dever&aacute; anexar c&oacute;pia do contracheque do m&ecirc;s de agosto comprovando o desconto. Lembramos, novamente, que essa mudan&ccedil;a se deu por determina&ccedil;&atilde;o do MPT.<\/p>\n<p><strong>Professor(a)<\/strong>, fortale&ccedil;a seu sindicato! Sindicalize-se!<\/p>\n","protected":false},"excerpt":{"rendered":"<p>A Conven&ccedil;&atilde;o Coletiva da Educa&ccedil;&atilde;o B&aacute;sica 2017 foi assinada no dia 27 de junho. No que diz respeito &agrave;s cl&aacute;usulas sociais, a mesma foi preservada em sua integralidade, mantendo todas as conquistas hist&oacute;ricas da categoria. No que diz respeito &agrave; quest&atilde;o salarial, foi aprovado reajuste de 4,69% no sal&aacute;rio de abril e mais 0,31% em [&hellip;]<\/p>\n","protected":false},"author":2,"featured_media":0,"comment_status":"closed","ping_status":"open","sticky":false,"template":"","format":"standard","meta":{"footnotes":""},"categories":[1],"tags":[],"class_list":["post-18668","post","type-post","status-publish","format-standard","hentry","category-noticias"],"yoast_head":"<!-- This site is optimized with the Yoast SEO plugin v25.7 - https:\/\/yoast.com\/wordpress\/plugins\/seo\/ -->\n<title>Esclarecimentos sobre a Conven\u00e7\u00e3o da Educa\u00e7\u00e3o B\u00e1sica e Contribui\u00e7\u00e3o Assistencial - Sinpro-Rio<\/title>\n<meta name=\"robots\" content=\"index, follow, max-snippet:-1, max-image-preview:large, max-video-preview:-1\" \/>\n<link rel=\"canonical\" href=\"https:\/\/www.sinpro-rio.org.br\/principal\/esclarecimentos-sobre-a-convenc-o-da-educac-o-basica-e-contribuic-o-assistencial\/\" \/>\n<meta property=\"og:locale\" content=\"pt_BR\" \/>\n<meta property=\"og:type\" content=\"article\" \/>\n<meta property=\"og:title\" content=\"Esclarecimentos sobre a Conven\u00e7\u00e3o da Educa\u00e7\u00e3o B\u00e1sica e Contribui\u00e7\u00e3o Assistencial - Sinpro-Rio\" \/>\n<meta property=\"og:description\" content=\"A Conven&ccedil;&atilde;o Coletiva da Educa&ccedil;&atilde;o B&aacute;sica 2017 foi assinada no dia 27 de junho. No que diz respeito &agrave;s cl&aacute;usulas sociais, a mesma foi preservada em sua integralidade, mantendo todas as conquistas hist&oacute;ricas da categoria. No que diz respeito &agrave; quest&atilde;o salarial, foi aprovado reajuste de 4,69% no sal&aacute;rio de abril e mais 0,31% em [&hellip;]\" \/>\n<meta property=\"og:url\" content=\"https:\/\/www.sinpro-rio.org.br\/principal\/esclarecimentos-sobre-a-convenc-o-da-educac-o-basica-e-contribuic-o-assistencial\/\" \/>\n<meta property=\"og:site_name\" content=\"Sinpro-Rio\" \/>\n<meta property=\"article:published_time\" content=\"2017-07-11T03:00:00+00:00\" \/>\n<meta name=\"author\" content=\"alessandra\" \/>\n<meta name=\"twitter:card\" content=\"summary_large_image\" \/>\n<meta name=\"twitter:label1\" content=\"Escrito por\" \/>\n\t<meta name=\"twitter:data1\" content=\"alessandra\" \/>\n\t<meta name=\"twitter:label2\" content=\"Est. tempo de leitura\" \/>\n\t<meta name=\"twitter:data2\" content=\"3 minutos\" \/>\n<script type=\"application\/ld+json\" class=\"yoast-schema-graph\">{\"@context\":\"https:\/\/schema.org\",\"@graph\":[{\"@type\":\"WebPage\",\"@id\":\"https:\/\/www.sinpro-rio.org.br\/principal\/esclarecimentos-sobre-a-convenc-o-da-educac-o-basica-e-contribuic-o-assistencial\/\",\"url\":\"https:\/\/www.sinpro-rio.org.br\/principal\/esclarecimentos-sobre-a-convenc-o-da-educac-o-basica-e-contribuic-o-assistencial\/\",\"name\":\"Esclarecimentos sobre a Conven\u00e7\u00e3o da Educa\u00e7\u00e3o B\u00e1sica e Contribui\u00e7\u00e3o Assistencial - Sinpro-Rio\",\"isPartOf\":{\"@id\":\"https:\/\/www.sinpro-rio.org.br\/principal\/#website\"},\"datePublished\":\"2017-07-11T03:00:00+00:00\",\"author\":{\"@id\":\"https:\/\/www.sinpro-rio.org.br\/principal\/#\/schema\/person\/ee17219e64d00d037e511ae59ce2227e\"},\"breadcrumb\":{\"@id\":\"https:\/\/www.sinpro-rio.org.br\/principal\/esclarecimentos-sobre-a-convenc-o-da-educac-o-basica-e-contribuic-o-assistencial\/#breadcrumb\"},\"inLanguage\":\"pt-BR\",\"potentialAction\":[{\"@type\":\"ReadAction\",\"target\":[\"https:\/\/www.sinpro-rio.org.br\/principal\/esclarecimentos-sobre-a-convenc-o-da-educac-o-basica-e-contribuic-o-assistencial\/\"]}]},{\"@type\":\"BreadcrumbList\",\"@id\":\"https:\/\/www.sinpro-rio.org.br\/principal\/esclarecimentos-sobre-a-convenc-o-da-educac-o-basica-e-contribuic-o-assistencial\/#breadcrumb\",\"itemListElement\":[{\"@type\":\"ListItem\",\"position\":1,\"name\":\"In\u00edcio\",\"item\":\"https:\/\/www.sinpro-rio.org.br\/principal\/\"},{\"@type\":\"ListItem\",\"position\":2,\"name\":\"Esclarecimentos sobre a Conven\u00e7\u00e3o da Educa\u00e7\u00e3o B\u00e1sica e Contribui\u00e7\u00e3o Assistencial\"}]},{\"@type\":\"WebSite\",\"@id\":\"https:\/\/www.sinpro-rio.org.br\/principal\/#website\",\"url\":\"https:\/\/www.sinpro-rio.org.br\/principal\/\",\"name\":\"Sinpro-Rio\",\"description\":\"Sindicato dos Professores do Munic\u00edpio do Rio de Janeiro e Regi\u00e3o\",\"potentialAction\":[{\"@type\":\"SearchAction\",\"target\":{\"@type\":\"EntryPoint\",\"urlTemplate\":\"https:\/\/www.sinpro-rio.org.br\/principal\/?s={search_term_string}\"},\"query-input\":{\"@type\":\"PropertyValueSpecification\",\"valueRequired\":true,\"valueName\":\"search_term_string\"}}],\"inLanguage\":\"pt-BR\"},{\"@type\":\"Person\",\"@id\":\"https:\/\/www.sinpro-rio.org.br\/principal\/#\/schema\/person\/ee17219e64d00d037e511ae59ce2227e\",\"name\":\"alessandra\",\"image\":{\"@type\":\"ImageObject\",\"inLanguage\":\"pt-BR\",\"@id\":\"https:\/\/www.sinpro-rio.org.br\/principal\/#\/schema\/person\/image\/\",\"url\":\"https:\/\/secure.gravatar.com\/avatar\/2b43fa8c0ad8e33b46a4732549f7fb20?s=96&d=mm&r=g\",\"contentUrl\":\"https:\/\/secure.gravatar.com\/avatar\/2b43fa8c0ad8e33b46a4732549f7fb20?s=96&d=mm&r=g\",\"caption\":\"alessandra\"},\"url\":\"https:\/\/www.sinpro-rio.org.br\/principal\/author\/alessandra\/\"}]}<\/script>\n<!-- \/ Yoast SEO plugin. -->","yoast_head_json":{"title":"Esclarecimentos sobre a Conven\u00e7\u00e3o da Educa\u00e7\u00e3o B\u00e1sica e Contribui\u00e7\u00e3o Assistencial - Sinpro-Rio","robots":{"index":"index","follow":"follow","max-snippet":"max-snippet:-1","max-image-preview":"max-image-preview:large","max-video-preview":"max-video-preview:-1"},"canonical":"https:\/\/www.sinpro-rio.org.br\/principal\/esclarecimentos-sobre-a-convenc-o-da-educac-o-basica-e-contribuic-o-assistencial\/","og_locale":"pt_BR","og_type":"article","og_title":"Esclarecimentos sobre a Conven\u00e7\u00e3o da Educa\u00e7\u00e3o B\u00e1sica e Contribui\u00e7\u00e3o Assistencial - Sinpro-Rio","og_description":"A Conven&ccedil;&atilde;o Coletiva da Educa&ccedil;&atilde;o B&aacute;sica 2017 foi assinada no dia 27 de junho. No que diz respeito &agrave;s cl&aacute;usulas sociais, a mesma foi preservada em sua integralidade, mantendo todas as conquistas hist&oacute;ricas da categoria. No que diz respeito &agrave; quest&atilde;o salarial, foi aprovado reajuste de 4,69% no sal&aacute;rio de abril e mais 0,31% em [&hellip;]","og_url":"https:\/\/www.sinpro-rio.org.br\/principal\/esclarecimentos-sobre-a-convenc-o-da-educac-o-basica-e-contribuic-o-assistencial\/","og_site_name":"Sinpro-Rio","article_published_time":"2017-07-11T03:00:00+00:00","author":"alessandra","twitter_card":"summary_large_image","twitter_misc":{"Escrito por":"alessandra","Est. tempo de leitura":"3 minutos"},"schema":{"@context":"https:\/\/schema.org","@graph":[{"@type":"WebPage","@id":"https:\/\/www.sinpro-rio.org.br\/principal\/esclarecimentos-sobre-a-convenc-o-da-educac-o-basica-e-contribuic-o-assistencial\/","url":"https:\/\/www.sinpro-rio.org.br\/principal\/esclarecimentos-sobre-a-convenc-o-da-educac-o-basica-e-contribuic-o-assistencial\/","name":"Esclarecimentos sobre a Conven\u00e7\u00e3o da Educa\u00e7\u00e3o B\u00e1sica e Contribui\u00e7\u00e3o Assistencial - Sinpro-Rio","isPartOf":{"@id":"https:\/\/www.sinpro-rio.org.br\/principal\/#website"},"datePublished":"2017-07-11T03:00:00+00:00","author":{"@id":"https:\/\/www.sinpro-rio.org.br\/principal\/#\/schema\/person\/ee17219e64d00d037e511ae59ce2227e"},"breadcrumb":{"@id":"https:\/\/www.sinpro-rio.org.br\/principal\/esclarecimentos-sobre-a-convenc-o-da-educac-o-basica-e-contribuic-o-assistencial\/#breadcrumb"},"inLanguage":"pt-BR","potentialAction":[{"@type":"ReadAction","target":["https:\/\/www.sinpro-rio.org.br\/principal\/esclarecimentos-sobre-a-convenc-o-da-educac-o-basica-e-contribuic-o-assistencial\/"]}]},{"@type":"BreadcrumbList","@id":"https:\/\/www.sinpro-rio.org.br\/principal\/esclarecimentos-sobre-a-convenc-o-da-educac-o-basica-e-contribuic-o-assistencial\/#breadcrumb","itemListElement":[{"@type":"ListItem","position":1,"name":"In\u00edcio","item":"https:\/\/www.sinpro-rio.org.br\/principal\/"},{"@type":"ListItem","position":2,"name":"Esclarecimentos sobre a Conven\u00e7\u00e3o da Educa\u00e7\u00e3o B\u00e1sica e Contribui\u00e7\u00e3o Assistencial"}]},{"@type":"WebSite","@id":"https:\/\/www.sinpro-rio.org.br\/principal\/#website","url":"https:\/\/www.sinpro-rio.org.br\/principal\/","name":"Sinpro-Rio","description":"Sindicato dos Professores do Munic\u00edpio do Rio de Janeiro e Regi\u00e3o","potentialAction":[{"@type":"SearchAction","target":{"@type":"EntryPoint","urlTemplate":"https:\/\/www.sinpro-rio.org.br\/principal\/?s={search_term_string}"},"query-input":{"@type":"PropertyValueSpecification","valueRequired":true,"valueName":"search_term_string"}}],"inLanguage":"pt-BR"},{"@type":"Person","@id":"https:\/\/www.sinpro-rio.org.br\/principal\/#\/schema\/person\/ee17219e64d00d037e511ae59ce2227e","name":"alessandra","image":{"@type":"ImageObject","inLanguage":"pt-BR","@id":"https:\/\/www.sinpro-rio.org.br\/principal\/#\/schema\/person\/image\/","url":"https:\/\/secure.gravatar.com\/avatar\/2b43fa8c0ad8e33b46a4732549f7fb20?s=96&d=mm&r=g","contentUrl":"https:\/\/secure.gravatar.com\/avatar\/2b43fa8c0ad8e33b46a4732549f7fb20?s=96&d=mm&r=g","caption":"alessandra"},"url":"https:\/\/www.sinpro-rio.org.br\/principal\/author\/alessandra\/"}]}},"_links":{"self":[{"href":"https:\/\/www.sinpro-rio.org.br\/principal\/wp-json\/wp\/v2\/posts\/18668","targetHints":{"allow":["GET"]}}],"collection":[{"href":"https:\/\/www.sinpro-rio.org.br\/principal\/wp-json\/wp\/v2\/posts"}],"about":[{"href":"https:\/\/www.sinpro-rio.org.br\/principal\/wp-json\/wp\/v2\/types\/post"}],"author":[{"embeddable":true,"href":"https:\/\/www.sinpro-rio.org.br\/principal\/wp-json\/wp\/v2\/users\/2"}],"replies":[{"embeddable":true,"href":"https:\/\/www.sinpro-rio.org.br\/principal\/wp-json\/wp\/v2\/comments?post=18668"}],"version-history":[{"count":0,"href":"https:\/\/www.sinpro-rio.org.br\/principal\/wp-json\/wp\/v2\/posts\/18668\/revisions"}],"wp:attachment":[{"href":"https:\/\/www.sinpro-rio.org.br\/principal\/wp-json\/wp\/v2\/media?parent=18668"}],"wp:term":[{"taxonomy":"category","embeddable":true,"href":"https:\/\/www.sinpro-rio.org.br\/principal\/wp-json\/wp\/v2\/categories?post=18668"},{"taxonomy":"post_tag","embeddable":true,"href":"https:\/\/www.sinpro-rio.org.br\/principal\/wp-json\/wp\/v2\/tags?post=18668"}],"curies":[{"name":"wp","href":"https:\/\/api.w.org\/{rel}","templated":true}]}}